{"id":11450,"date":"2023-12-04T05:00:50","date_gmt":"2023-12-04T08:00:50","guid":{"rendered":"https:\/\/brasilnoticias.org\/site\/?p=11450"},"modified":"2023-12-03T22:01:27","modified_gmt":"2023-12-04T01:01:27","slug":"especialistas-divergem-sobre-entrada-do-brasil-na-opep","status":"publish","type":"post","link":"https:\/\/brasilnoticias.org\/site\/especialistas-divergem-sobre-entrada-do-brasil-na-opep\/","title":{"rendered":"Especialistas divergem sobre entrada do Brasil na Opep+"},"content":{"rendered":"<p>Por um lado, ades\u00e3o na Opep+ \u00e9 vista como contradi\u00e7\u00e3o em rela\u00e7\u00e3o \u00e0 pol\u00edtica ambiental brasileira. Por outro lado, ingressar na organiza\u00e7\u00e3o \u00e9 tida como uma posi\u00e7\u00e3o estrat\u00e9gica de atua\u00e7\u00e3o para a transi\u00e7\u00e3o energ\u00e9tica limpa.<\/p>\n<p>O Brasil dever\u00e1 ingressar no grupo de produtores de petr\u00f3leo Opep+ com um papel de coopera\u00e7\u00e3o das decis\u00f5es e sem participa\u00e7\u00e3o do sistema de cotas de produ\u00e7\u00e3o, a partir do ano que vem, mas o tema vem repercutindo mal, em especial, pelo contexto em que foi lan\u00e7ado: em meio \u00e0 COP-28, que discute alternativas para desacelerar o aquecimento global. O presidente Lula e Marina Silva, ministra do Meio Ambiente, minimizaram na C\u00fapula do Clima a ades\u00e3o, defendendo que o pa\u00eds ser\u00e1 um colaborador. Especialistas divergem a respeito desse ingresso na organiza\u00e7\u00e3o que re\u00fane os maiores produtores de petr\u00f3leo do mundo.<\/p>\n<p>O s\u00f3cio-fundador do Centro Brasileiro de Infraestrutura, Adriano Pires, diz que a ades\u00e3o \u00e0 OPEP Plus e a poss\u00edvel cria\u00e7\u00e3o da Petrobr\u00e1s Ar\u00e1bia s\u00e3o decis\u00f5es contradit\u00f3rias com o que o Brasil foi apresentar na COP-28. O pa\u00eds busca se apresentar como l\u00edder na defesa da transi\u00e7\u00e3o energ\u00e9tica.<\/p>\n<p>Pires ainda ressalta que estar no grupo pode favorecer \u00e0 Opep, justamente para ter maior controle sobre o potencial de produ\u00e7\u00e3o de petr\u00f3leo no Brasil.<\/p>\n<p>&#8220;Quanto mais pa\u00edses estiverem aliados ao cartel, melhor para a Opep. O interesse da organiza\u00e7\u00e3o est\u00e1 em entender quanto o Brasil produz e o quanto pode cortar. Com isso, \u00e9 estrat\u00e9gico saber quanto de petr\u00f3leo pa\u00edses como o Brasil podem suprir o mercado&#8221;, ressalta.<br \/>\nJ\u00e1 o professor Silvio Vieira de Melo, coordenador do doutorado em Energia e Ambiente da Universidade Federal da Bahia (UFBA) v\u00ea o tema com outra perspectiva e diz que a ades\u00e3o pode ser positiva para o Brasil. Ele destaca que a transi\u00e7\u00e3o energ\u00e9tica ser\u00e1 feita de forma paulatina, de modo que n\u00e3o \u00e9 poss\u00edvel que os pa\u00edses produtores de petr\u00f3leo simplesmente interrompam a explora\u00e7\u00e3o desse recurso. Ao mesmo tempo, o pesquisador destaca que o Brasil pode ser l\u00edder na transi\u00e7\u00e3o energ\u00e9tica e que estar no grupo dos maiores produtores \u00e9 uma estrat\u00e9gia.<\/p>\n<p>&#8220;Como l\u00edder natural da transi\u00e7\u00e3o energ\u00e9tica, o Brasil tem condi\u00e7\u00f5es de contribuir porque o petr\u00f3leo \u00e9 importante para financiar a mudan\u00e7a da matriz. Toda a lideran\u00e7a traz cr\u00edticas, mas \u00e9 preciso entender se s\u00e3o cr\u00edticas enviesadas ou n\u00e3o, porque \u00e9 normal que quem n\u00e3o produz critique os produtores. E quem produz n\u00e3o vai da noite para o dia apostar somente nas energias renov\u00e1veis&#8221;.<br \/>\nPara o diretor da ES Petro, Edson Silva, o Brasil que vai participar dessa institui\u00e7\u00e3o \u00e9 o segundo maior produtor mundial de biocombust\u00edveis, ou seja, etanol e biodiesel, e com isso, ter\u00e1 voz para estimular este tipo de produ\u00e7\u00e3o. O especialista estima que os maiores produtores de combust\u00edveis f\u00f3sseis ter\u00e3o interesse em financiar a transi\u00e7\u00e3o energ\u00e9tica.<\/p>\n<p>Em termos de papel diplom\u00e1tico do Brasil, o professor Andr\u00e9 Reis da Silva, especialista em Pol\u00edtica Externa Brasileira, lembra que o pa\u00eds sempre buscou atuar em diversos f\u00f3runs internacionais. Al\u00e9m disso, estar pr\u00f3ximo das discuss\u00f5es energ\u00e9ticas pode trazer vantagens:<\/p>\n<p>&#8220;N\u00e3o vejo exatamente uma contradi\u00e7\u00e3o. Isso porque o governo Lula sempre esteve presente em diversos f\u00f3runs internacionais e agora se concretiza o convite da Opep+, que havia sido feito ainda durante o governo Bolsonaro. Por outro lado, o Brasil produz 4% do petr\u00f3leo mundial, portanto, precisa estar atento \u00e0s decis\u00f5es. Como produtor e comprador, o pa\u00eds j\u00e1 foi atropelado pelas decis\u00f5es dos maiores produtores mundiais de petr\u00f3leo&#8221;, disse.<br \/>\nJ\u00e1 o diretor da Ag\u00eancia Nacional de Petr\u00f3leo (ANP), Daniel Maia Vieira, destaca que a participa\u00e7\u00e3o do Brasil na Opep+ tem diversas dimens\u00f5es positivas, especialmente em raz\u00e3o da reconhecida caracter\u00edstica do Brasil em ser um excelente mediador. Segundo o especialista, o pa\u00eds poder\u00e1 utilizar este espa\u00e7o para fomentar investimentos em tecnologias associadas \u00e0 redu\u00e7\u00e3o da intensidade de carbono na produ\u00e7\u00e3o de petr\u00f3leo, inclusive, desenvolvidas no Brasil, bem como angariar importante apoio \u00e0 estrat\u00e9gia global de enfrentamento \u00e0 emerg\u00eancia clim\u00e1tica mundial.<\/p>\n<p>&#8220;Grandes empresas globais, como Repsol, Shell, Total Energies e Equinor, al\u00e9m da Petrobr\u00e1s, t\u00eam relevante fatia de seu portf\u00f3lio de investimentos relacionado \u00e0 transi\u00e7\u00e3o energ\u00e9tica para os pr\u00f3ximos anos e isso se reflete nos seus investimentos no Brasil. Dessa forma, a participa\u00e7\u00e3o no grupo pode significar, tamb\u00e9m, a amplia\u00e7\u00e3o de importantes mercados para tecnologias e ind\u00fastria nacionais&#8221;, ressalta.<br \/>\nEm um painel da COP-28, em Dubai, Lula disse que o Brasil vai participar da Opep+ para influenciar os produtores de petr\u00f3leo a acabar com a explora\u00e7\u00e3o de combust\u00edveis f\u00f3sseis.<\/p>\n<p>Foto: Ton Molina\/Fotoarena\/Ag\u00eancia O Globo<br \/>\nCBN<\/p>\n","protected":false},"excerpt":{"rendered":"<p>Por um lado, ades\u00e3o na Opep+ \u00e9 vista como contradi\u00e7\u00e3o em rela\u00e7\u00e3o \u00e0 pol\u00edtica ambiental brasileira. Por outro lado, ingressar<\/p>\n","protected":false},"author":4,"featured_media":11451,"comment_status":"open","ping_status":"open","sticky":false,"template":"","format":"standard","meta":{"colormag_page_container_layout":"default_layout","colormag_page_sidebar_layout":"default_layout","_FSMCFIC_featured_image_caption":"","_FSMCFIC_featured_image_nocaption":"","_FSMCFIC_featured_image_hide":"","footnotes":""},"categories":[5,1],"tags":[],"class_list":["post-11450","post","type-post","status-publish","format-standard","has-post-thumbnail","hentry","category-politica","category-ultimas"],"yoast_head":"<!-- This site is optimized with the Yoast SEO plugin v27.1.1 - https:\/\/yoast.com\/product\/yoast-seo-wordpress\/ -->\n<title>Especialistas divergem sobre entrada do Brasil na Opep+ - Brasil not\u00edcias<\/title>\n<meta name=\"robots\" content=\"index, follow, max-snippet:-1, max-image-preview:large, max-video-preview:-1\" \/>\n<link rel=\"canonical\" href=\"https:\/\/brasilnoticias.org\/site\/especialistas-divergem-sobre-entrada-do-brasil-na-opep\/\" \/>\n<meta property=\"og:locale\" content=\"pt_PT\" \/>\n<meta property=\"og:type\" content=\"article\" \/>\n<meta property=\"og:title\" content=\"Especialistas divergem sobre entrada do Brasil na Opep+ - Brasil not\u00edcias\" \/>\n<meta property=\"og:description\" content=\"Por um lado, ades\u00e3o na Opep+ \u00e9 vista como contradi\u00e7\u00e3o em rela\u00e7\u00e3o \u00e0 pol\u00edtica ambiental brasileira. Por outro lado, ingressar\" \/>\n<meta property=\"og:url\" content=\"https:\/\/brasilnoticias.org\/site\/especialistas-divergem-sobre-entrada-do-brasil-na-opep\/\" \/>\n<meta property=\"og:site_name\" content=\"Brasil not\u00edcias\" \/>\n<meta property=\"article:published_time\" content=\"2023-12-04T08:00:50+00:00\" \/>\n<meta property=\"og:image\" content=\"https:\/\/brasilnoticias.org\/site\/wp-content\/uploads\/2023\/12\/36d625a4-d888-4879-bcc6-02fade126842.webp\" \/>\n\t<meta property=\"og:image:width\" content=\"888\" \/>\n\t<meta property=\"og:image:height\" content=\"593\" \/>\n\t<meta property=\"og:image:type\" content=\"image\/webp\" \/>\n<meta name=\"author\" content=\"Reda\u00e7\u00e3o\" \/>\n<meta name=\"twitter:card\" content=\"summary_large_image\" \/>\n<meta name=\"twitter:label1\" content=\"Escrito por\" \/>\n\t<meta name=\"twitter:data1\" content=\"Reda\u00e7\u00e3o\" \/>\n<script type=\"application\/ld+json\" class=\"yoast-schema-graph\">{\"@context\":\"https:\/\/schema.org\",\"@graph\":[{\"@type\":\"Article\",\"@id\":\"https:\/\/brasilnoticias.org\/site\/especialistas-divergem-sobre-entrada-do-brasil-na-opep\/#article\",\"isPartOf\":{\"@id\":\"https:\/\/brasilnoticias.org\/site\/especialistas-divergem-sobre-entrada-do-brasil-na-opep\/\"},\"author\":{\"name\":\"Reda\u00e7\u00e3o\",\"@id\":\"https:\/\/brasilnoticias.org\/site\/#\/schema\/person\/03bbbfe6c7634ad18c26444ea39049fa\"},\"headline\":\"Especialistas divergem sobre entrada do Brasil na Opep+\",\"datePublished\":\"2023-12-04T08:00:50+00:00\",\"mainEntityOfPage\":{\"@id\":\"https:\/\/brasilnoticias.org\/site\/especialistas-divergem-sobre-entrada-do-brasil-na-opep\/\"},\"wordCount\":857,\"commentCount\":0,\"publisher\":{\"@id\":\"https:\/\/brasilnoticias.org\/site\/#organization\"},\"image\":{\"@id\":\"https:\/\/brasilnoticias.org\/site\/especialistas-divergem-sobre-entrada-do-brasil-na-opep\/#primaryimage\"},\"thumbnailUrl\":\"https:\/\/brasilnoticias.org\/site\/wp-content\/uploads\/2023\/12\/36d625a4-d888-4879-bcc6-02fade126842.webp\",\"articleSection\":[\"Pol\u00edtica\",\"\u00daltimas\"],\"inLanguage\":\"pt-PT\",\"potentialAction\":[{\"@type\":\"CommentAction\",\"name\":\"Comment\",\"target\":[\"https:\/\/brasilnoticias.org\/site\/especialistas-divergem-sobre-entrada-do-brasil-na-opep\/#respond\"]}]},{\"@type\":\"WebPage\",\"@id\":\"https:\/\/brasilnoticias.org\/site\/especialistas-divergem-sobre-entrada-do-brasil-na-opep\/\",\"url\":\"https:\/\/brasilnoticias.org\/site\/especialistas-divergem-sobre-entrada-do-brasil-na-opep\/\",\"name\":\"Especialistas divergem sobre entrada do Brasil na Opep+ - Brasil not\u00edcias\",\"isPartOf\":{\"@id\":\"https:\/\/brasilnoticias.org\/site\/#website\"},\"primaryImageOfPage\":{\"@id\":\"https:\/\/brasilnoticias.org\/site\/especialistas-divergem-sobre-entrada-do-brasil-na-opep\/#primaryimage\"},\"image\":{\"@id\":\"https:\/\/brasilnoticias.org\/site\/especialistas-divergem-sobre-entrada-do-brasil-na-opep\/#primaryimage\"},\"thumbnailUrl\":\"https:\/\/brasilnoticias.org\/site\/wp-content\/uploads\/2023\/12\/36d625a4-d888-4879-bcc6-02fade126842.webp\",\"datePublished\":\"2023-12-04T08:00:50+00:00\",\"breadcrumb\":{\"@id\":\"https:\/\/brasilnoticias.org\/site\/especialistas-divergem-sobre-entrada-do-brasil-na-opep\/#breadcrumb\"},\"inLanguage\":\"pt-PT\",\"potentialAction\":[{\"@type\":\"ReadAction\",\"target\":[\"https:\/\/brasilnoticias.org\/site\/especialistas-divergem-sobre-entrada-do-brasil-na-opep\/\"]}]},{\"@type\":\"ImageObject\",\"inLanguage\":\"pt-PT\",\"@id\":\"https:\/\/brasilnoticias.org\/site\/especialistas-divergem-sobre-entrada-do-brasil-na-opep\/#primaryimage\",\"url\":\"https:\/\/brasilnoticias.org\/site\/wp-content\/uploads\/2023\/12\/36d625a4-d888-4879-bcc6-02fade126842.webp\",\"contentUrl\":\"https:\/\/brasilnoticias.org\/site\/wp-content\/uploads\/2023\/12\/36d625a4-d888-4879-bcc6-02fade126842.webp\",\"width\":888,\"height\":593},{\"@type\":\"BreadcrumbList\",\"@id\":\"https:\/\/brasilnoticias.org\/site\/especialistas-divergem-sobre-entrada-do-brasil-na-opep\/#breadcrumb\",\"itemListElement\":[{\"@type\":\"ListItem\",\"position\":1,\"name\":\"In\u00edcio\",\"item\":\"https:\/\/brasilnoticias.org\/site\/\"},{\"@type\":\"ListItem\",\"position\":2,\"name\":\"Especialistas divergem sobre entrada do Brasil na Opep+\"}]},{\"@type\":\"WebSite\",\"@id\":\"https:\/\/brasilnoticias.org\/site\/#website\",\"url\":\"https:\/\/brasilnoticias.org\/site\/\",\"name\":\"Brasil not\u00edcias\",\"description\":\"Brasil not\u00edcias\",\"publisher\":{\"@id\":\"https:\/\/brasilnoticias.org\/site\/#organization\"},\"potentialAction\":[{\"@type\":\"SearchAction\",\"target\":{\"@type\":\"EntryPoint\",\"urlTemplate\":\"https:\/\/brasilnoticias.org\/site\/?s={search_term_string}\"},\"query-input\":{\"@type\":\"PropertyValueSpecification\",\"valueRequired\":true,\"valueName\":\"search_term_string\"}}],\"inLanguage\":\"pt-PT\"},{\"@type\":\"Organization\",\"@id\":\"https:\/\/brasilnoticias.org\/site\/#organization\",\"name\":\"Brasil not\u00edcias\",\"url\":\"https:\/\/brasilnoticias.org\/site\/\",\"logo\":{\"@type\":\"ImageObject\",\"inLanguage\":\"pt-PT\",\"@id\":\"https:\/\/brasilnoticias.org\/site\/#\/schema\/logo\/image\/\",\"url\":\"https:\/\/brasilnoticias.org\/site\/wp-content\/uploads\/2022\/05\/cropped-brasilnoticias-mini.jpg\",\"contentUrl\":\"https:\/\/brasilnoticias.org\/site\/wp-content\/uploads\/2022\/05\/cropped-brasilnoticias-mini.jpg\",\"width\":314,\"height\":86,\"caption\":\"Brasil not\u00edcias\"},\"image\":{\"@id\":\"https:\/\/brasilnoticias.org\/site\/#\/schema\/logo\/image\/\"}},{\"@type\":\"Person\",\"@id\":\"https:\/\/brasilnoticias.org\/site\/#\/schema\/person\/03bbbfe6c7634ad18c26444ea39049fa\",\"name\":\"Reda\u00e7\u00e3o\",\"image\":{\"@type\":\"ImageObject\",\"inLanguage\":\"pt-PT\",\"@id\":\"https:\/\/brasilnoticias.org\/site\/#\/schema\/person\/image\/\",\"url\":\"https:\/\/secure.gravatar.com\/avatar\/9ecaf7327a696cb23ad926fedded5f1f04d7049de9e445375d55b48c001a6e42?s=96&d=mm&r=g\",\"contentUrl\":\"https:\/\/secure.gravatar.com\/avatar\/9ecaf7327a696cb23ad926fedded5f1f04d7049de9e445375d55b48c001a6e42?s=96&d=mm&r=g\",\"caption\":\"Reda\u00e7\u00e3o\"},\"url\":\"https:\/\/brasilnoticias.org\/site\/author\/henrique\/\"}]}<\/script>\n<!-- \/ Yoast SEO plugin. -->","yoast_head_json":{"title":"Especialistas divergem sobre entrada do Brasil na Opep+ - Brasil not\u00edcias","robots":{"index":"index","follow":"follow","max-snippet":"max-snippet:-1","max-image-preview":"max-image-preview:large","max-video-preview":"max-video-preview:-1"},"canonical":"https:\/\/brasilnoticias.org\/site\/especialistas-divergem-sobre-entrada-do-brasil-na-opep\/","og_locale":"pt_PT","og_type":"article","og_title":"Especialistas divergem sobre entrada do Brasil na Opep+ - Brasil not\u00edcias","og_description":"Por um lado, ades\u00e3o na Opep+ \u00e9 vista como contradi\u00e7\u00e3o em rela\u00e7\u00e3o \u00e0 pol\u00edtica ambiental brasileira. Por outro lado, ingressar","og_url":"https:\/\/brasilnoticias.org\/site\/especialistas-divergem-sobre-entrada-do-brasil-na-opep\/","og_site_name":"Brasil not\u00edcias","article_published_time":"2023-12-04T08:00:50+00:00","og_image":[{"width":888,"height":593,"url":"https:\/\/brasilnoticias.org\/site\/wp-content\/uploads\/2023\/12\/36d625a4-d888-4879-bcc6-02fade126842.webp","type":"image\/webp"}],"author":"Reda\u00e7\u00e3o","twitter_card":"summary_large_image","twitter_misc":{"Escrito por":"Reda\u00e7\u00e3o"},"schema":{"@context":"https:\/\/schema.org","@graph":[{"@type":"Article","@id":"https:\/\/brasilnoticias.org\/site\/especialistas-divergem-sobre-entrada-do-brasil-na-opep\/#article","isPartOf":{"@id":"https:\/\/brasilnoticias.org\/site\/especialistas-divergem-sobre-entrada-do-brasil-na-opep\/"},"author":{"name":"Reda\u00e7\u00e3o","@id":"https:\/\/brasilnoticias.org\/site\/#\/schema\/person\/03bbbfe6c7634ad18c26444ea39049fa"},"headline":"Especialistas divergem sobre entrada do Brasil na Opep+","datePublished":"2023-12-04T08:00:50+00:00","mainEntityOfPage":{"@id":"https:\/\/brasilnoticias.org\/site\/especialistas-divergem-sobre-entrada-do-brasil-na-opep\/"},"wordCount":857,"commentCount":0,"publisher":{"@id":"https:\/\/brasilnoticias.org\/site\/#organization"},"image":{"@id":"https:\/\/brasilnoticias.org\/site\/especialistas-divergem-sobre-entrada-do-brasil-na-opep\/#primaryimage"},"thumbnailUrl":"https:\/\/brasilnoticias.org\/site\/wp-content\/uploads\/2023\/12\/36d625a4-d888-4879-bcc6-02fade126842.webp","articleSection":["Pol\u00edtica","\u00daltimas"],"inLanguage":"pt-PT","potentialAction":[{"@type":"CommentAction","name":"Comment","target":["https:\/\/brasilnoticias.org\/site\/especialistas-divergem-sobre-entrada-do-brasil-na-opep\/#respond"]}]},{"@type":"WebPage","@id":"https:\/\/brasilnoticias.org\/site\/especialistas-divergem-sobre-entrada-do-brasil-na-opep\/","url":"https:\/\/brasilnoticias.org\/site\/especialistas-divergem-sobre-entrada-do-brasil-na-opep\/","name":"Especialistas divergem sobre entrada do Brasil na Opep+ - Brasil not\u00edcias","isPartOf":{"@id":"https:\/\/brasilnoticias.org\/site\/#website"},"primaryImageOfPage":{"@id":"https:\/\/brasilnoticias.org\/site\/especialistas-divergem-sobre-entrada-do-brasil-na-opep\/#primaryimage"},"image":{"@id":"https:\/\/brasilnoticias.org\/site\/especialistas-divergem-sobre-entrada-do-brasil-na-opep\/#primaryimage"},"thumbnailUrl":"https:\/\/brasilnoticias.org\/site\/wp-content\/uploads\/2023\/12\/36d625a4-d888-4879-bcc6-02fade126842.webp","datePublished":"2023-12-04T08:00:50+00:00","breadcrumb":{"@id":"https:\/\/brasilnoticias.org\/site\/especialistas-divergem-sobre-entrada-do-brasil-na-opep\/#breadcrumb"},"inLanguage":"pt-PT","potentialAction":[{"@type":"ReadAction","target":["https:\/\/brasilnoticias.org\/site\/especialistas-divergem-sobre-entrada-do-brasil-na-opep\/"]}]},{"@type":"ImageObject","inLanguage":"pt-PT","@id":"https:\/\/brasilnoticias.org\/site\/especialistas-divergem-sobre-entrada-do-brasil-na-opep\/#primaryimage","url":"https:\/\/brasilnoticias.org\/site\/wp-content\/uploads\/2023\/12\/36d625a4-d888-4879-bcc6-02fade126842.webp","contentUrl":"https:\/\/brasilnoticias.org\/site\/wp-content\/uploads\/2023\/12\/36d625a4-d888-4879-bcc6-02fade126842.webp","width":888,"height":593},{"@type":"BreadcrumbList","@id":"https:\/\/brasilnoticias.org\/site\/especialistas-divergem-sobre-entrada-do-brasil-na-opep\/#breadcrumb","itemListElement":[{"@type":"ListItem","position":1,"name":"In\u00edcio","item":"https:\/\/brasilnoticias.org\/site\/"},{"@type":"ListItem","position":2,"name":"Especialistas divergem sobre entrada do Brasil na Opep+"}]},{"@type":"WebSite","@id":"https:\/\/brasilnoticias.org\/site\/#website","url":"https:\/\/brasilnoticias.org\/site\/","name":"Brasil not\u00edcias","description":"Brasil not\u00edcias","publisher":{"@id":"https:\/\/brasilnoticias.org\/site\/#organization"},"potentialAction":[{"@type":"SearchAction","target":{"@type":"EntryPoint","urlTemplate":"https:\/\/brasilnoticias.org\/site\/?s={search_term_string}"},"query-input":{"@type":"PropertyValueSpecification","valueRequired":true,"valueName":"search_term_string"}}],"inLanguage":"pt-PT"},{"@type":"Organization","@id":"https:\/\/brasilnoticias.org\/site\/#organization","name":"Brasil not\u00edcias","url":"https:\/\/brasilnoticias.org\/site\/","logo":{"@type":"ImageObject","inLanguage":"pt-PT","@id":"https:\/\/brasilnoticias.org\/site\/#\/schema\/logo\/image\/","url":"https:\/\/brasilnoticias.org\/site\/wp-content\/uploads\/2022\/05\/cropped-brasilnoticias-mini.jpg","contentUrl":"https:\/\/brasilnoticias.org\/site\/wp-content\/uploads\/2022\/05\/cropped-brasilnoticias-mini.jpg","width":314,"height":86,"caption":"Brasil not\u00edcias"},"image":{"@id":"https:\/\/brasilnoticias.org\/site\/#\/schema\/logo\/image\/"}},{"@type":"Person","@id":"https:\/\/brasilnoticias.org\/site\/#\/schema\/person\/03bbbfe6c7634ad18c26444ea39049fa","name":"Reda\u00e7\u00e3o","image":{"@type":"ImageObject","inLanguage":"pt-PT","@id":"https:\/\/brasilnoticias.org\/site\/#\/schema\/person\/image\/","url":"https:\/\/secure.gravatar.com\/avatar\/9ecaf7327a696cb23ad926fedded5f1f04d7049de9e445375d55b48c001a6e42?s=96&d=mm&r=g","contentUrl":"https:\/\/secure.gravatar.com\/avatar\/9ecaf7327a696cb23ad926fedded5f1f04d7049de9e445375d55b48c001a6e42?s=96&d=mm&r=g","caption":"Reda\u00e7\u00e3o"},"url":"https:\/\/brasilnoticias.org\/site\/author\/henrique\/"}]}},"_links":{"self":[{"href":"https:\/\/brasilnoticias.org\/site\/wp-json\/wp\/v2\/posts\/11450","targetHints":{"allow":["GET"]}}],"collection":[{"href":"https:\/\/brasilnoticias.org\/site\/wp-json\/wp\/v2\/posts"}],"about":[{"href":"https:\/\/brasilnoticias.org\/site\/wp-json\/wp\/v2\/types\/post"}],"author":[{"embeddable":true,"href":"https:\/\/brasilnoticias.org\/site\/wp-json\/wp\/v2\/users\/4"}],"replies":[{"embeddable":true,"href":"https:\/\/brasilnoticias.org\/site\/wp-json\/wp\/v2\/comments?post=11450"}],"version-history":[{"count":1,"href":"https:\/\/brasilnoticias.org\/site\/wp-json\/wp\/v2\/posts\/11450\/revisions"}],"predecessor-version":[{"id":11452,"href":"https:\/\/brasilnoticias.org\/site\/wp-json\/wp\/v2\/posts\/11450\/revisions\/11452"}],"wp:featuredmedia":[{"embeddable":true,"href":"https:\/\/brasilnoticias.org\/site\/wp-json\/wp\/v2\/media\/11451"}],"wp:attachment":[{"href":"https:\/\/brasilnoticias.org\/site\/wp-json\/wp\/v2\/media?parent=11450"}],"wp:term":[{"taxonomy":"category","embeddable":true,"href":"https:\/\/brasilnoticias.org\/site\/wp-json\/wp\/v2\/categories?post=11450"},{"taxonomy":"post_tag","embeddable":true,"href":"https:\/\/brasilnoticias.org\/site\/wp-json\/wp\/v2\/tags?post=11450"}],"curies":[{"name":"wp","href":"https:\/\/api.w.org\/{rel}","templated":true}]}}