{"id":11453,"date":"2023-12-04T09:03:17","date_gmt":"2023-12-04T12:03:17","guid":{"rendered":"https:\/\/brasilnoticias.org\/site\/?p=11453"},"modified":"2023-12-03T22:03:41","modified_gmt":"2023-12-04T01:03:41","slug":"centauro-demite-funcionaria-apos-denuncia-de-racismo-em-shopping-de-brasilia","status":"publish","type":"post","link":"https:\/\/brasilnoticias.org\/site\/centauro-demite-funcionaria-apos-denuncia-de-racismo-em-shopping-de-brasilia\/","title":{"rendered":"Centauro demite funcion\u00e1ria ap\u00f3s den\u00fancia de racismo em shopping de Bras\u00edlia"},"content":{"rendered":"<p>Uma funcion\u00e1ria foi demitida ap\u00f3s fisioterapeuta negra denunciar ter sido abordada por funcion\u00e1rios, seguran\u00e7as e at\u00e9 pela pol\u00edcia, sob a alega\u00e7\u00e3o de furto de pe\u00e7as da loja Centauro no Shopping Iguatemi, em Bras\u00edlia.<\/p>\n<p>O caso \u00e9 investigado pela pol\u00edcia. Camylla Alvino, de 33 anos, conta que foi \u00e0 loja Centauro nesta sexta-feira (1\u00ba), que fica no shopping Iguatemi, no Lago Norte de Bras\u00edlia, e experimentou um top. Indecisa sobre a compra, pediu para a vendedora reservar enquanto comparava pre\u00e7os em outra loja.<\/p>\n<p>Mas, como tinha um compromisso, Camylla decidiu que sairia do shopping e voltaria mais tarde. O problema \u00e9 que, quando deixava o estabelecimento, foi abordada por uma funcion\u00e1ria da Centauro e por dois seguran\u00e7as do shopping, suspeitando que ela houvesse furtado algumas roupas.<\/p>\n<p>&#8216;Ela falou assim: n\u00e3o, \u00e9 porque voc\u00ea saiu e no provador que voc\u00ea estava, foram encontrados alguns lacres rompidos. A gente precisa conversar com voc\u00ea. Est\u00e3o faltando algumas pe\u00e7as e voc\u00ea foi a \u00faltima pessoa a sair do provador. A\u00ed eu falei: Mo\u00e7a, voc\u00ea quer olhar a minha bolsa? N\u00e3o tenho necessidade de roubar nada. A\u00ed ela falou: N\u00e3o estou falando que voc\u00ea roubou.E eu perguntei: Ent\u00e3o voc\u00ea t\u00e1 falando o que?&#8217;, conta Camylla.<\/p>\n<p>Pouco depois, a Pol\u00edcia Militar teria chegado ao local e pedido para revistar a bolsa da fisioterapeuta e, ao constatar que n\u00e3o havia nada, orientou a fisioterapeuta a fazer um boletim de ocorr\u00eancia. O caso foi registrado na 9\u00aa Delegacia de Pol\u00edcia Civil como discrimina\u00e7\u00e3o racial. Mas Camylla agora vai tamb\u00e9m buscar por repara\u00e7\u00e3o judicial.<\/p>\n<p>O relato de Camylla nas redes sociais chegou ao deputado distrital F\u00e1bio F\u00e9lix, que \u00e9 presidente da Comiss\u00e3o de Direitos Humanos da C\u00e2mara Legislativa, e que agora vai tamb\u00e9m apurar o caso.<\/p>\n<p>O epis\u00f3dio aconteceu uma semana depois de a baluarte da Portela, Vilma Nascimento, passar por um constrangimento semelhante no aeroporto de Bras\u00edlia. Aos 85 anos, a porta-bandeira precisou retirar tudo da bolsa em meio a outros clientes, para provar que n\u00e3o havia furtado nada.<\/p>\n<p>O que diz a Centauro<br \/>\nEm nota, a Centauro diz que &#8216; n\u00e3o tolera atos de discrimina\u00e7\u00e3o e preconceito&#8217; e &#8216;est\u00e1 acompanhando de perto e com seriedade&#8217; o epis\u00f3dio ocorrido em sua loja. &#8216;Lamentamos o ocorrido e ressaltamos que esse comportamento n\u00e3o \u00e9 pr\u00e1tica da companhia. Por conta disso, a Centauro realizou a demiss\u00e3o da funcion\u00e1ria.&#8217;<\/p>\n<p>A empresa ainda afirmou que &#8216;refor\u00e7ar\u00e1 os procedimentos e treinamentos internos, que visam assegurar que suas lojas sejam sempre um ambiente seguro, acolhedor e inclusivo para todos.&#8217;<\/p>\n<p>Foto: Reprodu\u00e7\u00e3o<br \/>\nCBN<\/p>\n","protected":false},"excerpt":{"rendered":"<p>Uma funcion\u00e1ria foi demitida ap\u00f3s fisioterapeuta negra denunciar ter sido abordada por funcion\u00e1rios, seguran\u00e7as e at\u00e9 pela pol\u00edcia, sob a<\/p>\n","protected":false},"author":4,"featured_media":11454,"comment_status":"open","ping_status":"open","sticky":false,"template":"","format":"standard","meta":{"colormag_page_container_layout":"default_layout","colormag_page_sidebar_layout":"default_layout","_FSMCFIC_featured_image_caption":"","_FSMCFIC_featured_image_nocaption":"","_FSMCFIC_featured_image_hide":"","footnotes":""},"categories":[2,1],"tags":[],"class_list":["post-11453","post","type-post","status-publish","format-standard","has-post-thumbnail","hentry","category-noticias","category-ultimas"],"yoast_head":"<!-- This site is optimized with the Yoast SEO plugin v27.1.1 - https:\/\/yoast.com\/product\/yoast-seo-wordpress\/ -->\n<title>Centauro demite funcion\u00e1ria ap\u00f3s den\u00fancia de racismo em shopping de Bras\u00edlia - Brasil not\u00edcias<\/title>\n<meta name=\"robots\" content=\"index, follow, max-snippet:-1, max-image-preview:large, max-video-preview:-1\" \/>\n<link rel=\"canonical\" href=\"https:\/\/brasilnoticias.org\/site\/centauro-demite-funcionaria-apos-denuncia-de-racismo-em-shopping-de-brasilia\/\" \/>\n<meta property=\"og:locale\" content=\"pt_PT\" \/>\n<meta property=\"og:type\" content=\"article\" \/>\n<meta property=\"og:title\" content=\"Centauro demite funcion\u00e1ria ap\u00f3s den\u00fancia de racismo em shopping de Bras\u00edlia - Brasil not\u00edcias\" \/>\n<meta property=\"og:description\" content=\"Uma funcion\u00e1ria foi demitida ap\u00f3s fisioterapeuta negra denunciar ter sido abordada por funcion\u00e1rios, seguran\u00e7as e at\u00e9 pela pol\u00edcia, sob a\" \/>\n<meta property=\"og:url\" content=\"https:\/\/brasilnoticias.org\/site\/centauro-demite-funcionaria-apos-denuncia-de-racismo-em-shopping-de-brasilia\/\" \/>\n<meta property=\"og:site_name\" content=\"Brasil not\u00edcias\" \/>\n<meta property=\"article:published_time\" content=\"2023-12-04T12:03:17+00:00\" \/>\n<meta property=\"og:image\" content=\"https:\/\/brasilnoticias.org\/site\/wp-content\/uploads\/2023\/12\/centauro.webp\" \/>\n\t<meta property=\"og:image:width\" content=\"888\" \/>\n\t<meta property=\"og:image:height\" content=\"500\" \/>\n\t<meta property=\"og:image:type\" content=\"image\/webp\" \/>\n<meta name=\"author\" content=\"Reda\u00e7\u00e3o\" \/>\n<meta name=\"twitter:card\" content=\"summary_large_image\" \/>\n<meta name=\"twitter:label1\" content=\"Escrito por\" \/>\n\t<meta name=\"twitter:data1\" content=\"Reda\u00e7\u00e3o\" \/>\n\t<meta name=\"twitter:label2\" content=\"Tempo estimado de leitura\" \/>\n\t<meta name=\"twitter:data2\" content=\"3 minutos\" \/>\n<script type=\"application\/ld+json\" class=\"yoast-schema-graph\">{\"@context\":\"https:\/\/schema.org\",\"@graph\":[{\"@type\":\"Article\",\"@id\":\"https:\/\/brasilnoticias.org\/site\/centauro-demite-funcionaria-apos-denuncia-de-racismo-em-shopping-de-brasilia\/#article\",\"isPartOf\":{\"@id\":\"https:\/\/brasilnoticias.org\/site\/centauro-demite-funcionaria-apos-denuncia-de-racismo-em-shopping-de-brasilia\/\"},\"author\":{\"name\":\"Reda\u00e7\u00e3o\",\"@id\":\"https:\/\/brasilnoticias.org\/site\/#\/schema\/person\/03bbbfe6c7634ad18c26444ea39049fa\"},\"headline\":\"Centauro demite funcion\u00e1ria ap\u00f3s den\u00fancia de racismo em shopping de Bras\u00edlia\",\"datePublished\":\"2023-12-04T12:03:17+00:00\",\"mainEntityOfPage\":{\"@id\":\"https:\/\/brasilnoticias.org\/site\/centauro-demite-funcionaria-apos-denuncia-de-racismo-em-shopping-de-brasilia\/\"},\"wordCount\":469,\"commentCount\":0,\"publisher\":{\"@id\":\"https:\/\/brasilnoticias.org\/site\/#organization\"},\"image\":{\"@id\":\"https:\/\/brasilnoticias.org\/site\/centauro-demite-funcionaria-apos-denuncia-de-racismo-em-shopping-de-brasilia\/#primaryimage\"},\"thumbnailUrl\":\"https:\/\/brasilnoticias.org\/site\/wp-content\/uploads\/2023\/12\/centauro.webp\",\"articleSection\":[\"Not\u00edcias\",\"\u00daltimas\"],\"inLanguage\":\"pt-PT\",\"potentialAction\":[{\"@type\":\"CommentAction\",\"name\":\"Comment\",\"target\":[\"https:\/\/brasilnoticias.org\/site\/centauro-demite-funcionaria-apos-denuncia-de-racismo-em-shopping-de-brasilia\/#respond\"]}]},{\"@type\":\"WebPage\",\"@id\":\"https:\/\/brasilnoticias.org\/site\/centauro-demite-funcionaria-apos-denuncia-de-racismo-em-shopping-de-brasilia\/\",\"url\":\"https:\/\/brasilnoticias.org\/site\/centauro-demite-funcionaria-apos-denuncia-de-racismo-em-shopping-de-brasilia\/\",\"name\":\"Centauro demite funcion\u00e1ria ap\u00f3s den\u00fancia de racismo em shopping de Bras\u00edlia - Brasil not\u00edcias\",\"isPartOf\":{\"@id\":\"https:\/\/brasilnoticias.org\/site\/#website\"},\"primaryImageOfPage\":{\"@id\":\"https:\/\/brasilnoticias.org\/site\/centauro-demite-funcionaria-apos-denuncia-de-racismo-em-shopping-de-brasilia\/#primaryimage\"},\"image\":{\"@id\":\"https:\/\/brasilnoticias.org\/site\/centauro-demite-funcionaria-apos-denuncia-de-racismo-em-shopping-de-brasilia\/#primaryimage\"},\"thumbnailUrl\":\"https:\/\/brasilnoticias.org\/site\/wp-content\/uploads\/2023\/12\/centauro.webp\",\"datePublished\":\"2023-12-04T12:03:17+00:00\",\"breadcrumb\":{\"@id\":\"https:\/\/brasilnoticias.org\/site\/centauro-demite-funcionaria-apos-denuncia-de-racismo-em-shopping-de-brasilia\/#breadcrumb\"},\"inLanguage\":\"pt-PT\",\"potentialAction\":[{\"@type\":\"ReadAction\",\"target\":[\"https:\/\/brasilnoticias.org\/site\/centauro-demite-funcionaria-apos-denuncia-de-racismo-em-shopping-de-brasilia\/\"]}]},{\"@type\":\"ImageObject\",\"inLanguage\":\"pt-PT\",\"@id\":\"https:\/\/brasilnoticias.org\/site\/centauro-demite-funcionaria-apos-denuncia-de-racismo-em-shopping-de-brasilia\/#primaryimage\",\"url\":\"https:\/\/brasilnoticias.org\/site\/wp-content\/uploads\/2023\/12\/centauro.webp\",\"contentUrl\":\"https:\/\/brasilnoticias.org\/site\/wp-content\/uploads\/2023\/12\/centauro.webp\",\"width\":888,\"height\":500},{\"@type\":\"BreadcrumbList\",\"@id\":\"https:\/\/brasilnoticias.org\/site\/centauro-demite-funcionaria-apos-denuncia-de-racismo-em-shopping-de-brasilia\/#breadcrumb\",\"itemListElement\":[{\"@type\":\"ListItem\",\"position\":1,\"name\":\"In\u00edcio\",\"item\":\"https:\/\/brasilnoticias.org\/site\/\"},{\"@type\":\"ListItem\",\"position\":2,\"name\":\"Centauro demite funcion\u00e1ria ap\u00f3s den\u00fancia de racismo em shopping de Bras\u00edlia\"}]},{\"@type\":\"WebSite\",\"@id\":\"https:\/\/brasilnoticias.org\/site\/#website\",\"url\":\"https:\/\/brasilnoticias.org\/site\/\",\"name\":\"Brasil not\u00edcias\",\"description\":\"Brasil not\u00edcias\",\"publisher\":{\"@id\":\"https:\/\/brasilnoticias.org\/site\/#organization\"},\"potentialAction\":[{\"@type\":\"SearchAction\",\"target\":{\"@type\":\"EntryPoint\",\"urlTemplate\":\"https:\/\/brasilnoticias.org\/site\/?s={search_term_string}\"},\"query-input\":{\"@type\":\"PropertyValueSpecification\",\"valueRequired\":true,\"valueName\":\"search_term_string\"}}],\"inLanguage\":\"pt-PT\"},{\"@type\":\"Organization\",\"@id\":\"https:\/\/brasilnoticias.org\/site\/#organization\",\"name\":\"Brasil not\u00edcias\",\"url\":\"https:\/\/brasilnoticias.org\/site\/\",\"logo\":{\"@type\":\"ImageObject\",\"inLanguage\":\"pt-PT\",\"@id\":\"https:\/\/brasilnoticias.org\/site\/#\/schema\/logo\/image\/\",\"url\":\"https:\/\/brasilnoticias.org\/site\/wp-content\/uploads\/2022\/05\/cropped-brasilnoticias-mini.jpg\",\"contentUrl\":\"https:\/\/brasilnoticias.org\/site\/wp-content\/uploads\/2022\/05\/cropped-brasilnoticias-mini.jpg\",\"width\":314,\"height\":86,\"caption\":\"Brasil not\u00edcias\"},\"image\":{\"@id\":\"https:\/\/brasilnoticias.org\/site\/#\/schema\/logo\/image\/\"}},{\"@type\":\"Person\",\"@id\":\"https:\/\/brasilnoticias.org\/site\/#\/schema\/person\/03bbbfe6c7634ad18c26444ea39049fa\",\"name\":\"Reda\u00e7\u00e3o\",\"image\":{\"@type\":\"ImageObject\",\"inLanguage\":\"pt-PT\",\"@id\":\"https:\/\/brasilnoticias.org\/site\/#\/schema\/person\/image\/\",\"url\":\"https:\/\/secure.gravatar.com\/avatar\/9ecaf7327a696cb23ad926fedded5f1f04d7049de9e445375d55b48c001a6e42?s=96&d=mm&r=g\",\"contentUrl\":\"https:\/\/secure.gravatar.com\/avatar\/9ecaf7327a696cb23ad926fedded5f1f04d7049de9e445375d55b48c001a6e42?s=96&d=mm&r=g\",\"caption\":\"Reda\u00e7\u00e3o\"},\"url\":\"https:\/\/brasilnoticias.org\/site\/author\/henrique\/\"}]}<\/script>\n<!-- \/ Yoast SEO plugin. -->","yoast_head_json":{"title":"Centauro demite funcion\u00e1ria ap\u00f3s den\u00fancia de racismo em shopping de Bras\u00edlia - Brasil not\u00edcias","robots":{"index":"index","follow":"follow","max-snippet":"max-snippet:-1","max-image-preview":"max-image-preview:large","max-video-preview":"max-video-preview:-1"},"canonical":"https:\/\/brasilnoticias.org\/site\/centauro-demite-funcionaria-apos-denuncia-de-racismo-em-shopping-de-brasilia\/","og_locale":"pt_PT","og_type":"article","og_title":"Centauro demite funcion\u00e1ria ap\u00f3s den\u00fancia de racismo em shopping de Bras\u00edlia - Brasil not\u00edcias","og_description":"Uma funcion\u00e1ria foi demitida ap\u00f3s fisioterapeuta negra denunciar ter sido abordada por funcion\u00e1rios, seguran\u00e7as e at\u00e9 pela pol\u00edcia, sob a","og_url":"https:\/\/brasilnoticias.org\/site\/centauro-demite-funcionaria-apos-denuncia-de-racismo-em-shopping-de-brasilia\/","og_site_name":"Brasil not\u00edcias","article_published_time":"2023-12-04T12:03:17+00:00","og_image":[{"width":888,"height":500,"url":"https:\/\/brasilnoticias.org\/site\/wp-content\/uploads\/2023\/12\/centauro.webp","type":"image\/webp"}],"author":"Reda\u00e7\u00e3o","twitter_card":"summary_large_image","twitter_misc":{"Escrito por":"Reda\u00e7\u00e3o","Tempo estimado de leitura":"3 minutos"},"schema":{"@context":"https:\/\/schema.org","@graph":[{"@type":"Article","@id":"https:\/\/brasilnoticias.org\/site\/centauro-demite-funcionaria-apos-denuncia-de-racismo-em-shopping-de-brasilia\/#article","isPartOf":{"@id":"https:\/\/brasilnoticias.org\/site\/centauro-demite-funcionaria-apos-denuncia-de-racismo-em-shopping-de-brasilia\/"},"author":{"name":"Reda\u00e7\u00e3o","@id":"https:\/\/brasilnoticias.org\/site\/#\/schema\/person\/03bbbfe6c7634ad18c26444ea39049fa"},"headline":"Centauro demite funcion\u00e1ria ap\u00f3s den\u00fancia de racismo em shopping de Bras\u00edlia","datePublished":"2023-12-04T12:03:17+00:00","mainEntityOfPage":{"@id":"https:\/\/brasilnoticias.org\/site\/centauro-demite-funcionaria-apos-denuncia-de-racismo-em-shopping-de-brasilia\/"},"wordCount":469,"commentCount":0,"publisher":{"@id":"https:\/\/brasilnoticias.org\/site\/#organization"},"image":{"@id":"https:\/\/brasilnoticias.org\/site\/centauro-demite-funcionaria-apos-denuncia-de-racismo-em-shopping-de-brasilia\/#primaryimage"},"thumbnailUrl":"https:\/\/brasilnoticias.org\/site\/wp-content\/uploads\/2023\/12\/centauro.webp","articleSection":["Not\u00edcias","\u00daltimas"],"inLanguage":"pt-PT","potentialAction":[{"@type":"CommentAction","name":"Comment","target":["https:\/\/brasilnoticias.org\/site\/centauro-demite-funcionaria-apos-denuncia-de-racismo-em-shopping-de-brasilia\/#respond"]}]},{"@type":"WebPage","@id":"https:\/\/brasilnoticias.org\/site\/centauro-demite-funcionaria-apos-denuncia-de-racismo-em-shopping-de-brasilia\/","url":"https:\/\/brasilnoticias.org\/site\/centauro-demite-funcionaria-apos-denuncia-de-racismo-em-shopping-de-brasilia\/","name":"Centauro demite funcion\u00e1ria ap\u00f3s den\u00fancia de racismo em shopping de Bras\u00edlia - Brasil not\u00edcias","isPartOf":{"@id":"https:\/\/brasilnoticias.org\/site\/#website"},"primaryImageOfPage":{"@id":"https:\/\/brasilnoticias.org\/site\/centauro-demite-funcionaria-apos-denuncia-de-racismo-em-shopping-de-brasilia\/#primaryimage"},"image":{"@id":"https:\/\/brasilnoticias.org\/site\/centauro-demite-funcionaria-apos-denuncia-de-racismo-em-shopping-de-brasilia\/#primaryimage"},"thumbnailUrl":"https:\/\/brasilnoticias.org\/site\/wp-content\/uploads\/2023\/12\/centauro.webp","datePublished":"2023-12-04T12:03:17+00:00","breadcrumb":{"@id":"https:\/\/brasilnoticias.org\/site\/centauro-demite-funcionaria-apos-denuncia-de-racismo-em-shopping-de-brasilia\/#breadcrumb"},"inLanguage":"pt-PT","potentialAction":[{"@type":"ReadAction","target":["https:\/\/brasilnoticias.org\/site\/centauro-demite-funcionaria-apos-denuncia-de-racismo-em-shopping-de-brasilia\/"]}]},{"@type":"ImageObject","inLanguage":"pt-PT","@id":"https:\/\/brasilnoticias.org\/site\/centauro-demite-funcionaria-apos-denuncia-de-racismo-em-shopping-de-brasilia\/#primaryimage","url":"https:\/\/brasilnoticias.org\/site\/wp-content\/uploads\/2023\/12\/centauro.webp","contentUrl":"https:\/\/brasilnoticias.org\/site\/wp-content\/uploads\/2023\/12\/centauro.webp","width":888,"height":500},{"@type":"BreadcrumbList","@id":"https:\/\/brasilnoticias.org\/site\/centauro-demite-funcionaria-apos-denuncia-de-racismo-em-shopping-de-brasilia\/#breadcrumb","itemListElement":[{"@type":"ListItem","position":1,"name":"In\u00edcio","item":"https:\/\/brasilnoticias.org\/site\/"},{"@type":"ListItem","position":2,"name":"Centauro demite funcion\u00e1ria ap\u00f3s den\u00fancia de racismo em shopping de Bras\u00edlia"}]},{"@type":"WebSite","@id":"https:\/\/brasilnoticias.org\/site\/#website","url":"https:\/\/brasilnoticias.org\/site\/","name":"Brasil not\u00edcias","description":"Brasil not\u00edcias","publisher":{"@id":"https:\/\/brasilnoticias.org\/site\/#organization"},"potentialAction":[{"@type":"SearchAction","target":{"@type":"EntryPoint","urlTemplate":"https:\/\/brasilnoticias.org\/site\/?s={search_term_string}"},"query-input":{"@type":"PropertyValueSpecification","valueRequired":true,"valueName":"search_term_string"}}],"inLanguage":"pt-PT"},{"@type":"Organization","@id":"https:\/\/brasilnoticias.org\/site\/#organization","name":"Brasil not\u00edcias","url":"https:\/\/brasilnoticias.org\/site\/","logo":{"@type":"ImageObject","inLanguage":"pt-PT","@id":"https:\/\/brasilnoticias.org\/site\/#\/schema\/logo\/image\/","url":"https:\/\/brasilnoticias.org\/site\/wp-content\/uploads\/2022\/05\/cropped-brasilnoticias-mini.jpg","contentUrl":"https:\/\/brasilnoticias.org\/site\/wp-content\/uploads\/2022\/05\/cropped-brasilnoticias-mini.jpg","width":314,"height":86,"caption":"Brasil not\u00edcias"},"image":{"@id":"https:\/\/brasilnoticias.org\/site\/#\/schema\/logo\/image\/"}},{"@type":"Person","@id":"https:\/\/brasilnoticias.org\/site\/#\/schema\/person\/03bbbfe6c7634ad18c26444ea39049fa","name":"Reda\u00e7\u00e3o","image":{"@type":"ImageObject","inLanguage":"pt-PT","@id":"https:\/\/brasilnoticias.org\/site\/#\/schema\/person\/image\/","url":"https:\/\/secure.gravatar.com\/avatar\/9ecaf7327a696cb23ad926fedded5f1f04d7049de9e445375d55b48c001a6e42?s=96&d=mm&r=g","contentUrl":"https:\/\/secure.gravatar.com\/avatar\/9ecaf7327a696cb23ad926fedded5f1f04d7049de9e445375d55b48c001a6e42?s=96&d=mm&r=g","caption":"Reda\u00e7\u00e3o"},"url":"https:\/\/brasilnoticias.org\/site\/author\/henrique\/"}]}},"_links":{"self":[{"href":"https:\/\/brasilnoticias.org\/site\/wp-json\/wp\/v2\/posts\/11453","targetHints":{"allow":["GET"]}}],"collection":[{"href":"https:\/\/brasilnoticias.org\/site\/wp-json\/wp\/v2\/posts"}],"about":[{"href":"https:\/\/brasilnoticias.org\/site\/wp-json\/wp\/v2\/types\/post"}],"author":[{"embeddable":true,"href":"https:\/\/brasilnoticias.org\/site\/wp-json\/wp\/v2\/users\/4"}],"replies":[{"embeddable":true,"href":"https:\/\/brasilnoticias.org\/site\/wp-json\/wp\/v2\/comments?post=11453"}],"version-history":[{"count":1,"href":"https:\/\/brasilnoticias.org\/site\/wp-json\/wp\/v2\/posts\/11453\/revisions"}],"predecessor-version":[{"id":11455,"href":"https:\/\/brasilnoticias.org\/site\/wp-json\/wp\/v2\/posts\/11453\/revisions\/11455"}],"wp:featuredmedia":[{"embeddable":true,"href":"https:\/\/brasilnoticias.org\/site\/wp-json\/wp\/v2\/media\/11454"}],"wp:attachment":[{"href":"https:\/\/brasilnoticias.org\/site\/wp-json\/wp\/v2\/media?parent=11453"}],"wp:term":[{"taxonomy":"category","embeddable":true,"href":"https:\/\/brasilnoticias.org\/site\/wp-json\/wp\/v2\/categories?post=11453"},{"taxonomy":"post_tag","embeddable":true,"href":"https:\/\/brasilnoticias.org\/site\/wp-json\/wp\/v2\/tags?post=11453"}],"curies":[{"name":"wp","href":"https:\/\/api.w.org\/{rel}","templated":true}]}}