{"id":11465,"date":"2023-12-04T20:22:48","date_gmt":"2023-12-04T23:22:48","guid":{"rendered":"https:\/\/brasilnoticias.org\/site\/?p=11465"},"modified":"2023-12-04T20:22:48","modified_gmt":"2023-12-04T23:22:48","slug":"governo-federal-proibe-o-uso-de-armas-de-cano-longo-semiautomaticas-por-civis","status":"publish","type":"post","link":"https:\/\/brasilnoticias.org\/site\/governo-federal-proibe-o-uso-de-armas-de-cano-longo-semiautomaticas-por-civis\/","title":{"rendered":"Governo federal pro\u00edbe o uso de armas de cano longo semiautom\u00e1ticas por civis"},"content":{"rendered":"<p>Esse veto \u00e0s armas longas semiautom\u00e1ticas foi dado em uma portaria conjunta do Ex\u00e9rcito e da Pol\u00edcia Federal (PF) publicada em novembro<\/p>\n<p>O governo do presidente Luiz In\u00e1cio Lula da Silva (PT) proibiu o acesso de civis a armas de cano longo semiautom\u00e1ticas, como rifles e carabinas, ap\u00f3s decreto da gest\u00e3o petista deixar esse tipo de armamento em um limbo jur\u00eddico.<\/p>\n<p>O veto \u00e0s armas longas semiautom\u00e1ticas foi dado em uma portaria conjunta do Ex\u00e9rcito e da Pol\u00edcia Federal publicada em novembro, quatro meses ap\u00f3s o decreto do presidente Lula que estabeleceu novas regras para a pol\u00edtica armamentista do pa\u00eds.<\/p>\n<p>O decreto proibia o uso por civis de armas longas semiautom\u00e1ticas, como rifles e carabinas, cuja muni\u00e7\u00e3o comum atingisse na sa\u00edda do cano energia superior a 1.620 joules no tiro. Na pr\u00e1tica, carabinas, rifles e espingardas que s\u00e3o de cano longo, semiautom\u00e1ticos e menos potentes que essa classifica\u00e7\u00e3o em joules continuaram sendo usadas por atiradores.<\/p>\n<p>Para corrigir a situa\u00e7\u00e3o, a portaria estabeleceu que todas as armas longas semiautom\u00e1ticas ser\u00e3o de uso restrito, com autoriza\u00e7\u00e3o somente para uso das for\u00e7as de seguran\u00e7as e CACs (colecionadores, atiradores e ca\u00e7adores) que atingirem o n\u00edvel tr\u00eas, que permite participa\u00e7\u00e3o em campeonatos nacionais e internacionais.<\/p>\n<p>Foto: Divulga\u00e7\u00e3o<br \/>\nPor: Metro1 <\/p>\n","protected":false},"excerpt":{"rendered":"<p>Esse veto \u00e0s armas longas semiautom\u00e1ticas foi dado em uma portaria conjunta do Ex\u00e9rcito e da Pol\u00edcia Federal (PF) publicada<\/p>\n","protected":false},"author":4,"featured_media":11466,"comment_status":"open","ping_status":"open","sticky":false,"template":"","format":"standard","meta":{"colormag_page_container_layout":"default_layout","colormag_page_sidebar_layout":"default_layout","_FSMCFIC_featured_image_caption":"","_FSMCFIC_featured_image_nocaption":"","_FSMCFIC_featured_image_hide":"","footnotes":""},"categories":[2,1],"tags":[],"class_list":["post-11465","post","type-post","status-publish","format-standard","has-post-thumbnail","hentry","category-noticias","category-ultimas"],"yoast_head":"<!-- This site is optimized with the Yoast SEO plugin v27.1.1 - https:\/\/yoast.com\/product\/yoast-seo-wordpress\/ -->\n<title>Governo federal pro\u00edbe o uso de armas de cano longo semiautom\u00e1ticas por civis - Brasil not\u00edcias<\/title>\n<meta name=\"robots\" content=\"index, follow, max-snippet:-1, max-image-preview:large, max-video-preview:-1\" \/>\n<link rel=\"canonical\" href=\"https:\/\/brasilnoticias.org\/site\/governo-federal-proibe-o-uso-de-armas-de-cano-longo-semiautomaticas-por-civis\/\" \/>\n<meta property=\"og:locale\" content=\"pt_PT\" \/>\n<meta property=\"og:type\" content=\"article\" \/>\n<meta property=\"og:title\" content=\"Governo federal pro\u00edbe o uso de armas de cano longo semiautom\u00e1ticas por civis - Brasil not\u00edcias\" \/>\n<meta property=\"og:description\" content=\"Esse veto \u00e0s armas longas semiautom\u00e1ticas foi dado em uma portaria conjunta do Ex\u00e9rcito e da Pol\u00edcia Federal (PF) publicada\" \/>\n<meta property=\"og:url\" content=\"https:\/\/brasilnoticias.org\/site\/governo-federal-proibe-o-uso-de-armas-de-cano-longo-semiautomaticas-por-civis\/\" \/>\n<meta property=\"og:site_name\" content=\"Brasil not\u00edcias\" \/>\n<meta property=\"article:published_time\" content=\"2023-12-04T23:22:48+00:00\" \/>\n<meta property=\"og:image\" content=\"https:\/\/brasilnoticias.org\/site\/wp-content\/uploads\/2023\/12\/143877governo-federal-proibe-o-uso-de-armas-de-cano-longo-semiautomaticas-por-civis-3.jpg\" \/>\n\t<meta property=\"og:image:width\" content=\"1600\" \/>\n\t<meta property=\"og:image:height\" content=\"752\" \/>\n\t<meta property=\"og:image:type\" content=\"image\/jpeg\" \/>\n<meta name=\"author\" content=\"Reda\u00e7\u00e3o\" \/>\n<meta name=\"twitter:card\" content=\"summary_large_image\" \/>\n<meta name=\"twitter:label1\" content=\"Escrito por\" \/>\n\t<meta name=\"twitter:data1\" content=\"Reda\u00e7\u00e3o\" \/>\n<script type=\"application\/ld+json\" class=\"yoast-schema-graph\">{\"@context\":\"https:\/\/schema.org\",\"@graph\":[{\"@type\":\"Article\",\"@id\":\"https:\/\/brasilnoticias.org\/site\/governo-federal-proibe-o-uso-de-armas-de-cano-longo-semiautomaticas-por-civis\/#article\",\"isPartOf\":{\"@id\":\"https:\/\/brasilnoticias.org\/site\/governo-federal-proibe-o-uso-de-armas-de-cano-longo-semiautomaticas-por-civis\/\"},\"author\":{\"name\":\"Reda\u00e7\u00e3o\",\"@id\":\"https:\/\/brasilnoticias.org\/site\/#\/schema\/person\/03bbbfe6c7634ad18c26444ea39049fa\"},\"headline\":\"Governo federal pro\u00edbe o uso de armas de cano longo semiautom\u00e1ticas por civis\",\"datePublished\":\"2023-12-04T23:22:48+00:00\",\"mainEntityOfPage\":{\"@id\":\"https:\/\/brasilnoticias.org\/site\/governo-federal-proibe-o-uso-de-armas-de-cano-longo-semiautomaticas-por-civis\/\"},\"wordCount\":250,\"commentCount\":0,\"publisher\":{\"@id\":\"https:\/\/brasilnoticias.org\/site\/#organization\"},\"image\":{\"@id\":\"https:\/\/brasilnoticias.org\/site\/governo-federal-proibe-o-uso-de-armas-de-cano-longo-semiautomaticas-por-civis\/#primaryimage\"},\"thumbnailUrl\":\"https:\/\/brasilnoticias.org\/site\/wp-content\/uploads\/2023\/12\/143877governo-federal-proibe-o-uso-de-armas-de-cano-longo-semiautomaticas-por-civis-3.jpg\",\"articleSection\":[\"Not\u00edcias\",\"\u00daltimas\"],\"inLanguage\":\"pt-PT\",\"potentialAction\":[{\"@type\":\"CommentAction\",\"name\":\"Comment\",\"target\":[\"https:\/\/brasilnoticias.org\/site\/governo-federal-proibe-o-uso-de-armas-de-cano-longo-semiautomaticas-por-civis\/#respond\"]}]},{\"@type\":\"WebPage\",\"@id\":\"https:\/\/brasilnoticias.org\/site\/governo-federal-proibe-o-uso-de-armas-de-cano-longo-semiautomaticas-por-civis\/\",\"url\":\"https:\/\/brasilnoticias.org\/site\/governo-federal-proibe-o-uso-de-armas-de-cano-longo-semiautomaticas-por-civis\/\",\"name\":\"Governo federal pro\u00edbe o uso de armas de cano longo semiautom\u00e1ticas por civis - Brasil not\u00edcias\",\"isPartOf\":{\"@id\":\"https:\/\/brasilnoticias.org\/site\/#website\"},\"primaryImageOfPage\":{\"@id\":\"https:\/\/brasilnoticias.org\/site\/governo-federal-proibe-o-uso-de-armas-de-cano-longo-semiautomaticas-por-civis\/#primaryimage\"},\"image\":{\"@id\":\"https:\/\/brasilnoticias.org\/site\/governo-federal-proibe-o-uso-de-armas-de-cano-longo-semiautomaticas-por-civis\/#primaryimage\"},\"thumbnailUrl\":\"https:\/\/brasilnoticias.org\/site\/wp-content\/uploads\/2023\/12\/143877governo-federal-proibe-o-uso-de-armas-de-cano-longo-semiautomaticas-por-civis-3.jpg\",\"datePublished\":\"2023-12-04T23:22:48+00:00\",\"breadcrumb\":{\"@id\":\"https:\/\/brasilnoticias.org\/site\/governo-federal-proibe-o-uso-de-armas-de-cano-longo-semiautomaticas-por-civis\/#breadcrumb\"},\"inLanguage\":\"pt-PT\",\"potentialAction\":[{\"@type\":\"ReadAction\",\"target\":[\"https:\/\/brasilnoticias.org\/site\/governo-federal-proibe-o-uso-de-armas-de-cano-longo-semiautomaticas-por-civis\/\"]}]},{\"@type\":\"ImageObject\",\"inLanguage\":\"pt-PT\",\"@id\":\"https:\/\/brasilnoticias.org\/site\/governo-federal-proibe-o-uso-de-armas-de-cano-longo-semiautomaticas-por-civis\/#primaryimage\",\"url\":\"https:\/\/brasilnoticias.org\/site\/wp-content\/uploads\/2023\/12\/143877governo-federal-proibe-o-uso-de-armas-de-cano-longo-semiautomaticas-por-civis-3.jpg\",\"contentUrl\":\"https:\/\/brasilnoticias.org\/site\/wp-content\/uploads\/2023\/12\/143877governo-federal-proibe-o-uso-de-armas-de-cano-longo-semiautomaticas-por-civis-3.jpg\",\"width\":1600,\"height\":752},{\"@type\":\"BreadcrumbList\",\"@id\":\"https:\/\/brasilnoticias.org\/site\/governo-federal-proibe-o-uso-de-armas-de-cano-longo-semiautomaticas-por-civis\/#breadcrumb\",\"itemListElement\":[{\"@type\":\"ListItem\",\"position\":1,\"name\":\"In\u00edcio\",\"item\":\"https:\/\/brasilnoticias.org\/site\/\"},{\"@type\":\"ListItem\",\"position\":2,\"name\":\"Governo federal pro\u00edbe o uso de armas de cano longo semiautom\u00e1ticas por civis\"}]},{\"@type\":\"WebSite\",\"@id\":\"https:\/\/brasilnoticias.org\/site\/#website\",\"url\":\"https:\/\/brasilnoticias.org\/site\/\",\"name\":\"Brasil not\u00edcias\",\"description\":\"Brasil not\u00edcias\",\"publisher\":{\"@id\":\"https:\/\/brasilnoticias.org\/site\/#organization\"},\"potentialAction\":[{\"@type\":\"SearchAction\",\"target\":{\"@type\":\"EntryPoint\",\"urlTemplate\":\"https:\/\/brasilnoticias.org\/site\/?s={search_term_string}\"},\"query-input\":{\"@type\":\"PropertyValueSpecification\",\"valueRequired\":true,\"valueName\":\"search_term_string\"}}],\"inLanguage\":\"pt-PT\"},{\"@type\":\"Organization\",\"@id\":\"https:\/\/brasilnoticias.org\/site\/#organization\",\"name\":\"Brasil not\u00edcias\",\"url\":\"https:\/\/brasilnoticias.org\/site\/\",\"logo\":{\"@type\":\"ImageObject\",\"inLanguage\":\"pt-PT\",\"@id\":\"https:\/\/brasilnoticias.org\/site\/#\/schema\/logo\/image\/\",\"url\":\"https:\/\/brasilnoticias.org\/site\/wp-content\/uploads\/2022\/05\/cropped-brasilnoticias-mini.jpg\",\"contentUrl\":\"https:\/\/brasilnoticias.org\/site\/wp-content\/uploads\/2022\/05\/cropped-brasilnoticias-mini.jpg\",\"width\":314,\"height\":86,\"caption\":\"Brasil not\u00edcias\"},\"image\":{\"@id\":\"https:\/\/brasilnoticias.org\/site\/#\/schema\/logo\/image\/\"}},{\"@type\":\"Person\",\"@id\":\"https:\/\/brasilnoticias.org\/site\/#\/schema\/person\/03bbbfe6c7634ad18c26444ea39049fa\",\"name\":\"Reda\u00e7\u00e3o\",\"image\":{\"@type\":\"ImageObject\",\"inLanguage\":\"pt-PT\",\"@id\":\"https:\/\/brasilnoticias.org\/site\/#\/schema\/person\/image\/\",\"url\":\"https:\/\/secure.gravatar.com\/avatar\/9ecaf7327a696cb23ad926fedded5f1f04d7049de9e445375d55b48c001a6e42?s=96&d=mm&r=g\",\"contentUrl\":\"https:\/\/secure.gravatar.com\/avatar\/9ecaf7327a696cb23ad926fedded5f1f04d7049de9e445375d55b48c001a6e42?s=96&d=mm&r=g\",\"caption\":\"Reda\u00e7\u00e3o\"},\"url\":\"https:\/\/brasilnoticias.org\/site\/author\/henrique\/\"}]}<\/script>\n<!-- \/ Yoast SEO plugin. -->","yoast_head_json":{"title":"Governo federal pro\u00edbe o uso de armas de cano longo semiautom\u00e1ticas por civis - Brasil not\u00edcias","robots":{"index":"index","follow":"follow","max-snippet":"max-snippet:-1","max-image-preview":"max-image-preview:large","max-video-preview":"max-video-preview:-1"},"canonical":"https:\/\/brasilnoticias.org\/site\/governo-federal-proibe-o-uso-de-armas-de-cano-longo-semiautomaticas-por-civis\/","og_locale":"pt_PT","og_type":"article","og_title":"Governo federal pro\u00edbe o uso de armas de cano longo semiautom\u00e1ticas por civis - Brasil not\u00edcias","og_description":"Esse veto \u00e0s armas longas semiautom\u00e1ticas foi dado em uma portaria conjunta do Ex\u00e9rcito e da Pol\u00edcia Federal (PF) publicada","og_url":"https:\/\/brasilnoticias.org\/site\/governo-federal-proibe-o-uso-de-armas-de-cano-longo-semiautomaticas-por-civis\/","og_site_name":"Brasil not\u00edcias","article_published_time":"2023-12-04T23:22:48+00:00","og_image":[{"width":1600,"height":752,"url":"https:\/\/brasilnoticias.org\/site\/wp-content\/uploads\/2023\/12\/143877governo-federal-proibe-o-uso-de-armas-de-cano-longo-semiautomaticas-por-civis-3.jpg","type":"image\/jpeg"}],"author":"Reda\u00e7\u00e3o","twitter_card":"summary_large_image","twitter_misc":{"Escrito por":"Reda\u00e7\u00e3o"},"schema":{"@context":"https:\/\/schema.org","@graph":[{"@type":"Article","@id":"https:\/\/brasilnoticias.org\/site\/governo-federal-proibe-o-uso-de-armas-de-cano-longo-semiautomaticas-por-civis\/#article","isPartOf":{"@id":"https:\/\/brasilnoticias.org\/site\/governo-federal-proibe-o-uso-de-armas-de-cano-longo-semiautomaticas-por-civis\/"},"author":{"name":"Reda\u00e7\u00e3o","@id":"https:\/\/brasilnoticias.org\/site\/#\/schema\/person\/03bbbfe6c7634ad18c26444ea39049fa"},"headline":"Governo federal pro\u00edbe o uso de armas de cano longo semiautom\u00e1ticas por civis","datePublished":"2023-12-04T23:22:48+00:00","mainEntityOfPage":{"@id":"https:\/\/brasilnoticias.org\/site\/governo-federal-proibe-o-uso-de-armas-de-cano-longo-semiautomaticas-por-civis\/"},"wordCount":250,"commentCount":0,"publisher":{"@id":"https:\/\/brasilnoticias.org\/site\/#organization"},"image":{"@id":"https:\/\/brasilnoticias.org\/site\/governo-federal-proibe-o-uso-de-armas-de-cano-longo-semiautomaticas-por-civis\/#primaryimage"},"thumbnailUrl":"https:\/\/brasilnoticias.org\/site\/wp-content\/uploads\/2023\/12\/143877governo-federal-proibe-o-uso-de-armas-de-cano-longo-semiautomaticas-por-civis-3.jpg","articleSection":["Not\u00edcias","\u00daltimas"],"inLanguage":"pt-PT","potentialAction":[{"@type":"CommentAction","name":"Comment","target":["https:\/\/brasilnoticias.org\/site\/governo-federal-proibe-o-uso-de-armas-de-cano-longo-semiautomaticas-por-civis\/#respond"]}]},{"@type":"WebPage","@id":"https:\/\/brasilnoticias.org\/site\/governo-federal-proibe-o-uso-de-armas-de-cano-longo-semiautomaticas-por-civis\/","url":"https:\/\/brasilnoticias.org\/site\/governo-federal-proibe-o-uso-de-armas-de-cano-longo-semiautomaticas-por-civis\/","name":"Governo federal pro\u00edbe o uso de armas de cano longo semiautom\u00e1ticas por civis - Brasil not\u00edcias","isPartOf":{"@id":"https:\/\/brasilnoticias.org\/site\/#website"},"primaryImageOfPage":{"@id":"https:\/\/brasilnoticias.org\/site\/governo-federal-proibe-o-uso-de-armas-de-cano-longo-semiautomaticas-por-civis\/#primaryimage"},"image":{"@id":"https:\/\/brasilnoticias.org\/site\/governo-federal-proibe-o-uso-de-armas-de-cano-longo-semiautomaticas-por-civis\/#primaryimage"},"thumbnailUrl":"https:\/\/brasilnoticias.org\/site\/wp-content\/uploads\/2023\/12\/143877governo-federal-proibe-o-uso-de-armas-de-cano-longo-semiautomaticas-por-civis-3.jpg","datePublished":"2023-12-04T23:22:48+00:00","breadcrumb":{"@id":"https:\/\/brasilnoticias.org\/site\/governo-federal-proibe-o-uso-de-armas-de-cano-longo-semiautomaticas-por-civis\/#breadcrumb"},"inLanguage":"pt-PT","potentialAction":[{"@type":"ReadAction","target":["https:\/\/brasilnoticias.org\/site\/governo-federal-proibe-o-uso-de-armas-de-cano-longo-semiautomaticas-por-civis\/"]}]},{"@type":"ImageObject","inLanguage":"pt-PT","@id":"https:\/\/brasilnoticias.org\/site\/governo-federal-proibe-o-uso-de-armas-de-cano-longo-semiautomaticas-por-civis\/#primaryimage","url":"https:\/\/brasilnoticias.org\/site\/wp-content\/uploads\/2023\/12\/143877governo-federal-proibe-o-uso-de-armas-de-cano-longo-semiautomaticas-por-civis-3.jpg","contentUrl":"https:\/\/brasilnoticias.org\/site\/wp-content\/uploads\/2023\/12\/143877governo-federal-proibe-o-uso-de-armas-de-cano-longo-semiautomaticas-por-civis-3.jpg","width":1600,"height":752},{"@type":"BreadcrumbList","@id":"https:\/\/brasilnoticias.org\/site\/governo-federal-proibe-o-uso-de-armas-de-cano-longo-semiautomaticas-por-civis\/#breadcrumb","itemListElement":[{"@type":"ListItem","position":1,"name":"In\u00edcio","item":"https:\/\/brasilnoticias.org\/site\/"},{"@type":"ListItem","position":2,"name":"Governo federal pro\u00edbe o uso de armas de cano longo semiautom\u00e1ticas por civis"}]},{"@type":"WebSite","@id":"https:\/\/brasilnoticias.org\/site\/#website","url":"https:\/\/brasilnoticias.org\/site\/","name":"Brasil not\u00edcias","description":"Brasil not\u00edcias","publisher":{"@id":"https:\/\/brasilnoticias.org\/site\/#organization"},"potentialAction":[{"@type":"SearchAction","target":{"@type":"EntryPoint","urlTemplate":"https:\/\/brasilnoticias.org\/site\/?s={search_term_string}"},"query-input":{"@type":"PropertyValueSpecification","valueRequired":true,"valueName":"search_term_string"}}],"inLanguage":"pt-PT"},{"@type":"Organization","@id":"https:\/\/brasilnoticias.org\/site\/#organization","name":"Brasil not\u00edcias","url":"https:\/\/brasilnoticias.org\/site\/","logo":{"@type":"ImageObject","inLanguage":"pt-PT","@id":"https:\/\/brasilnoticias.org\/site\/#\/schema\/logo\/image\/","url":"https:\/\/brasilnoticias.org\/site\/wp-content\/uploads\/2022\/05\/cropped-brasilnoticias-mini.jpg","contentUrl":"https:\/\/brasilnoticias.org\/site\/wp-content\/uploads\/2022\/05\/cropped-brasilnoticias-mini.jpg","width":314,"height":86,"caption":"Brasil not\u00edcias"},"image":{"@id":"https:\/\/brasilnoticias.org\/site\/#\/schema\/logo\/image\/"}},{"@type":"Person","@id":"https:\/\/brasilnoticias.org\/site\/#\/schema\/person\/03bbbfe6c7634ad18c26444ea39049fa","name":"Reda\u00e7\u00e3o","image":{"@type":"ImageObject","inLanguage":"pt-PT","@id":"https:\/\/brasilnoticias.org\/site\/#\/schema\/person\/image\/","url":"https:\/\/secure.gravatar.com\/avatar\/9ecaf7327a696cb23ad926fedded5f1f04d7049de9e445375d55b48c001a6e42?s=96&d=mm&r=g","contentUrl":"https:\/\/secure.gravatar.com\/avatar\/9ecaf7327a696cb23ad926fedded5f1f04d7049de9e445375d55b48c001a6e42?s=96&d=mm&r=g","caption":"Reda\u00e7\u00e3o"},"url":"https:\/\/brasilnoticias.org\/site\/author\/henrique\/"}]}},"_links":{"self":[{"href":"https:\/\/brasilnoticias.org\/site\/wp-json\/wp\/v2\/posts\/11465","targetHints":{"allow":["GET"]}}],"collection":[{"href":"https:\/\/brasilnoticias.org\/site\/wp-json\/wp\/v2\/posts"}],"about":[{"href":"https:\/\/brasilnoticias.org\/site\/wp-json\/wp\/v2\/types\/post"}],"author":[{"embeddable":true,"href":"https:\/\/brasilnoticias.org\/site\/wp-json\/wp\/v2\/users\/4"}],"replies":[{"embeddable":true,"href":"https:\/\/brasilnoticias.org\/site\/wp-json\/wp\/v2\/comments?post=11465"}],"version-history":[{"count":1,"href":"https:\/\/brasilnoticias.org\/site\/wp-json\/wp\/v2\/posts\/11465\/revisions"}],"predecessor-version":[{"id":11467,"href":"https:\/\/brasilnoticias.org\/site\/wp-json\/wp\/v2\/posts\/11465\/revisions\/11467"}],"wp:featuredmedia":[{"embeddable":true,"href":"https:\/\/brasilnoticias.org\/site\/wp-json\/wp\/v2\/media\/11466"}],"wp:attachment":[{"href":"https:\/\/brasilnoticias.org\/site\/wp-json\/wp\/v2\/media?parent=11465"}],"wp:term":[{"taxonomy":"category","embeddable":true,"href":"https:\/\/brasilnoticias.org\/site\/wp-json\/wp\/v2\/categories?post=11465"},{"taxonomy":"post_tag","embeddable":true,"href":"https:\/\/brasilnoticias.org\/site\/wp-json\/wp\/v2\/tags?post=11465"}],"curies":[{"name":"wp","href":"https:\/\/api.w.org\/{rel}","templated":true}]}}