{"id":11474,"date":"2023-12-05T06:00:23","date_gmt":"2023-12-05T09:00:23","guid":{"rendered":"https:\/\/brasilnoticias.org\/site\/?p=11474"},"modified":"2023-12-04T20:27:12","modified_gmt":"2023-12-04T23:27:12","slug":"mp-ba-ajuiza-acao-para-obrigar-o-governo-a-preservar-as-obras-do-artista-frans-krajcberg","status":"publish","type":"post","link":"https:\/\/brasilnoticias.org\/site\/mp-ba-ajuiza-acao-para-obrigar-o-governo-a-preservar-as-obras-do-artista-frans-krajcberg\/","title":{"rendered":"MP-BA ajuiza a\u00e7\u00e3o para obrigar o governo a preservar as obras do artista Frans Krajcberg"},"content":{"rendered":"<p>De acordo com o promotor de Justi\u00e7a, F\u00e1bio Fernandes Corr\u00eaa, apura\u00e7\u00f5es feitas pelo MP-BA apontam falta conserva\u00e7\u00e3o nas obras do artista<\/p>\n<p>O Minist\u00e9rio P\u00fablico da Bahia (MP-BA) ajuizou uma a\u00e7\u00e3o contra o governo da Bahia, neste domingo (3), para que sejam tomadas medidas de preserva\u00e7\u00e3o das obras de Frans Krajcberg<\/p>\n<p>De acordo com o promotor de Justi\u00e7a, F\u00e1bio Fernandes Corr\u00eaa, apesar do artista ter doado todos os bens que possu\u00eda e seu acervo completo de obras de arte ao governo, &#8220;poucas a\u00e7\u00f5es efetivas foram tomadas pelo Estado para a preserva\u00e7\u00e3o desses bens&#8221;.<\/p>\n<p>Ainda segundo o promotor, as apura\u00e7\u00f5es feitas pelo MP-BA apontam falta conserva\u00e7\u00e3o nas obras do artista. Corr\u00eaa tamb\u00e9m solicitou \u00e0 Justi\u00e7a que determine que o Estado, em at\u00e9 tr\u00eas meses, apresente um plano de gest\u00e3o com as a\u00e7\u00f5es que ser\u00e3o feitas para conservar o S\u00edtio Vergara e do S\u00edtio Natura, al\u00e9m de efetivar o Museu Art\u00edstico e Ecol\u00f3gico.<\/p>\n<p>O representante do MP-BA tamb\u00e9m pediu \u00e1 Justi\u00e7a que obrigue o Estado a adotar os cuidados necess\u00e1rios com as obras, como limpar e catalogar as pe\u00e7as do acervo; fiscalizar supostas falsifica\u00e7\u00f5es e apresentar um cronograma com atividades da Funda\u00e7\u00e3o Museu Frans Krajcberg, entre outras medidas.<\/p>\n<p>Em abril de 2022, a jornalista Renata Rocha, bi\u00f3grafa de Krajcberg, denunciou o descaso e a retirada ilegal do acervo do museu do artista no s\u00edtio Natura, na cidade de Nova Vi\u00e7osa, no extremo sul da Bahia, em entrevista \u00e0 R\u00e1dio Metropole. Na \u00e9poca, o Instituto do Patrim\u00f4nio Art\u00edstico e Cultural da Bahia (Ipac) negou a acusa\u00e7\u00e3o da bi\u00f3grafa e afirmou que as den\u00fancias eram &#8220;caluniosas&#8221;.<\/p>\n<p>Foto: Reprodu\u00e7\u00e3o<br \/>\nPor: Metro1<\/p>\n","protected":false},"excerpt":{"rendered":"<p>De acordo com o promotor de Justi\u00e7a, F\u00e1bio Fernandes Corr\u00eaa, apura\u00e7\u00f5es feitas pelo MP-BA apontam falta conserva\u00e7\u00e3o nas obras do<\/p>\n","protected":false},"author":4,"featured_media":11475,"comment_status":"open","ping_status":"open","sticky":false,"template":"","format":"standard","meta":{"colormag_page_container_layout":"default_layout","colormag_page_sidebar_layout":"default_layout","_FSMCFIC_featured_image_caption":"","_FSMCFIC_featured_image_nocaption":"","_FSMCFIC_featured_image_hide":"","footnotes":""},"categories":[2,1],"tags":[],"class_list":["post-11474","post","type-post","status-publish","format-standard","has-post-thumbnail","hentry","category-noticias","category-ultimas"],"yoast_head":"<!-- This site is optimized with the Yoast SEO plugin v27.1.1 - https:\/\/yoast.com\/product\/yoast-seo-wordpress\/ -->\n<title>MP-BA ajuiza a\u00e7\u00e3o para obrigar o governo a preservar as obras do artista Frans Krajcberg - Brasil not\u00edcias<\/title>\n<meta name=\"robots\" content=\"index, follow, max-snippet:-1, max-image-preview:large, max-video-preview:-1\" \/>\n<link rel=\"canonical\" href=\"https:\/\/brasilnoticias.org\/site\/mp-ba-ajuiza-acao-para-obrigar-o-governo-a-preservar-as-obras-do-artista-frans-krajcberg\/\" \/>\n<meta property=\"og:locale\" content=\"pt_PT\" \/>\n<meta property=\"og:type\" content=\"article\" \/>\n<meta property=\"og:title\" content=\"MP-BA ajuiza a\u00e7\u00e3o para obrigar o governo a preservar as obras do artista Frans Krajcberg - Brasil not\u00edcias\" \/>\n<meta property=\"og:description\" content=\"De acordo com o promotor de Justi\u00e7a, F\u00e1bio Fernandes Corr\u00eaa, apura\u00e7\u00f5es feitas pelo MP-BA apontam falta conserva\u00e7\u00e3o nas obras do\" \/>\n<meta property=\"og:url\" content=\"https:\/\/brasilnoticias.org\/site\/mp-ba-ajuiza-acao-para-obrigar-o-governo-a-preservar-as-obras-do-artista-frans-krajcberg\/\" \/>\n<meta property=\"og:site_name\" content=\"Brasil not\u00edcias\" \/>\n<meta property=\"article:published_time\" content=\"2023-12-05T09:00:23+00:00\" \/>\n<meta property=\"og:image\" content=\"https:\/\/brasilnoticias.org\/site\/wp-content\/uploads\/2023\/12\/143885mp-ba-ajuiza-acao-para-obrigar-o-governo-a-preservar-as-obras-do-artista-frans-krajcberg-3.jpg\" \/>\n\t<meta property=\"og:image:width\" content=\"1600\" \/>\n\t<meta property=\"og:image:height\" content=\"752\" \/>\n\t<meta property=\"og:image:type\" content=\"image\/jpeg\" \/>\n<meta name=\"author\" content=\"Reda\u00e7\u00e3o\" \/>\n<meta name=\"twitter:card\" content=\"summary_large_image\" \/>\n<meta name=\"twitter:label1\" content=\"Escrito por\" \/>\n\t<meta name=\"twitter:data1\" content=\"Reda\u00e7\u00e3o\" \/>\n<script type=\"application\/ld+json\" class=\"yoast-schema-graph\">{\"@context\":\"https:\/\/schema.org\",\"@graph\":[{\"@type\":\"Article\",\"@id\":\"https:\/\/brasilnoticias.org\/site\/mp-ba-ajuiza-acao-para-obrigar-o-governo-a-preservar-as-obras-do-artista-frans-krajcberg\/#article\",\"isPartOf\":{\"@id\":\"https:\/\/brasilnoticias.org\/site\/mp-ba-ajuiza-acao-para-obrigar-o-governo-a-preservar-as-obras-do-artista-frans-krajcberg\/\"},\"author\":{\"name\":\"Reda\u00e7\u00e3o\",\"@id\":\"https:\/\/brasilnoticias.org\/site\/#\/schema\/person\/03bbbfe6c7634ad18c26444ea39049fa\"},\"headline\":\"MP-BA ajuiza a\u00e7\u00e3o para obrigar o governo a preservar as obras do artista Frans Krajcberg\",\"datePublished\":\"2023-12-05T09:00:23+00:00\",\"mainEntityOfPage\":{\"@id\":\"https:\/\/brasilnoticias.org\/site\/mp-ba-ajuiza-acao-para-obrigar-o-governo-a-preservar-as-obras-do-artista-frans-krajcberg\/\"},\"wordCount\":321,\"commentCount\":0,\"publisher\":{\"@id\":\"https:\/\/brasilnoticias.org\/site\/#organization\"},\"image\":{\"@id\":\"https:\/\/brasilnoticias.org\/site\/mp-ba-ajuiza-acao-para-obrigar-o-governo-a-preservar-as-obras-do-artista-frans-krajcberg\/#primaryimage\"},\"thumbnailUrl\":\"https:\/\/brasilnoticias.org\/site\/wp-content\/uploads\/2023\/12\/143885mp-ba-ajuiza-acao-para-obrigar-o-governo-a-preservar-as-obras-do-artista-frans-krajcberg-3.jpg\",\"articleSection\":[\"Not\u00edcias\",\"\u00daltimas\"],\"inLanguage\":\"pt-PT\",\"potentialAction\":[{\"@type\":\"CommentAction\",\"name\":\"Comment\",\"target\":[\"https:\/\/brasilnoticias.org\/site\/mp-ba-ajuiza-acao-para-obrigar-o-governo-a-preservar-as-obras-do-artista-frans-krajcberg\/#respond\"]}]},{\"@type\":\"WebPage\",\"@id\":\"https:\/\/brasilnoticias.org\/site\/mp-ba-ajuiza-acao-para-obrigar-o-governo-a-preservar-as-obras-do-artista-frans-krajcberg\/\",\"url\":\"https:\/\/brasilnoticias.org\/site\/mp-ba-ajuiza-acao-para-obrigar-o-governo-a-preservar-as-obras-do-artista-frans-krajcberg\/\",\"name\":\"MP-BA ajuiza a\u00e7\u00e3o para obrigar o governo a preservar as obras do artista Frans Krajcberg - Brasil not\u00edcias\",\"isPartOf\":{\"@id\":\"https:\/\/brasilnoticias.org\/site\/#website\"},\"primaryImageOfPage\":{\"@id\":\"https:\/\/brasilnoticias.org\/site\/mp-ba-ajuiza-acao-para-obrigar-o-governo-a-preservar-as-obras-do-artista-frans-krajcberg\/#primaryimage\"},\"image\":{\"@id\":\"https:\/\/brasilnoticias.org\/site\/mp-ba-ajuiza-acao-para-obrigar-o-governo-a-preservar-as-obras-do-artista-frans-krajcberg\/#primaryimage\"},\"thumbnailUrl\":\"https:\/\/brasilnoticias.org\/site\/wp-content\/uploads\/2023\/12\/143885mp-ba-ajuiza-acao-para-obrigar-o-governo-a-preservar-as-obras-do-artista-frans-krajcberg-3.jpg\",\"datePublished\":\"2023-12-05T09:00:23+00:00\",\"breadcrumb\":{\"@id\":\"https:\/\/brasilnoticias.org\/site\/mp-ba-ajuiza-acao-para-obrigar-o-governo-a-preservar-as-obras-do-artista-frans-krajcberg\/#breadcrumb\"},\"inLanguage\":\"pt-PT\",\"potentialAction\":[{\"@type\":\"ReadAction\",\"target\":[\"https:\/\/brasilnoticias.org\/site\/mp-ba-ajuiza-acao-para-obrigar-o-governo-a-preservar-as-obras-do-artista-frans-krajcberg\/\"]}]},{\"@type\":\"ImageObject\",\"inLanguage\":\"pt-PT\",\"@id\":\"https:\/\/brasilnoticias.org\/site\/mp-ba-ajuiza-acao-para-obrigar-o-governo-a-preservar-as-obras-do-artista-frans-krajcberg\/#primaryimage\",\"url\":\"https:\/\/brasilnoticias.org\/site\/wp-content\/uploads\/2023\/12\/143885mp-ba-ajuiza-acao-para-obrigar-o-governo-a-preservar-as-obras-do-artista-frans-krajcberg-3.jpg\",\"contentUrl\":\"https:\/\/brasilnoticias.org\/site\/wp-content\/uploads\/2023\/12\/143885mp-ba-ajuiza-acao-para-obrigar-o-governo-a-preservar-as-obras-do-artista-frans-krajcberg-3.jpg\",\"width\":1600,\"height\":752},{\"@type\":\"BreadcrumbList\",\"@id\":\"https:\/\/brasilnoticias.org\/site\/mp-ba-ajuiza-acao-para-obrigar-o-governo-a-preservar-as-obras-do-artista-frans-krajcberg\/#breadcrumb\",\"itemListElement\":[{\"@type\":\"ListItem\",\"position\":1,\"name\":\"In\u00edcio\",\"item\":\"https:\/\/brasilnoticias.org\/site\/\"},{\"@type\":\"ListItem\",\"position\":2,\"name\":\"MP-BA ajuiza a\u00e7\u00e3o para obrigar o governo a preservar as obras do artista Frans Krajcberg\"}]},{\"@type\":\"WebSite\",\"@id\":\"https:\/\/brasilnoticias.org\/site\/#website\",\"url\":\"https:\/\/brasilnoticias.org\/site\/\",\"name\":\"Brasil not\u00edcias\",\"description\":\"Brasil not\u00edcias\",\"publisher\":{\"@id\":\"https:\/\/brasilnoticias.org\/site\/#organization\"},\"potentialAction\":[{\"@type\":\"SearchAction\",\"target\":{\"@type\":\"EntryPoint\",\"urlTemplate\":\"https:\/\/brasilnoticias.org\/site\/?s={search_term_string}\"},\"query-input\":{\"@type\":\"PropertyValueSpecification\",\"valueRequired\":true,\"valueName\":\"search_term_string\"}}],\"inLanguage\":\"pt-PT\"},{\"@type\":\"Organization\",\"@id\":\"https:\/\/brasilnoticias.org\/site\/#organization\",\"name\":\"Brasil not\u00edcias\",\"url\":\"https:\/\/brasilnoticias.org\/site\/\",\"logo\":{\"@type\":\"ImageObject\",\"inLanguage\":\"pt-PT\",\"@id\":\"https:\/\/brasilnoticias.org\/site\/#\/schema\/logo\/image\/\",\"url\":\"https:\/\/brasilnoticias.org\/site\/wp-content\/uploads\/2022\/05\/cropped-brasilnoticias-mini.jpg\",\"contentUrl\":\"https:\/\/brasilnoticias.org\/site\/wp-content\/uploads\/2022\/05\/cropped-brasilnoticias-mini.jpg\",\"width\":314,\"height\":86,\"caption\":\"Brasil not\u00edcias\"},\"image\":{\"@id\":\"https:\/\/brasilnoticias.org\/site\/#\/schema\/logo\/image\/\"}},{\"@type\":\"Person\",\"@id\":\"https:\/\/brasilnoticias.org\/site\/#\/schema\/person\/03bbbfe6c7634ad18c26444ea39049fa\",\"name\":\"Reda\u00e7\u00e3o\",\"image\":{\"@type\":\"ImageObject\",\"inLanguage\":\"pt-PT\",\"@id\":\"https:\/\/brasilnoticias.org\/site\/#\/schema\/person\/image\/\",\"url\":\"https:\/\/secure.gravatar.com\/avatar\/9ecaf7327a696cb23ad926fedded5f1f04d7049de9e445375d55b48c001a6e42?s=96&d=mm&r=g\",\"contentUrl\":\"https:\/\/secure.gravatar.com\/avatar\/9ecaf7327a696cb23ad926fedded5f1f04d7049de9e445375d55b48c001a6e42?s=96&d=mm&r=g\",\"caption\":\"Reda\u00e7\u00e3o\"},\"url\":\"https:\/\/brasilnoticias.org\/site\/author\/henrique\/\"}]}<\/script>\n<!-- \/ Yoast SEO plugin. -->","yoast_head_json":{"title":"MP-BA ajuiza a\u00e7\u00e3o para obrigar o governo a preservar as obras do artista Frans Krajcberg - Brasil not\u00edcias","robots":{"index":"index","follow":"follow","max-snippet":"max-snippet:-1","max-image-preview":"max-image-preview:large","max-video-preview":"max-video-preview:-1"},"canonical":"https:\/\/brasilnoticias.org\/site\/mp-ba-ajuiza-acao-para-obrigar-o-governo-a-preservar-as-obras-do-artista-frans-krajcberg\/","og_locale":"pt_PT","og_type":"article","og_title":"MP-BA ajuiza a\u00e7\u00e3o para obrigar o governo a preservar as obras do artista Frans Krajcberg - Brasil not\u00edcias","og_description":"De acordo com o promotor de Justi\u00e7a, F\u00e1bio Fernandes Corr\u00eaa, apura\u00e7\u00f5es feitas pelo MP-BA apontam falta conserva\u00e7\u00e3o nas obras do","og_url":"https:\/\/brasilnoticias.org\/site\/mp-ba-ajuiza-acao-para-obrigar-o-governo-a-preservar-as-obras-do-artista-frans-krajcberg\/","og_site_name":"Brasil not\u00edcias","article_published_time":"2023-12-05T09:00:23+00:00","og_image":[{"width":1600,"height":752,"url":"https:\/\/brasilnoticias.org\/site\/wp-content\/uploads\/2023\/12\/143885mp-ba-ajuiza-acao-para-obrigar-o-governo-a-preservar-as-obras-do-artista-frans-krajcberg-3.jpg","type":"image\/jpeg"}],"author":"Reda\u00e7\u00e3o","twitter_card":"summary_large_image","twitter_misc":{"Escrito por":"Reda\u00e7\u00e3o"},"schema":{"@context":"https:\/\/schema.org","@graph":[{"@type":"Article","@id":"https:\/\/brasilnoticias.org\/site\/mp-ba-ajuiza-acao-para-obrigar-o-governo-a-preservar-as-obras-do-artista-frans-krajcberg\/#article","isPartOf":{"@id":"https:\/\/brasilnoticias.org\/site\/mp-ba-ajuiza-acao-para-obrigar-o-governo-a-preservar-as-obras-do-artista-frans-krajcberg\/"},"author":{"name":"Reda\u00e7\u00e3o","@id":"https:\/\/brasilnoticias.org\/site\/#\/schema\/person\/03bbbfe6c7634ad18c26444ea39049fa"},"headline":"MP-BA ajuiza a\u00e7\u00e3o para obrigar o governo a preservar as obras do artista Frans Krajcberg","datePublished":"2023-12-05T09:00:23+00:00","mainEntityOfPage":{"@id":"https:\/\/brasilnoticias.org\/site\/mp-ba-ajuiza-acao-para-obrigar-o-governo-a-preservar-as-obras-do-artista-frans-krajcberg\/"},"wordCount":321,"commentCount":0,"publisher":{"@id":"https:\/\/brasilnoticias.org\/site\/#organization"},"image":{"@id":"https:\/\/brasilnoticias.org\/site\/mp-ba-ajuiza-acao-para-obrigar-o-governo-a-preservar-as-obras-do-artista-frans-krajcberg\/#primaryimage"},"thumbnailUrl":"https:\/\/brasilnoticias.org\/site\/wp-content\/uploads\/2023\/12\/143885mp-ba-ajuiza-acao-para-obrigar-o-governo-a-preservar-as-obras-do-artista-frans-krajcberg-3.jpg","articleSection":["Not\u00edcias","\u00daltimas"],"inLanguage":"pt-PT","potentialAction":[{"@type":"CommentAction","name":"Comment","target":["https:\/\/brasilnoticias.org\/site\/mp-ba-ajuiza-acao-para-obrigar-o-governo-a-preservar-as-obras-do-artista-frans-krajcberg\/#respond"]}]},{"@type":"WebPage","@id":"https:\/\/brasilnoticias.org\/site\/mp-ba-ajuiza-acao-para-obrigar-o-governo-a-preservar-as-obras-do-artista-frans-krajcberg\/","url":"https:\/\/brasilnoticias.org\/site\/mp-ba-ajuiza-acao-para-obrigar-o-governo-a-preservar-as-obras-do-artista-frans-krajcberg\/","name":"MP-BA ajuiza a\u00e7\u00e3o para obrigar o governo a preservar as obras do artista Frans Krajcberg - Brasil not\u00edcias","isPartOf":{"@id":"https:\/\/brasilnoticias.org\/site\/#website"},"primaryImageOfPage":{"@id":"https:\/\/brasilnoticias.org\/site\/mp-ba-ajuiza-acao-para-obrigar-o-governo-a-preservar-as-obras-do-artista-frans-krajcberg\/#primaryimage"},"image":{"@id":"https:\/\/brasilnoticias.org\/site\/mp-ba-ajuiza-acao-para-obrigar-o-governo-a-preservar-as-obras-do-artista-frans-krajcberg\/#primaryimage"},"thumbnailUrl":"https:\/\/brasilnoticias.org\/site\/wp-content\/uploads\/2023\/12\/143885mp-ba-ajuiza-acao-para-obrigar-o-governo-a-preservar-as-obras-do-artista-frans-krajcberg-3.jpg","datePublished":"2023-12-05T09:00:23+00:00","breadcrumb":{"@id":"https:\/\/brasilnoticias.org\/site\/mp-ba-ajuiza-acao-para-obrigar-o-governo-a-preservar-as-obras-do-artista-frans-krajcberg\/#breadcrumb"},"inLanguage":"pt-PT","potentialAction":[{"@type":"ReadAction","target":["https:\/\/brasilnoticias.org\/site\/mp-ba-ajuiza-acao-para-obrigar-o-governo-a-preservar-as-obras-do-artista-frans-krajcberg\/"]}]},{"@type":"ImageObject","inLanguage":"pt-PT","@id":"https:\/\/brasilnoticias.org\/site\/mp-ba-ajuiza-acao-para-obrigar-o-governo-a-preservar-as-obras-do-artista-frans-krajcberg\/#primaryimage","url":"https:\/\/brasilnoticias.org\/site\/wp-content\/uploads\/2023\/12\/143885mp-ba-ajuiza-acao-para-obrigar-o-governo-a-preservar-as-obras-do-artista-frans-krajcberg-3.jpg","contentUrl":"https:\/\/brasilnoticias.org\/site\/wp-content\/uploads\/2023\/12\/143885mp-ba-ajuiza-acao-para-obrigar-o-governo-a-preservar-as-obras-do-artista-frans-krajcberg-3.jpg","width":1600,"height":752},{"@type":"BreadcrumbList","@id":"https:\/\/brasilnoticias.org\/site\/mp-ba-ajuiza-acao-para-obrigar-o-governo-a-preservar-as-obras-do-artista-frans-krajcberg\/#breadcrumb","itemListElement":[{"@type":"ListItem","position":1,"name":"In\u00edcio","item":"https:\/\/brasilnoticias.org\/site\/"},{"@type":"ListItem","position":2,"name":"MP-BA ajuiza a\u00e7\u00e3o para obrigar o governo a preservar as obras do artista Frans Krajcberg"}]},{"@type":"WebSite","@id":"https:\/\/brasilnoticias.org\/site\/#website","url":"https:\/\/brasilnoticias.org\/site\/","name":"Brasil not\u00edcias","description":"Brasil not\u00edcias","publisher":{"@id":"https:\/\/brasilnoticias.org\/site\/#organization"},"potentialAction":[{"@type":"SearchAction","target":{"@type":"EntryPoint","urlTemplate":"https:\/\/brasilnoticias.org\/site\/?s={search_term_string}"},"query-input":{"@type":"PropertyValueSpecification","valueRequired":true,"valueName":"search_term_string"}}],"inLanguage":"pt-PT"},{"@type":"Organization","@id":"https:\/\/brasilnoticias.org\/site\/#organization","name":"Brasil not\u00edcias","url":"https:\/\/brasilnoticias.org\/site\/","logo":{"@type":"ImageObject","inLanguage":"pt-PT","@id":"https:\/\/brasilnoticias.org\/site\/#\/schema\/logo\/image\/","url":"https:\/\/brasilnoticias.org\/site\/wp-content\/uploads\/2022\/05\/cropped-brasilnoticias-mini.jpg","contentUrl":"https:\/\/brasilnoticias.org\/site\/wp-content\/uploads\/2022\/05\/cropped-brasilnoticias-mini.jpg","width":314,"height":86,"caption":"Brasil not\u00edcias"},"image":{"@id":"https:\/\/brasilnoticias.org\/site\/#\/schema\/logo\/image\/"}},{"@type":"Person","@id":"https:\/\/brasilnoticias.org\/site\/#\/schema\/person\/03bbbfe6c7634ad18c26444ea39049fa","name":"Reda\u00e7\u00e3o","image":{"@type":"ImageObject","inLanguage":"pt-PT","@id":"https:\/\/brasilnoticias.org\/site\/#\/schema\/person\/image\/","url":"https:\/\/secure.gravatar.com\/avatar\/9ecaf7327a696cb23ad926fedded5f1f04d7049de9e445375d55b48c001a6e42?s=96&d=mm&r=g","contentUrl":"https:\/\/secure.gravatar.com\/avatar\/9ecaf7327a696cb23ad926fedded5f1f04d7049de9e445375d55b48c001a6e42?s=96&d=mm&r=g","caption":"Reda\u00e7\u00e3o"},"url":"https:\/\/brasilnoticias.org\/site\/author\/henrique\/"}]}},"_links":{"self":[{"href":"https:\/\/brasilnoticias.org\/site\/wp-json\/wp\/v2\/posts\/11474","targetHints":{"allow":["GET"]}}],"collection":[{"href":"https:\/\/brasilnoticias.org\/site\/wp-json\/wp\/v2\/posts"}],"about":[{"href":"https:\/\/brasilnoticias.org\/site\/wp-json\/wp\/v2\/types\/post"}],"author":[{"embeddable":true,"href":"https:\/\/brasilnoticias.org\/site\/wp-json\/wp\/v2\/users\/4"}],"replies":[{"embeddable":true,"href":"https:\/\/brasilnoticias.org\/site\/wp-json\/wp\/v2\/comments?post=11474"}],"version-history":[{"count":1,"href":"https:\/\/brasilnoticias.org\/site\/wp-json\/wp\/v2\/posts\/11474\/revisions"}],"predecessor-version":[{"id":11476,"href":"https:\/\/brasilnoticias.org\/site\/wp-json\/wp\/v2\/posts\/11474\/revisions\/11476"}],"wp:featuredmedia":[{"embeddable":true,"href":"https:\/\/brasilnoticias.org\/site\/wp-json\/wp\/v2\/media\/11475"}],"wp:attachment":[{"href":"https:\/\/brasilnoticias.org\/site\/wp-json\/wp\/v2\/media?parent=11474"}],"wp:term":[{"taxonomy":"category","embeddable":true,"href":"https:\/\/brasilnoticias.org\/site\/wp-json\/wp\/v2\/categories?post=11474"},{"taxonomy":"post_tag","embeddable":true,"href":"https:\/\/brasilnoticias.org\/site\/wp-json\/wp\/v2\/tags?post=11474"}],"curies":[{"name":"wp","href":"https:\/\/api.w.org\/{rel}","templated":true}]}}