{"id":11498,"date":"2023-12-05T22:11:50","date_gmt":"2023-12-06T01:11:50","guid":{"rendered":"https:\/\/brasilnoticias.org\/site\/?p=11498"},"modified":"2023-12-05T22:11:50","modified_gmt":"2023-12-06T01:11:50","slug":"silvio-almeida-critica-hipocrisia-de-nikolas-ferreira-com-relacao-ao-discurso-sobre-sistema-carcerario","status":"publish","type":"post","link":"https:\/\/brasilnoticias.org\/site\/silvio-almeida-critica-hipocrisia-de-nikolas-ferreira-com-relacao-ao-discurso-sobre-sistema-carcerario\/","title":{"rendered":"Silvio Almeida critica hipocrisia de Nikolas Ferreira com rela\u00e7\u00e3o ao discurso sobre sistema carcer\u00e1rio"},"content":{"rendered":"<p>Ministro rebateu coment\u00e1rios mencionando que os parlamentares da oposi\u00e7\u00e3o fizeram piada quando ele iniciou um projeto voltado para as condi\u00e7\u00f5es do sistema carcer\u00e1rio<\/p>\n<p>Silvio Almeida, ministro dos Direitos Humanos, rebateu as cr\u00edticas do deputado federal Nikolas Ferreira (PL-MG) durante audi\u00eancia conjunta das comiss\u00f5es de Fiscaliza\u00e7\u00e3o Financeira e Seguran\u00e7a P\u00fablica na C\u00e2mara dos Deputados, nesta ter\u00e7a-feira (5). O ministro rebateu mencionando que os parlamentares da oposi\u00e7\u00e3o fizeram piada quando ele iniciou um projeto voltado para as condi\u00e7\u00f5es do sistema carcer\u00e1rio perante conven\u00e7\u00f5es dos Direitos Humanos.<\/p>\n<p>\u201cMuitos dos senhores falaram que eu ia fazer \u2018rolezinho nas pris\u00f5es\u2019 e me criticaram. Agora, que est\u00e3o sendo presos e condenados, em cadeias que o pr\u00f3prio Supremo Tribunal Federal considera que s\u00e3o verdadeiras masmorras, os senhores se somaram na luta pela dignidade do sistema prisional. Eu chamaria isso de hipocrisia\u201d, disse o ministro.<\/p>\n<p>Nikolas criticou o governo do presidente Luiz In\u00e1cio Lula da Silva (PT) por fazer \u201cvista grossa\u201d para aliados. Ele ainda disse que \u00e9 \u201cbrincadeira\u201d quando o Minist\u00e9rio dos Direitos Humanos afirma estar trabalhando pelas v\u00edtimas de crimes no pa\u00eds, tendo em vista que a viol\u00eancia estaria aumentando. <\/p>\n<p>As cr\u00edticas sobre as condi\u00e7\u00f5es do sistema prisional come\u00e7aram a ser feitas pelos opositores de Lula quando manifestantes dos atos antidemocr\u00e1ticos do 8 de janeiro foram presos preventivamente. Segundo os bolsonaristas, as pessoas estavam sendo mantidas encarceradas de maneira ilegal. As cr\u00edticas se agravaram quando um dos detentos teve um mal s\u00fabito no complexo penitenci\u00e1rio da Papuda, em Bras\u00edlia. <\/p>\n<p>Foto: Geraldo Magela\/Ag\u00eancia Senado e Reprodu\u00e7\u00e3o\/C\u00e2mara dos Deputados<br \/>\nPor: Metro1<\/p>\n","protected":false},"excerpt":{"rendered":"<p>Ministro rebateu coment\u00e1rios mencionando que os parlamentares da oposi\u00e7\u00e3o fizeram piada quando ele iniciou um projeto voltado para as condi\u00e7\u00f5es<\/p>\n","protected":false},"author":4,"featured_media":11499,"comment_status":"open","ping_status":"open","sticky":false,"template":"","format":"standard","meta":{"colormag_page_container_layout":"default_layout","colormag_page_sidebar_layout":"default_layout","_FSMCFIC_featured_image_caption":"","_FSMCFIC_featured_image_nocaption":"","_FSMCFIC_featured_image_hide":"","footnotes":""},"categories":[5,1],"tags":[],"class_list":["post-11498","post","type-post","status-publish","format-standard","has-post-thumbnail","hentry","category-politica","category-ultimas"],"yoast_head":"<!-- This site is optimized with the Yoast SEO plugin v27.1.1 - https:\/\/yoast.com\/product\/yoast-seo-wordpress\/ -->\n<title>Silvio Almeida critica hipocrisia de Nikolas Ferreira com rela\u00e7\u00e3o ao discurso sobre sistema carcer\u00e1rio - Brasil not\u00edcias<\/title>\n<meta name=\"robots\" content=\"index, follow, max-snippet:-1, max-image-preview:large, max-video-preview:-1\" \/>\n<link rel=\"canonical\" href=\"https:\/\/brasilnoticias.org\/site\/silvio-almeida-critica-hipocrisia-de-nikolas-ferreira-com-relacao-ao-discurso-sobre-sistema-carcerario\/\" \/>\n<meta property=\"og:locale\" content=\"pt_PT\" \/>\n<meta property=\"og:type\" content=\"article\" \/>\n<meta property=\"og:title\" content=\"Silvio Almeida critica hipocrisia de Nikolas Ferreira com rela\u00e7\u00e3o ao discurso sobre sistema carcer\u00e1rio - Brasil not\u00edcias\" \/>\n<meta property=\"og:description\" content=\"Ministro rebateu coment\u00e1rios mencionando que os parlamentares da oposi\u00e7\u00e3o fizeram piada quando ele iniciou um projeto voltado para as condi\u00e7\u00f5es\" \/>\n<meta property=\"og:url\" content=\"https:\/\/brasilnoticias.org\/site\/silvio-almeida-critica-hipocrisia-de-nikolas-ferreira-com-relacao-ao-discurso-sobre-sistema-carcerario\/\" \/>\n<meta property=\"og:site_name\" content=\"Brasil not\u00edcias\" \/>\n<meta property=\"article:published_time\" content=\"2023-12-06T01:11:50+00:00\" \/>\n<meta property=\"og:image\" content=\"https:\/\/brasilnoticias.org\/site\/wp-content\/uploads\/2023\/12\/143922silvio-almeida-critica-hipocrisia-de-nikolas-ferreira-com-relacao-ao-discurso-sobre-sistema-carcerario-3.jpg\" \/>\n\t<meta property=\"og:image:width\" content=\"1600\" \/>\n\t<meta property=\"og:image:height\" content=\"752\" \/>\n\t<meta property=\"og:image:type\" content=\"image\/jpeg\" \/>\n<meta name=\"author\" content=\"Reda\u00e7\u00e3o\" \/>\n<meta name=\"twitter:card\" content=\"summary_large_image\" \/>\n<meta name=\"twitter:label1\" content=\"Escrito por\" \/>\n\t<meta name=\"twitter:data1\" content=\"Reda\u00e7\u00e3o\" \/>\n<script type=\"application\/ld+json\" class=\"yoast-schema-graph\">{\"@context\":\"https:\/\/schema.org\",\"@graph\":[{\"@type\":\"Article\",\"@id\":\"https:\/\/brasilnoticias.org\/site\/silvio-almeida-critica-hipocrisia-de-nikolas-ferreira-com-relacao-ao-discurso-sobre-sistema-carcerario\/#article\",\"isPartOf\":{\"@id\":\"https:\/\/brasilnoticias.org\/site\/silvio-almeida-critica-hipocrisia-de-nikolas-ferreira-com-relacao-ao-discurso-sobre-sistema-carcerario\/\"},\"author\":{\"name\":\"Reda\u00e7\u00e3o\",\"@id\":\"https:\/\/brasilnoticias.org\/site\/#\/schema\/person\/03bbbfe6c7634ad18c26444ea39049fa\"},\"headline\":\"Silvio Almeida critica hipocrisia de Nikolas Ferreira com rela\u00e7\u00e3o ao discurso sobre sistema carcer\u00e1rio\",\"datePublished\":\"2023-12-06T01:11:50+00:00\",\"mainEntityOfPage\":{\"@id\":\"https:\/\/brasilnoticias.org\/site\/silvio-almeida-critica-hipocrisia-de-nikolas-ferreira-com-relacao-ao-discurso-sobre-sistema-carcerario\/\"},\"wordCount\":304,\"commentCount\":0,\"publisher\":{\"@id\":\"https:\/\/brasilnoticias.org\/site\/#organization\"},\"image\":{\"@id\":\"https:\/\/brasilnoticias.org\/site\/silvio-almeida-critica-hipocrisia-de-nikolas-ferreira-com-relacao-ao-discurso-sobre-sistema-carcerario\/#primaryimage\"},\"thumbnailUrl\":\"https:\/\/brasilnoticias.org\/site\/wp-content\/uploads\/2023\/12\/143922silvio-almeida-critica-hipocrisia-de-nikolas-ferreira-com-relacao-ao-discurso-sobre-sistema-carcerario-3.jpg\",\"articleSection\":[\"Pol\u00edtica\",\"\u00daltimas\"],\"inLanguage\":\"pt-PT\",\"potentialAction\":[{\"@type\":\"CommentAction\",\"name\":\"Comment\",\"target\":[\"https:\/\/brasilnoticias.org\/site\/silvio-almeida-critica-hipocrisia-de-nikolas-ferreira-com-relacao-ao-discurso-sobre-sistema-carcerario\/#respond\"]}]},{\"@type\":\"WebPage\",\"@id\":\"https:\/\/brasilnoticias.org\/site\/silvio-almeida-critica-hipocrisia-de-nikolas-ferreira-com-relacao-ao-discurso-sobre-sistema-carcerario\/\",\"url\":\"https:\/\/brasilnoticias.org\/site\/silvio-almeida-critica-hipocrisia-de-nikolas-ferreira-com-relacao-ao-discurso-sobre-sistema-carcerario\/\",\"name\":\"Silvio Almeida critica hipocrisia de Nikolas Ferreira com rela\u00e7\u00e3o ao discurso sobre sistema carcer\u00e1rio - Brasil not\u00edcias\",\"isPartOf\":{\"@id\":\"https:\/\/brasilnoticias.org\/site\/#website\"},\"primaryImageOfPage\":{\"@id\":\"https:\/\/brasilnoticias.org\/site\/silvio-almeida-critica-hipocrisia-de-nikolas-ferreira-com-relacao-ao-discurso-sobre-sistema-carcerario\/#primaryimage\"},\"image\":{\"@id\":\"https:\/\/brasilnoticias.org\/site\/silvio-almeida-critica-hipocrisia-de-nikolas-ferreira-com-relacao-ao-discurso-sobre-sistema-carcerario\/#primaryimage\"},\"thumbnailUrl\":\"https:\/\/brasilnoticias.org\/site\/wp-content\/uploads\/2023\/12\/143922silvio-almeida-critica-hipocrisia-de-nikolas-ferreira-com-relacao-ao-discurso-sobre-sistema-carcerario-3.jpg\",\"datePublished\":\"2023-12-06T01:11:50+00:00\",\"breadcrumb\":{\"@id\":\"https:\/\/brasilnoticias.org\/site\/silvio-almeida-critica-hipocrisia-de-nikolas-ferreira-com-relacao-ao-discurso-sobre-sistema-carcerario\/#breadcrumb\"},\"inLanguage\":\"pt-PT\",\"potentialAction\":[{\"@type\":\"ReadAction\",\"target\":[\"https:\/\/brasilnoticias.org\/site\/silvio-almeida-critica-hipocrisia-de-nikolas-ferreira-com-relacao-ao-discurso-sobre-sistema-carcerario\/\"]}]},{\"@type\":\"ImageObject\",\"inLanguage\":\"pt-PT\",\"@id\":\"https:\/\/brasilnoticias.org\/site\/silvio-almeida-critica-hipocrisia-de-nikolas-ferreira-com-relacao-ao-discurso-sobre-sistema-carcerario\/#primaryimage\",\"url\":\"https:\/\/brasilnoticias.org\/site\/wp-content\/uploads\/2023\/12\/143922silvio-almeida-critica-hipocrisia-de-nikolas-ferreira-com-relacao-ao-discurso-sobre-sistema-carcerario-3.jpg\",\"contentUrl\":\"https:\/\/brasilnoticias.org\/site\/wp-content\/uploads\/2023\/12\/143922silvio-almeida-critica-hipocrisia-de-nikolas-ferreira-com-relacao-ao-discurso-sobre-sistema-carcerario-3.jpg\",\"width\":1600,\"height\":752},{\"@type\":\"BreadcrumbList\",\"@id\":\"https:\/\/brasilnoticias.org\/site\/silvio-almeida-critica-hipocrisia-de-nikolas-ferreira-com-relacao-ao-discurso-sobre-sistema-carcerario\/#breadcrumb\",\"itemListElement\":[{\"@type\":\"ListItem\",\"position\":1,\"name\":\"In\u00edcio\",\"item\":\"https:\/\/brasilnoticias.org\/site\/\"},{\"@type\":\"ListItem\",\"position\":2,\"name\":\"Silvio Almeida critica hipocrisia de Nikolas Ferreira com rela\u00e7\u00e3o ao discurso sobre sistema carcer\u00e1rio\"}]},{\"@type\":\"WebSite\",\"@id\":\"https:\/\/brasilnoticias.org\/site\/#website\",\"url\":\"https:\/\/brasilnoticias.org\/site\/\",\"name\":\"Brasil not\u00edcias\",\"description\":\"Brasil not\u00edcias\",\"publisher\":{\"@id\":\"https:\/\/brasilnoticias.org\/site\/#organization\"},\"potentialAction\":[{\"@type\":\"SearchAction\",\"target\":{\"@type\":\"EntryPoint\",\"urlTemplate\":\"https:\/\/brasilnoticias.org\/site\/?s={search_term_string}\"},\"query-input\":{\"@type\":\"PropertyValueSpecification\",\"valueRequired\":true,\"valueName\":\"search_term_string\"}}],\"inLanguage\":\"pt-PT\"},{\"@type\":\"Organization\",\"@id\":\"https:\/\/brasilnoticias.org\/site\/#organization\",\"name\":\"Brasil not\u00edcias\",\"url\":\"https:\/\/brasilnoticias.org\/site\/\",\"logo\":{\"@type\":\"ImageObject\",\"inLanguage\":\"pt-PT\",\"@id\":\"https:\/\/brasilnoticias.org\/site\/#\/schema\/logo\/image\/\",\"url\":\"https:\/\/brasilnoticias.org\/site\/wp-content\/uploads\/2022\/05\/cropped-brasilnoticias-mini.jpg\",\"contentUrl\":\"https:\/\/brasilnoticias.org\/site\/wp-content\/uploads\/2022\/05\/cropped-brasilnoticias-mini.jpg\",\"width\":314,\"height\":86,\"caption\":\"Brasil not\u00edcias\"},\"image\":{\"@id\":\"https:\/\/brasilnoticias.org\/site\/#\/schema\/logo\/image\/\"}},{\"@type\":\"Person\",\"@id\":\"https:\/\/brasilnoticias.org\/site\/#\/schema\/person\/03bbbfe6c7634ad18c26444ea39049fa\",\"name\":\"Reda\u00e7\u00e3o\",\"image\":{\"@type\":\"ImageObject\",\"inLanguage\":\"pt-PT\",\"@id\":\"https:\/\/brasilnoticias.org\/site\/#\/schema\/person\/image\/\",\"url\":\"https:\/\/secure.gravatar.com\/avatar\/9ecaf7327a696cb23ad926fedded5f1f04d7049de9e445375d55b48c001a6e42?s=96&d=mm&r=g\",\"contentUrl\":\"https:\/\/secure.gravatar.com\/avatar\/9ecaf7327a696cb23ad926fedded5f1f04d7049de9e445375d55b48c001a6e42?s=96&d=mm&r=g\",\"caption\":\"Reda\u00e7\u00e3o\"},\"url\":\"https:\/\/brasilnoticias.org\/site\/author\/henrique\/\"}]}<\/script>\n<!-- \/ Yoast SEO plugin. -->","yoast_head_json":{"title":"Silvio Almeida critica hipocrisia de Nikolas Ferreira com rela\u00e7\u00e3o ao discurso sobre sistema carcer\u00e1rio - Brasil not\u00edcias","robots":{"index":"index","follow":"follow","max-snippet":"max-snippet:-1","max-image-preview":"max-image-preview:large","max-video-preview":"max-video-preview:-1"},"canonical":"https:\/\/brasilnoticias.org\/site\/silvio-almeida-critica-hipocrisia-de-nikolas-ferreira-com-relacao-ao-discurso-sobre-sistema-carcerario\/","og_locale":"pt_PT","og_type":"article","og_title":"Silvio Almeida critica hipocrisia de Nikolas Ferreira com rela\u00e7\u00e3o ao discurso sobre sistema carcer\u00e1rio - Brasil not\u00edcias","og_description":"Ministro rebateu coment\u00e1rios mencionando que os parlamentares da oposi\u00e7\u00e3o fizeram piada quando ele iniciou um projeto voltado para as condi\u00e7\u00f5es","og_url":"https:\/\/brasilnoticias.org\/site\/silvio-almeida-critica-hipocrisia-de-nikolas-ferreira-com-relacao-ao-discurso-sobre-sistema-carcerario\/","og_site_name":"Brasil not\u00edcias","article_published_time":"2023-12-06T01:11:50+00:00","og_image":[{"width":1600,"height":752,"url":"https:\/\/brasilnoticias.org\/site\/wp-content\/uploads\/2023\/12\/143922silvio-almeida-critica-hipocrisia-de-nikolas-ferreira-com-relacao-ao-discurso-sobre-sistema-carcerario-3.jpg","type":"image\/jpeg"}],"author":"Reda\u00e7\u00e3o","twitter_card":"summary_large_image","twitter_misc":{"Escrito por":"Reda\u00e7\u00e3o"},"schema":{"@context":"https:\/\/schema.org","@graph":[{"@type":"Article","@id":"https:\/\/brasilnoticias.org\/site\/silvio-almeida-critica-hipocrisia-de-nikolas-ferreira-com-relacao-ao-discurso-sobre-sistema-carcerario\/#article","isPartOf":{"@id":"https:\/\/brasilnoticias.org\/site\/silvio-almeida-critica-hipocrisia-de-nikolas-ferreira-com-relacao-ao-discurso-sobre-sistema-carcerario\/"},"author":{"name":"Reda\u00e7\u00e3o","@id":"https:\/\/brasilnoticias.org\/site\/#\/schema\/person\/03bbbfe6c7634ad18c26444ea39049fa"},"headline":"Silvio Almeida critica hipocrisia de Nikolas Ferreira com rela\u00e7\u00e3o ao discurso sobre sistema carcer\u00e1rio","datePublished":"2023-12-06T01:11:50+00:00","mainEntityOfPage":{"@id":"https:\/\/brasilnoticias.org\/site\/silvio-almeida-critica-hipocrisia-de-nikolas-ferreira-com-relacao-ao-discurso-sobre-sistema-carcerario\/"},"wordCount":304,"commentCount":0,"publisher":{"@id":"https:\/\/brasilnoticias.org\/site\/#organization"},"image":{"@id":"https:\/\/brasilnoticias.org\/site\/silvio-almeida-critica-hipocrisia-de-nikolas-ferreira-com-relacao-ao-discurso-sobre-sistema-carcerario\/#primaryimage"},"thumbnailUrl":"https:\/\/brasilnoticias.org\/site\/wp-content\/uploads\/2023\/12\/143922silvio-almeida-critica-hipocrisia-de-nikolas-ferreira-com-relacao-ao-discurso-sobre-sistema-carcerario-3.jpg","articleSection":["Pol\u00edtica","\u00daltimas"],"inLanguage":"pt-PT","potentialAction":[{"@type":"CommentAction","name":"Comment","target":["https:\/\/brasilnoticias.org\/site\/silvio-almeida-critica-hipocrisia-de-nikolas-ferreira-com-relacao-ao-discurso-sobre-sistema-carcerario\/#respond"]}]},{"@type":"WebPage","@id":"https:\/\/brasilnoticias.org\/site\/silvio-almeida-critica-hipocrisia-de-nikolas-ferreira-com-relacao-ao-discurso-sobre-sistema-carcerario\/","url":"https:\/\/brasilnoticias.org\/site\/silvio-almeida-critica-hipocrisia-de-nikolas-ferreira-com-relacao-ao-discurso-sobre-sistema-carcerario\/","name":"Silvio Almeida critica hipocrisia de Nikolas Ferreira com rela\u00e7\u00e3o ao discurso sobre sistema carcer\u00e1rio - Brasil not\u00edcias","isPartOf":{"@id":"https:\/\/brasilnoticias.org\/site\/#website"},"primaryImageOfPage":{"@id":"https:\/\/brasilnoticias.org\/site\/silvio-almeida-critica-hipocrisia-de-nikolas-ferreira-com-relacao-ao-discurso-sobre-sistema-carcerario\/#primaryimage"},"image":{"@id":"https:\/\/brasilnoticias.org\/site\/silvio-almeida-critica-hipocrisia-de-nikolas-ferreira-com-relacao-ao-discurso-sobre-sistema-carcerario\/#primaryimage"},"thumbnailUrl":"https:\/\/brasilnoticias.org\/site\/wp-content\/uploads\/2023\/12\/143922silvio-almeida-critica-hipocrisia-de-nikolas-ferreira-com-relacao-ao-discurso-sobre-sistema-carcerario-3.jpg","datePublished":"2023-12-06T01:11:50+00:00","breadcrumb":{"@id":"https:\/\/brasilnoticias.org\/site\/silvio-almeida-critica-hipocrisia-de-nikolas-ferreira-com-relacao-ao-discurso-sobre-sistema-carcerario\/#breadcrumb"},"inLanguage":"pt-PT","potentialAction":[{"@type":"ReadAction","target":["https:\/\/brasilnoticias.org\/site\/silvio-almeida-critica-hipocrisia-de-nikolas-ferreira-com-relacao-ao-discurso-sobre-sistema-carcerario\/"]}]},{"@type":"ImageObject","inLanguage":"pt-PT","@id":"https:\/\/brasilnoticias.org\/site\/silvio-almeida-critica-hipocrisia-de-nikolas-ferreira-com-relacao-ao-discurso-sobre-sistema-carcerario\/#primaryimage","url":"https:\/\/brasilnoticias.org\/site\/wp-content\/uploads\/2023\/12\/143922silvio-almeida-critica-hipocrisia-de-nikolas-ferreira-com-relacao-ao-discurso-sobre-sistema-carcerario-3.jpg","contentUrl":"https:\/\/brasilnoticias.org\/site\/wp-content\/uploads\/2023\/12\/143922silvio-almeida-critica-hipocrisia-de-nikolas-ferreira-com-relacao-ao-discurso-sobre-sistema-carcerario-3.jpg","width":1600,"height":752},{"@type":"BreadcrumbList","@id":"https:\/\/brasilnoticias.org\/site\/silvio-almeida-critica-hipocrisia-de-nikolas-ferreira-com-relacao-ao-discurso-sobre-sistema-carcerario\/#breadcrumb","itemListElement":[{"@type":"ListItem","position":1,"name":"In\u00edcio","item":"https:\/\/brasilnoticias.org\/site\/"},{"@type":"ListItem","position":2,"name":"Silvio Almeida critica hipocrisia de Nikolas Ferreira com rela\u00e7\u00e3o ao discurso sobre sistema carcer\u00e1rio"}]},{"@type":"WebSite","@id":"https:\/\/brasilnoticias.org\/site\/#website","url":"https:\/\/brasilnoticias.org\/site\/","name":"Brasil not\u00edcias","description":"Brasil not\u00edcias","publisher":{"@id":"https:\/\/brasilnoticias.org\/site\/#organization"},"potentialAction":[{"@type":"SearchAction","target":{"@type":"EntryPoint","urlTemplate":"https:\/\/brasilnoticias.org\/site\/?s={search_term_string}"},"query-input":{"@type":"PropertyValueSpecification","valueRequired":true,"valueName":"search_term_string"}}],"inLanguage":"pt-PT"},{"@type":"Organization","@id":"https:\/\/brasilnoticias.org\/site\/#organization","name":"Brasil not\u00edcias","url":"https:\/\/brasilnoticias.org\/site\/","logo":{"@type":"ImageObject","inLanguage":"pt-PT","@id":"https:\/\/brasilnoticias.org\/site\/#\/schema\/logo\/image\/","url":"https:\/\/brasilnoticias.org\/site\/wp-content\/uploads\/2022\/05\/cropped-brasilnoticias-mini.jpg","contentUrl":"https:\/\/brasilnoticias.org\/site\/wp-content\/uploads\/2022\/05\/cropped-brasilnoticias-mini.jpg","width":314,"height":86,"caption":"Brasil not\u00edcias"},"image":{"@id":"https:\/\/brasilnoticias.org\/site\/#\/schema\/logo\/image\/"}},{"@type":"Person","@id":"https:\/\/brasilnoticias.org\/site\/#\/schema\/person\/03bbbfe6c7634ad18c26444ea39049fa","name":"Reda\u00e7\u00e3o","image":{"@type":"ImageObject","inLanguage":"pt-PT","@id":"https:\/\/brasilnoticias.org\/site\/#\/schema\/person\/image\/","url":"https:\/\/secure.gravatar.com\/avatar\/9ecaf7327a696cb23ad926fedded5f1f04d7049de9e445375d55b48c001a6e42?s=96&d=mm&r=g","contentUrl":"https:\/\/secure.gravatar.com\/avatar\/9ecaf7327a696cb23ad926fedded5f1f04d7049de9e445375d55b48c001a6e42?s=96&d=mm&r=g","caption":"Reda\u00e7\u00e3o"},"url":"https:\/\/brasilnoticias.org\/site\/author\/henrique\/"}]}},"_links":{"self":[{"href":"https:\/\/brasilnoticias.org\/site\/wp-json\/wp\/v2\/posts\/11498","targetHints":{"allow":["GET"]}}],"collection":[{"href":"https:\/\/brasilnoticias.org\/site\/wp-json\/wp\/v2\/posts"}],"about":[{"href":"https:\/\/brasilnoticias.org\/site\/wp-json\/wp\/v2\/types\/post"}],"author":[{"embeddable":true,"href":"https:\/\/brasilnoticias.org\/site\/wp-json\/wp\/v2\/users\/4"}],"replies":[{"embeddable":true,"href":"https:\/\/brasilnoticias.org\/site\/wp-json\/wp\/v2\/comments?post=11498"}],"version-history":[{"count":1,"href":"https:\/\/brasilnoticias.org\/site\/wp-json\/wp\/v2\/posts\/11498\/revisions"}],"predecessor-version":[{"id":11500,"href":"https:\/\/brasilnoticias.org\/site\/wp-json\/wp\/v2\/posts\/11498\/revisions\/11500"}],"wp:featuredmedia":[{"embeddable":true,"href":"https:\/\/brasilnoticias.org\/site\/wp-json\/wp\/v2\/media\/11499"}],"wp:attachment":[{"href":"https:\/\/brasilnoticias.org\/site\/wp-json\/wp\/v2\/media?parent=11498"}],"wp:term":[{"taxonomy":"category","embeddable":true,"href":"https:\/\/brasilnoticias.org\/site\/wp-json\/wp\/v2\/categories?post=11498"},{"taxonomy":"post_tag","embeddable":true,"href":"https:\/\/brasilnoticias.org\/site\/wp-json\/wp\/v2\/tags?post=11498"}],"curies":[{"name":"wp","href":"https:\/\/api.w.org\/{rel}","templated":true}]}}