{"id":115,"date":"2022-01-04T16:13:43","date_gmt":"2022-01-04T19:13:43","guid":{"rendered":"https:\/\/brasilnoticias.org\/site\/?p=115"},"modified":"2022-05-03T16:35:23","modified_gmt":"2022-05-03T19:35:23","slug":"uma-nova-pandemia-emergira-do-gelo","status":"publish","type":"post","link":"https:\/\/brasilnoticias.org\/site\/uma-nova-pandemia-emergira-do-gelo\/","title":{"rendered":"UMA NOVA PANDEMIA EMERGIR\u00c1 DO GELO"},"content":{"rendered":"<div id=\"content\" class=\"clearfix\">\n<article id=\"post-14275\" class=\"post-14275 post type-post status-publish format-standard has-post-thumbnail hentry category-mundo category-ultimas\">\n<div class=\"article-content clearfix\">\n<div class=\"entry-content clearfix\">\n<header class=\"si-detail__header\">\n<div class=\"si-detail__header-title\">\n<div class=\"si-grid si-grid--border\">\n<div>\n<p>O que aconteceria se a popula\u00e7\u00e3o mundial fosse subitamente exposta a um v\u00edrus mortal do qual nunca se ouvira falar antes? A pandemia de coronav\u00edrus nos ensinou que, apesar dos avan\u00e7os tecnol\u00f3gicos e m\u00e9dicos, os humanos continuam extremamente vulner\u00e1veis a pat\u00f3genos at\u00e9 ent\u00e3o desconhecidos.<\/p>\n<p>Enquanto a origem da SRA-CoV-2 est\u00e1 sendo discutida, pesquisadores ao redor do mundo est\u00e3o alertando que uma nova amea\u00e7a potencial \u00e0 sa\u00fade pode estar se escondendo n\u00e3o em mercados de animais ou laborat\u00f3rios, mas no gelo.<\/p>\n<p>Como resultado do aumento da temperatura e da explora\u00e7\u00e3o crescente do subsolo, microorganismos antigos presos no gelo e no permafrost \u2013 a camada perpetuamente congelada do solo \u2013 poderiam na verdade se libertar no ar e se reativar, com conseq\u00fc\u00eancias imprevis\u00edveis.<\/p>\n<p>O surgimento de pat\u00f3genos a partir do gelo n\u00e3o \u00e9 fic\u00e7\u00e3o cient\u00edfica. Em 2016 na R\u00fassia, mais precisamente na Pen\u00ednsula de Yamal, na Sib\u00e9ria, um menino morreu de antrax. Segundo os pesquisadores, a bact\u00e9ria estava presente em uma carca\u00e7a de rena infectada que havia morrido 75 anos antes. Ap\u00f3s uma incomum onda de calor, o permafrost que havia coberto o animal derreteu, liberando os esporos do pat\u00f3geno para a atmosfera.<\/p>\n<p>Outro caso data de 2007, quando um grupo de cientistas descobriu a presen\u00e7a do v\u00edrus da gripe espanhola em corpos enterrados em uma vala comum no Alasca. Entre 1918 e 1919, a \u201cespanhola\u201d matou dezenas de milh\u00f5es de pessoas em todo o mundo.<\/p>\n<p>Pat\u00f3genos desconhecidos tamb\u00e9m est\u00e3o presos no gelo, de acordo com um estudo publicado no in\u00edcio deste ano. Em amostras de gelo retiradas do planalto tibetano, por exemplo, pesquisadores americanos e chineses identificaram 33 v\u00edrus, a maioria deles enterrados h\u00e1 milhares de anos e ainda desconhecidos.<\/p>\n<p><strong>Como v\u00edrus e bact\u00e9rias podem sobreviver por milhares de anos em ambientes in\u00f3spitos, como terras congeladas?<\/strong><\/p>\n<p>\u201cEsta \u00e9 uma das perguntas que queremos responder\u201d, diz Beat Frey, membro do Instituto Federal Su\u00ed\u00e7o de Pesquisa Florestal, Neve e Paisagem (WSL), \u00e0 swissinfo.ch. Frey dirige um\u00a0projeto pioneiro<span class=\"show-for-sr\">Link externo<\/span>, que pela primeira vez estabeleceu o objetivo de estudar formas de vida microsc\u00f3picas no permafrost dos Alpes, no \u00c1rtico e na Ant\u00e1rtica.<\/p>\n<p>\u201cTemos observado que estes organismos t\u00eam um metabolismo e estruturas celulares particulares, que podem ser muito ativos a baixas temperaturas. No entanto, a maioria deles est\u00e1 adormecida. A grande quest\u00e3o \u00e9 saber o que acontece quando eles acordam, por exemplo, devido ao aquecimento global\u201d, explica Frey.<\/p>\n<p>Em 2005, cientistas da NASA conseguiram \u201cressuscitar\u201d bact\u00e9rias aprisionadas no gelo do Alasca por 32.000 anos. Cerca de dez anos depois, os chamados \u201cv\u00edrus gigantes\u201d, que haviam passado os \u00faltimos 30.000 anos no solo congelado da tundra siberiana, foram reativados.<\/p>\n<div class=\"infobox\" role=\"region\" aria-label=\"Infobox\">\n<p class=\"uk-visible\"><strong>Que micro-organismos podem ser encontrados no permafrost dos Alpes su\u00ed\u00e7os?<\/strong><\/p>\n<p><span class=\"show-for-sr uk-visible\">End of insertion<\/span><\/p>\n<\/div>\n<p>Na Su\u00ed\u00e7a, o permafrost est\u00e1 presente acima dos 2500 metros acima do n\u00edvel do mar, em cerca de 5% do territ\u00f3rio nacional. \u201cNo permafrost alpino encontramos bact\u00e9rias, fungos, leveduras e v\u00edrus. Cerca da metade dos organismos que detectamos tamb\u00e9m existem em outros solos do planeta. Um ter\u00e7o \u00e9 de natureza desconhecida\u201d, observa Beat Frey, que diz estar maravilhado com a diversidade, apesar das condi\u00e7\u00f5es adversas.<\/p>\n<div class=\"infobox\" role=\"region\" aria-label=\"Infobox\">\n<p class=\"uk-visible\"><strong>Bact\u00e9rias e v\u00edrus adormecidos podem vir a ser um problema para humanos ou animais?<\/strong><\/p>\n<p><span class=\"show-for-sr uk-visible\">End of insertion<\/span><\/p>\n<\/div>\n<p>O caso do antrax na Sib\u00e9ria destaca a possibilidade de existirem bact\u00e9rias com efeitos patog\u00eanicos para humanos, animais ou plantas, explica Beat Frey. \u201c\u00c9 o grande desconhecido\u201d, diz ele, referindo-se \u00e0 multid\u00e3o de v\u00edrus ainda desconhecidos.<\/p>\n<p>Nas antigas camadas de permafrost, v\u00edrus patog\u00eanicos capazes de infectar humanos ou animais poderiam ser preservados, inclusive aqueles que causaram epidemias no passado, segundo Jean-Michel Claverie, da Universidade de Aix-Marseille, um dos principais especialistas no assunto. As atividades de minera\u00e7\u00e3o e perfura\u00e7\u00e3o, diz ele, poderiam expor essas camadas com conseq\u00fc\u00eancias desastrosas.<\/p>\n<p>Entretanto, os microorganismos no gelo n\u00e3o s\u00e3o necessariamente prejudiciais. A esperan\u00e7a dos pesquisadores \u00e9 encontrar esp\u00e9cies com certa utilidade nas \u00e1reas m\u00e9dica e de biotecnologia, por exemplo. \u201cAs propriedades de algumas enzimas que s\u00e3o ativas em baixas temperaturas poderiam ser exploradas. As bact\u00e9rias do Permafrost tamb\u00e9m podem fornecer importantes indica\u00e7\u00f5es sobre a resist\u00eancia aos antibi\u00f3ticos\u201d, diz o pesquisador<\/p>\n<div class=\"infobox\" role=\"region\" aria-label=\"Infobox\">\n<p class=\"uk-visible\"><strong>A pr\u00f3xima pandemia poderia sair do gelo?<\/strong><\/p>\n<p><span class=\"show-for-sr uk-visible\">End of insertion<\/span><\/p>\n<\/div>\n<p>Os v\u00edrus podem infectar as bact\u00e9rias presentes no gelo. O cont\u00e1gio humano direto \u00e9 improv\u00e1vel, de acordo com Beat Frey. \u201cO que pode acontecer \u00e9 um salto para um animal, como a marmota, que bebe a \u00e1gua de degelo. Mas estamos em um cen\u00e1rio puramente te\u00f3rico. Eu n\u00e3o acho que isso seja poss\u00edvel\u201d.<\/p>\n<\/div>\n<\/div>\n<\/div>\n<\/header>\n<\/div>\n<\/div>\n<\/article>\n<\/div>\n","protected":false},"excerpt":{"rendered":"<p>O que aconteceria se a popula\u00e7\u00e3o mundial fosse subitamente exposta a um v\u00edrus mortal do qual nunca se ouvira falar<\/p>\n","protected":false},"author":1,"featured_media":116,"comment_status":"open","ping_status":"open","sticky":false,"template":"","format":"standard","meta":{"colormag_page_container_layout":"default_layout","colormag_page_sidebar_layout":"default_layout","_FSMCFIC_featured_image_caption":"","_FSMCFIC_featured_image_nocaption":"","_FSMCFIC_featured_image_hide":"","footnotes":""},"categories":[6,1],"tags":[],"class_list":["post-115","post","type-post","status-publish","format-standard","has-post-thumbnail","hentry","category-mundo","category-ultimas"],"yoast_head":"<!-- This site is optimized with the Yoast SEO plugin v27.1.1 - https:\/\/yoast.com\/product\/yoast-seo-wordpress\/ -->\n<title>UMA NOVA PANDEMIA EMERGIR\u00c1 DO GELO - Brasil not\u00edcias<\/title>\n<meta name=\"robots\" content=\"index, follow, max-snippet:-1, max-image-preview:large, max-video-preview:-1\" \/>\n<link rel=\"canonical\" href=\"https:\/\/brasilnoticias.org\/site\/uma-nova-pandemia-emergira-do-gelo\/\" \/>\n<meta property=\"og:locale\" content=\"pt_PT\" \/>\n<meta property=\"og:type\" content=\"article\" \/>\n<meta property=\"og:title\" content=\"UMA NOVA PANDEMIA EMERGIR\u00c1 DO GELO - Brasil not\u00edcias\" \/>\n<meta property=\"og:description\" content=\"O que aconteceria se a popula\u00e7\u00e3o mundial fosse subitamente exposta a um v\u00edrus mortal do qual nunca se ouvira falar\" \/>\n<meta property=\"og:url\" content=\"https:\/\/brasilnoticias.org\/site\/uma-nova-pandemia-emergira-do-gelo\/\" \/>\n<meta property=\"og:site_name\" content=\"Brasil not\u00edcias\" \/>\n<meta property=\"article:published_time\" content=\"2022-01-04T19:13:43+00:00\" \/>\n<meta property=\"article:modified_time\" content=\"2022-05-03T19:35:23+00:00\" \/>\n<meta property=\"og:image\" content=\"https:\/\/brasilnoticias.org\/site\/wp-content\/uploads\/2022\/05\/252047380_highres.jpg\" \/>\n\t<meta property=\"og:image:width\" content=\"580\" \/>\n\t<meta property=\"og:image:height\" content=\"387\" \/>\n\t<meta property=\"og:image:type\" content=\"image\/jpeg\" \/>\n<meta name=\"author\" content=\"Reda\u00e7\u00e3o\" \/>\n<meta name=\"twitter:card\" content=\"summary_large_image\" \/>\n<meta name=\"twitter:label1\" content=\"Escrito por\" \/>\n\t<meta name=\"twitter:data1\" content=\"Reda\u00e7\u00e3o\" \/>\n\t<meta name=\"twitter:label2\" content=\"Tempo estimado de leitura\" \/>\n\t<meta name=\"twitter:data2\" content=\"4 minutos\" \/>\n<script type=\"application\/ld+json\" class=\"yoast-schema-graph\">{\"@context\":\"https:\/\/schema.org\",\"@graph\":[{\"@type\":\"Article\",\"@id\":\"https:\/\/brasilnoticias.org\/site\/uma-nova-pandemia-emergira-do-gelo\/#article\",\"isPartOf\":{\"@id\":\"https:\/\/brasilnoticias.org\/site\/uma-nova-pandemia-emergira-do-gelo\/\"},\"author\":{\"name\":\"Reda\u00e7\u00e3o\",\"@id\":\"https:\/\/brasilnoticias.org\/site\/#\/schema\/person\/a0e05b973ec4d15c658d51911e53507b\"},\"headline\":\"UMA NOVA PANDEMIA EMERGIR\u00c1 DO GELO\",\"datePublished\":\"2022-01-04T19:13:43+00:00\",\"dateModified\":\"2022-05-03T19:35:23+00:00\",\"mainEntityOfPage\":{\"@id\":\"https:\/\/brasilnoticias.org\/site\/uma-nova-pandemia-emergira-do-gelo\/\"},\"wordCount\":807,\"commentCount\":0,\"publisher\":{\"@id\":\"https:\/\/brasilnoticias.org\/site\/#organization\"},\"image\":{\"@id\":\"https:\/\/brasilnoticias.org\/site\/uma-nova-pandemia-emergira-do-gelo\/#primaryimage\"},\"thumbnailUrl\":\"https:\/\/brasilnoticias.org\/site\/wp-content\/uploads\/2022\/05\/252047380_highres.jpg\",\"articleSection\":[\"Mundo\",\"\u00daltimas\"],\"inLanguage\":\"pt-PT\",\"potentialAction\":[{\"@type\":\"CommentAction\",\"name\":\"Comment\",\"target\":[\"https:\/\/brasilnoticias.org\/site\/uma-nova-pandemia-emergira-do-gelo\/#respond\"]}]},{\"@type\":\"WebPage\",\"@id\":\"https:\/\/brasilnoticias.org\/site\/uma-nova-pandemia-emergira-do-gelo\/\",\"url\":\"https:\/\/brasilnoticias.org\/site\/uma-nova-pandemia-emergira-do-gelo\/\",\"name\":\"UMA NOVA PANDEMIA EMERGIR\u00c1 DO GELO - Brasil not\u00edcias\",\"isPartOf\":{\"@id\":\"https:\/\/brasilnoticias.org\/site\/#website\"},\"primaryImageOfPage\":{\"@id\":\"https:\/\/brasilnoticias.org\/site\/uma-nova-pandemia-emergira-do-gelo\/#primaryimage\"},\"image\":{\"@id\":\"https:\/\/brasilnoticias.org\/site\/uma-nova-pandemia-emergira-do-gelo\/#primaryimage\"},\"thumbnailUrl\":\"https:\/\/brasilnoticias.org\/site\/wp-content\/uploads\/2022\/05\/252047380_highres.jpg\",\"datePublished\":\"2022-01-04T19:13:43+00:00\",\"dateModified\":\"2022-05-03T19:35:23+00:00\",\"breadcrumb\":{\"@id\":\"https:\/\/brasilnoticias.org\/site\/uma-nova-pandemia-emergira-do-gelo\/#breadcrumb\"},\"inLanguage\":\"pt-PT\",\"potentialAction\":[{\"@type\":\"ReadAction\",\"target\":[\"https:\/\/brasilnoticias.org\/site\/uma-nova-pandemia-emergira-do-gelo\/\"]}]},{\"@type\":\"ImageObject\",\"inLanguage\":\"pt-PT\",\"@id\":\"https:\/\/brasilnoticias.org\/site\/uma-nova-pandemia-emergira-do-gelo\/#primaryimage\",\"url\":\"https:\/\/brasilnoticias.org\/site\/wp-content\/uploads\/2022\/05\/252047380_highres.jpg\",\"contentUrl\":\"https:\/\/brasilnoticias.org\/site\/wp-content\/uploads\/2022\/05\/252047380_highres.jpg\",\"width\":580,\"height\":387},{\"@type\":\"BreadcrumbList\",\"@id\":\"https:\/\/brasilnoticias.org\/site\/uma-nova-pandemia-emergira-do-gelo\/#breadcrumb\",\"itemListElement\":[{\"@type\":\"ListItem\",\"position\":1,\"name\":\"In\u00edcio\",\"item\":\"https:\/\/brasilnoticias.org\/site\/\"},{\"@type\":\"ListItem\",\"position\":2,\"name\":\"UMA NOVA PANDEMIA EMERGIR\u00c1 DO GELO\"}]},{\"@type\":\"WebSite\",\"@id\":\"https:\/\/brasilnoticias.org\/site\/#website\",\"url\":\"https:\/\/brasilnoticias.org\/site\/\",\"name\":\"Brasil not\u00edcias\",\"description\":\"Brasil not\u00edcias\",\"publisher\":{\"@id\":\"https:\/\/brasilnoticias.org\/site\/#organization\"},\"potentialAction\":[{\"@type\":\"SearchAction\",\"target\":{\"@type\":\"EntryPoint\",\"urlTemplate\":\"https:\/\/brasilnoticias.org\/site\/?s={search_term_string}\"},\"query-input\":{\"@type\":\"PropertyValueSpecification\",\"valueRequired\":true,\"valueName\":\"search_term_string\"}}],\"inLanguage\":\"pt-PT\"},{\"@type\":\"Organization\",\"@id\":\"https:\/\/brasilnoticias.org\/site\/#organization\",\"name\":\"Brasil not\u00edcias\",\"url\":\"https:\/\/brasilnoticias.org\/site\/\",\"logo\":{\"@type\":\"ImageObject\",\"inLanguage\":\"pt-PT\",\"@id\":\"https:\/\/brasilnoticias.org\/site\/#\/schema\/logo\/image\/\",\"url\":\"https:\/\/brasilnoticias.org\/site\/wp-content\/uploads\/2022\/05\/cropped-brasilnoticias-mini.jpg\",\"contentUrl\":\"https:\/\/brasilnoticias.org\/site\/wp-content\/uploads\/2022\/05\/cropped-brasilnoticias-mini.jpg\",\"width\":314,\"height\":86,\"caption\":\"Brasil not\u00edcias\"},\"image\":{\"@id\":\"https:\/\/brasilnoticias.org\/site\/#\/schema\/logo\/image\/\"}},{\"@type\":\"Person\",\"@id\":\"https:\/\/brasilnoticias.org\/site\/#\/schema\/person\/a0e05b973ec4d15c658d51911e53507b\",\"name\":\"Reda\u00e7\u00e3o\",\"image\":{\"@type\":\"ImageObject\",\"inLanguage\":\"pt-PT\",\"@id\":\"https:\/\/brasilnoticias.org\/site\/#\/schema\/person\/image\/\",\"url\":\"https:\/\/secure.gravatar.com\/avatar\/75d8b050df2de108b08ae78dfb8e374892df24a383c67db9c46a9c604f6aee9c?s=96&d=mm&r=g\",\"contentUrl\":\"https:\/\/secure.gravatar.com\/avatar\/75d8b050df2de108b08ae78dfb8e374892df24a383c67db9c46a9c604f6aee9c?s=96&d=mm&r=g\",\"caption\":\"Reda\u00e7\u00e3o\"},\"sameAs\":[\"https:\/\/brasilnoticias.org\/site\"],\"url\":\"https:\/\/brasilnoticias.org\/site\/author\/fernandozsngmail-com\/\"}]}<\/script>\n<!-- \/ Yoast SEO plugin. -->","yoast_head_json":{"title":"UMA NOVA PANDEMIA EMERGIR\u00c1 DO GELO - Brasil not\u00edcias","robots":{"index":"index","follow":"follow","max-snippet":"max-snippet:-1","max-image-preview":"max-image-preview:large","max-video-preview":"max-video-preview:-1"},"canonical":"https:\/\/brasilnoticias.org\/site\/uma-nova-pandemia-emergira-do-gelo\/","og_locale":"pt_PT","og_type":"article","og_title":"UMA NOVA PANDEMIA EMERGIR\u00c1 DO GELO - Brasil not\u00edcias","og_description":"O que aconteceria se a popula\u00e7\u00e3o mundial fosse subitamente exposta a um v\u00edrus mortal do qual nunca se ouvira falar","og_url":"https:\/\/brasilnoticias.org\/site\/uma-nova-pandemia-emergira-do-gelo\/","og_site_name":"Brasil not\u00edcias","article_published_time":"2022-01-04T19:13:43+00:00","article_modified_time":"2022-05-03T19:35:23+00:00","og_image":[{"width":580,"height":387,"url":"https:\/\/brasilnoticias.org\/site\/wp-content\/uploads\/2022\/05\/252047380_highres.jpg","type":"image\/jpeg"}],"author":"Reda\u00e7\u00e3o","twitter_card":"summary_large_image","twitter_misc":{"Escrito por":"Reda\u00e7\u00e3o","Tempo estimado de leitura":"4 minutos"},"schema":{"@context":"https:\/\/schema.org","@graph":[{"@type":"Article","@id":"https:\/\/brasilnoticias.org\/site\/uma-nova-pandemia-emergira-do-gelo\/#article","isPartOf":{"@id":"https:\/\/brasilnoticias.org\/site\/uma-nova-pandemia-emergira-do-gelo\/"},"author":{"name":"Reda\u00e7\u00e3o","@id":"https:\/\/brasilnoticias.org\/site\/#\/schema\/person\/a0e05b973ec4d15c658d51911e53507b"},"headline":"UMA NOVA PANDEMIA EMERGIR\u00c1 DO GELO","datePublished":"2022-01-04T19:13:43+00:00","dateModified":"2022-05-03T19:35:23+00:00","mainEntityOfPage":{"@id":"https:\/\/brasilnoticias.org\/site\/uma-nova-pandemia-emergira-do-gelo\/"},"wordCount":807,"commentCount":0,"publisher":{"@id":"https:\/\/brasilnoticias.org\/site\/#organization"},"image":{"@id":"https:\/\/brasilnoticias.org\/site\/uma-nova-pandemia-emergira-do-gelo\/#primaryimage"},"thumbnailUrl":"https:\/\/brasilnoticias.org\/site\/wp-content\/uploads\/2022\/05\/252047380_highres.jpg","articleSection":["Mundo","\u00daltimas"],"inLanguage":"pt-PT","potentialAction":[{"@type":"CommentAction","name":"Comment","target":["https:\/\/brasilnoticias.org\/site\/uma-nova-pandemia-emergira-do-gelo\/#respond"]}]},{"@type":"WebPage","@id":"https:\/\/brasilnoticias.org\/site\/uma-nova-pandemia-emergira-do-gelo\/","url":"https:\/\/brasilnoticias.org\/site\/uma-nova-pandemia-emergira-do-gelo\/","name":"UMA NOVA PANDEMIA EMERGIR\u00c1 DO GELO - Brasil not\u00edcias","isPartOf":{"@id":"https:\/\/brasilnoticias.org\/site\/#website"},"primaryImageOfPage":{"@id":"https:\/\/brasilnoticias.org\/site\/uma-nova-pandemia-emergira-do-gelo\/#primaryimage"},"image":{"@id":"https:\/\/brasilnoticias.org\/site\/uma-nova-pandemia-emergira-do-gelo\/#primaryimage"},"thumbnailUrl":"https:\/\/brasilnoticias.org\/site\/wp-content\/uploads\/2022\/05\/252047380_highres.jpg","datePublished":"2022-01-04T19:13:43+00:00","dateModified":"2022-05-03T19:35:23+00:00","breadcrumb":{"@id":"https:\/\/brasilnoticias.org\/site\/uma-nova-pandemia-emergira-do-gelo\/#breadcrumb"},"inLanguage":"pt-PT","potentialAction":[{"@type":"ReadAction","target":["https:\/\/brasilnoticias.org\/site\/uma-nova-pandemia-emergira-do-gelo\/"]}]},{"@type":"ImageObject","inLanguage":"pt-PT","@id":"https:\/\/brasilnoticias.org\/site\/uma-nova-pandemia-emergira-do-gelo\/#primaryimage","url":"https:\/\/brasilnoticias.org\/site\/wp-content\/uploads\/2022\/05\/252047380_highres.jpg","contentUrl":"https:\/\/brasilnoticias.org\/site\/wp-content\/uploads\/2022\/05\/252047380_highres.jpg","width":580,"height":387},{"@type":"BreadcrumbList","@id":"https:\/\/brasilnoticias.org\/site\/uma-nova-pandemia-emergira-do-gelo\/#breadcrumb","itemListElement":[{"@type":"ListItem","position":1,"name":"In\u00edcio","item":"https:\/\/brasilnoticias.org\/site\/"},{"@type":"ListItem","position":2,"name":"UMA NOVA PANDEMIA EMERGIR\u00c1 DO GELO"}]},{"@type":"WebSite","@id":"https:\/\/brasilnoticias.org\/site\/#website","url":"https:\/\/brasilnoticias.org\/site\/","name":"Brasil not\u00edcias","description":"Brasil not\u00edcias","publisher":{"@id":"https:\/\/brasilnoticias.org\/site\/#organization"},"potentialAction":[{"@type":"SearchAction","target":{"@type":"EntryPoint","urlTemplate":"https:\/\/brasilnoticias.org\/site\/?s={search_term_string}"},"query-input":{"@type":"PropertyValueSpecification","valueRequired":true,"valueName":"search_term_string"}}],"inLanguage":"pt-PT"},{"@type":"Organization","@id":"https:\/\/brasilnoticias.org\/site\/#organization","name":"Brasil not\u00edcias","url":"https:\/\/brasilnoticias.org\/site\/","logo":{"@type":"ImageObject","inLanguage":"pt-PT","@id":"https:\/\/brasilnoticias.org\/site\/#\/schema\/logo\/image\/","url":"https:\/\/brasilnoticias.org\/site\/wp-content\/uploads\/2022\/05\/cropped-brasilnoticias-mini.jpg","contentUrl":"https:\/\/brasilnoticias.org\/site\/wp-content\/uploads\/2022\/05\/cropped-brasilnoticias-mini.jpg","width":314,"height":86,"caption":"Brasil not\u00edcias"},"image":{"@id":"https:\/\/brasilnoticias.org\/site\/#\/schema\/logo\/image\/"}},{"@type":"Person","@id":"https:\/\/brasilnoticias.org\/site\/#\/schema\/person\/a0e05b973ec4d15c658d51911e53507b","name":"Reda\u00e7\u00e3o","image":{"@type":"ImageObject","inLanguage":"pt-PT","@id":"https:\/\/brasilnoticias.org\/site\/#\/schema\/person\/image\/","url":"https:\/\/secure.gravatar.com\/avatar\/75d8b050df2de108b08ae78dfb8e374892df24a383c67db9c46a9c604f6aee9c?s=96&d=mm&r=g","contentUrl":"https:\/\/secure.gravatar.com\/avatar\/75d8b050df2de108b08ae78dfb8e374892df24a383c67db9c46a9c604f6aee9c?s=96&d=mm&r=g","caption":"Reda\u00e7\u00e3o"},"sameAs":["https:\/\/brasilnoticias.org\/site"],"url":"https:\/\/brasilnoticias.org\/site\/author\/fernandozsngmail-com\/"}]}},"_links":{"self":[{"href":"https:\/\/brasilnoticias.org\/site\/wp-json\/wp\/v2\/posts\/115","targetHints":{"allow":["GET"]}}],"collection":[{"href":"https:\/\/brasilnoticias.org\/site\/wp-json\/wp\/v2\/posts"}],"about":[{"href":"https:\/\/brasilnoticias.org\/site\/wp-json\/wp\/v2\/types\/post"}],"author":[{"embeddable":true,"href":"https:\/\/brasilnoticias.org\/site\/wp-json\/wp\/v2\/users\/1"}],"replies":[{"embeddable":true,"href":"https:\/\/brasilnoticias.org\/site\/wp-json\/wp\/v2\/comments?post=115"}],"version-history":[{"count":1,"href":"https:\/\/brasilnoticias.org\/site\/wp-json\/wp\/v2\/posts\/115\/revisions"}],"predecessor-version":[{"id":117,"href":"https:\/\/brasilnoticias.org\/site\/wp-json\/wp\/v2\/posts\/115\/revisions\/117"}],"wp:featuredmedia":[{"embeddable":true,"href":"https:\/\/brasilnoticias.org\/site\/wp-json\/wp\/v2\/media\/116"}],"wp:attachment":[{"href":"https:\/\/brasilnoticias.org\/site\/wp-json\/wp\/v2\/media?parent=115"}],"wp:term":[{"taxonomy":"category","embeddable":true,"href":"https:\/\/brasilnoticias.org\/site\/wp-json\/wp\/v2\/categories?post=115"},{"taxonomy":"post_tag","embeddable":true,"href":"https:\/\/brasilnoticias.org\/site\/wp-json\/wp\/v2\/tags?post=115"}],"curies":[{"name":"wp","href":"https:\/\/api.w.org\/{rel}","templated":true}]}}