{"id":11501,"date":"2023-12-06T05:00:06","date_gmt":"2023-12-06T08:00:06","guid":{"rendered":"https:\/\/brasilnoticias.org\/site\/?p=11501"},"modified":"2023-12-05T22:13:22","modified_gmt":"2023-12-06T01:13:22","slug":"envolvida-em-polemicas-moura-dubeux-vence-leilao-e-arremata-othon-palace-hotel","status":"publish","type":"post","link":"https:\/\/brasilnoticias.org\/site\/envolvida-em-polemicas-moura-dubeux-vence-leilao-e-arremata-othon-palace-hotel\/","title":{"rendered":"Envolvida em pol\u00eamicas, Moura Dubeux vence leil\u00e3o e arremata Othon Palace Hotel"},"content":{"rendered":"<p>A informa\u00e7\u00e3o foi confirmada ao Metro1 pela Rymer Leil\u00f5es, respons\u00e1vel pelo leil\u00e3o<\/p>\n<p>Envolvida em pol\u00eamicas, a construtora pernambucana Moura Dubeux venceu, neste ter\u00e7a-feira (5), o leil\u00e3o e arrematou o Othon Palace Hotel, que fica na Avenida Oce\u00e2nica, em Salvador. A informa\u00e7\u00e3o foi confirmada ao Metro1 pela Rymer Leil\u00f5es, respons\u00e1vel pelo leil\u00e3o. <\/p>\n<p>Rymer Leil\u00f5es n\u00e3o informou por qual valor a Moura Dubeux adquiriu o hotel. \u201cDetalhes depois do leil\u00e3o, apenas nos autos do processo\u201d, informou.<\/p>\n<p>Pol\u00eamicas <\/p>\n<p>A empresa pernambucana \u00e9 respons\u00e1vel por empreendimentos na regi\u00e3o Nordeste do pa\u00eds e dever\u00e1 pagar indeniza\u00e7\u00e3o com multa e custas processuais por causa de irregularidades em seus servi\u00e7os. A empresa pernambucana foi condenada pelo Superior Tribunal de Justi\u00e7a (STJ), em decis\u00e3o un\u00e2nime, por entregar, em Recife, apartamentos com uma metragem menor do que a que constava no an\u00fancio publicit\u00e1rio. Em alguns sites de venda de im\u00f3veis, o valor do apartamento hoje \u00e9 de R$ 1,2 milh\u00e3o.<\/p>\n<p>Na capital baiana, os tr\u00eas espig\u00f5es constru\u00eddos pela empresa em Ondina foram capa do Jornal Metropole em 2021. O CEO da Moura Dubeux, Diego Villar, afirmou que esse ano ser\u00e3o entregues alguns  empreendimentos na capital. S\u00e3o 11 em constru\u00e7\u00e3o aqui em Salvador.<\/p>\n<p>Foto: Divulga\u00e7\u00e3o<br \/>\nPor: J\u00falia Lordelo\/Let\u00edcia Alvarez\/Rodrigo Daniel Silva<\/p>\n","protected":false},"excerpt":{"rendered":"<p>A informa\u00e7\u00e3o foi confirmada ao Metro1 pela Rymer Leil\u00f5es, respons\u00e1vel pelo leil\u00e3o Envolvida em pol\u00eamicas, a construtora pernambucana Moura Dubeux<\/p>\n","protected":false},"author":4,"featured_media":11502,"comment_status":"open","ping_status":"open","sticky":false,"template":"","format":"standard","meta":{"colormag_page_container_layout":"default_layout","colormag_page_sidebar_layout":"default_layout","_FSMCFIC_featured_image_caption":"","_FSMCFIC_featured_image_nocaption":"","_FSMCFIC_featured_image_hide":"","footnotes":""},"categories":[2,1],"tags":[],"class_list":["post-11501","post","type-post","status-publish","format-standard","has-post-thumbnail","hentry","category-noticias","category-ultimas"],"yoast_head":"<!-- This site is optimized with the Yoast SEO plugin v27.1.1 - https:\/\/yoast.com\/product\/yoast-seo-wordpress\/ -->\n<title>Envolvida em pol\u00eamicas, Moura Dubeux vence leil\u00e3o e arremata Othon Palace Hotel - Brasil not\u00edcias<\/title>\n<meta name=\"robots\" content=\"index, follow, max-snippet:-1, max-image-preview:large, max-video-preview:-1\" \/>\n<link rel=\"canonical\" href=\"https:\/\/brasilnoticias.org\/site\/envolvida-em-polemicas-moura-dubeux-vence-leilao-e-arremata-othon-palace-hotel\/\" \/>\n<meta property=\"og:locale\" content=\"pt_PT\" \/>\n<meta property=\"og:type\" content=\"article\" \/>\n<meta property=\"og:title\" content=\"Envolvida em pol\u00eamicas, Moura Dubeux vence leil\u00e3o e arremata Othon Palace Hotel - Brasil not\u00edcias\" \/>\n<meta property=\"og:description\" content=\"A informa\u00e7\u00e3o foi confirmada ao Metro1 pela Rymer Leil\u00f5es, respons\u00e1vel pelo leil\u00e3o Envolvida em pol\u00eamicas, a construtora pernambucana Moura Dubeux\" \/>\n<meta property=\"og:url\" content=\"https:\/\/brasilnoticias.org\/site\/envolvida-em-polemicas-moura-dubeux-vence-leilao-e-arremata-othon-palace-hotel\/\" \/>\n<meta property=\"og:site_name\" content=\"Brasil not\u00edcias\" \/>\n<meta property=\"article:published_time\" content=\"2023-12-06T08:00:06+00:00\" \/>\n<meta property=\"og:image\" content=\"https:\/\/brasilnoticias.org\/site\/wp-content\/uploads\/2023\/12\/143915envolvida-em-polemicas-moura-dubeux-vence-leilao-e-arremata-othon-palace-hotel-3.jpg\" \/>\n\t<meta property=\"og:image:width\" content=\"1600\" \/>\n\t<meta property=\"og:image:height\" content=\"752\" \/>\n\t<meta property=\"og:image:type\" content=\"image\/jpeg\" \/>\n<meta name=\"author\" content=\"Reda\u00e7\u00e3o\" \/>\n<meta name=\"twitter:card\" content=\"summary_large_image\" \/>\n<meta name=\"twitter:label1\" content=\"Escrito por\" \/>\n\t<meta name=\"twitter:data1\" content=\"Reda\u00e7\u00e3o\" \/>\n<script type=\"application\/ld+json\" class=\"yoast-schema-graph\">{\"@context\":\"https:\/\/schema.org\",\"@graph\":[{\"@type\":\"Article\",\"@id\":\"https:\/\/brasilnoticias.org\/site\/envolvida-em-polemicas-moura-dubeux-vence-leilao-e-arremata-othon-palace-hotel\/#article\",\"isPartOf\":{\"@id\":\"https:\/\/brasilnoticias.org\/site\/envolvida-em-polemicas-moura-dubeux-vence-leilao-e-arremata-othon-palace-hotel\/\"},\"author\":{\"name\":\"Reda\u00e7\u00e3o\",\"@id\":\"https:\/\/brasilnoticias.org\/site\/#\/schema\/person\/03bbbfe6c7634ad18c26444ea39049fa\"},\"headline\":\"Envolvida em pol\u00eamicas, Moura Dubeux vence leil\u00e3o e arremata Othon Palace Hotel\",\"datePublished\":\"2023-12-06T08:00:06+00:00\",\"mainEntityOfPage\":{\"@id\":\"https:\/\/brasilnoticias.org\/site\/envolvida-em-polemicas-moura-dubeux-vence-leilao-e-arremata-othon-palace-hotel\/\"},\"wordCount\":248,\"commentCount\":0,\"publisher\":{\"@id\":\"https:\/\/brasilnoticias.org\/site\/#organization\"},\"image\":{\"@id\":\"https:\/\/brasilnoticias.org\/site\/envolvida-em-polemicas-moura-dubeux-vence-leilao-e-arremata-othon-palace-hotel\/#primaryimage\"},\"thumbnailUrl\":\"https:\/\/brasilnoticias.org\/site\/wp-content\/uploads\/2023\/12\/143915envolvida-em-polemicas-moura-dubeux-vence-leilao-e-arremata-othon-palace-hotel-3.jpg\",\"articleSection\":[\"Not\u00edcias\",\"\u00daltimas\"],\"inLanguage\":\"pt-PT\",\"potentialAction\":[{\"@type\":\"CommentAction\",\"name\":\"Comment\",\"target\":[\"https:\/\/brasilnoticias.org\/site\/envolvida-em-polemicas-moura-dubeux-vence-leilao-e-arremata-othon-palace-hotel\/#respond\"]}]},{\"@type\":\"WebPage\",\"@id\":\"https:\/\/brasilnoticias.org\/site\/envolvida-em-polemicas-moura-dubeux-vence-leilao-e-arremata-othon-palace-hotel\/\",\"url\":\"https:\/\/brasilnoticias.org\/site\/envolvida-em-polemicas-moura-dubeux-vence-leilao-e-arremata-othon-palace-hotel\/\",\"name\":\"Envolvida em pol\u00eamicas, Moura Dubeux vence leil\u00e3o e arremata Othon Palace Hotel - Brasil not\u00edcias\",\"isPartOf\":{\"@id\":\"https:\/\/brasilnoticias.org\/site\/#website\"},\"primaryImageOfPage\":{\"@id\":\"https:\/\/brasilnoticias.org\/site\/envolvida-em-polemicas-moura-dubeux-vence-leilao-e-arremata-othon-palace-hotel\/#primaryimage\"},\"image\":{\"@id\":\"https:\/\/brasilnoticias.org\/site\/envolvida-em-polemicas-moura-dubeux-vence-leilao-e-arremata-othon-palace-hotel\/#primaryimage\"},\"thumbnailUrl\":\"https:\/\/brasilnoticias.org\/site\/wp-content\/uploads\/2023\/12\/143915envolvida-em-polemicas-moura-dubeux-vence-leilao-e-arremata-othon-palace-hotel-3.jpg\",\"datePublished\":\"2023-12-06T08:00:06+00:00\",\"breadcrumb\":{\"@id\":\"https:\/\/brasilnoticias.org\/site\/envolvida-em-polemicas-moura-dubeux-vence-leilao-e-arremata-othon-palace-hotel\/#breadcrumb\"},\"inLanguage\":\"pt-PT\",\"potentialAction\":[{\"@type\":\"ReadAction\",\"target\":[\"https:\/\/brasilnoticias.org\/site\/envolvida-em-polemicas-moura-dubeux-vence-leilao-e-arremata-othon-palace-hotel\/\"]}]},{\"@type\":\"ImageObject\",\"inLanguage\":\"pt-PT\",\"@id\":\"https:\/\/brasilnoticias.org\/site\/envolvida-em-polemicas-moura-dubeux-vence-leilao-e-arremata-othon-palace-hotel\/#primaryimage\",\"url\":\"https:\/\/brasilnoticias.org\/site\/wp-content\/uploads\/2023\/12\/143915envolvida-em-polemicas-moura-dubeux-vence-leilao-e-arremata-othon-palace-hotel-3.jpg\",\"contentUrl\":\"https:\/\/brasilnoticias.org\/site\/wp-content\/uploads\/2023\/12\/143915envolvida-em-polemicas-moura-dubeux-vence-leilao-e-arremata-othon-palace-hotel-3.jpg\",\"width\":1600,\"height\":752},{\"@type\":\"BreadcrumbList\",\"@id\":\"https:\/\/brasilnoticias.org\/site\/envolvida-em-polemicas-moura-dubeux-vence-leilao-e-arremata-othon-palace-hotel\/#breadcrumb\",\"itemListElement\":[{\"@type\":\"ListItem\",\"position\":1,\"name\":\"In\u00edcio\",\"item\":\"https:\/\/brasilnoticias.org\/site\/\"},{\"@type\":\"ListItem\",\"position\":2,\"name\":\"Envolvida em pol\u00eamicas, Moura Dubeux vence leil\u00e3o e arremata Othon Palace Hotel\"}]},{\"@type\":\"WebSite\",\"@id\":\"https:\/\/brasilnoticias.org\/site\/#website\",\"url\":\"https:\/\/brasilnoticias.org\/site\/\",\"name\":\"Brasil not\u00edcias\",\"description\":\"Brasil not\u00edcias\",\"publisher\":{\"@id\":\"https:\/\/brasilnoticias.org\/site\/#organization\"},\"potentialAction\":[{\"@type\":\"SearchAction\",\"target\":{\"@type\":\"EntryPoint\",\"urlTemplate\":\"https:\/\/brasilnoticias.org\/site\/?s={search_term_string}\"},\"query-input\":{\"@type\":\"PropertyValueSpecification\",\"valueRequired\":true,\"valueName\":\"search_term_string\"}}],\"inLanguage\":\"pt-PT\"},{\"@type\":\"Organization\",\"@id\":\"https:\/\/brasilnoticias.org\/site\/#organization\",\"name\":\"Brasil not\u00edcias\",\"url\":\"https:\/\/brasilnoticias.org\/site\/\",\"logo\":{\"@type\":\"ImageObject\",\"inLanguage\":\"pt-PT\",\"@id\":\"https:\/\/brasilnoticias.org\/site\/#\/schema\/logo\/image\/\",\"url\":\"https:\/\/brasilnoticias.org\/site\/wp-content\/uploads\/2022\/05\/cropped-brasilnoticias-mini.jpg\",\"contentUrl\":\"https:\/\/brasilnoticias.org\/site\/wp-content\/uploads\/2022\/05\/cropped-brasilnoticias-mini.jpg\",\"width\":314,\"height\":86,\"caption\":\"Brasil not\u00edcias\"},\"image\":{\"@id\":\"https:\/\/brasilnoticias.org\/site\/#\/schema\/logo\/image\/\"}},{\"@type\":\"Person\",\"@id\":\"https:\/\/brasilnoticias.org\/site\/#\/schema\/person\/03bbbfe6c7634ad18c26444ea39049fa\",\"name\":\"Reda\u00e7\u00e3o\",\"image\":{\"@type\":\"ImageObject\",\"inLanguage\":\"pt-PT\",\"@id\":\"https:\/\/brasilnoticias.org\/site\/#\/schema\/person\/image\/\",\"url\":\"https:\/\/secure.gravatar.com\/avatar\/9ecaf7327a696cb23ad926fedded5f1f04d7049de9e445375d55b48c001a6e42?s=96&d=mm&r=g\",\"contentUrl\":\"https:\/\/secure.gravatar.com\/avatar\/9ecaf7327a696cb23ad926fedded5f1f04d7049de9e445375d55b48c001a6e42?s=96&d=mm&r=g\",\"caption\":\"Reda\u00e7\u00e3o\"},\"url\":\"https:\/\/brasilnoticias.org\/site\/author\/henrique\/\"}]}<\/script>\n<!-- \/ Yoast SEO plugin. -->","yoast_head_json":{"title":"Envolvida em pol\u00eamicas, Moura Dubeux vence leil\u00e3o e arremata Othon Palace Hotel - Brasil not\u00edcias","robots":{"index":"index","follow":"follow","max-snippet":"max-snippet:-1","max-image-preview":"max-image-preview:large","max-video-preview":"max-video-preview:-1"},"canonical":"https:\/\/brasilnoticias.org\/site\/envolvida-em-polemicas-moura-dubeux-vence-leilao-e-arremata-othon-palace-hotel\/","og_locale":"pt_PT","og_type":"article","og_title":"Envolvida em pol\u00eamicas, Moura Dubeux vence leil\u00e3o e arremata Othon Palace Hotel - Brasil not\u00edcias","og_description":"A informa\u00e7\u00e3o foi confirmada ao Metro1 pela Rymer Leil\u00f5es, respons\u00e1vel pelo leil\u00e3o Envolvida em pol\u00eamicas, a construtora pernambucana Moura Dubeux","og_url":"https:\/\/brasilnoticias.org\/site\/envolvida-em-polemicas-moura-dubeux-vence-leilao-e-arremata-othon-palace-hotel\/","og_site_name":"Brasil not\u00edcias","article_published_time":"2023-12-06T08:00:06+00:00","og_image":[{"width":1600,"height":752,"url":"https:\/\/brasilnoticias.org\/site\/wp-content\/uploads\/2023\/12\/143915envolvida-em-polemicas-moura-dubeux-vence-leilao-e-arremata-othon-palace-hotel-3.jpg","type":"image\/jpeg"}],"author":"Reda\u00e7\u00e3o","twitter_card":"summary_large_image","twitter_misc":{"Escrito por":"Reda\u00e7\u00e3o"},"schema":{"@context":"https:\/\/schema.org","@graph":[{"@type":"Article","@id":"https:\/\/brasilnoticias.org\/site\/envolvida-em-polemicas-moura-dubeux-vence-leilao-e-arremata-othon-palace-hotel\/#article","isPartOf":{"@id":"https:\/\/brasilnoticias.org\/site\/envolvida-em-polemicas-moura-dubeux-vence-leilao-e-arremata-othon-palace-hotel\/"},"author":{"name":"Reda\u00e7\u00e3o","@id":"https:\/\/brasilnoticias.org\/site\/#\/schema\/person\/03bbbfe6c7634ad18c26444ea39049fa"},"headline":"Envolvida em pol\u00eamicas, Moura Dubeux vence leil\u00e3o e arremata Othon Palace Hotel","datePublished":"2023-12-06T08:00:06+00:00","mainEntityOfPage":{"@id":"https:\/\/brasilnoticias.org\/site\/envolvida-em-polemicas-moura-dubeux-vence-leilao-e-arremata-othon-palace-hotel\/"},"wordCount":248,"commentCount":0,"publisher":{"@id":"https:\/\/brasilnoticias.org\/site\/#organization"},"image":{"@id":"https:\/\/brasilnoticias.org\/site\/envolvida-em-polemicas-moura-dubeux-vence-leilao-e-arremata-othon-palace-hotel\/#primaryimage"},"thumbnailUrl":"https:\/\/brasilnoticias.org\/site\/wp-content\/uploads\/2023\/12\/143915envolvida-em-polemicas-moura-dubeux-vence-leilao-e-arremata-othon-palace-hotel-3.jpg","articleSection":["Not\u00edcias","\u00daltimas"],"inLanguage":"pt-PT","potentialAction":[{"@type":"CommentAction","name":"Comment","target":["https:\/\/brasilnoticias.org\/site\/envolvida-em-polemicas-moura-dubeux-vence-leilao-e-arremata-othon-palace-hotel\/#respond"]}]},{"@type":"WebPage","@id":"https:\/\/brasilnoticias.org\/site\/envolvida-em-polemicas-moura-dubeux-vence-leilao-e-arremata-othon-palace-hotel\/","url":"https:\/\/brasilnoticias.org\/site\/envolvida-em-polemicas-moura-dubeux-vence-leilao-e-arremata-othon-palace-hotel\/","name":"Envolvida em pol\u00eamicas, Moura Dubeux vence leil\u00e3o e arremata Othon Palace Hotel - Brasil not\u00edcias","isPartOf":{"@id":"https:\/\/brasilnoticias.org\/site\/#website"},"primaryImageOfPage":{"@id":"https:\/\/brasilnoticias.org\/site\/envolvida-em-polemicas-moura-dubeux-vence-leilao-e-arremata-othon-palace-hotel\/#primaryimage"},"image":{"@id":"https:\/\/brasilnoticias.org\/site\/envolvida-em-polemicas-moura-dubeux-vence-leilao-e-arremata-othon-palace-hotel\/#primaryimage"},"thumbnailUrl":"https:\/\/brasilnoticias.org\/site\/wp-content\/uploads\/2023\/12\/143915envolvida-em-polemicas-moura-dubeux-vence-leilao-e-arremata-othon-palace-hotel-3.jpg","datePublished":"2023-12-06T08:00:06+00:00","breadcrumb":{"@id":"https:\/\/brasilnoticias.org\/site\/envolvida-em-polemicas-moura-dubeux-vence-leilao-e-arremata-othon-palace-hotel\/#breadcrumb"},"inLanguage":"pt-PT","potentialAction":[{"@type":"ReadAction","target":["https:\/\/brasilnoticias.org\/site\/envolvida-em-polemicas-moura-dubeux-vence-leilao-e-arremata-othon-palace-hotel\/"]}]},{"@type":"ImageObject","inLanguage":"pt-PT","@id":"https:\/\/brasilnoticias.org\/site\/envolvida-em-polemicas-moura-dubeux-vence-leilao-e-arremata-othon-palace-hotel\/#primaryimage","url":"https:\/\/brasilnoticias.org\/site\/wp-content\/uploads\/2023\/12\/143915envolvida-em-polemicas-moura-dubeux-vence-leilao-e-arremata-othon-palace-hotel-3.jpg","contentUrl":"https:\/\/brasilnoticias.org\/site\/wp-content\/uploads\/2023\/12\/143915envolvida-em-polemicas-moura-dubeux-vence-leilao-e-arremata-othon-palace-hotel-3.jpg","width":1600,"height":752},{"@type":"BreadcrumbList","@id":"https:\/\/brasilnoticias.org\/site\/envolvida-em-polemicas-moura-dubeux-vence-leilao-e-arremata-othon-palace-hotel\/#breadcrumb","itemListElement":[{"@type":"ListItem","position":1,"name":"In\u00edcio","item":"https:\/\/brasilnoticias.org\/site\/"},{"@type":"ListItem","position":2,"name":"Envolvida em pol\u00eamicas, Moura Dubeux vence leil\u00e3o e arremata Othon Palace Hotel"}]},{"@type":"WebSite","@id":"https:\/\/brasilnoticias.org\/site\/#website","url":"https:\/\/brasilnoticias.org\/site\/","name":"Brasil not\u00edcias","description":"Brasil not\u00edcias","publisher":{"@id":"https:\/\/brasilnoticias.org\/site\/#organization"},"potentialAction":[{"@type":"SearchAction","target":{"@type":"EntryPoint","urlTemplate":"https:\/\/brasilnoticias.org\/site\/?s={search_term_string}"},"query-input":{"@type":"PropertyValueSpecification","valueRequired":true,"valueName":"search_term_string"}}],"inLanguage":"pt-PT"},{"@type":"Organization","@id":"https:\/\/brasilnoticias.org\/site\/#organization","name":"Brasil not\u00edcias","url":"https:\/\/brasilnoticias.org\/site\/","logo":{"@type":"ImageObject","inLanguage":"pt-PT","@id":"https:\/\/brasilnoticias.org\/site\/#\/schema\/logo\/image\/","url":"https:\/\/brasilnoticias.org\/site\/wp-content\/uploads\/2022\/05\/cropped-brasilnoticias-mini.jpg","contentUrl":"https:\/\/brasilnoticias.org\/site\/wp-content\/uploads\/2022\/05\/cropped-brasilnoticias-mini.jpg","width":314,"height":86,"caption":"Brasil not\u00edcias"},"image":{"@id":"https:\/\/brasilnoticias.org\/site\/#\/schema\/logo\/image\/"}},{"@type":"Person","@id":"https:\/\/brasilnoticias.org\/site\/#\/schema\/person\/03bbbfe6c7634ad18c26444ea39049fa","name":"Reda\u00e7\u00e3o","image":{"@type":"ImageObject","inLanguage":"pt-PT","@id":"https:\/\/brasilnoticias.org\/site\/#\/schema\/person\/image\/","url":"https:\/\/secure.gravatar.com\/avatar\/9ecaf7327a696cb23ad926fedded5f1f04d7049de9e445375d55b48c001a6e42?s=96&d=mm&r=g","contentUrl":"https:\/\/secure.gravatar.com\/avatar\/9ecaf7327a696cb23ad926fedded5f1f04d7049de9e445375d55b48c001a6e42?s=96&d=mm&r=g","caption":"Reda\u00e7\u00e3o"},"url":"https:\/\/brasilnoticias.org\/site\/author\/henrique\/"}]}},"_links":{"self":[{"href":"https:\/\/brasilnoticias.org\/site\/wp-json\/wp\/v2\/posts\/11501","targetHints":{"allow":["GET"]}}],"collection":[{"href":"https:\/\/brasilnoticias.org\/site\/wp-json\/wp\/v2\/posts"}],"about":[{"href":"https:\/\/brasilnoticias.org\/site\/wp-json\/wp\/v2\/types\/post"}],"author":[{"embeddable":true,"href":"https:\/\/brasilnoticias.org\/site\/wp-json\/wp\/v2\/users\/4"}],"replies":[{"embeddable":true,"href":"https:\/\/brasilnoticias.org\/site\/wp-json\/wp\/v2\/comments?post=11501"}],"version-history":[{"count":1,"href":"https:\/\/brasilnoticias.org\/site\/wp-json\/wp\/v2\/posts\/11501\/revisions"}],"predecessor-version":[{"id":11503,"href":"https:\/\/brasilnoticias.org\/site\/wp-json\/wp\/v2\/posts\/11501\/revisions\/11503"}],"wp:featuredmedia":[{"embeddable":true,"href":"https:\/\/brasilnoticias.org\/site\/wp-json\/wp\/v2\/media\/11502"}],"wp:attachment":[{"href":"https:\/\/brasilnoticias.org\/site\/wp-json\/wp\/v2\/media?parent=11501"}],"wp:term":[{"taxonomy":"category","embeddable":true,"href":"https:\/\/brasilnoticias.org\/site\/wp-json\/wp\/v2\/categories?post=11501"},{"taxonomy":"post_tag","embeddable":true,"href":"https:\/\/brasilnoticias.org\/site\/wp-json\/wp\/v2\/tags?post=11501"}],"curies":[{"name":"wp","href":"https:\/\/api.w.org\/{rel}","templated":true}]}}