{"id":1151,"date":"2022-08-14T21:40:55","date_gmt":"2022-08-15T00:40:55","guid":{"rendered":"https:\/\/brasilnoticias.org\/site\/?p=1151"},"modified":"2022-08-14T21:40:55","modified_gmt":"2022-08-15T00:40:55","slug":"policial-militar-e-morto-com-tiro-na-cabeca-durante-abordagem","status":"publish","type":"post","link":"https:\/\/brasilnoticias.org\/site\/policial-militar-e-morto-com-tiro-na-cabeca-durante-abordagem\/","title":{"rendered":"Policial militar \u00e9 morto com tiro na cabe\u00e7a durante abordagem"},"content":{"rendered":"<p>Um sargento da Pol\u00edcia Militar foi morto na manh\u00e3 deste domingo (14) com um tiro na cabe\u00e7a ao tentar abordar um ve\u00edculo. Nelcir de Paula Jacobino tinha 53 anos, deixa esposa e dois filhos. Ele era lotado no 41\u00ba Batalh\u00e3o de Pol\u00edcia Militar de Iraj\u00e1, no Rio de Janeiro, onde o crime aconteceu.<\/p>\n<p>Segundo a Pol\u00edcia Militar, os suspeitos que estavam no ve\u00edculo, modelo Chevrolet Tracker Branco, perceberam que seriam abordados e um deles atirou contra a guarni\u00e7\u00e3o policial. Eles fugiram logo ap\u00f3s os disparos<\/p>\n<p>Ap\u00f3s ser baleado na cabe\u00e7a, o sargento foi socorrido por colegas de profiss\u00e3o e levado at\u00e9 uma unidade de sa\u00fade, mas chegou sem vida. O caso est\u00e1 sendo investigado pela Delegacia de Homic\u00eddios da Capital (DHC).<\/p>\n<p><strong>Salvador<\/strong><\/p>\n<p>Em Salvador,\u00a0<a href=\"https:\/\/www.bnews.com.br\/noticias\/policia\/pm-da-rondesp-e-baleado-durante-confronto-com-suspeitos-em-paredao-em-valeria.html\" target=\"_blank\" rel=\"noopener\">um policial militar da Ronda Especial (Rondesp) foi baleado<\/a>, na tarde deste domingo, durante confronto com suspeitos em um festa tipo pared\u00e3o realizada no bairro de Val\u00e9ria, em Salvador.<\/p>\n<p>De acordo com informa\u00e7\u00f5es da Pol\u00edcia, por volta de 13h20, agentes foram abordar dois homens que estavam em uma moto, momento em que um dos suspeitos sacou uma pistola e atirou contra a guarni\u00e7\u00e3o. Uma troca de tiros teve in\u00edcio e o PM acabou baleado na perna.<\/p>\n<p>O agente foi socorrido por colegas de farda e levado at\u00e9 o Hospital do Sub\u00farbio, onde recebeu os primeiros cuidados m\u00e9dicos. N\u00e3o h\u00e1 informa\u00e7\u00e3o sobre o estado de sa\u00fade dele.<\/p>\n<p>&nbsp;<\/p>\n<p>&nbsp;<\/p>\n<p>&nbsp;<\/p>\n<p>Bnews<\/p>\n","protected":false},"excerpt":{"rendered":"<p>Um sargento da Pol\u00edcia Militar foi morto na manh\u00e3 deste domingo (14) com um tiro na cabe\u00e7a ao tentar abordar<\/p>\n","protected":false},"author":2,"featured_media":1152,"comment_status":"open","ping_status":"open","sticky":false,"template":"","format":"standard","meta":{"colormag_page_container_layout":"default_layout","colormag_page_sidebar_layout":"default_layout","_FSMCFIC_featured_image_caption":"","_FSMCFIC_featured_image_nocaption":"","_FSMCFIC_featured_image_hide":"","footnotes":""},"categories":[3,1],"tags":[],"class_list":["post-1151","post","type-post","status-publish","format-standard","has-post-thumbnail","hentry","category-policia","category-ultimas"],"yoast_head":"<!-- This site is optimized with the Yoast SEO plugin v27.1.1 - https:\/\/yoast.com\/product\/yoast-seo-wordpress\/ -->\n<title>Policial militar \u00e9 morto com tiro na cabe\u00e7a durante abordagem - Brasil not\u00edcias<\/title>\n<meta name=\"robots\" content=\"index, follow, max-snippet:-1, max-image-preview:large, max-video-preview:-1\" \/>\n<link rel=\"canonical\" href=\"https:\/\/brasilnoticias.org\/site\/policial-militar-e-morto-com-tiro-na-cabeca-durante-abordagem\/\" \/>\n<meta property=\"og:locale\" content=\"pt_PT\" \/>\n<meta property=\"og:type\" content=\"article\" \/>\n<meta property=\"og:title\" content=\"Policial militar \u00e9 morto com tiro na cabe\u00e7a durante abordagem - Brasil not\u00edcias\" \/>\n<meta property=\"og:description\" content=\"Um sargento da Pol\u00edcia Militar foi morto na manh\u00e3 deste domingo (14) com um tiro na cabe\u00e7a ao tentar abordar\" \/>\n<meta property=\"og:url\" content=\"https:\/\/brasilnoticias.org\/site\/policial-militar-e-morto-com-tiro-na-cabeca-durante-abordagem\/\" \/>\n<meta property=\"og:site_name\" content=\"Brasil not\u00edcias\" \/>\n<meta property=\"article:published_time\" content=\"2022-08-15T00:40:55+00:00\" \/>\n<meta property=\"og:image\" content=\"https:\/\/brasilnoticias.org\/site\/wp-content\/uploads\/2022\/08\/pm_morto_tiro_cabeca_widelg-2.jpg\" \/>\n\t<meta property=\"og:image:width\" content=\"760\" \/>\n\t<meta property=\"og:image:height\" content=\"380\" \/>\n\t<meta property=\"og:image:type\" content=\"image\/jpeg\" \/>\n<meta name=\"author\" content=\"Reda\u00e7\u00e3o\" \/>\n<meta name=\"twitter:card\" content=\"summary_large_image\" \/>\n<meta name=\"twitter:label1\" content=\"Escrito por\" \/>\n\t<meta name=\"twitter:data1\" content=\"Reda\u00e7\u00e3o\" \/>\n\t<meta name=\"twitter:label2\" content=\"Tempo estimado de leitura\" \/>\n\t<meta name=\"twitter:data2\" content=\"1 minuto\" \/>\n<script type=\"application\/ld+json\" class=\"yoast-schema-graph\">{\"@context\":\"https:\/\/schema.org\",\"@graph\":[{\"@type\":\"Article\",\"@id\":\"https:\/\/brasilnoticias.org\/site\/policial-militar-e-morto-com-tiro-na-cabeca-durante-abordagem\/#article\",\"isPartOf\":{\"@id\":\"https:\/\/brasilnoticias.org\/site\/policial-militar-e-morto-com-tiro-na-cabeca-durante-abordagem\/\"},\"author\":{\"name\":\"Reda\u00e7\u00e3o\",\"@id\":\"https:\/\/brasilnoticias.org\/site\/#\/schema\/person\/f609fa847b5314f1c8b983342f34c798\"},\"headline\":\"Policial militar \u00e9 morto com tiro na cabe\u00e7a durante abordagem\",\"datePublished\":\"2022-08-15T00:40:55+00:00\",\"mainEntityOfPage\":{\"@id\":\"https:\/\/brasilnoticias.org\/site\/policial-militar-e-morto-com-tiro-na-cabeca-durante-abordagem\/\"},\"wordCount\":266,\"commentCount\":0,\"publisher\":{\"@id\":\"https:\/\/brasilnoticias.org\/site\/#organization\"},\"image\":{\"@id\":\"https:\/\/brasilnoticias.org\/site\/policial-militar-e-morto-com-tiro-na-cabeca-durante-abordagem\/#primaryimage\"},\"thumbnailUrl\":\"https:\/\/brasilnoticias.org\/site\/wp-content\/uploads\/2022\/08\/pm_morto_tiro_cabeca_widelg-2.jpg\",\"articleSection\":[\"Pol\u00edcia\",\"\u00daltimas\"],\"inLanguage\":\"pt-PT\",\"potentialAction\":[{\"@type\":\"CommentAction\",\"name\":\"Comment\",\"target\":[\"https:\/\/brasilnoticias.org\/site\/policial-militar-e-morto-com-tiro-na-cabeca-durante-abordagem\/#respond\"]}]},{\"@type\":\"WebPage\",\"@id\":\"https:\/\/brasilnoticias.org\/site\/policial-militar-e-morto-com-tiro-na-cabeca-durante-abordagem\/\",\"url\":\"https:\/\/brasilnoticias.org\/site\/policial-militar-e-morto-com-tiro-na-cabeca-durante-abordagem\/\",\"name\":\"Policial militar \u00e9 morto com tiro na cabe\u00e7a durante abordagem - Brasil not\u00edcias\",\"isPartOf\":{\"@id\":\"https:\/\/brasilnoticias.org\/site\/#website\"},\"primaryImageOfPage\":{\"@id\":\"https:\/\/brasilnoticias.org\/site\/policial-militar-e-morto-com-tiro-na-cabeca-durante-abordagem\/#primaryimage\"},\"image\":{\"@id\":\"https:\/\/brasilnoticias.org\/site\/policial-militar-e-morto-com-tiro-na-cabeca-durante-abordagem\/#primaryimage\"},\"thumbnailUrl\":\"https:\/\/brasilnoticias.org\/site\/wp-content\/uploads\/2022\/08\/pm_morto_tiro_cabeca_widelg-2.jpg\",\"datePublished\":\"2022-08-15T00:40:55+00:00\",\"breadcrumb\":{\"@id\":\"https:\/\/brasilnoticias.org\/site\/policial-militar-e-morto-com-tiro-na-cabeca-durante-abordagem\/#breadcrumb\"},\"inLanguage\":\"pt-PT\",\"potentialAction\":[{\"@type\":\"ReadAction\",\"target\":[\"https:\/\/brasilnoticias.org\/site\/policial-militar-e-morto-com-tiro-na-cabeca-durante-abordagem\/\"]}]},{\"@type\":\"ImageObject\",\"inLanguage\":\"pt-PT\",\"@id\":\"https:\/\/brasilnoticias.org\/site\/policial-militar-e-morto-com-tiro-na-cabeca-durante-abordagem\/#primaryimage\",\"url\":\"https:\/\/brasilnoticias.org\/site\/wp-content\/uploads\/2022\/08\/pm_morto_tiro_cabeca_widelg-2.jpg\",\"contentUrl\":\"https:\/\/brasilnoticias.org\/site\/wp-content\/uploads\/2022\/08\/pm_morto_tiro_cabeca_widelg-2.jpg\",\"width\":760,\"height\":380},{\"@type\":\"BreadcrumbList\",\"@id\":\"https:\/\/brasilnoticias.org\/site\/policial-militar-e-morto-com-tiro-na-cabeca-durante-abordagem\/#breadcrumb\",\"itemListElement\":[{\"@type\":\"ListItem\",\"position\":1,\"name\":\"In\u00edcio\",\"item\":\"https:\/\/brasilnoticias.org\/site\/\"},{\"@type\":\"ListItem\",\"position\":2,\"name\":\"Policial militar \u00e9 morto com tiro na cabe\u00e7a durante abordagem\"}]},{\"@type\":\"WebSite\",\"@id\":\"https:\/\/brasilnoticias.org\/site\/#website\",\"url\":\"https:\/\/brasilnoticias.org\/site\/\",\"name\":\"Brasil not\u00edcias\",\"description\":\"Brasil not\u00edcias\",\"publisher\":{\"@id\":\"https:\/\/brasilnoticias.org\/site\/#organization\"},\"potentialAction\":[{\"@type\":\"SearchAction\",\"target\":{\"@type\":\"EntryPoint\",\"urlTemplate\":\"https:\/\/brasilnoticias.org\/site\/?s={search_term_string}\"},\"query-input\":{\"@type\":\"PropertyValueSpecification\",\"valueRequired\":true,\"valueName\":\"search_term_string\"}}],\"inLanguage\":\"pt-PT\"},{\"@type\":\"Organization\",\"@id\":\"https:\/\/brasilnoticias.org\/site\/#organization\",\"name\":\"Brasil not\u00edcias\",\"url\":\"https:\/\/brasilnoticias.org\/site\/\",\"logo\":{\"@type\":\"ImageObject\",\"inLanguage\":\"pt-PT\",\"@id\":\"https:\/\/brasilnoticias.org\/site\/#\/schema\/logo\/image\/\",\"url\":\"https:\/\/brasilnoticias.org\/site\/wp-content\/uploads\/2022\/05\/cropped-brasilnoticias-mini.jpg\",\"contentUrl\":\"https:\/\/brasilnoticias.org\/site\/wp-content\/uploads\/2022\/05\/cropped-brasilnoticias-mini.jpg\",\"width\":314,\"height\":86,\"caption\":\"Brasil not\u00edcias\"},\"image\":{\"@id\":\"https:\/\/brasilnoticias.org\/site\/#\/schema\/logo\/image\/\"}},{\"@type\":\"Person\",\"@id\":\"https:\/\/brasilnoticias.org\/site\/#\/schema\/person\/f609fa847b5314f1c8b983342f34c798\",\"name\":\"Reda\u00e7\u00e3o\",\"image\":{\"@type\":\"ImageObject\",\"inLanguage\":\"pt-PT\",\"@id\":\"https:\/\/brasilnoticias.org\/site\/#\/schema\/person\/image\/\",\"url\":\"https:\/\/secure.gravatar.com\/avatar\/447284c06c1ad8b46465a36de9cd0d8326b73387a22799b8b1ffb1fbcff2ed0c?s=96&d=mm&r=g\",\"contentUrl\":\"https:\/\/secure.gravatar.com\/avatar\/447284c06c1ad8b46465a36de9cd0d8326b73387a22799b8b1ffb1fbcff2ed0c?s=96&d=mm&r=g\",\"caption\":\"Reda\u00e7\u00e3o\"},\"url\":\"https:\/\/brasilnoticias.org\/site\/author\/redacao\/\"}]}<\/script>\n<!-- \/ Yoast SEO plugin. -->","yoast_head_json":{"title":"Policial militar \u00e9 morto com tiro na cabe\u00e7a durante abordagem - Brasil not\u00edcias","robots":{"index":"index","follow":"follow","max-snippet":"max-snippet:-1","max-image-preview":"max-image-preview:large","max-video-preview":"max-video-preview:-1"},"canonical":"https:\/\/brasilnoticias.org\/site\/policial-militar-e-morto-com-tiro-na-cabeca-durante-abordagem\/","og_locale":"pt_PT","og_type":"article","og_title":"Policial militar \u00e9 morto com tiro na cabe\u00e7a durante abordagem - Brasil not\u00edcias","og_description":"Um sargento da Pol\u00edcia Militar foi morto na manh\u00e3 deste domingo (14) com um tiro na cabe\u00e7a ao tentar abordar","og_url":"https:\/\/brasilnoticias.org\/site\/policial-militar-e-morto-com-tiro-na-cabeca-durante-abordagem\/","og_site_name":"Brasil not\u00edcias","article_published_time":"2022-08-15T00:40:55+00:00","og_image":[{"width":760,"height":380,"url":"https:\/\/brasilnoticias.org\/site\/wp-content\/uploads\/2022\/08\/pm_morto_tiro_cabeca_widelg-2.jpg","type":"image\/jpeg"}],"author":"Reda\u00e7\u00e3o","twitter_card":"summary_large_image","twitter_misc":{"Escrito por":"Reda\u00e7\u00e3o","Tempo estimado de leitura":"1 minuto"},"schema":{"@context":"https:\/\/schema.org","@graph":[{"@type":"Article","@id":"https:\/\/brasilnoticias.org\/site\/policial-militar-e-morto-com-tiro-na-cabeca-durante-abordagem\/#article","isPartOf":{"@id":"https:\/\/brasilnoticias.org\/site\/policial-militar-e-morto-com-tiro-na-cabeca-durante-abordagem\/"},"author":{"name":"Reda\u00e7\u00e3o","@id":"https:\/\/brasilnoticias.org\/site\/#\/schema\/person\/f609fa847b5314f1c8b983342f34c798"},"headline":"Policial militar \u00e9 morto com tiro na cabe\u00e7a durante abordagem","datePublished":"2022-08-15T00:40:55+00:00","mainEntityOfPage":{"@id":"https:\/\/brasilnoticias.org\/site\/policial-militar-e-morto-com-tiro-na-cabeca-durante-abordagem\/"},"wordCount":266,"commentCount":0,"publisher":{"@id":"https:\/\/brasilnoticias.org\/site\/#organization"},"image":{"@id":"https:\/\/brasilnoticias.org\/site\/policial-militar-e-morto-com-tiro-na-cabeca-durante-abordagem\/#primaryimage"},"thumbnailUrl":"https:\/\/brasilnoticias.org\/site\/wp-content\/uploads\/2022\/08\/pm_morto_tiro_cabeca_widelg-2.jpg","articleSection":["Pol\u00edcia","\u00daltimas"],"inLanguage":"pt-PT","potentialAction":[{"@type":"CommentAction","name":"Comment","target":["https:\/\/brasilnoticias.org\/site\/policial-militar-e-morto-com-tiro-na-cabeca-durante-abordagem\/#respond"]}]},{"@type":"WebPage","@id":"https:\/\/brasilnoticias.org\/site\/policial-militar-e-morto-com-tiro-na-cabeca-durante-abordagem\/","url":"https:\/\/brasilnoticias.org\/site\/policial-militar-e-morto-com-tiro-na-cabeca-durante-abordagem\/","name":"Policial militar \u00e9 morto com tiro na cabe\u00e7a durante abordagem - Brasil not\u00edcias","isPartOf":{"@id":"https:\/\/brasilnoticias.org\/site\/#website"},"primaryImageOfPage":{"@id":"https:\/\/brasilnoticias.org\/site\/policial-militar-e-morto-com-tiro-na-cabeca-durante-abordagem\/#primaryimage"},"image":{"@id":"https:\/\/brasilnoticias.org\/site\/policial-militar-e-morto-com-tiro-na-cabeca-durante-abordagem\/#primaryimage"},"thumbnailUrl":"https:\/\/brasilnoticias.org\/site\/wp-content\/uploads\/2022\/08\/pm_morto_tiro_cabeca_widelg-2.jpg","datePublished":"2022-08-15T00:40:55+00:00","breadcrumb":{"@id":"https:\/\/brasilnoticias.org\/site\/policial-militar-e-morto-com-tiro-na-cabeca-durante-abordagem\/#breadcrumb"},"inLanguage":"pt-PT","potentialAction":[{"@type":"ReadAction","target":["https:\/\/brasilnoticias.org\/site\/policial-militar-e-morto-com-tiro-na-cabeca-durante-abordagem\/"]}]},{"@type":"ImageObject","inLanguage":"pt-PT","@id":"https:\/\/brasilnoticias.org\/site\/policial-militar-e-morto-com-tiro-na-cabeca-durante-abordagem\/#primaryimage","url":"https:\/\/brasilnoticias.org\/site\/wp-content\/uploads\/2022\/08\/pm_morto_tiro_cabeca_widelg-2.jpg","contentUrl":"https:\/\/brasilnoticias.org\/site\/wp-content\/uploads\/2022\/08\/pm_morto_tiro_cabeca_widelg-2.jpg","width":760,"height":380},{"@type":"BreadcrumbList","@id":"https:\/\/brasilnoticias.org\/site\/policial-militar-e-morto-com-tiro-na-cabeca-durante-abordagem\/#breadcrumb","itemListElement":[{"@type":"ListItem","position":1,"name":"In\u00edcio","item":"https:\/\/brasilnoticias.org\/site\/"},{"@type":"ListItem","position":2,"name":"Policial militar \u00e9 morto com tiro na cabe\u00e7a durante abordagem"}]},{"@type":"WebSite","@id":"https:\/\/brasilnoticias.org\/site\/#website","url":"https:\/\/brasilnoticias.org\/site\/","name":"Brasil not\u00edcias","description":"Brasil not\u00edcias","publisher":{"@id":"https:\/\/brasilnoticias.org\/site\/#organization"},"potentialAction":[{"@type":"SearchAction","target":{"@type":"EntryPoint","urlTemplate":"https:\/\/brasilnoticias.org\/site\/?s={search_term_string}"},"query-input":{"@type":"PropertyValueSpecification","valueRequired":true,"valueName":"search_term_string"}}],"inLanguage":"pt-PT"},{"@type":"Organization","@id":"https:\/\/brasilnoticias.org\/site\/#organization","name":"Brasil not\u00edcias","url":"https:\/\/brasilnoticias.org\/site\/","logo":{"@type":"ImageObject","inLanguage":"pt-PT","@id":"https:\/\/brasilnoticias.org\/site\/#\/schema\/logo\/image\/","url":"https:\/\/brasilnoticias.org\/site\/wp-content\/uploads\/2022\/05\/cropped-brasilnoticias-mini.jpg","contentUrl":"https:\/\/brasilnoticias.org\/site\/wp-content\/uploads\/2022\/05\/cropped-brasilnoticias-mini.jpg","width":314,"height":86,"caption":"Brasil not\u00edcias"},"image":{"@id":"https:\/\/brasilnoticias.org\/site\/#\/schema\/logo\/image\/"}},{"@type":"Person","@id":"https:\/\/brasilnoticias.org\/site\/#\/schema\/person\/f609fa847b5314f1c8b983342f34c798","name":"Reda\u00e7\u00e3o","image":{"@type":"ImageObject","inLanguage":"pt-PT","@id":"https:\/\/brasilnoticias.org\/site\/#\/schema\/person\/image\/","url":"https:\/\/secure.gravatar.com\/avatar\/447284c06c1ad8b46465a36de9cd0d8326b73387a22799b8b1ffb1fbcff2ed0c?s=96&d=mm&r=g","contentUrl":"https:\/\/secure.gravatar.com\/avatar\/447284c06c1ad8b46465a36de9cd0d8326b73387a22799b8b1ffb1fbcff2ed0c?s=96&d=mm&r=g","caption":"Reda\u00e7\u00e3o"},"url":"https:\/\/brasilnoticias.org\/site\/author\/redacao\/"}]}},"_links":{"self":[{"href":"https:\/\/brasilnoticias.org\/site\/wp-json\/wp\/v2\/posts\/1151","targetHints":{"allow":["GET"]}}],"collection":[{"href":"https:\/\/brasilnoticias.org\/site\/wp-json\/wp\/v2\/posts"}],"about":[{"href":"https:\/\/brasilnoticias.org\/site\/wp-json\/wp\/v2\/types\/post"}],"author":[{"embeddable":true,"href":"https:\/\/brasilnoticias.org\/site\/wp-json\/wp\/v2\/users\/2"}],"replies":[{"embeddable":true,"href":"https:\/\/brasilnoticias.org\/site\/wp-json\/wp\/v2\/comments?post=1151"}],"version-history":[{"count":1,"href":"https:\/\/brasilnoticias.org\/site\/wp-json\/wp\/v2\/posts\/1151\/revisions"}],"predecessor-version":[{"id":1153,"href":"https:\/\/brasilnoticias.org\/site\/wp-json\/wp\/v2\/posts\/1151\/revisions\/1153"}],"wp:featuredmedia":[{"embeddable":true,"href":"https:\/\/brasilnoticias.org\/site\/wp-json\/wp\/v2\/media\/1152"}],"wp:attachment":[{"href":"https:\/\/brasilnoticias.org\/site\/wp-json\/wp\/v2\/media?parent=1151"}],"wp:term":[{"taxonomy":"category","embeddable":true,"href":"https:\/\/brasilnoticias.org\/site\/wp-json\/wp\/v2\/categories?post=1151"},{"taxonomy":"post_tag","embeddable":true,"href":"https:\/\/brasilnoticias.org\/site\/wp-json\/wp\/v2\/tags?post=1151"}],"curies":[{"name":"wp","href":"https:\/\/api.w.org\/{rel}","templated":true}]}}