{"id":11516,"date":"2023-12-06T09:00:54","date_gmt":"2023-12-06T12:00:54","guid":{"rendered":"https:\/\/brasilnoticias.org\/site\/?p=11516"},"modified":"2023-12-05T22:20:02","modified_gmt":"2023-12-06T01:20:02","slug":"justica-acata-denuncia-do-mpf-contra-ex-prefeito-de-pilao-arcado-por-corrupcao","status":"publish","type":"post","link":"https:\/\/brasilnoticias.org\/site\/justica-acata-denuncia-do-mpf-contra-ex-prefeito-de-pilao-arcado-por-corrupcao\/","title":{"rendered":"Justi\u00e7a acata den\u00fancia do MPF contra ex-prefeito de Pil\u00e3o Arcado por corrup\u00e7\u00e3o"},"content":{"rendered":"<p>O inqu\u00e9rito investiga a contrata\u00e7\u00e3o da empresa Topflex Transporte Limpeza e Servi\u00e7os no valor de R$ 5,3 milh\u00f5es para execu\u00e7\u00e3o do servi\u00e7o de transporte escolar<\/p>\n<p>A Justi\u00e7a Federal acolheu a den\u00fancia do Minist\u00e9rio P\u00fablico Federal (MPF) contra o ex-prefeito de Pil\u00e3o Arcado, Manoel Afonso Mangueira, por corrup\u00e7\u00e3o passiva no \u00e2mbito da Opera\u00e7\u00e3o Offerus realizada pela Pol\u00edcia Federal.<\/p>\n<p>O inqu\u00e9rito investiga a contrata\u00e7\u00e3o da empresa Topflex Transporte Limpeza e Servi\u00e7os no valor de R$ 5,3 milh\u00f5es para execu\u00e7\u00e3o do servi\u00e7o de transporte escolar, com valores oriundos do Fundeb\/Pnate em 2017. Segundo a pe\u00e7a, Manoel Afonso Mangueira teria recebido \u201cvantagem indevida\u201d de R$ 50 mil a t\u00edtulo de propina do propriet\u00e1rio da empresa contratada.<\/p>\n<p>Na decis\u00e3o, o juiz federal Thiago Queiroz Oliveira diz que deve ser deflagrada uma a\u00e7\u00e3o penal, uma vez que o fato narrado pelo MPF configura il\u00edcitos de ordem criminal. \u201cAl\u00e9m disso, pode ser detectado um m\u00ednimo de prova da materialidade e ind\u00edcios suficientes de autoria, consistentes na documenta\u00e7\u00e3o acostada nos autos, em especial ao laudo pericial e nota t\u00e9cnica da CGU\u201d, descreve o magistrado.<\/p>\n<p>A den\u00fancia aponta ainda que foi encontrado um v\u00eddeo gravado por um dos denunciados e que per\u00edcia concluiu que a voz do interlocutor que recebia a propina era do ex-prefeito Manoel Afonso.<\/p>\n<p>O MPF tamb\u00e9m cita um parecer t\u00e9cnico da CGU com uma s\u00e9rie de irregularidades no procedimento de licita\u00e7\u00e3o, destacando desde a aus\u00eancia de or\u00e7amento de refer\u00eancia, discrep\u00e2ncia entre o valor das propostas apresentadas pelas licitantes e valor final do contrato, bem como exig\u00eancias de habilita\u00e7\u00e3o ilegais e restritivas com limita\u00e7\u00e3o da participa\u00e7\u00e3o de interessados onde \u00e9 poss\u00edvel concluir houve fraude licitat\u00f3ria.<\/p>\n<p>Foto: Divulga\u00e7\u00e3o<br \/>\nAratu On<\/p>\n","protected":false},"excerpt":{"rendered":"<p>O inqu\u00e9rito investiga a contrata\u00e7\u00e3o da empresa Topflex Transporte Limpeza e Servi\u00e7os no valor de R$ 5,3 milh\u00f5es para execu\u00e7\u00e3o<\/p>\n","protected":false},"author":4,"featured_media":11517,"comment_status":"open","ping_status":"open","sticky":false,"template":"","format":"standard","meta":{"colormag_page_container_layout":"default_layout","colormag_page_sidebar_layout":"default_layout","_FSMCFIC_featured_image_caption":"","_FSMCFIC_featured_image_nocaption":"","_FSMCFIC_featured_image_hide":"","footnotes":""},"categories":[7,1],"tags":[],"class_list":["post-11516","post","type-post","status-publish","format-standard","has-post-thumbnail","hentry","category-justica","category-ultimas"],"yoast_head":"<!-- This site is optimized with the Yoast SEO plugin v27.1.1 - https:\/\/yoast.com\/product\/yoast-seo-wordpress\/ -->\n<title>Justi\u00e7a acata den\u00fancia do MPF contra ex-prefeito de Pil\u00e3o Arcado por corrup\u00e7\u00e3o - Brasil not\u00edcias<\/title>\n<meta name=\"robots\" content=\"index, follow, max-snippet:-1, max-image-preview:large, max-video-preview:-1\" \/>\n<link rel=\"canonical\" href=\"https:\/\/brasilnoticias.org\/site\/justica-acata-denuncia-do-mpf-contra-ex-prefeito-de-pilao-arcado-por-corrupcao\/\" \/>\n<meta property=\"og:locale\" content=\"pt_PT\" \/>\n<meta property=\"og:type\" content=\"article\" \/>\n<meta property=\"og:title\" content=\"Justi\u00e7a acata den\u00fancia do MPF contra ex-prefeito de Pil\u00e3o Arcado por corrup\u00e7\u00e3o - Brasil not\u00edcias\" \/>\n<meta property=\"og:description\" content=\"O inqu\u00e9rito investiga a contrata\u00e7\u00e3o da empresa Topflex Transporte Limpeza e Servi\u00e7os no valor de R$ 5,3 milh\u00f5es para execu\u00e7\u00e3o\" \/>\n<meta property=\"og:url\" content=\"https:\/\/brasilnoticias.org\/site\/justica-acata-denuncia-do-mpf-contra-ex-prefeito-de-pilao-arcado-por-corrupcao\/\" \/>\n<meta property=\"og:site_name\" content=\"Brasil not\u00edcias\" \/>\n<meta property=\"article:published_time\" content=\"2023-12-06T12:00:54+00:00\" \/>\n<meta property=\"og:image\" content=\"https:\/\/brasilnoticias.org\/site\/wp-content\/uploads\/2023\/12\/e73b6046-a9e4-4540-bfda-1794e6af7b67.jpeg\" \/>\n\t<meta property=\"og:image:width\" content=\"739\" \/>\n\t<meta property=\"og:image:height\" content=\"415\" \/>\n\t<meta property=\"og:image:type\" content=\"image\/jpeg\" \/>\n<meta name=\"author\" content=\"Reda\u00e7\u00e3o\" \/>\n<meta name=\"twitter:card\" content=\"summary_large_image\" \/>\n<meta name=\"twitter:label1\" content=\"Escrito por\" \/>\n\t<meta name=\"twitter:data1\" content=\"Reda\u00e7\u00e3o\" \/>\n<script type=\"application\/ld+json\" class=\"yoast-schema-graph\">{\"@context\":\"https:\/\/schema.org\",\"@graph\":[{\"@type\":\"Article\",\"@id\":\"https:\/\/brasilnoticias.org\/site\/justica-acata-denuncia-do-mpf-contra-ex-prefeito-de-pilao-arcado-por-corrupcao\/#article\",\"isPartOf\":{\"@id\":\"https:\/\/brasilnoticias.org\/site\/justica-acata-denuncia-do-mpf-contra-ex-prefeito-de-pilao-arcado-por-corrupcao\/\"},\"author\":{\"name\":\"Reda\u00e7\u00e3o\",\"@id\":\"https:\/\/brasilnoticias.org\/site\/#\/schema\/person\/03bbbfe6c7634ad18c26444ea39049fa\"},\"headline\":\"Justi\u00e7a acata den\u00fancia do MPF contra ex-prefeito de Pil\u00e3o Arcado por corrup\u00e7\u00e3o\",\"datePublished\":\"2023-12-06T12:00:54+00:00\",\"mainEntityOfPage\":{\"@id\":\"https:\/\/brasilnoticias.org\/site\/justica-acata-denuncia-do-mpf-contra-ex-prefeito-de-pilao-arcado-por-corrupcao\/\"},\"wordCount\":334,\"commentCount\":0,\"publisher\":{\"@id\":\"https:\/\/brasilnoticias.org\/site\/#organization\"},\"image\":{\"@id\":\"https:\/\/brasilnoticias.org\/site\/justica-acata-denuncia-do-mpf-contra-ex-prefeito-de-pilao-arcado-por-corrupcao\/#primaryimage\"},\"thumbnailUrl\":\"https:\/\/brasilnoticias.org\/site\/wp-content\/uploads\/2023\/12\/e73b6046-a9e4-4540-bfda-1794e6af7b67.jpeg\",\"articleSection\":[\"Justi\u00e7a\",\"\u00daltimas\"],\"inLanguage\":\"pt-PT\",\"potentialAction\":[{\"@type\":\"CommentAction\",\"name\":\"Comment\",\"target\":[\"https:\/\/brasilnoticias.org\/site\/justica-acata-denuncia-do-mpf-contra-ex-prefeito-de-pilao-arcado-por-corrupcao\/#respond\"]}]},{\"@type\":\"WebPage\",\"@id\":\"https:\/\/brasilnoticias.org\/site\/justica-acata-denuncia-do-mpf-contra-ex-prefeito-de-pilao-arcado-por-corrupcao\/\",\"url\":\"https:\/\/brasilnoticias.org\/site\/justica-acata-denuncia-do-mpf-contra-ex-prefeito-de-pilao-arcado-por-corrupcao\/\",\"name\":\"Justi\u00e7a acata den\u00fancia do MPF contra ex-prefeito de Pil\u00e3o Arcado por corrup\u00e7\u00e3o - Brasil not\u00edcias\",\"isPartOf\":{\"@id\":\"https:\/\/brasilnoticias.org\/site\/#website\"},\"primaryImageOfPage\":{\"@id\":\"https:\/\/brasilnoticias.org\/site\/justica-acata-denuncia-do-mpf-contra-ex-prefeito-de-pilao-arcado-por-corrupcao\/#primaryimage\"},\"image\":{\"@id\":\"https:\/\/brasilnoticias.org\/site\/justica-acata-denuncia-do-mpf-contra-ex-prefeito-de-pilao-arcado-por-corrupcao\/#primaryimage\"},\"thumbnailUrl\":\"https:\/\/brasilnoticias.org\/site\/wp-content\/uploads\/2023\/12\/e73b6046-a9e4-4540-bfda-1794e6af7b67.jpeg\",\"datePublished\":\"2023-12-06T12:00:54+00:00\",\"breadcrumb\":{\"@id\":\"https:\/\/brasilnoticias.org\/site\/justica-acata-denuncia-do-mpf-contra-ex-prefeito-de-pilao-arcado-por-corrupcao\/#breadcrumb\"},\"inLanguage\":\"pt-PT\",\"potentialAction\":[{\"@type\":\"ReadAction\",\"target\":[\"https:\/\/brasilnoticias.org\/site\/justica-acata-denuncia-do-mpf-contra-ex-prefeito-de-pilao-arcado-por-corrupcao\/\"]}]},{\"@type\":\"ImageObject\",\"inLanguage\":\"pt-PT\",\"@id\":\"https:\/\/brasilnoticias.org\/site\/justica-acata-denuncia-do-mpf-contra-ex-prefeito-de-pilao-arcado-por-corrupcao\/#primaryimage\",\"url\":\"https:\/\/brasilnoticias.org\/site\/wp-content\/uploads\/2023\/12\/e73b6046-a9e4-4540-bfda-1794e6af7b67.jpeg\",\"contentUrl\":\"https:\/\/brasilnoticias.org\/site\/wp-content\/uploads\/2023\/12\/e73b6046-a9e4-4540-bfda-1794e6af7b67.jpeg\",\"width\":739,\"height\":415},{\"@type\":\"BreadcrumbList\",\"@id\":\"https:\/\/brasilnoticias.org\/site\/justica-acata-denuncia-do-mpf-contra-ex-prefeito-de-pilao-arcado-por-corrupcao\/#breadcrumb\",\"itemListElement\":[{\"@type\":\"ListItem\",\"position\":1,\"name\":\"In\u00edcio\",\"item\":\"https:\/\/brasilnoticias.org\/site\/\"},{\"@type\":\"ListItem\",\"position\":2,\"name\":\"Justi\u00e7a acata den\u00fancia do MPF contra ex-prefeito de Pil\u00e3o Arcado por corrup\u00e7\u00e3o\"}]},{\"@type\":\"WebSite\",\"@id\":\"https:\/\/brasilnoticias.org\/site\/#website\",\"url\":\"https:\/\/brasilnoticias.org\/site\/\",\"name\":\"Brasil not\u00edcias\",\"description\":\"Brasil not\u00edcias\",\"publisher\":{\"@id\":\"https:\/\/brasilnoticias.org\/site\/#organization\"},\"potentialAction\":[{\"@type\":\"SearchAction\",\"target\":{\"@type\":\"EntryPoint\",\"urlTemplate\":\"https:\/\/brasilnoticias.org\/site\/?s={search_term_string}\"},\"query-input\":{\"@type\":\"PropertyValueSpecification\",\"valueRequired\":true,\"valueName\":\"search_term_string\"}}],\"inLanguage\":\"pt-PT\"},{\"@type\":\"Organization\",\"@id\":\"https:\/\/brasilnoticias.org\/site\/#organization\",\"name\":\"Brasil not\u00edcias\",\"url\":\"https:\/\/brasilnoticias.org\/site\/\",\"logo\":{\"@type\":\"ImageObject\",\"inLanguage\":\"pt-PT\",\"@id\":\"https:\/\/brasilnoticias.org\/site\/#\/schema\/logo\/image\/\",\"url\":\"https:\/\/brasilnoticias.org\/site\/wp-content\/uploads\/2022\/05\/cropped-brasilnoticias-mini.jpg\",\"contentUrl\":\"https:\/\/brasilnoticias.org\/site\/wp-content\/uploads\/2022\/05\/cropped-brasilnoticias-mini.jpg\",\"width\":314,\"height\":86,\"caption\":\"Brasil not\u00edcias\"},\"image\":{\"@id\":\"https:\/\/brasilnoticias.org\/site\/#\/schema\/logo\/image\/\"}},{\"@type\":\"Person\",\"@id\":\"https:\/\/brasilnoticias.org\/site\/#\/schema\/person\/03bbbfe6c7634ad18c26444ea39049fa\",\"name\":\"Reda\u00e7\u00e3o\",\"image\":{\"@type\":\"ImageObject\",\"inLanguage\":\"pt-PT\",\"@id\":\"https:\/\/brasilnoticias.org\/site\/#\/schema\/person\/image\/\",\"url\":\"https:\/\/secure.gravatar.com\/avatar\/9ecaf7327a696cb23ad926fedded5f1f04d7049de9e445375d55b48c001a6e42?s=96&d=mm&r=g\",\"contentUrl\":\"https:\/\/secure.gravatar.com\/avatar\/9ecaf7327a696cb23ad926fedded5f1f04d7049de9e445375d55b48c001a6e42?s=96&d=mm&r=g\",\"caption\":\"Reda\u00e7\u00e3o\"},\"url\":\"https:\/\/brasilnoticias.org\/site\/author\/henrique\/\"}]}<\/script>\n<!-- \/ Yoast SEO plugin. -->","yoast_head_json":{"title":"Justi\u00e7a acata den\u00fancia do MPF contra ex-prefeito de Pil\u00e3o Arcado por corrup\u00e7\u00e3o - Brasil not\u00edcias","robots":{"index":"index","follow":"follow","max-snippet":"max-snippet:-1","max-image-preview":"max-image-preview:large","max-video-preview":"max-video-preview:-1"},"canonical":"https:\/\/brasilnoticias.org\/site\/justica-acata-denuncia-do-mpf-contra-ex-prefeito-de-pilao-arcado-por-corrupcao\/","og_locale":"pt_PT","og_type":"article","og_title":"Justi\u00e7a acata den\u00fancia do MPF contra ex-prefeito de Pil\u00e3o Arcado por corrup\u00e7\u00e3o - Brasil not\u00edcias","og_description":"O inqu\u00e9rito investiga a contrata\u00e7\u00e3o da empresa Topflex Transporte Limpeza e Servi\u00e7os no valor de R$ 5,3 milh\u00f5es para execu\u00e7\u00e3o","og_url":"https:\/\/brasilnoticias.org\/site\/justica-acata-denuncia-do-mpf-contra-ex-prefeito-de-pilao-arcado-por-corrupcao\/","og_site_name":"Brasil not\u00edcias","article_published_time":"2023-12-06T12:00:54+00:00","og_image":[{"width":739,"height":415,"url":"https:\/\/brasilnoticias.org\/site\/wp-content\/uploads\/2023\/12\/e73b6046-a9e4-4540-bfda-1794e6af7b67.jpeg","type":"image\/jpeg"}],"author":"Reda\u00e7\u00e3o","twitter_card":"summary_large_image","twitter_misc":{"Escrito por":"Reda\u00e7\u00e3o"},"schema":{"@context":"https:\/\/schema.org","@graph":[{"@type":"Article","@id":"https:\/\/brasilnoticias.org\/site\/justica-acata-denuncia-do-mpf-contra-ex-prefeito-de-pilao-arcado-por-corrupcao\/#article","isPartOf":{"@id":"https:\/\/brasilnoticias.org\/site\/justica-acata-denuncia-do-mpf-contra-ex-prefeito-de-pilao-arcado-por-corrupcao\/"},"author":{"name":"Reda\u00e7\u00e3o","@id":"https:\/\/brasilnoticias.org\/site\/#\/schema\/person\/03bbbfe6c7634ad18c26444ea39049fa"},"headline":"Justi\u00e7a acata den\u00fancia do MPF contra ex-prefeito de Pil\u00e3o Arcado por corrup\u00e7\u00e3o","datePublished":"2023-12-06T12:00:54+00:00","mainEntityOfPage":{"@id":"https:\/\/brasilnoticias.org\/site\/justica-acata-denuncia-do-mpf-contra-ex-prefeito-de-pilao-arcado-por-corrupcao\/"},"wordCount":334,"commentCount":0,"publisher":{"@id":"https:\/\/brasilnoticias.org\/site\/#organization"},"image":{"@id":"https:\/\/brasilnoticias.org\/site\/justica-acata-denuncia-do-mpf-contra-ex-prefeito-de-pilao-arcado-por-corrupcao\/#primaryimage"},"thumbnailUrl":"https:\/\/brasilnoticias.org\/site\/wp-content\/uploads\/2023\/12\/e73b6046-a9e4-4540-bfda-1794e6af7b67.jpeg","articleSection":["Justi\u00e7a","\u00daltimas"],"inLanguage":"pt-PT","potentialAction":[{"@type":"CommentAction","name":"Comment","target":["https:\/\/brasilnoticias.org\/site\/justica-acata-denuncia-do-mpf-contra-ex-prefeito-de-pilao-arcado-por-corrupcao\/#respond"]}]},{"@type":"WebPage","@id":"https:\/\/brasilnoticias.org\/site\/justica-acata-denuncia-do-mpf-contra-ex-prefeito-de-pilao-arcado-por-corrupcao\/","url":"https:\/\/brasilnoticias.org\/site\/justica-acata-denuncia-do-mpf-contra-ex-prefeito-de-pilao-arcado-por-corrupcao\/","name":"Justi\u00e7a acata den\u00fancia do MPF contra ex-prefeito de Pil\u00e3o Arcado por corrup\u00e7\u00e3o - Brasil not\u00edcias","isPartOf":{"@id":"https:\/\/brasilnoticias.org\/site\/#website"},"primaryImageOfPage":{"@id":"https:\/\/brasilnoticias.org\/site\/justica-acata-denuncia-do-mpf-contra-ex-prefeito-de-pilao-arcado-por-corrupcao\/#primaryimage"},"image":{"@id":"https:\/\/brasilnoticias.org\/site\/justica-acata-denuncia-do-mpf-contra-ex-prefeito-de-pilao-arcado-por-corrupcao\/#primaryimage"},"thumbnailUrl":"https:\/\/brasilnoticias.org\/site\/wp-content\/uploads\/2023\/12\/e73b6046-a9e4-4540-bfda-1794e6af7b67.jpeg","datePublished":"2023-12-06T12:00:54+00:00","breadcrumb":{"@id":"https:\/\/brasilnoticias.org\/site\/justica-acata-denuncia-do-mpf-contra-ex-prefeito-de-pilao-arcado-por-corrupcao\/#breadcrumb"},"inLanguage":"pt-PT","potentialAction":[{"@type":"ReadAction","target":["https:\/\/brasilnoticias.org\/site\/justica-acata-denuncia-do-mpf-contra-ex-prefeito-de-pilao-arcado-por-corrupcao\/"]}]},{"@type":"ImageObject","inLanguage":"pt-PT","@id":"https:\/\/brasilnoticias.org\/site\/justica-acata-denuncia-do-mpf-contra-ex-prefeito-de-pilao-arcado-por-corrupcao\/#primaryimage","url":"https:\/\/brasilnoticias.org\/site\/wp-content\/uploads\/2023\/12\/e73b6046-a9e4-4540-bfda-1794e6af7b67.jpeg","contentUrl":"https:\/\/brasilnoticias.org\/site\/wp-content\/uploads\/2023\/12\/e73b6046-a9e4-4540-bfda-1794e6af7b67.jpeg","width":739,"height":415},{"@type":"BreadcrumbList","@id":"https:\/\/brasilnoticias.org\/site\/justica-acata-denuncia-do-mpf-contra-ex-prefeito-de-pilao-arcado-por-corrupcao\/#breadcrumb","itemListElement":[{"@type":"ListItem","position":1,"name":"In\u00edcio","item":"https:\/\/brasilnoticias.org\/site\/"},{"@type":"ListItem","position":2,"name":"Justi\u00e7a acata den\u00fancia do MPF contra ex-prefeito de Pil\u00e3o Arcado por corrup\u00e7\u00e3o"}]},{"@type":"WebSite","@id":"https:\/\/brasilnoticias.org\/site\/#website","url":"https:\/\/brasilnoticias.org\/site\/","name":"Brasil not\u00edcias","description":"Brasil not\u00edcias","publisher":{"@id":"https:\/\/brasilnoticias.org\/site\/#organization"},"potentialAction":[{"@type":"SearchAction","target":{"@type":"EntryPoint","urlTemplate":"https:\/\/brasilnoticias.org\/site\/?s={search_term_string}"},"query-input":{"@type":"PropertyValueSpecification","valueRequired":true,"valueName":"search_term_string"}}],"inLanguage":"pt-PT"},{"@type":"Organization","@id":"https:\/\/brasilnoticias.org\/site\/#organization","name":"Brasil not\u00edcias","url":"https:\/\/brasilnoticias.org\/site\/","logo":{"@type":"ImageObject","inLanguage":"pt-PT","@id":"https:\/\/brasilnoticias.org\/site\/#\/schema\/logo\/image\/","url":"https:\/\/brasilnoticias.org\/site\/wp-content\/uploads\/2022\/05\/cropped-brasilnoticias-mini.jpg","contentUrl":"https:\/\/brasilnoticias.org\/site\/wp-content\/uploads\/2022\/05\/cropped-brasilnoticias-mini.jpg","width":314,"height":86,"caption":"Brasil not\u00edcias"},"image":{"@id":"https:\/\/brasilnoticias.org\/site\/#\/schema\/logo\/image\/"}},{"@type":"Person","@id":"https:\/\/brasilnoticias.org\/site\/#\/schema\/person\/03bbbfe6c7634ad18c26444ea39049fa","name":"Reda\u00e7\u00e3o","image":{"@type":"ImageObject","inLanguage":"pt-PT","@id":"https:\/\/brasilnoticias.org\/site\/#\/schema\/person\/image\/","url":"https:\/\/secure.gravatar.com\/avatar\/9ecaf7327a696cb23ad926fedded5f1f04d7049de9e445375d55b48c001a6e42?s=96&d=mm&r=g","contentUrl":"https:\/\/secure.gravatar.com\/avatar\/9ecaf7327a696cb23ad926fedded5f1f04d7049de9e445375d55b48c001a6e42?s=96&d=mm&r=g","caption":"Reda\u00e7\u00e3o"},"url":"https:\/\/brasilnoticias.org\/site\/author\/henrique\/"}]}},"_links":{"self":[{"href":"https:\/\/brasilnoticias.org\/site\/wp-json\/wp\/v2\/posts\/11516","targetHints":{"allow":["GET"]}}],"collection":[{"href":"https:\/\/brasilnoticias.org\/site\/wp-json\/wp\/v2\/posts"}],"about":[{"href":"https:\/\/brasilnoticias.org\/site\/wp-json\/wp\/v2\/types\/post"}],"author":[{"embeddable":true,"href":"https:\/\/brasilnoticias.org\/site\/wp-json\/wp\/v2\/users\/4"}],"replies":[{"embeddable":true,"href":"https:\/\/brasilnoticias.org\/site\/wp-json\/wp\/v2\/comments?post=11516"}],"version-history":[{"count":1,"href":"https:\/\/brasilnoticias.org\/site\/wp-json\/wp\/v2\/posts\/11516\/revisions"}],"predecessor-version":[{"id":11518,"href":"https:\/\/brasilnoticias.org\/site\/wp-json\/wp\/v2\/posts\/11516\/revisions\/11518"}],"wp:featuredmedia":[{"embeddable":true,"href":"https:\/\/brasilnoticias.org\/site\/wp-json\/wp\/v2\/media\/11517"}],"wp:attachment":[{"href":"https:\/\/brasilnoticias.org\/site\/wp-json\/wp\/v2\/media?parent=11516"}],"wp:term":[{"taxonomy":"category","embeddable":true,"href":"https:\/\/brasilnoticias.org\/site\/wp-json\/wp\/v2\/categories?post=11516"},{"taxonomy":"post_tag","embeddable":true,"href":"https:\/\/brasilnoticias.org\/site\/wp-json\/wp\/v2\/tags?post=11516"}],"curies":[{"name":"wp","href":"https:\/\/api.w.org\/{rel}","templated":true}]}}