{"id":11530,"date":"2023-12-08T12:09:47","date_gmt":"2023-12-08T15:09:47","guid":{"rendered":"https:\/\/brasilnoticias.org\/site\/?p=11530"},"modified":"2023-12-08T12:09:47","modified_gmt":"2023-12-08T15:09:47","slug":"pabllo-vittar-e-escolhida-para-substituir-rema-na-virada-salvador","status":"publish","type":"post","link":"https:\/\/brasilnoticias.org\/site\/pabllo-vittar-e-escolhida-para-substituir-rema-na-virada-salvador\/","title":{"rendered":"Pabllo Vittar \u00e9 escolhida para substituir Rema na Virada Salvador"},"content":{"rendered":"<p>An\u00fancio foi feito nesta sexta-feira (8) pelo prefeito de Salvador, Bruno Reis (Uni\u00e3o)<\/p>\n<p>O prefeito de Salvador, Bruno Reis (Uni\u00e3o), anunciou nesta sexta-feira (8) que Pabllo Vittar ir\u00e1 substituir o rapper nigeriano Divine Ikubor, mais conhecido como Rema, no Festival Virada Salvador. O cantor cancelou toda sua agenda para o m\u00eas de dezembro devido a problemas de sa\u00fade.<\/p>\n<p>\u201cAproveitar a oportunidade que estou falando para voc\u00eas para anunciar que Pabllo Vittar vai ser a atra\u00e7\u00e3o que ir\u00e1 substituir Rema no Festival Virada Salvador. Ent\u00e3o, em primeira m\u00e3o, fechamos ontem. Pabllo Vittar ir\u00e1 substituir Rema, que infelizmente, por quest\u00f5es de sa\u00fade, n\u00e3o vai poder se apresentar no Festival da Virada esse ano\u201d, disse Bruno Reis, durante as celebra\u00e7\u00f5es a Nossa Senhora da Concei\u00e7\u00e3o da Praia, padroeira de Salvador.<\/p>\n<p>O cancelamento da agenda de Rema foi anunciado pelo artista no final de novembro atrav\u00e9s de suas redes sociais. O rapper ainda afirmou que sua agenda ir\u00e1 voltar ao normal em 2024. \u201cParte meu cora\u00e7\u00e3o dizer que n\u00e3o irei me apresentar em lugar nenhum em dezembro. Depois de anos de turn\u00ea, ignorei minha sa\u00fade e preciso de tempo para me recuperar. 2024 estamos de volta\u201d, escreveu.<\/p>\n<p>Foto: Divulga\u00e7\u00e3o<br \/>\nPor: Metro1<\/p>\n","protected":false},"excerpt":{"rendered":"<p>An\u00fancio foi feito nesta sexta-feira (8) pelo prefeito de Salvador, Bruno Reis (Uni\u00e3o) O prefeito de Salvador, Bruno Reis (Uni\u00e3o),<\/p>\n","protected":false},"author":4,"featured_media":11531,"comment_status":"open","ping_status":"open","sticky":false,"template":"","format":"standard","meta":{"colormag_page_container_layout":"default_layout","colormag_page_sidebar_layout":"default_layout","_FSMCFIC_featured_image_caption":"","_FSMCFIC_featured_image_nocaption":"","_FSMCFIC_featured_image_hide":"","footnotes":""},"categories":[2,1],"tags":[],"class_list":["post-11530","post","type-post","status-publish","format-standard","has-post-thumbnail","hentry","category-noticias","category-ultimas"],"yoast_head":"<!-- This site is optimized with the Yoast SEO plugin v27.1.1 - https:\/\/yoast.com\/product\/yoast-seo-wordpress\/ -->\n<title>Pabllo Vittar \u00e9 escolhida para substituir Rema na Virada Salvador - Brasil not\u00edcias<\/title>\n<meta name=\"robots\" content=\"index, follow, max-snippet:-1, max-image-preview:large, max-video-preview:-1\" \/>\n<link rel=\"canonical\" href=\"https:\/\/brasilnoticias.org\/site\/pabllo-vittar-e-escolhida-para-substituir-rema-na-virada-salvador\/\" \/>\n<meta property=\"og:locale\" content=\"pt_PT\" \/>\n<meta property=\"og:type\" content=\"article\" \/>\n<meta property=\"og:title\" content=\"Pabllo Vittar \u00e9 escolhida para substituir Rema na Virada Salvador - Brasil not\u00edcias\" \/>\n<meta property=\"og:description\" content=\"An\u00fancio foi feito nesta sexta-feira (8) pelo prefeito de Salvador, Bruno Reis (Uni\u00e3o) O prefeito de Salvador, Bruno Reis (Uni\u00e3o),\" \/>\n<meta property=\"og:url\" content=\"https:\/\/brasilnoticias.org\/site\/pabllo-vittar-e-escolhida-para-substituir-rema-na-virada-salvador\/\" \/>\n<meta property=\"og:site_name\" content=\"Brasil not\u00edcias\" \/>\n<meta property=\"article:published_time\" content=\"2023-12-08T15:09:47+00:00\" \/>\n<meta property=\"og:image\" content=\"https:\/\/brasilnoticias.org\/site\/wp-content\/uploads\/2023\/12\/144016pabllo-vittar-e-escolhida-para-substituir-rema-na-virada-salvador-3.jpg\" \/>\n\t<meta property=\"og:image:width\" content=\"1600\" \/>\n\t<meta property=\"og:image:height\" content=\"752\" \/>\n\t<meta property=\"og:image:type\" content=\"image\/jpeg\" \/>\n<meta name=\"author\" content=\"Reda\u00e7\u00e3o\" \/>\n<meta name=\"twitter:card\" content=\"summary_large_image\" \/>\n<meta name=\"twitter:label1\" content=\"Escrito por\" \/>\n\t<meta name=\"twitter:data1\" content=\"Reda\u00e7\u00e3o\" \/>\n<script type=\"application\/ld+json\" class=\"yoast-schema-graph\">{\"@context\":\"https:\/\/schema.org\",\"@graph\":[{\"@type\":\"Article\",\"@id\":\"https:\/\/brasilnoticias.org\/site\/pabllo-vittar-e-escolhida-para-substituir-rema-na-virada-salvador\/#article\",\"isPartOf\":{\"@id\":\"https:\/\/brasilnoticias.org\/site\/pabllo-vittar-e-escolhida-para-substituir-rema-na-virada-salvador\/\"},\"author\":{\"name\":\"Reda\u00e7\u00e3o\",\"@id\":\"https:\/\/brasilnoticias.org\/site\/#\/schema\/person\/03bbbfe6c7634ad18c26444ea39049fa\"},\"headline\":\"Pabllo Vittar \u00e9 escolhida para substituir Rema na Virada Salvador\",\"datePublished\":\"2023-12-08T15:09:47+00:00\",\"mainEntityOfPage\":{\"@id\":\"https:\/\/brasilnoticias.org\/site\/pabllo-vittar-e-escolhida-para-substituir-rema-na-virada-salvador\/\"},\"wordCount\":221,\"commentCount\":0,\"publisher\":{\"@id\":\"https:\/\/brasilnoticias.org\/site\/#organization\"},\"image\":{\"@id\":\"https:\/\/brasilnoticias.org\/site\/pabllo-vittar-e-escolhida-para-substituir-rema-na-virada-salvador\/#primaryimage\"},\"thumbnailUrl\":\"https:\/\/brasilnoticias.org\/site\/wp-content\/uploads\/2023\/12\/144016pabllo-vittar-e-escolhida-para-substituir-rema-na-virada-salvador-3.jpg\",\"articleSection\":[\"Not\u00edcias\",\"\u00daltimas\"],\"inLanguage\":\"pt-PT\",\"potentialAction\":[{\"@type\":\"CommentAction\",\"name\":\"Comment\",\"target\":[\"https:\/\/brasilnoticias.org\/site\/pabllo-vittar-e-escolhida-para-substituir-rema-na-virada-salvador\/#respond\"]}]},{\"@type\":\"WebPage\",\"@id\":\"https:\/\/brasilnoticias.org\/site\/pabllo-vittar-e-escolhida-para-substituir-rema-na-virada-salvador\/\",\"url\":\"https:\/\/brasilnoticias.org\/site\/pabllo-vittar-e-escolhida-para-substituir-rema-na-virada-salvador\/\",\"name\":\"Pabllo Vittar \u00e9 escolhida para substituir Rema na Virada Salvador - Brasil not\u00edcias\",\"isPartOf\":{\"@id\":\"https:\/\/brasilnoticias.org\/site\/#website\"},\"primaryImageOfPage\":{\"@id\":\"https:\/\/brasilnoticias.org\/site\/pabllo-vittar-e-escolhida-para-substituir-rema-na-virada-salvador\/#primaryimage\"},\"image\":{\"@id\":\"https:\/\/brasilnoticias.org\/site\/pabllo-vittar-e-escolhida-para-substituir-rema-na-virada-salvador\/#primaryimage\"},\"thumbnailUrl\":\"https:\/\/brasilnoticias.org\/site\/wp-content\/uploads\/2023\/12\/144016pabllo-vittar-e-escolhida-para-substituir-rema-na-virada-salvador-3.jpg\",\"datePublished\":\"2023-12-08T15:09:47+00:00\",\"breadcrumb\":{\"@id\":\"https:\/\/brasilnoticias.org\/site\/pabllo-vittar-e-escolhida-para-substituir-rema-na-virada-salvador\/#breadcrumb\"},\"inLanguage\":\"pt-PT\",\"potentialAction\":[{\"@type\":\"ReadAction\",\"target\":[\"https:\/\/brasilnoticias.org\/site\/pabllo-vittar-e-escolhida-para-substituir-rema-na-virada-salvador\/\"]}]},{\"@type\":\"ImageObject\",\"inLanguage\":\"pt-PT\",\"@id\":\"https:\/\/brasilnoticias.org\/site\/pabllo-vittar-e-escolhida-para-substituir-rema-na-virada-salvador\/#primaryimage\",\"url\":\"https:\/\/brasilnoticias.org\/site\/wp-content\/uploads\/2023\/12\/144016pabllo-vittar-e-escolhida-para-substituir-rema-na-virada-salvador-3.jpg\",\"contentUrl\":\"https:\/\/brasilnoticias.org\/site\/wp-content\/uploads\/2023\/12\/144016pabllo-vittar-e-escolhida-para-substituir-rema-na-virada-salvador-3.jpg\",\"width\":1600,\"height\":752},{\"@type\":\"BreadcrumbList\",\"@id\":\"https:\/\/brasilnoticias.org\/site\/pabllo-vittar-e-escolhida-para-substituir-rema-na-virada-salvador\/#breadcrumb\",\"itemListElement\":[{\"@type\":\"ListItem\",\"position\":1,\"name\":\"In\u00edcio\",\"item\":\"https:\/\/brasilnoticias.org\/site\/\"},{\"@type\":\"ListItem\",\"position\":2,\"name\":\"Pabllo Vittar \u00e9 escolhida para substituir Rema na Virada Salvador\"}]},{\"@type\":\"WebSite\",\"@id\":\"https:\/\/brasilnoticias.org\/site\/#website\",\"url\":\"https:\/\/brasilnoticias.org\/site\/\",\"name\":\"Brasil not\u00edcias\",\"description\":\"Brasil not\u00edcias\",\"publisher\":{\"@id\":\"https:\/\/brasilnoticias.org\/site\/#organization\"},\"potentialAction\":[{\"@type\":\"SearchAction\",\"target\":{\"@type\":\"EntryPoint\",\"urlTemplate\":\"https:\/\/brasilnoticias.org\/site\/?s={search_term_string}\"},\"query-input\":{\"@type\":\"PropertyValueSpecification\",\"valueRequired\":true,\"valueName\":\"search_term_string\"}}],\"inLanguage\":\"pt-PT\"},{\"@type\":\"Organization\",\"@id\":\"https:\/\/brasilnoticias.org\/site\/#organization\",\"name\":\"Brasil not\u00edcias\",\"url\":\"https:\/\/brasilnoticias.org\/site\/\",\"logo\":{\"@type\":\"ImageObject\",\"inLanguage\":\"pt-PT\",\"@id\":\"https:\/\/brasilnoticias.org\/site\/#\/schema\/logo\/image\/\",\"url\":\"https:\/\/brasilnoticias.org\/site\/wp-content\/uploads\/2022\/05\/cropped-brasilnoticias-mini.jpg\",\"contentUrl\":\"https:\/\/brasilnoticias.org\/site\/wp-content\/uploads\/2022\/05\/cropped-brasilnoticias-mini.jpg\",\"width\":314,\"height\":86,\"caption\":\"Brasil not\u00edcias\"},\"image\":{\"@id\":\"https:\/\/brasilnoticias.org\/site\/#\/schema\/logo\/image\/\"}},{\"@type\":\"Person\",\"@id\":\"https:\/\/brasilnoticias.org\/site\/#\/schema\/person\/03bbbfe6c7634ad18c26444ea39049fa\",\"name\":\"Reda\u00e7\u00e3o\",\"image\":{\"@type\":\"ImageObject\",\"inLanguage\":\"pt-PT\",\"@id\":\"https:\/\/brasilnoticias.org\/site\/#\/schema\/person\/image\/\",\"url\":\"https:\/\/secure.gravatar.com\/avatar\/9ecaf7327a696cb23ad926fedded5f1f04d7049de9e445375d55b48c001a6e42?s=96&d=mm&r=g\",\"contentUrl\":\"https:\/\/secure.gravatar.com\/avatar\/9ecaf7327a696cb23ad926fedded5f1f04d7049de9e445375d55b48c001a6e42?s=96&d=mm&r=g\",\"caption\":\"Reda\u00e7\u00e3o\"},\"url\":\"https:\/\/brasilnoticias.org\/site\/author\/henrique\/\"}]}<\/script>\n<!-- \/ Yoast SEO plugin. -->","yoast_head_json":{"title":"Pabllo Vittar \u00e9 escolhida para substituir Rema na Virada Salvador - Brasil not\u00edcias","robots":{"index":"index","follow":"follow","max-snippet":"max-snippet:-1","max-image-preview":"max-image-preview:large","max-video-preview":"max-video-preview:-1"},"canonical":"https:\/\/brasilnoticias.org\/site\/pabllo-vittar-e-escolhida-para-substituir-rema-na-virada-salvador\/","og_locale":"pt_PT","og_type":"article","og_title":"Pabllo Vittar \u00e9 escolhida para substituir Rema na Virada Salvador - Brasil not\u00edcias","og_description":"An\u00fancio foi feito nesta sexta-feira (8) pelo prefeito de Salvador, Bruno Reis (Uni\u00e3o) O prefeito de Salvador, Bruno Reis (Uni\u00e3o),","og_url":"https:\/\/brasilnoticias.org\/site\/pabllo-vittar-e-escolhida-para-substituir-rema-na-virada-salvador\/","og_site_name":"Brasil not\u00edcias","article_published_time":"2023-12-08T15:09:47+00:00","og_image":[{"width":1600,"height":752,"url":"https:\/\/brasilnoticias.org\/site\/wp-content\/uploads\/2023\/12\/144016pabllo-vittar-e-escolhida-para-substituir-rema-na-virada-salvador-3.jpg","type":"image\/jpeg"}],"author":"Reda\u00e7\u00e3o","twitter_card":"summary_large_image","twitter_misc":{"Escrito por":"Reda\u00e7\u00e3o"},"schema":{"@context":"https:\/\/schema.org","@graph":[{"@type":"Article","@id":"https:\/\/brasilnoticias.org\/site\/pabllo-vittar-e-escolhida-para-substituir-rema-na-virada-salvador\/#article","isPartOf":{"@id":"https:\/\/brasilnoticias.org\/site\/pabllo-vittar-e-escolhida-para-substituir-rema-na-virada-salvador\/"},"author":{"name":"Reda\u00e7\u00e3o","@id":"https:\/\/brasilnoticias.org\/site\/#\/schema\/person\/03bbbfe6c7634ad18c26444ea39049fa"},"headline":"Pabllo Vittar \u00e9 escolhida para substituir Rema na Virada Salvador","datePublished":"2023-12-08T15:09:47+00:00","mainEntityOfPage":{"@id":"https:\/\/brasilnoticias.org\/site\/pabllo-vittar-e-escolhida-para-substituir-rema-na-virada-salvador\/"},"wordCount":221,"commentCount":0,"publisher":{"@id":"https:\/\/brasilnoticias.org\/site\/#organization"},"image":{"@id":"https:\/\/brasilnoticias.org\/site\/pabllo-vittar-e-escolhida-para-substituir-rema-na-virada-salvador\/#primaryimage"},"thumbnailUrl":"https:\/\/brasilnoticias.org\/site\/wp-content\/uploads\/2023\/12\/144016pabllo-vittar-e-escolhida-para-substituir-rema-na-virada-salvador-3.jpg","articleSection":["Not\u00edcias","\u00daltimas"],"inLanguage":"pt-PT","potentialAction":[{"@type":"CommentAction","name":"Comment","target":["https:\/\/brasilnoticias.org\/site\/pabllo-vittar-e-escolhida-para-substituir-rema-na-virada-salvador\/#respond"]}]},{"@type":"WebPage","@id":"https:\/\/brasilnoticias.org\/site\/pabllo-vittar-e-escolhida-para-substituir-rema-na-virada-salvador\/","url":"https:\/\/brasilnoticias.org\/site\/pabllo-vittar-e-escolhida-para-substituir-rema-na-virada-salvador\/","name":"Pabllo Vittar \u00e9 escolhida para substituir Rema na Virada Salvador - Brasil not\u00edcias","isPartOf":{"@id":"https:\/\/brasilnoticias.org\/site\/#website"},"primaryImageOfPage":{"@id":"https:\/\/brasilnoticias.org\/site\/pabllo-vittar-e-escolhida-para-substituir-rema-na-virada-salvador\/#primaryimage"},"image":{"@id":"https:\/\/brasilnoticias.org\/site\/pabllo-vittar-e-escolhida-para-substituir-rema-na-virada-salvador\/#primaryimage"},"thumbnailUrl":"https:\/\/brasilnoticias.org\/site\/wp-content\/uploads\/2023\/12\/144016pabllo-vittar-e-escolhida-para-substituir-rema-na-virada-salvador-3.jpg","datePublished":"2023-12-08T15:09:47+00:00","breadcrumb":{"@id":"https:\/\/brasilnoticias.org\/site\/pabllo-vittar-e-escolhida-para-substituir-rema-na-virada-salvador\/#breadcrumb"},"inLanguage":"pt-PT","potentialAction":[{"@type":"ReadAction","target":["https:\/\/brasilnoticias.org\/site\/pabllo-vittar-e-escolhida-para-substituir-rema-na-virada-salvador\/"]}]},{"@type":"ImageObject","inLanguage":"pt-PT","@id":"https:\/\/brasilnoticias.org\/site\/pabllo-vittar-e-escolhida-para-substituir-rema-na-virada-salvador\/#primaryimage","url":"https:\/\/brasilnoticias.org\/site\/wp-content\/uploads\/2023\/12\/144016pabllo-vittar-e-escolhida-para-substituir-rema-na-virada-salvador-3.jpg","contentUrl":"https:\/\/brasilnoticias.org\/site\/wp-content\/uploads\/2023\/12\/144016pabllo-vittar-e-escolhida-para-substituir-rema-na-virada-salvador-3.jpg","width":1600,"height":752},{"@type":"BreadcrumbList","@id":"https:\/\/brasilnoticias.org\/site\/pabllo-vittar-e-escolhida-para-substituir-rema-na-virada-salvador\/#breadcrumb","itemListElement":[{"@type":"ListItem","position":1,"name":"In\u00edcio","item":"https:\/\/brasilnoticias.org\/site\/"},{"@type":"ListItem","position":2,"name":"Pabllo Vittar \u00e9 escolhida para substituir Rema na Virada Salvador"}]},{"@type":"WebSite","@id":"https:\/\/brasilnoticias.org\/site\/#website","url":"https:\/\/brasilnoticias.org\/site\/","name":"Brasil not\u00edcias","description":"Brasil not\u00edcias","publisher":{"@id":"https:\/\/brasilnoticias.org\/site\/#organization"},"potentialAction":[{"@type":"SearchAction","target":{"@type":"EntryPoint","urlTemplate":"https:\/\/brasilnoticias.org\/site\/?s={search_term_string}"},"query-input":{"@type":"PropertyValueSpecification","valueRequired":true,"valueName":"search_term_string"}}],"inLanguage":"pt-PT"},{"@type":"Organization","@id":"https:\/\/brasilnoticias.org\/site\/#organization","name":"Brasil not\u00edcias","url":"https:\/\/brasilnoticias.org\/site\/","logo":{"@type":"ImageObject","inLanguage":"pt-PT","@id":"https:\/\/brasilnoticias.org\/site\/#\/schema\/logo\/image\/","url":"https:\/\/brasilnoticias.org\/site\/wp-content\/uploads\/2022\/05\/cropped-brasilnoticias-mini.jpg","contentUrl":"https:\/\/brasilnoticias.org\/site\/wp-content\/uploads\/2022\/05\/cropped-brasilnoticias-mini.jpg","width":314,"height":86,"caption":"Brasil not\u00edcias"},"image":{"@id":"https:\/\/brasilnoticias.org\/site\/#\/schema\/logo\/image\/"}},{"@type":"Person","@id":"https:\/\/brasilnoticias.org\/site\/#\/schema\/person\/03bbbfe6c7634ad18c26444ea39049fa","name":"Reda\u00e7\u00e3o","image":{"@type":"ImageObject","inLanguage":"pt-PT","@id":"https:\/\/brasilnoticias.org\/site\/#\/schema\/person\/image\/","url":"https:\/\/secure.gravatar.com\/avatar\/9ecaf7327a696cb23ad926fedded5f1f04d7049de9e445375d55b48c001a6e42?s=96&d=mm&r=g","contentUrl":"https:\/\/secure.gravatar.com\/avatar\/9ecaf7327a696cb23ad926fedded5f1f04d7049de9e445375d55b48c001a6e42?s=96&d=mm&r=g","caption":"Reda\u00e7\u00e3o"},"url":"https:\/\/brasilnoticias.org\/site\/author\/henrique\/"}]}},"_links":{"self":[{"href":"https:\/\/brasilnoticias.org\/site\/wp-json\/wp\/v2\/posts\/11530","targetHints":{"allow":["GET"]}}],"collection":[{"href":"https:\/\/brasilnoticias.org\/site\/wp-json\/wp\/v2\/posts"}],"about":[{"href":"https:\/\/brasilnoticias.org\/site\/wp-json\/wp\/v2\/types\/post"}],"author":[{"embeddable":true,"href":"https:\/\/brasilnoticias.org\/site\/wp-json\/wp\/v2\/users\/4"}],"replies":[{"embeddable":true,"href":"https:\/\/brasilnoticias.org\/site\/wp-json\/wp\/v2\/comments?post=11530"}],"version-history":[{"count":1,"href":"https:\/\/brasilnoticias.org\/site\/wp-json\/wp\/v2\/posts\/11530\/revisions"}],"predecessor-version":[{"id":11532,"href":"https:\/\/brasilnoticias.org\/site\/wp-json\/wp\/v2\/posts\/11530\/revisions\/11532"}],"wp:featuredmedia":[{"embeddable":true,"href":"https:\/\/brasilnoticias.org\/site\/wp-json\/wp\/v2\/media\/11531"}],"wp:attachment":[{"href":"https:\/\/brasilnoticias.org\/site\/wp-json\/wp\/v2\/media?parent=11530"}],"wp:term":[{"taxonomy":"category","embeddable":true,"href":"https:\/\/brasilnoticias.org\/site\/wp-json\/wp\/v2\/categories?post=11530"},{"taxonomy":"post_tag","embeddable":true,"href":"https:\/\/brasilnoticias.org\/site\/wp-json\/wp\/v2\/tags?post=11530"}],"curies":[{"name":"wp","href":"https:\/\/api.w.org\/{rel}","templated":true}]}}