{"id":1154,"date":"2022-08-14T21:43:09","date_gmt":"2022-08-15T00:43:09","guid":{"rendered":"https:\/\/brasilnoticias.org\/site\/?p=1154"},"modified":"2022-08-14T21:43:09","modified_gmt":"2022-08-15T00:43:09","slug":"rebeca-andrade-e-caio-souza-brilham-no-brasileiro-de-ginastica","status":"publish","type":"post","link":"https:\/\/brasilnoticias.org\/site\/rebeca-andrade-e-caio-souza-brilham-no-brasileiro-de-ginastica\/","title":{"rendered":"Rebeca Andrade e Caio Souza brilham no Brasileiro de Gin\u00e1stica"},"content":{"rendered":"<p><a href=\"https:\/\/twitter.com\/cbginastica\/status\/1557851727470047232?ref_src=twsrc%5Etfw%7Ctwcamp%5Etweetembed%7Ctwterm%5E1557851727470047232%7Ctwgr%5Ed52c6f428472d5465b616978efe3114a40f80980%7Ctwcon%5Es1_&amp;ref_url=https:\/\/agenciabrasil.ebc.com.br\/esportes\/noticia\/2022-08\/rebeca-andrade-e-caio-souza-brilham-no-brasileiro-de-ginastica\" target=\"_blank\" rel=\"noopener\">Rebeca Andrade<\/a>\u00a0e Caio Souza foram os grandes nomes do Campeonato Brasileiro de gin\u00e1stica art\u00edstica, que foi\u00a0<a href=\"https:\/\/www.bnews.com.br\/noticias\/esporte\/um-ginasio-a-nivel-internacional-diz-diego-hypolito-sobre-brasileiro-de-ginastica-em-lauro-de-freitas.html\" target=\"_blank\" rel=\"noopener\">disputado neste final de semana em Lauro de Freitas<\/a>, na Regi\u00e3o Metropolitana de Salvador (RMS). A atleta do Flamengo foi a l\u00edder na soma dos dois dias do individual geral, 56.734 pontos na quinta-feira (11) e 58.100 no s\u00e1bado (13) para um total de 114.834 pontos. Al\u00e9m disso, ela foi a melhor nas barras assim\u00e9tricas, com 29.597 (14.600 + 14.967), e na trave, com 28.300 (13.867 + 14.433). Rebeca ganhou tamb\u00e9m a medalha de prata no solo com 27.800 (13.800 + 14.000).<\/p>\n<p>Na disputa por equipes entre as mulheres, o Flamengo (com Rebeca Andrade, Fl\u00e1via Saraiva, Lorrane Oliveira, Lu\u00edsa Maia, Helen Carvalho e Larissa Oliveira) somou 331.500 nos dois dias de disputa e levou o ouro. A prata foi para o Cegin do Paran\u00e1, que somou 308.699 pontos, e o bronze para o Pinheiros de S\u00e3o Paulo, com 305.434.<\/p>\n<p>Defendendo o Minas T\u00eanis Clube, Caio Souza fez 84.600 na quinta-feira e 84.950 no s\u00e1bado. Somando 169.550, ele levou o ouro no individual geral. O ginasta ainda faturou o t\u00edtulo na barra fixa, com 29.250 (14.600 + 14.650), e nas barras paralelas, com 29.500 (14.800 + 14.700), e pratas nas argolas (14.450 + 14.350) e no salto sobre a mesa (14.000 + 14.850).<\/p>\n<p>O Minas T\u00eanis Clube foi o melhor na disputa por equipes masculinas com Bernardo Actos, Caio Souza, Gabriel Faria, Gustavo Pereira, Lucas Bitencourt e Rankiel Neves somando 495.500 pontos. A prata foi do Pinheiros de S\u00e3o Paulo e o bronze do SERC de S\u00e3o Caetano do Sul.<\/p>\n<p>&nbsp;<\/p>\n<p>&nbsp;<\/p>\n<p>&nbsp;<\/p>\n<p>Bnews<\/p>\n","protected":false},"excerpt":{"rendered":"<p>Rebeca Andrade\u00a0e Caio Souza foram os grandes nomes do Campeonato Brasileiro de gin\u00e1stica art\u00edstica, que foi\u00a0disputado neste final de semana<\/p>\n","protected":false},"author":2,"featured_media":1155,"comment_status":"open","ping_status":"open","sticky":false,"template":"","format":"standard","meta":{"colormag_page_container_layout":"default_layout","colormag_page_sidebar_layout":"default_layout","_FSMCFIC_featured_image_caption":"","_FSMCFIC_featured_image_nocaption":"","_FSMCFIC_featured_image_hide":"","footnotes":""},"categories":[4],"tags":[],"class_list":["post-1154","post","type-post","status-publish","format-standard","has-post-thumbnail","hentry","category-esporte"],"yoast_head":"<!-- This site is optimized with the Yoast SEO plugin v27.1.1 - https:\/\/yoast.com\/product\/yoast-seo-wordpress\/ -->\n<title>Rebeca Andrade e Caio Souza brilham no Brasileiro de Gin\u00e1stica - Brasil not\u00edcias<\/title>\n<meta name=\"robots\" content=\"index, follow, max-snippet:-1, max-image-preview:large, max-video-preview:-1\" \/>\n<link rel=\"canonical\" href=\"https:\/\/brasilnoticias.org\/site\/rebeca-andrade-e-caio-souza-brilham-no-brasileiro-de-ginastica\/\" \/>\n<meta property=\"og:locale\" content=\"pt_PT\" \/>\n<meta property=\"og:type\" content=\"article\" \/>\n<meta property=\"og:title\" content=\"Rebeca Andrade e Caio Souza brilham no Brasileiro de Gin\u00e1stica - Brasil not\u00edcias\" \/>\n<meta property=\"og:description\" content=\"Rebeca Andrade\u00a0e Caio Souza foram os grandes nomes do Campeonato Brasileiro de gin\u00e1stica art\u00edstica, que foi\u00a0disputado neste final de semana\" \/>\n<meta property=\"og:url\" content=\"https:\/\/brasilnoticias.org\/site\/rebeca-andrade-e-caio-souza-brilham-no-brasileiro-de-ginastica\/\" \/>\n<meta property=\"og:site_name\" content=\"Brasil not\u00edcias\" \/>\n<meta property=\"article:published_time\" content=\"2022-08-15T00:43:09+00:00\" \/>\n<meta property=\"og:image\" content=\"https:\/\/brasilnoticias.org\/site\/wp-content\/uploads\/2022\/08\/faftxwzxwai-gbm_widelg.jpg\" \/>\n\t<meta property=\"og:image:width\" content=\"800\" \/>\n\t<meta property=\"og:image:height\" content=\"450\" \/>\n\t<meta property=\"og:image:type\" content=\"image\/jpeg\" \/>\n<meta name=\"author\" content=\"Reda\u00e7\u00e3o\" \/>\n<meta name=\"twitter:card\" content=\"summary_large_image\" \/>\n<meta name=\"twitter:label1\" content=\"Escrito por\" \/>\n\t<meta name=\"twitter:data1\" content=\"Reda\u00e7\u00e3o\" \/>\n\t<meta name=\"twitter:label2\" content=\"Tempo estimado de leitura\" \/>\n\t<meta name=\"twitter:data2\" content=\"1 minuto\" \/>\n<script type=\"application\/ld+json\" class=\"yoast-schema-graph\">{\"@context\":\"https:\/\/schema.org\",\"@graph\":[{\"@type\":\"Article\",\"@id\":\"https:\/\/brasilnoticias.org\/site\/rebeca-andrade-e-caio-souza-brilham-no-brasileiro-de-ginastica\/#article\",\"isPartOf\":{\"@id\":\"https:\/\/brasilnoticias.org\/site\/rebeca-andrade-e-caio-souza-brilham-no-brasileiro-de-ginastica\/\"},\"author\":{\"name\":\"Reda\u00e7\u00e3o\",\"@id\":\"https:\/\/brasilnoticias.org\/site\/#\/schema\/person\/f609fa847b5314f1c8b983342f34c798\"},\"headline\":\"Rebeca Andrade e Caio Souza brilham no Brasileiro de Gin\u00e1stica\",\"datePublished\":\"2022-08-15T00:43:09+00:00\",\"mainEntityOfPage\":{\"@id\":\"https:\/\/brasilnoticias.org\/site\/rebeca-andrade-e-caio-souza-brilham-no-brasileiro-de-ginastica\/\"},\"wordCount\":260,\"commentCount\":0,\"publisher\":{\"@id\":\"https:\/\/brasilnoticias.org\/site\/#organization\"},\"image\":{\"@id\":\"https:\/\/brasilnoticias.org\/site\/rebeca-andrade-e-caio-souza-brilham-no-brasileiro-de-ginastica\/#primaryimage\"},\"thumbnailUrl\":\"https:\/\/brasilnoticias.org\/site\/wp-content\/uploads\/2022\/08\/faftxwzxwai-gbm_widelg.jpg\",\"articleSection\":[\"Esporte\"],\"inLanguage\":\"pt-PT\",\"potentialAction\":[{\"@type\":\"CommentAction\",\"name\":\"Comment\",\"target\":[\"https:\/\/brasilnoticias.org\/site\/rebeca-andrade-e-caio-souza-brilham-no-brasileiro-de-ginastica\/#respond\"]}]},{\"@type\":\"WebPage\",\"@id\":\"https:\/\/brasilnoticias.org\/site\/rebeca-andrade-e-caio-souza-brilham-no-brasileiro-de-ginastica\/\",\"url\":\"https:\/\/brasilnoticias.org\/site\/rebeca-andrade-e-caio-souza-brilham-no-brasileiro-de-ginastica\/\",\"name\":\"Rebeca Andrade e Caio Souza brilham no Brasileiro de Gin\u00e1stica - Brasil not\u00edcias\",\"isPartOf\":{\"@id\":\"https:\/\/brasilnoticias.org\/site\/#website\"},\"primaryImageOfPage\":{\"@id\":\"https:\/\/brasilnoticias.org\/site\/rebeca-andrade-e-caio-souza-brilham-no-brasileiro-de-ginastica\/#primaryimage\"},\"image\":{\"@id\":\"https:\/\/brasilnoticias.org\/site\/rebeca-andrade-e-caio-souza-brilham-no-brasileiro-de-ginastica\/#primaryimage\"},\"thumbnailUrl\":\"https:\/\/brasilnoticias.org\/site\/wp-content\/uploads\/2022\/08\/faftxwzxwai-gbm_widelg.jpg\",\"datePublished\":\"2022-08-15T00:43:09+00:00\",\"breadcrumb\":{\"@id\":\"https:\/\/brasilnoticias.org\/site\/rebeca-andrade-e-caio-souza-brilham-no-brasileiro-de-ginastica\/#breadcrumb\"},\"inLanguage\":\"pt-PT\",\"potentialAction\":[{\"@type\":\"ReadAction\",\"target\":[\"https:\/\/brasilnoticias.org\/site\/rebeca-andrade-e-caio-souza-brilham-no-brasileiro-de-ginastica\/\"]}]},{\"@type\":\"ImageObject\",\"inLanguage\":\"pt-PT\",\"@id\":\"https:\/\/brasilnoticias.org\/site\/rebeca-andrade-e-caio-souza-brilham-no-brasileiro-de-ginastica\/#primaryimage\",\"url\":\"https:\/\/brasilnoticias.org\/site\/wp-content\/uploads\/2022\/08\/faftxwzxwai-gbm_widelg.jpg\",\"contentUrl\":\"https:\/\/brasilnoticias.org\/site\/wp-content\/uploads\/2022\/08\/faftxwzxwai-gbm_widelg.jpg\",\"width\":800,\"height\":450},{\"@type\":\"BreadcrumbList\",\"@id\":\"https:\/\/brasilnoticias.org\/site\/rebeca-andrade-e-caio-souza-brilham-no-brasileiro-de-ginastica\/#breadcrumb\",\"itemListElement\":[{\"@type\":\"ListItem\",\"position\":1,\"name\":\"In\u00edcio\",\"item\":\"https:\/\/brasilnoticias.org\/site\/\"},{\"@type\":\"ListItem\",\"position\":2,\"name\":\"Rebeca Andrade e Caio Souza brilham no Brasileiro de Gin\u00e1stica\"}]},{\"@type\":\"WebSite\",\"@id\":\"https:\/\/brasilnoticias.org\/site\/#website\",\"url\":\"https:\/\/brasilnoticias.org\/site\/\",\"name\":\"Brasil not\u00edcias\",\"description\":\"Brasil not\u00edcias\",\"publisher\":{\"@id\":\"https:\/\/brasilnoticias.org\/site\/#organization\"},\"potentialAction\":[{\"@type\":\"SearchAction\",\"target\":{\"@type\":\"EntryPoint\",\"urlTemplate\":\"https:\/\/brasilnoticias.org\/site\/?s={search_term_string}\"},\"query-input\":{\"@type\":\"PropertyValueSpecification\",\"valueRequired\":true,\"valueName\":\"search_term_string\"}}],\"inLanguage\":\"pt-PT\"},{\"@type\":\"Organization\",\"@id\":\"https:\/\/brasilnoticias.org\/site\/#organization\",\"name\":\"Brasil not\u00edcias\",\"url\":\"https:\/\/brasilnoticias.org\/site\/\",\"logo\":{\"@type\":\"ImageObject\",\"inLanguage\":\"pt-PT\",\"@id\":\"https:\/\/brasilnoticias.org\/site\/#\/schema\/logo\/image\/\",\"url\":\"https:\/\/brasilnoticias.org\/site\/wp-content\/uploads\/2022\/05\/cropped-brasilnoticias-mini.jpg\",\"contentUrl\":\"https:\/\/brasilnoticias.org\/site\/wp-content\/uploads\/2022\/05\/cropped-brasilnoticias-mini.jpg\",\"width\":314,\"height\":86,\"caption\":\"Brasil not\u00edcias\"},\"image\":{\"@id\":\"https:\/\/brasilnoticias.org\/site\/#\/schema\/logo\/image\/\"}},{\"@type\":\"Person\",\"@id\":\"https:\/\/brasilnoticias.org\/site\/#\/schema\/person\/f609fa847b5314f1c8b983342f34c798\",\"name\":\"Reda\u00e7\u00e3o\",\"image\":{\"@type\":\"ImageObject\",\"inLanguage\":\"pt-PT\",\"@id\":\"https:\/\/brasilnoticias.org\/site\/#\/schema\/person\/image\/\",\"url\":\"https:\/\/secure.gravatar.com\/avatar\/447284c06c1ad8b46465a36de9cd0d8326b73387a22799b8b1ffb1fbcff2ed0c?s=96&d=mm&r=g\",\"contentUrl\":\"https:\/\/secure.gravatar.com\/avatar\/447284c06c1ad8b46465a36de9cd0d8326b73387a22799b8b1ffb1fbcff2ed0c?s=96&d=mm&r=g\",\"caption\":\"Reda\u00e7\u00e3o\"},\"url\":\"https:\/\/brasilnoticias.org\/site\/author\/redacao\/\"}]}<\/script>\n<!-- \/ Yoast SEO plugin. -->","yoast_head_json":{"title":"Rebeca Andrade e Caio Souza brilham no Brasileiro de Gin\u00e1stica - Brasil not\u00edcias","robots":{"index":"index","follow":"follow","max-snippet":"max-snippet:-1","max-image-preview":"max-image-preview:large","max-video-preview":"max-video-preview:-1"},"canonical":"https:\/\/brasilnoticias.org\/site\/rebeca-andrade-e-caio-souza-brilham-no-brasileiro-de-ginastica\/","og_locale":"pt_PT","og_type":"article","og_title":"Rebeca Andrade e Caio Souza brilham no Brasileiro de Gin\u00e1stica - Brasil not\u00edcias","og_description":"Rebeca Andrade\u00a0e Caio Souza foram os grandes nomes do Campeonato Brasileiro de gin\u00e1stica art\u00edstica, que foi\u00a0disputado neste final de semana","og_url":"https:\/\/brasilnoticias.org\/site\/rebeca-andrade-e-caio-souza-brilham-no-brasileiro-de-ginastica\/","og_site_name":"Brasil not\u00edcias","article_published_time":"2022-08-15T00:43:09+00:00","og_image":[{"width":800,"height":450,"url":"https:\/\/brasilnoticias.org\/site\/wp-content\/uploads\/2022\/08\/faftxwzxwai-gbm_widelg.jpg","type":"image\/jpeg"}],"author":"Reda\u00e7\u00e3o","twitter_card":"summary_large_image","twitter_misc":{"Escrito por":"Reda\u00e7\u00e3o","Tempo estimado de leitura":"1 minuto"},"schema":{"@context":"https:\/\/schema.org","@graph":[{"@type":"Article","@id":"https:\/\/brasilnoticias.org\/site\/rebeca-andrade-e-caio-souza-brilham-no-brasileiro-de-ginastica\/#article","isPartOf":{"@id":"https:\/\/brasilnoticias.org\/site\/rebeca-andrade-e-caio-souza-brilham-no-brasileiro-de-ginastica\/"},"author":{"name":"Reda\u00e7\u00e3o","@id":"https:\/\/brasilnoticias.org\/site\/#\/schema\/person\/f609fa847b5314f1c8b983342f34c798"},"headline":"Rebeca Andrade e Caio Souza brilham no Brasileiro de Gin\u00e1stica","datePublished":"2022-08-15T00:43:09+00:00","mainEntityOfPage":{"@id":"https:\/\/brasilnoticias.org\/site\/rebeca-andrade-e-caio-souza-brilham-no-brasileiro-de-ginastica\/"},"wordCount":260,"commentCount":0,"publisher":{"@id":"https:\/\/brasilnoticias.org\/site\/#organization"},"image":{"@id":"https:\/\/brasilnoticias.org\/site\/rebeca-andrade-e-caio-souza-brilham-no-brasileiro-de-ginastica\/#primaryimage"},"thumbnailUrl":"https:\/\/brasilnoticias.org\/site\/wp-content\/uploads\/2022\/08\/faftxwzxwai-gbm_widelg.jpg","articleSection":["Esporte"],"inLanguage":"pt-PT","potentialAction":[{"@type":"CommentAction","name":"Comment","target":["https:\/\/brasilnoticias.org\/site\/rebeca-andrade-e-caio-souza-brilham-no-brasileiro-de-ginastica\/#respond"]}]},{"@type":"WebPage","@id":"https:\/\/brasilnoticias.org\/site\/rebeca-andrade-e-caio-souza-brilham-no-brasileiro-de-ginastica\/","url":"https:\/\/brasilnoticias.org\/site\/rebeca-andrade-e-caio-souza-brilham-no-brasileiro-de-ginastica\/","name":"Rebeca Andrade e Caio Souza brilham no Brasileiro de Gin\u00e1stica - Brasil not\u00edcias","isPartOf":{"@id":"https:\/\/brasilnoticias.org\/site\/#website"},"primaryImageOfPage":{"@id":"https:\/\/brasilnoticias.org\/site\/rebeca-andrade-e-caio-souza-brilham-no-brasileiro-de-ginastica\/#primaryimage"},"image":{"@id":"https:\/\/brasilnoticias.org\/site\/rebeca-andrade-e-caio-souza-brilham-no-brasileiro-de-ginastica\/#primaryimage"},"thumbnailUrl":"https:\/\/brasilnoticias.org\/site\/wp-content\/uploads\/2022\/08\/faftxwzxwai-gbm_widelg.jpg","datePublished":"2022-08-15T00:43:09+00:00","breadcrumb":{"@id":"https:\/\/brasilnoticias.org\/site\/rebeca-andrade-e-caio-souza-brilham-no-brasileiro-de-ginastica\/#breadcrumb"},"inLanguage":"pt-PT","potentialAction":[{"@type":"ReadAction","target":["https:\/\/brasilnoticias.org\/site\/rebeca-andrade-e-caio-souza-brilham-no-brasileiro-de-ginastica\/"]}]},{"@type":"ImageObject","inLanguage":"pt-PT","@id":"https:\/\/brasilnoticias.org\/site\/rebeca-andrade-e-caio-souza-brilham-no-brasileiro-de-ginastica\/#primaryimage","url":"https:\/\/brasilnoticias.org\/site\/wp-content\/uploads\/2022\/08\/faftxwzxwai-gbm_widelg.jpg","contentUrl":"https:\/\/brasilnoticias.org\/site\/wp-content\/uploads\/2022\/08\/faftxwzxwai-gbm_widelg.jpg","width":800,"height":450},{"@type":"BreadcrumbList","@id":"https:\/\/brasilnoticias.org\/site\/rebeca-andrade-e-caio-souza-brilham-no-brasileiro-de-ginastica\/#breadcrumb","itemListElement":[{"@type":"ListItem","position":1,"name":"In\u00edcio","item":"https:\/\/brasilnoticias.org\/site\/"},{"@type":"ListItem","position":2,"name":"Rebeca Andrade e Caio Souza brilham no Brasileiro de Gin\u00e1stica"}]},{"@type":"WebSite","@id":"https:\/\/brasilnoticias.org\/site\/#website","url":"https:\/\/brasilnoticias.org\/site\/","name":"Brasil not\u00edcias","description":"Brasil not\u00edcias","publisher":{"@id":"https:\/\/brasilnoticias.org\/site\/#organization"},"potentialAction":[{"@type":"SearchAction","target":{"@type":"EntryPoint","urlTemplate":"https:\/\/brasilnoticias.org\/site\/?s={search_term_string}"},"query-input":{"@type":"PropertyValueSpecification","valueRequired":true,"valueName":"search_term_string"}}],"inLanguage":"pt-PT"},{"@type":"Organization","@id":"https:\/\/brasilnoticias.org\/site\/#organization","name":"Brasil not\u00edcias","url":"https:\/\/brasilnoticias.org\/site\/","logo":{"@type":"ImageObject","inLanguage":"pt-PT","@id":"https:\/\/brasilnoticias.org\/site\/#\/schema\/logo\/image\/","url":"https:\/\/brasilnoticias.org\/site\/wp-content\/uploads\/2022\/05\/cropped-brasilnoticias-mini.jpg","contentUrl":"https:\/\/brasilnoticias.org\/site\/wp-content\/uploads\/2022\/05\/cropped-brasilnoticias-mini.jpg","width":314,"height":86,"caption":"Brasil not\u00edcias"},"image":{"@id":"https:\/\/brasilnoticias.org\/site\/#\/schema\/logo\/image\/"}},{"@type":"Person","@id":"https:\/\/brasilnoticias.org\/site\/#\/schema\/person\/f609fa847b5314f1c8b983342f34c798","name":"Reda\u00e7\u00e3o","image":{"@type":"ImageObject","inLanguage":"pt-PT","@id":"https:\/\/brasilnoticias.org\/site\/#\/schema\/person\/image\/","url":"https:\/\/secure.gravatar.com\/avatar\/447284c06c1ad8b46465a36de9cd0d8326b73387a22799b8b1ffb1fbcff2ed0c?s=96&d=mm&r=g","contentUrl":"https:\/\/secure.gravatar.com\/avatar\/447284c06c1ad8b46465a36de9cd0d8326b73387a22799b8b1ffb1fbcff2ed0c?s=96&d=mm&r=g","caption":"Reda\u00e7\u00e3o"},"url":"https:\/\/brasilnoticias.org\/site\/author\/redacao\/"}]}},"_links":{"self":[{"href":"https:\/\/brasilnoticias.org\/site\/wp-json\/wp\/v2\/posts\/1154","targetHints":{"allow":["GET"]}}],"collection":[{"href":"https:\/\/brasilnoticias.org\/site\/wp-json\/wp\/v2\/posts"}],"about":[{"href":"https:\/\/brasilnoticias.org\/site\/wp-json\/wp\/v2\/types\/post"}],"author":[{"embeddable":true,"href":"https:\/\/brasilnoticias.org\/site\/wp-json\/wp\/v2\/users\/2"}],"replies":[{"embeddable":true,"href":"https:\/\/brasilnoticias.org\/site\/wp-json\/wp\/v2\/comments?post=1154"}],"version-history":[{"count":1,"href":"https:\/\/brasilnoticias.org\/site\/wp-json\/wp\/v2\/posts\/1154\/revisions"}],"predecessor-version":[{"id":1156,"href":"https:\/\/brasilnoticias.org\/site\/wp-json\/wp\/v2\/posts\/1154\/revisions\/1156"}],"wp:featuredmedia":[{"embeddable":true,"href":"https:\/\/brasilnoticias.org\/site\/wp-json\/wp\/v2\/media\/1155"}],"wp:attachment":[{"href":"https:\/\/brasilnoticias.org\/site\/wp-json\/wp\/v2\/media?parent=1154"}],"wp:term":[{"taxonomy":"category","embeddable":true,"href":"https:\/\/brasilnoticias.org\/site\/wp-json\/wp\/v2\/categories?post=1154"},{"taxonomy":"post_tag","embeddable":true,"href":"https:\/\/brasilnoticias.org\/site\/wp-json\/wp\/v2\/tags?post=1154"}],"curies":[{"name":"wp","href":"https:\/\/api.w.org\/{rel}","templated":true}]}}