{"id":11545,"date":"2023-12-08T12:15:37","date_gmt":"2023-12-08T15:15:37","guid":{"rendered":"https:\/\/brasilnoticias.org\/site\/?p=11545"},"modified":"2023-12-08T12:15:37","modified_gmt":"2023-12-08T15:15:37","slug":"jeronimo-sanciona-lei-que-isenta-ipva-de-carros-eletricos-de-ate-r-300-mil","status":"publish","type":"post","link":"https:\/\/brasilnoticias.org\/site\/jeronimo-sanciona-lei-que-isenta-ipva-de-carros-eletricos-de-ate-r-300-mil\/","title":{"rendered":"Jer\u00f4nimo sanciona lei que isenta IPVA de carros el\u00e9tricos de at\u00e9 R$ 300 mil"},"content":{"rendered":"<p>A nova legisla\u00e7\u00e3o foi uma das garantias dadas por Jer\u00f4nimo para assegurar a instala\u00e7\u00e3o da f\u00e1brica da BYD em Cama\u00e7ari<\/p>\n<p>O governador Jer\u00f4nimo Rodrigues (PT) sancionou nesta sexta-feira (8\/12) a lei que concede isen\u00e7\u00e3o do IPVA a ve\u00edculos el\u00e9tricos at\u00e9 R$ 300 mil. A lei entra em vigor a partir de 1\u00ba de janeiro.<\/p>\n<p>O texto foi aprovado na \u00faltima quarta-feira (6\/12) pela Assembleia Legislativa (AL-BA), ap\u00f3s meses de debates e obstru\u00e7\u00e3o de deputados da oposi\u00e7\u00e3o.<\/p>\n<p>A lei ainda estabelece que ve\u00edculos que tenham valor acima de R$ 300 mil paguem 2,5% de al\u00edquota de IPVA.<\/p>\n<p>A nova legisla\u00e7\u00e3o foi uma das garantias dadas por Jer\u00f4nimo para assegurar a instala\u00e7\u00e3o da f\u00e1brica da BYD em Cama\u00e7ari, na regi\u00e3o metropolitana de Salvador, no mesmo espa\u00e7o em que funcionava a produ\u00e7\u00e3o de carros da Ford.<\/p>\n<p>A montadora chinesa tem como carro-chefe a produ\u00e7\u00e3o de ve\u00edculos el\u00e9tricos. O intuito \u00e9 que a opera\u00e7\u00e3o tenha in\u00edcio em 2025. O investimento total \u00e9 de R$ 3 bilh\u00f5es.<\/p>\n<p>Segundo o Departamento Estadual de Tr\u00e2nsito (Detran-BA), a Bahia tem 5.235 ve\u00edculos h\u00edbridos e apenas 923 totalmente el\u00e9tricos. O mercado prev\u00ea que esses n\u00fameros v\u00e3o disparar nos pr\u00f3ximos anos com o aumento na fabrica\u00e7\u00e3o desse tipo de ve\u00edculo e com os incentivos oferecidos pelos governos.<\/p>\n<p>Foto: Feij\u00e3o Almeida\/GOVBA<br \/>\nAratu On<\/p>\n","protected":false},"excerpt":{"rendered":"<p>A nova legisla\u00e7\u00e3o foi uma das garantias dadas por Jer\u00f4nimo para assegurar a instala\u00e7\u00e3o da f\u00e1brica da BYD em Cama\u00e7ari<\/p>\n","protected":false},"author":4,"featured_media":11546,"comment_status":"open","ping_status":"open","sticky":false,"template":"","format":"standard","meta":{"colormag_page_container_layout":"default_layout","colormag_page_sidebar_layout":"default_layout","_FSMCFIC_featured_image_caption":"","_FSMCFIC_featured_image_nocaption":"","_FSMCFIC_featured_image_hide":"","footnotes":""},"categories":[2,1],"tags":[],"class_list":["post-11545","post","type-post","status-publish","format-standard","has-post-thumbnail","hentry","category-noticias","category-ultimas"],"yoast_head":"<!-- This site is optimized with the Yoast SEO plugin v27.1.1 - https:\/\/yoast.com\/product\/yoast-seo-wordpress\/ -->\n<title>Jer\u00f4nimo sanciona lei que isenta IPVA de carros el\u00e9tricos de at\u00e9 R$ 300 mil - Brasil not\u00edcias<\/title>\n<meta name=\"robots\" content=\"index, follow, max-snippet:-1, max-image-preview:large, max-video-preview:-1\" \/>\n<link rel=\"canonical\" href=\"https:\/\/brasilnoticias.org\/site\/jeronimo-sanciona-lei-que-isenta-ipva-de-carros-eletricos-de-ate-r-300-mil\/\" \/>\n<meta property=\"og:locale\" content=\"pt_PT\" \/>\n<meta property=\"og:type\" content=\"article\" \/>\n<meta property=\"og:title\" content=\"Jer\u00f4nimo sanciona lei que isenta IPVA de carros el\u00e9tricos de at\u00e9 R$ 300 mil - Brasil not\u00edcias\" \/>\n<meta property=\"og:description\" content=\"A nova legisla\u00e7\u00e3o foi uma das garantias dadas por Jer\u00f4nimo para assegurar a instala\u00e7\u00e3o da f\u00e1brica da BYD em Cama\u00e7ari\" \/>\n<meta property=\"og:url\" content=\"https:\/\/brasilnoticias.org\/site\/jeronimo-sanciona-lei-que-isenta-ipva-de-carros-eletricos-de-ate-r-300-mil\/\" \/>\n<meta property=\"og:site_name\" content=\"Brasil not\u00edcias\" \/>\n<meta property=\"article:published_time\" content=\"2023-12-08T15:15:37+00:00\" \/>\n<meta property=\"og:image\" content=\"https:\/\/brasilnoticias.org\/site\/wp-content\/uploads\/2023\/12\/byd-740x470-1.jpg\" \/>\n\t<meta property=\"og:image:width\" content=\"740\" \/>\n\t<meta property=\"og:image:height\" content=\"470\" \/>\n\t<meta property=\"og:image:type\" content=\"image\/jpeg\" \/>\n<meta name=\"author\" content=\"Reda\u00e7\u00e3o\" \/>\n<meta name=\"twitter:card\" content=\"summary_large_image\" \/>\n<meta name=\"twitter:label1\" content=\"Escrito por\" \/>\n\t<meta name=\"twitter:data1\" content=\"Reda\u00e7\u00e3o\" \/>\n<script type=\"application\/ld+json\" class=\"yoast-schema-graph\">{\"@context\":\"https:\/\/schema.org\",\"@graph\":[{\"@type\":\"Article\",\"@id\":\"https:\/\/brasilnoticias.org\/site\/jeronimo-sanciona-lei-que-isenta-ipva-de-carros-eletricos-de-ate-r-300-mil\/#article\",\"isPartOf\":{\"@id\":\"https:\/\/brasilnoticias.org\/site\/jeronimo-sanciona-lei-que-isenta-ipva-de-carros-eletricos-de-ate-r-300-mil\/\"},\"author\":{\"name\":\"Reda\u00e7\u00e3o\",\"@id\":\"https:\/\/brasilnoticias.org\/site\/#\/schema\/person\/03bbbfe6c7634ad18c26444ea39049fa\"},\"headline\":\"Jer\u00f4nimo sanciona lei que isenta IPVA de carros el\u00e9tricos de at\u00e9 R$ 300 mil\",\"datePublished\":\"2023-12-08T15:15:37+00:00\",\"mainEntityOfPage\":{\"@id\":\"https:\/\/brasilnoticias.org\/site\/jeronimo-sanciona-lei-que-isenta-ipva-de-carros-eletricos-de-ate-r-300-mil\/\"},\"wordCount\":254,\"commentCount\":0,\"publisher\":{\"@id\":\"https:\/\/brasilnoticias.org\/site\/#organization\"},\"image\":{\"@id\":\"https:\/\/brasilnoticias.org\/site\/jeronimo-sanciona-lei-que-isenta-ipva-de-carros-eletricos-de-ate-r-300-mil\/#primaryimage\"},\"thumbnailUrl\":\"https:\/\/brasilnoticias.org\/site\/wp-content\/uploads\/2023\/12\/byd-740x470-1.jpg\",\"articleSection\":[\"Not\u00edcias\",\"\u00daltimas\"],\"inLanguage\":\"pt-PT\",\"potentialAction\":[{\"@type\":\"CommentAction\",\"name\":\"Comment\",\"target\":[\"https:\/\/brasilnoticias.org\/site\/jeronimo-sanciona-lei-que-isenta-ipva-de-carros-eletricos-de-ate-r-300-mil\/#respond\"]}]},{\"@type\":\"WebPage\",\"@id\":\"https:\/\/brasilnoticias.org\/site\/jeronimo-sanciona-lei-que-isenta-ipva-de-carros-eletricos-de-ate-r-300-mil\/\",\"url\":\"https:\/\/brasilnoticias.org\/site\/jeronimo-sanciona-lei-que-isenta-ipva-de-carros-eletricos-de-ate-r-300-mil\/\",\"name\":\"Jer\u00f4nimo sanciona lei que isenta IPVA de carros el\u00e9tricos de at\u00e9 R$ 300 mil - Brasil not\u00edcias\",\"isPartOf\":{\"@id\":\"https:\/\/brasilnoticias.org\/site\/#website\"},\"primaryImageOfPage\":{\"@id\":\"https:\/\/brasilnoticias.org\/site\/jeronimo-sanciona-lei-que-isenta-ipva-de-carros-eletricos-de-ate-r-300-mil\/#primaryimage\"},\"image\":{\"@id\":\"https:\/\/brasilnoticias.org\/site\/jeronimo-sanciona-lei-que-isenta-ipva-de-carros-eletricos-de-ate-r-300-mil\/#primaryimage\"},\"thumbnailUrl\":\"https:\/\/brasilnoticias.org\/site\/wp-content\/uploads\/2023\/12\/byd-740x470-1.jpg\",\"datePublished\":\"2023-12-08T15:15:37+00:00\",\"breadcrumb\":{\"@id\":\"https:\/\/brasilnoticias.org\/site\/jeronimo-sanciona-lei-que-isenta-ipva-de-carros-eletricos-de-ate-r-300-mil\/#breadcrumb\"},\"inLanguage\":\"pt-PT\",\"potentialAction\":[{\"@type\":\"ReadAction\",\"target\":[\"https:\/\/brasilnoticias.org\/site\/jeronimo-sanciona-lei-que-isenta-ipva-de-carros-eletricos-de-ate-r-300-mil\/\"]}]},{\"@type\":\"ImageObject\",\"inLanguage\":\"pt-PT\",\"@id\":\"https:\/\/brasilnoticias.org\/site\/jeronimo-sanciona-lei-que-isenta-ipva-de-carros-eletricos-de-ate-r-300-mil\/#primaryimage\",\"url\":\"https:\/\/brasilnoticias.org\/site\/wp-content\/uploads\/2023\/12\/byd-740x470-1.jpg\",\"contentUrl\":\"https:\/\/brasilnoticias.org\/site\/wp-content\/uploads\/2023\/12\/byd-740x470-1.jpg\",\"width\":740,\"height\":470},{\"@type\":\"BreadcrumbList\",\"@id\":\"https:\/\/brasilnoticias.org\/site\/jeronimo-sanciona-lei-que-isenta-ipva-de-carros-eletricos-de-ate-r-300-mil\/#breadcrumb\",\"itemListElement\":[{\"@type\":\"ListItem\",\"position\":1,\"name\":\"In\u00edcio\",\"item\":\"https:\/\/brasilnoticias.org\/site\/\"},{\"@type\":\"ListItem\",\"position\":2,\"name\":\"Jer\u00f4nimo sanciona lei que isenta IPVA de carros el\u00e9tricos de at\u00e9 R$ 300 mil\"}]},{\"@type\":\"WebSite\",\"@id\":\"https:\/\/brasilnoticias.org\/site\/#website\",\"url\":\"https:\/\/brasilnoticias.org\/site\/\",\"name\":\"Brasil not\u00edcias\",\"description\":\"Brasil not\u00edcias\",\"publisher\":{\"@id\":\"https:\/\/brasilnoticias.org\/site\/#organization\"},\"potentialAction\":[{\"@type\":\"SearchAction\",\"target\":{\"@type\":\"EntryPoint\",\"urlTemplate\":\"https:\/\/brasilnoticias.org\/site\/?s={search_term_string}\"},\"query-input\":{\"@type\":\"PropertyValueSpecification\",\"valueRequired\":true,\"valueName\":\"search_term_string\"}}],\"inLanguage\":\"pt-PT\"},{\"@type\":\"Organization\",\"@id\":\"https:\/\/brasilnoticias.org\/site\/#organization\",\"name\":\"Brasil not\u00edcias\",\"url\":\"https:\/\/brasilnoticias.org\/site\/\",\"logo\":{\"@type\":\"ImageObject\",\"inLanguage\":\"pt-PT\",\"@id\":\"https:\/\/brasilnoticias.org\/site\/#\/schema\/logo\/image\/\",\"url\":\"https:\/\/brasilnoticias.org\/site\/wp-content\/uploads\/2022\/05\/cropped-brasilnoticias-mini.jpg\",\"contentUrl\":\"https:\/\/brasilnoticias.org\/site\/wp-content\/uploads\/2022\/05\/cropped-brasilnoticias-mini.jpg\",\"width\":314,\"height\":86,\"caption\":\"Brasil not\u00edcias\"},\"image\":{\"@id\":\"https:\/\/brasilnoticias.org\/site\/#\/schema\/logo\/image\/\"}},{\"@type\":\"Person\",\"@id\":\"https:\/\/brasilnoticias.org\/site\/#\/schema\/person\/03bbbfe6c7634ad18c26444ea39049fa\",\"name\":\"Reda\u00e7\u00e3o\",\"image\":{\"@type\":\"ImageObject\",\"inLanguage\":\"pt-PT\",\"@id\":\"https:\/\/brasilnoticias.org\/site\/#\/schema\/person\/image\/\",\"url\":\"https:\/\/secure.gravatar.com\/avatar\/9ecaf7327a696cb23ad926fedded5f1f04d7049de9e445375d55b48c001a6e42?s=96&d=mm&r=g\",\"contentUrl\":\"https:\/\/secure.gravatar.com\/avatar\/9ecaf7327a696cb23ad926fedded5f1f04d7049de9e445375d55b48c001a6e42?s=96&d=mm&r=g\",\"caption\":\"Reda\u00e7\u00e3o\"},\"url\":\"https:\/\/brasilnoticias.org\/site\/author\/henrique\/\"}]}<\/script>\n<!-- \/ Yoast SEO plugin. -->","yoast_head_json":{"title":"Jer\u00f4nimo sanciona lei que isenta IPVA de carros el\u00e9tricos de at\u00e9 R$ 300 mil - Brasil not\u00edcias","robots":{"index":"index","follow":"follow","max-snippet":"max-snippet:-1","max-image-preview":"max-image-preview:large","max-video-preview":"max-video-preview:-1"},"canonical":"https:\/\/brasilnoticias.org\/site\/jeronimo-sanciona-lei-que-isenta-ipva-de-carros-eletricos-de-ate-r-300-mil\/","og_locale":"pt_PT","og_type":"article","og_title":"Jer\u00f4nimo sanciona lei que isenta IPVA de carros el\u00e9tricos de at\u00e9 R$ 300 mil - Brasil not\u00edcias","og_description":"A nova legisla\u00e7\u00e3o foi uma das garantias dadas por Jer\u00f4nimo para assegurar a instala\u00e7\u00e3o da f\u00e1brica da BYD em Cama\u00e7ari","og_url":"https:\/\/brasilnoticias.org\/site\/jeronimo-sanciona-lei-que-isenta-ipva-de-carros-eletricos-de-ate-r-300-mil\/","og_site_name":"Brasil not\u00edcias","article_published_time":"2023-12-08T15:15:37+00:00","og_image":[{"width":740,"height":470,"url":"https:\/\/brasilnoticias.org\/site\/wp-content\/uploads\/2023\/12\/byd-740x470-1.jpg","type":"image\/jpeg"}],"author":"Reda\u00e7\u00e3o","twitter_card":"summary_large_image","twitter_misc":{"Escrito por":"Reda\u00e7\u00e3o"},"schema":{"@context":"https:\/\/schema.org","@graph":[{"@type":"Article","@id":"https:\/\/brasilnoticias.org\/site\/jeronimo-sanciona-lei-que-isenta-ipva-de-carros-eletricos-de-ate-r-300-mil\/#article","isPartOf":{"@id":"https:\/\/brasilnoticias.org\/site\/jeronimo-sanciona-lei-que-isenta-ipva-de-carros-eletricos-de-ate-r-300-mil\/"},"author":{"name":"Reda\u00e7\u00e3o","@id":"https:\/\/brasilnoticias.org\/site\/#\/schema\/person\/03bbbfe6c7634ad18c26444ea39049fa"},"headline":"Jer\u00f4nimo sanciona lei que isenta IPVA de carros el\u00e9tricos de at\u00e9 R$ 300 mil","datePublished":"2023-12-08T15:15:37+00:00","mainEntityOfPage":{"@id":"https:\/\/brasilnoticias.org\/site\/jeronimo-sanciona-lei-que-isenta-ipva-de-carros-eletricos-de-ate-r-300-mil\/"},"wordCount":254,"commentCount":0,"publisher":{"@id":"https:\/\/brasilnoticias.org\/site\/#organization"},"image":{"@id":"https:\/\/brasilnoticias.org\/site\/jeronimo-sanciona-lei-que-isenta-ipva-de-carros-eletricos-de-ate-r-300-mil\/#primaryimage"},"thumbnailUrl":"https:\/\/brasilnoticias.org\/site\/wp-content\/uploads\/2023\/12\/byd-740x470-1.jpg","articleSection":["Not\u00edcias","\u00daltimas"],"inLanguage":"pt-PT","potentialAction":[{"@type":"CommentAction","name":"Comment","target":["https:\/\/brasilnoticias.org\/site\/jeronimo-sanciona-lei-que-isenta-ipva-de-carros-eletricos-de-ate-r-300-mil\/#respond"]}]},{"@type":"WebPage","@id":"https:\/\/brasilnoticias.org\/site\/jeronimo-sanciona-lei-que-isenta-ipva-de-carros-eletricos-de-ate-r-300-mil\/","url":"https:\/\/brasilnoticias.org\/site\/jeronimo-sanciona-lei-que-isenta-ipva-de-carros-eletricos-de-ate-r-300-mil\/","name":"Jer\u00f4nimo sanciona lei que isenta IPVA de carros el\u00e9tricos de at\u00e9 R$ 300 mil - Brasil not\u00edcias","isPartOf":{"@id":"https:\/\/brasilnoticias.org\/site\/#website"},"primaryImageOfPage":{"@id":"https:\/\/brasilnoticias.org\/site\/jeronimo-sanciona-lei-que-isenta-ipva-de-carros-eletricos-de-ate-r-300-mil\/#primaryimage"},"image":{"@id":"https:\/\/brasilnoticias.org\/site\/jeronimo-sanciona-lei-que-isenta-ipva-de-carros-eletricos-de-ate-r-300-mil\/#primaryimage"},"thumbnailUrl":"https:\/\/brasilnoticias.org\/site\/wp-content\/uploads\/2023\/12\/byd-740x470-1.jpg","datePublished":"2023-12-08T15:15:37+00:00","breadcrumb":{"@id":"https:\/\/brasilnoticias.org\/site\/jeronimo-sanciona-lei-que-isenta-ipva-de-carros-eletricos-de-ate-r-300-mil\/#breadcrumb"},"inLanguage":"pt-PT","potentialAction":[{"@type":"ReadAction","target":["https:\/\/brasilnoticias.org\/site\/jeronimo-sanciona-lei-que-isenta-ipva-de-carros-eletricos-de-ate-r-300-mil\/"]}]},{"@type":"ImageObject","inLanguage":"pt-PT","@id":"https:\/\/brasilnoticias.org\/site\/jeronimo-sanciona-lei-que-isenta-ipva-de-carros-eletricos-de-ate-r-300-mil\/#primaryimage","url":"https:\/\/brasilnoticias.org\/site\/wp-content\/uploads\/2023\/12\/byd-740x470-1.jpg","contentUrl":"https:\/\/brasilnoticias.org\/site\/wp-content\/uploads\/2023\/12\/byd-740x470-1.jpg","width":740,"height":470},{"@type":"BreadcrumbList","@id":"https:\/\/brasilnoticias.org\/site\/jeronimo-sanciona-lei-que-isenta-ipva-de-carros-eletricos-de-ate-r-300-mil\/#breadcrumb","itemListElement":[{"@type":"ListItem","position":1,"name":"In\u00edcio","item":"https:\/\/brasilnoticias.org\/site\/"},{"@type":"ListItem","position":2,"name":"Jer\u00f4nimo sanciona lei que isenta IPVA de carros el\u00e9tricos de at\u00e9 R$ 300 mil"}]},{"@type":"WebSite","@id":"https:\/\/brasilnoticias.org\/site\/#website","url":"https:\/\/brasilnoticias.org\/site\/","name":"Brasil not\u00edcias","description":"Brasil not\u00edcias","publisher":{"@id":"https:\/\/brasilnoticias.org\/site\/#organization"},"potentialAction":[{"@type":"SearchAction","target":{"@type":"EntryPoint","urlTemplate":"https:\/\/brasilnoticias.org\/site\/?s={search_term_string}"},"query-input":{"@type":"PropertyValueSpecification","valueRequired":true,"valueName":"search_term_string"}}],"inLanguage":"pt-PT"},{"@type":"Organization","@id":"https:\/\/brasilnoticias.org\/site\/#organization","name":"Brasil not\u00edcias","url":"https:\/\/brasilnoticias.org\/site\/","logo":{"@type":"ImageObject","inLanguage":"pt-PT","@id":"https:\/\/brasilnoticias.org\/site\/#\/schema\/logo\/image\/","url":"https:\/\/brasilnoticias.org\/site\/wp-content\/uploads\/2022\/05\/cropped-brasilnoticias-mini.jpg","contentUrl":"https:\/\/brasilnoticias.org\/site\/wp-content\/uploads\/2022\/05\/cropped-brasilnoticias-mini.jpg","width":314,"height":86,"caption":"Brasil not\u00edcias"},"image":{"@id":"https:\/\/brasilnoticias.org\/site\/#\/schema\/logo\/image\/"}},{"@type":"Person","@id":"https:\/\/brasilnoticias.org\/site\/#\/schema\/person\/03bbbfe6c7634ad18c26444ea39049fa","name":"Reda\u00e7\u00e3o","image":{"@type":"ImageObject","inLanguage":"pt-PT","@id":"https:\/\/brasilnoticias.org\/site\/#\/schema\/person\/image\/","url":"https:\/\/secure.gravatar.com\/avatar\/9ecaf7327a696cb23ad926fedded5f1f04d7049de9e445375d55b48c001a6e42?s=96&d=mm&r=g","contentUrl":"https:\/\/secure.gravatar.com\/avatar\/9ecaf7327a696cb23ad926fedded5f1f04d7049de9e445375d55b48c001a6e42?s=96&d=mm&r=g","caption":"Reda\u00e7\u00e3o"},"url":"https:\/\/brasilnoticias.org\/site\/author\/henrique\/"}]}},"_links":{"self":[{"href":"https:\/\/brasilnoticias.org\/site\/wp-json\/wp\/v2\/posts\/11545","targetHints":{"allow":["GET"]}}],"collection":[{"href":"https:\/\/brasilnoticias.org\/site\/wp-json\/wp\/v2\/posts"}],"about":[{"href":"https:\/\/brasilnoticias.org\/site\/wp-json\/wp\/v2\/types\/post"}],"author":[{"embeddable":true,"href":"https:\/\/brasilnoticias.org\/site\/wp-json\/wp\/v2\/users\/4"}],"replies":[{"embeddable":true,"href":"https:\/\/brasilnoticias.org\/site\/wp-json\/wp\/v2\/comments?post=11545"}],"version-history":[{"count":1,"href":"https:\/\/brasilnoticias.org\/site\/wp-json\/wp\/v2\/posts\/11545\/revisions"}],"predecessor-version":[{"id":11547,"href":"https:\/\/brasilnoticias.org\/site\/wp-json\/wp\/v2\/posts\/11545\/revisions\/11547"}],"wp:featuredmedia":[{"embeddable":true,"href":"https:\/\/brasilnoticias.org\/site\/wp-json\/wp\/v2\/media\/11546"}],"wp:attachment":[{"href":"https:\/\/brasilnoticias.org\/site\/wp-json\/wp\/v2\/media?parent=11545"}],"wp:term":[{"taxonomy":"category","embeddable":true,"href":"https:\/\/brasilnoticias.org\/site\/wp-json\/wp\/v2\/categories?post=11545"},{"taxonomy":"post_tag","embeddable":true,"href":"https:\/\/brasilnoticias.org\/site\/wp-json\/wp\/v2\/tags?post=11545"}],"curies":[{"name":"wp","href":"https:\/\/api.w.org\/{rel}","templated":true}]}}