{"id":11554,"date":"2023-12-09T06:00:10","date_gmt":"2023-12-09T09:00:10","guid":{"rendered":"https:\/\/brasilnoticias.org\/site\/?p=11554"},"modified":"2023-12-08T22:12:11","modified_gmt":"2023-12-09T01:12:11","slug":"cpi-da-braskem-sera-instalada-na-proxima-terca-feira-confirma-equipe-de-renan-calheiros","status":"publish","type":"post","link":"https:\/\/brasilnoticias.org\/site\/cpi-da-braskem-sera-instalada-na-proxima-terca-feira-confirma-equipe-de-renan-calheiros\/","title":{"rendered":"CPI da Braskem ser\u00e1 instalada na pr\u00f3xima ter\u00e7a-feira, confirma equipe de Renan Calheiros"},"content":{"rendered":"<p>A primeira reuni\u00e3o ser\u00e1 utilizada para a vota\u00e7\u00e3o de um presidente da comiss\u00e3o<\/p>\n<p>A Comiss\u00e3o Parlamentar de Inqu\u00e9rito (CPI) da Braskem, que investigar\u00e1 o envolvimento da empresa com as minas extra\u00e7\u00e3o de sal-gema que amea\u00e7am desabar em Macei\u00f3, ser\u00e1 instalada na pr\u00f3xima ter\u00e7a-feira (12), \u00e0s 15h.<\/p>\n<p>A informa\u00e7\u00e3o foi divulgada pela equipe do senador Renan Calheiros (MDB). Como membro mais antigo, o parlamentar ficar\u00e1 no encargo de presidir a primeira reuni\u00e3o da comiss\u00e3o.<\/p>\n<p>O encontro dever\u00e1 ser utilizado para eleger o presidente oficial da CPI, que ficar\u00e1 respons\u00e1vel por designar o vice-presidente e o relator da comiss\u00e3o.<\/p>\n<p>Foto: UFAL<br \/>\nPor: Metro1<\/p>\n","protected":false},"excerpt":{"rendered":"<p>A primeira reuni\u00e3o ser\u00e1 utilizada para a vota\u00e7\u00e3o de um presidente da comiss\u00e3o A Comiss\u00e3o Parlamentar de Inqu\u00e9rito (CPI) da<\/p>\n","protected":false},"author":4,"featured_media":11555,"comment_status":"open","ping_status":"open","sticky":false,"template":"","format":"standard","meta":{"colormag_page_container_layout":"default_layout","colormag_page_sidebar_layout":"default_layout","_FSMCFIC_featured_image_caption":"","_FSMCFIC_featured_image_nocaption":"","_FSMCFIC_featured_image_hide":"","footnotes":""},"categories":[2,1],"tags":[],"class_list":["post-11554","post","type-post","status-publish","format-standard","has-post-thumbnail","hentry","category-noticias","category-ultimas"],"yoast_head":"<!-- This site is optimized with the Yoast SEO plugin v27.1.1 - https:\/\/yoast.com\/product\/yoast-seo-wordpress\/ -->\n<title>CPI da Braskem ser\u00e1 instalada na pr\u00f3xima ter\u00e7a-feira, confirma equipe de Renan Calheiros - Brasil not\u00edcias<\/title>\n<meta name=\"robots\" content=\"index, follow, max-snippet:-1, max-image-preview:large, max-video-preview:-1\" \/>\n<link rel=\"canonical\" href=\"https:\/\/brasilnoticias.org\/site\/cpi-da-braskem-sera-instalada-na-proxima-terca-feira-confirma-equipe-de-renan-calheiros\/\" \/>\n<meta property=\"og:locale\" content=\"pt_PT\" \/>\n<meta property=\"og:type\" content=\"article\" \/>\n<meta property=\"og:title\" content=\"CPI da Braskem ser\u00e1 instalada na pr\u00f3xima ter\u00e7a-feira, confirma equipe de Renan Calheiros - Brasil not\u00edcias\" \/>\n<meta property=\"og:description\" content=\"A primeira reuni\u00e3o ser\u00e1 utilizada para a vota\u00e7\u00e3o de um presidente da comiss\u00e3o A Comiss\u00e3o Parlamentar de Inqu\u00e9rito (CPI) da\" \/>\n<meta property=\"og:url\" content=\"https:\/\/brasilnoticias.org\/site\/cpi-da-braskem-sera-instalada-na-proxima-terca-feira-confirma-equipe-de-renan-calheiros\/\" \/>\n<meta property=\"og:site_name\" content=\"Brasil not\u00edcias\" \/>\n<meta property=\"article:published_time\" content=\"2023-12-09T09:00:10+00:00\" \/>\n<meta property=\"og:image\" content=\"https:\/\/brasilnoticias.org\/site\/wp-content\/uploads\/2023\/12\/144027cpi-da-braskem-sera-instalada-na-proxima-terca-feira-confirma-equipe-de-renan-calheiros-3.jpg\" \/>\n\t<meta property=\"og:image:width\" content=\"1600\" \/>\n\t<meta property=\"og:image:height\" content=\"752\" \/>\n\t<meta property=\"og:image:type\" content=\"image\/jpeg\" \/>\n<meta name=\"author\" content=\"Reda\u00e7\u00e3o\" \/>\n<meta name=\"twitter:card\" content=\"summary_large_image\" \/>\n<meta name=\"twitter:label1\" content=\"Escrito por\" \/>\n\t<meta name=\"twitter:data1\" content=\"Reda\u00e7\u00e3o\" \/>\n<script type=\"application\/ld+json\" class=\"yoast-schema-graph\">{\"@context\":\"https:\/\/schema.org\",\"@graph\":[{\"@type\":\"Article\",\"@id\":\"https:\/\/brasilnoticias.org\/site\/cpi-da-braskem-sera-instalada-na-proxima-terca-feira-confirma-equipe-de-renan-calheiros\/#article\",\"isPartOf\":{\"@id\":\"https:\/\/brasilnoticias.org\/site\/cpi-da-braskem-sera-instalada-na-proxima-terca-feira-confirma-equipe-de-renan-calheiros\/\"},\"author\":{\"name\":\"Reda\u00e7\u00e3o\",\"@id\":\"https:\/\/brasilnoticias.org\/site\/#\/schema\/person\/03bbbfe6c7634ad18c26444ea39049fa\"},\"headline\":\"CPI da Braskem ser\u00e1 instalada na pr\u00f3xima ter\u00e7a-feira, confirma equipe de Renan Calheiros\",\"datePublished\":\"2023-12-09T09:00:10+00:00\",\"mainEntityOfPage\":{\"@id\":\"https:\/\/brasilnoticias.org\/site\/cpi-da-braskem-sera-instalada-na-proxima-terca-feira-confirma-equipe-de-renan-calheiros\/\"},\"wordCount\":129,\"commentCount\":0,\"publisher\":{\"@id\":\"https:\/\/brasilnoticias.org\/site\/#organization\"},\"image\":{\"@id\":\"https:\/\/brasilnoticias.org\/site\/cpi-da-braskem-sera-instalada-na-proxima-terca-feira-confirma-equipe-de-renan-calheiros\/#primaryimage\"},\"thumbnailUrl\":\"https:\/\/brasilnoticias.org\/site\/wp-content\/uploads\/2023\/12\/144027cpi-da-braskem-sera-instalada-na-proxima-terca-feira-confirma-equipe-de-renan-calheiros-3.jpg\",\"articleSection\":[\"Not\u00edcias\",\"\u00daltimas\"],\"inLanguage\":\"pt-PT\",\"potentialAction\":[{\"@type\":\"CommentAction\",\"name\":\"Comment\",\"target\":[\"https:\/\/brasilnoticias.org\/site\/cpi-da-braskem-sera-instalada-na-proxima-terca-feira-confirma-equipe-de-renan-calheiros\/#respond\"]}]},{\"@type\":\"WebPage\",\"@id\":\"https:\/\/brasilnoticias.org\/site\/cpi-da-braskem-sera-instalada-na-proxima-terca-feira-confirma-equipe-de-renan-calheiros\/\",\"url\":\"https:\/\/brasilnoticias.org\/site\/cpi-da-braskem-sera-instalada-na-proxima-terca-feira-confirma-equipe-de-renan-calheiros\/\",\"name\":\"CPI da Braskem ser\u00e1 instalada na pr\u00f3xima ter\u00e7a-feira, confirma equipe de Renan Calheiros - Brasil not\u00edcias\",\"isPartOf\":{\"@id\":\"https:\/\/brasilnoticias.org\/site\/#website\"},\"primaryImageOfPage\":{\"@id\":\"https:\/\/brasilnoticias.org\/site\/cpi-da-braskem-sera-instalada-na-proxima-terca-feira-confirma-equipe-de-renan-calheiros\/#primaryimage\"},\"image\":{\"@id\":\"https:\/\/brasilnoticias.org\/site\/cpi-da-braskem-sera-instalada-na-proxima-terca-feira-confirma-equipe-de-renan-calheiros\/#primaryimage\"},\"thumbnailUrl\":\"https:\/\/brasilnoticias.org\/site\/wp-content\/uploads\/2023\/12\/144027cpi-da-braskem-sera-instalada-na-proxima-terca-feira-confirma-equipe-de-renan-calheiros-3.jpg\",\"datePublished\":\"2023-12-09T09:00:10+00:00\",\"breadcrumb\":{\"@id\":\"https:\/\/brasilnoticias.org\/site\/cpi-da-braskem-sera-instalada-na-proxima-terca-feira-confirma-equipe-de-renan-calheiros\/#breadcrumb\"},\"inLanguage\":\"pt-PT\",\"potentialAction\":[{\"@type\":\"ReadAction\",\"target\":[\"https:\/\/brasilnoticias.org\/site\/cpi-da-braskem-sera-instalada-na-proxima-terca-feira-confirma-equipe-de-renan-calheiros\/\"]}]},{\"@type\":\"ImageObject\",\"inLanguage\":\"pt-PT\",\"@id\":\"https:\/\/brasilnoticias.org\/site\/cpi-da-braskem-sera-instalada-na-proxima-terca-feira-confirma-equipe-de-renan-calheiros\/#primaryimage\",\"url\":\"https:\/\/brasilnoticias.org\/site\/wp-content\/uploads\/2023\/12\/144027cpi-da-braskem-sera-instalada-na-proxima-terca-feira-confirma-equipe-de-renan-calheiros-3.jpg\",\"contentUrl\":\"https:\/\/brasilnoticias.org\/site\/wp-content\/uploads\/2023\/12\/144027cpi-da-braskem-sera-instalada-na-proxima-terca-feira-confirma-equipe-de-renan-calheiros-3.jpg\",\"width\":1600,\"height\":752},{\"@type\":\"BreadcrumbList\",\"@id\":\"https:\/\/brasilnoticias.org\/site\/cpi-da-braskem-sera-instalada-na-proxima-terca-feira-confirma-equipe-de-renan-calheiros\/#breadcrumb\",\"itemListElement\":[{\"@type\":\"ListItem\",\"position\":1,\"name\":\"In\u00edcio\",\"item\":\"https:\/\/brasilnoticias.org\/site\/\"},{\"@type\":\"ListItem\",\"position\":2,\"name\":\"CPI da Braskem ser\u00e1 instalada na pr\u00f3xima ter\u00e7a-feira, confirma equipe de Renan Calheiros\"}]},{\"@type\":\"WebSite\",\"@id\":\"https:\/\/brasilnoticias.org\/site\/#website\",\"url\":\"https:\/\/brasilnoticias.org\/site\/\",\"name\":\"Brasil not\u00edcias\",\"description\":\"Brasil not\u00edcias\",\"publisher\":{\"@id\":\"https:\/\/brasilnoticias.org\/site\/#organization\"},\"potentialAction\":[{\"@type\":\"SearchAction\",\"target\":{\"@type\":\"EntryPoint\",\"urlTemplate\":\"https:\/\/brasilnoticias.org\/site\/?s={search_term_string}\"},\"query-input\":{\"@type\":\"PropertyValueSpecification\",\"valueRequired\":true,\"valueName\":\"search_term_string\"}}],\"inLanguage\":\"pt-PT\"},{\"@type\":\"Organization\",\"@id\":\"https:\/\/brasilnoticias.org\/site\/#organization\",\"name\":\"Brasil not\u00edcias\",\"url\":\"https:\/\/brasilnoticias.org\/site\/\",\"logo\":{\"@type\":\"ImageObject\",\"inLanguage\":\"pt-PT\",\"@id\":\"https:\/\/brasilnoticias.org\/site\/#\/schema\/logo\/image\/\",\"url\":\"https:\/\/brasilnoticias.org\/site\/wp-content\/uploads\/2022\/05\/cropped-brasilnoticias-mini.jpg\",\"contentUrl\":\"https:\/\/brasilnoticias.org\/site\/wp-content\/uploads\/2022\/05\/cropped-brasilnoticias-mini.jpg\",\"width\":314,\"height\":86,\"caption\":\"Brasil not\u00edcias\"},\"image\":{\"@id\":\"https:\/\/brasilnoticias.org\/site\/#\/schema\/logo\/image\/\"}},{\"@type\":\"Person\",\"@id\":\"https:\/\/brasilnoticias.org\/site\/#\/schema\/person\/03bbbfe6c7634ad18c26444ea39049fa\",\"name\":\"Reda\u00e7\u00e3o\",\"image\":{\"@type\":\"ImageObject\",\"inLanguage\":\"pt-PT\",\"@id\":\"https:\/\/brasilnoticias.org\/site\/#\/schema\/person\/image\/\",\"url\":\"https:\/\/secure.gravatar.com\/avatar\/9ecaf7327a696cb23ad926fedded5f1f04d7049de9e445375d55b48c001a6e42?s=96&d=mm&r=g\",\"contentUrl\":\"https:\/\/secure.gravatar.com\/avatar\/9ecaf7327a696cb23ad926fedded5f1f04d7049de9e445375d55b48c001a6e42?s=96&d=mm&r=g\",\"caption\":\"Reda\u00e7\u00e3o\"},\"url\":\"https:\/\/brasilnoticias.org\/site\/author\/henrique\/\"}]}<\/script>\n<!-- \/ Yoast SEO plugin. -->","yoast_head_json":{"title":"CPI da Braskem ser\u00e1 instalada na pr\u00f3xima ter\u00e7a-feira, confirma equipe de Renan Calheiros - Brasil not\u00edcias","robots":{"index":"index","follow":"follow","max-snippet":"max-snippet:-1","max-image-preview":"max-image-preview:large","max-video-preview":"max-video-preview:-1"},"canonical":"https:\/\/brasilnoticias.org\/site\/cpi-da-braskem-sera-instalada-na-proxima-terca-feira-confirma-equipe-de-renan-calheiros\/","og_locale":"pt_PT","og_type":"article","og_title":"CPI da Braskem ser\u00e1 instalada na pr\u00f3xima ter\u00e7a-feira, confirma equipe de Renan Calheiros - Brasil not\u00edcias","og_description":"A primeira reuni\u00e3o ser\u00e1 utilizada para a vota\u00e7\u00e3o de um presidente da comiss\u00e3o A Comiss\u00e3o Parlamentar de Inqu\u00e9rito (CPI) da","og_url":"https:\/\/brasilnoticias.org\/site\/cpi-da-braskem-sera-instalada-na-proxima-terca-feira-confirma-equipe-de-renan-calheiros\/","og_site_name":"Brasil not\u00edcias","article_published_time":"2023-12-09T09:00:10+00:00","og_image":[{"width":1600,"height":752,"url":"https:\/\/brasilnoticias.org\/site\/wp-content\/uploads\/2023\/12\/144027cpi-da-braskem-sera-instalada-na-proxima-terca-feira-confirma-equipe-de-renan-calheiros-3.jpg","type":"image\/jpeg"}],"author":"Reda\u00e7\u00e3o","twitter_card":"summary_large_image","twitter_misc":{"Escrito por":"Reda\u00e7\u00e3o"},"schema":{"@context":"https:\/\/schema.org","@graph":[{"@type":"Article","@id":"https:\/\/brasilnoticias.org\/site\/cpi-da-braskem-sera-instalada-na-proxima-terca-feira-confirma-equipe-de-renan-calheiros\/#article","isPartOf":{"@id":"https:\/\/brasilnoticias.org\/site\/cpi-da-braskem-sera-instalada-na-proxima-terca-feira-confirma-equipe-de-renan-calheiros\/"},"author":{"name":"Reda\u00e7\u00e3o","@id":"https:\/\/brasilnoticias.org\/site\/#\/schema\/person\/03bbbfe6c7634ad18c26444ea39049fa"},"headline":"CPI da Braskem ser\u00e1 instalada na pr\u00f3xima ter\u00e7a-feira, confirma equipe de Renan Calheiros","datePublished":"2023-12-09T09:00:10+00:00","mainEntityOfPage":{"@id":"https:\/\/brasilnoticias.org\/site\/cpi-da-braskem-sera-instalada-na-proxima-terca-feira-confirma-equipe-de-renan-calheiros\/"},"wordCount":129,"commentCount":0,"publisher":{"@id":"https:\/\/brasilnoticias.org\/site\/#organization"},"image":{"@id":"https:\/\/brasilnoticias.org\/site\/cpi-da-braskem-sera-instalada-na-proxima-terca-feira-confirma-equipe-de-renan-calheiros\/#primaryimage"},"thumbnailUrl":"https:\/\/brasilnoticias.org\/site\/wp-content\/uploads\/2023\/12\/144027cpi-da-braskem-sera-instalada-na-proxima-terca-feira-confirma-equipe-de-renan-calheiros-3.jpg","articleSection":["Not\u00edcias","\u00daltimas"],"inLanguage":"pt-PT","potentialAction":[{"@type":"CommentAction","name":"Comment","target":["https:\/\/brasilnoticias.org\/site\/cpi-da-braskem-sera-instalada-na-proxima-terca-feira-confirma-equipe-de-renan-calheiros\/#respond"]}]},{"@type":"WebPage","@id":"https:\/\/brasilnoticias.org\/site\/cpi-da-braskem-sera-instalada-na-proxima-terca-feira-confirma-equipe-de-renan-calheiros\/","url":"https:\/\/brasilnoticias.org\/site\/cpi-da-braskem-sera-instalada-na-proxima-terca-feira-confirma-equipe-de-renan-calheiros\/","name":"CPI da Braskem ser\u00e1 instalada na pr\u00f3xima ter\u00e7a-feira, confirma equipe de Renan Calheiros - Brasil not\u00edcias","isPartOf":{"@id":"https:\/\/brasilnoticias.org\/site\/#website"},"primaryImageOfPage":{"@id":"https:\/\/brasilnoticias.org\/site\/cpi-da-braskem-sera-instalada-na-proxima-terca-feira-confirma-equipe-de-renan-calheiros\/#primaryimage"},"image":{"@id":"https:\/\/brasilnoticias.org\/site\/cpi-da-braskem-sera-instalada-na-proxima-terca-feira-confirma-equipe-de-renan-calheiros\/#primaryimage"},"thumbnailUrl":"https:\/\/brasilnoticias.org\/site\/wp-content\/uploads\/2023\/12\/144027cpi-da-braskem-sera-instalada-na-proxima-terca-feira-confirma-equipe-de-renan-calheiros-3.jpg","datePublished":"2023-12-09T09:00:10+00:00","breadcrumb":{"@id":"https:\/\/brasilnoticias.org\/site\/cpi-da-braskem-sera-instalada-na-proxima-terca-feira-confirma-equipe-de-renan-calheiros\/#breadcrumb"},"inLanguage":"pt-PT","potentialAction":[{"@type":"ReadAction","target":["https:\/\/brasilnoticias.org\/site\/cpi-da-braskem-sera-instalada-na-proxima-terca-feira-confirma-equipe-de-renan-calheiros\/"]}]},{"@type":"ImageObject","inLanguage":"pt-PT","@id":"https:\/\/brasilnoticias.org\/site\/cpi-da-braskem-sera-instalada-na-proxima-terca-feira-confirma-equipe-de-renan-calheiros\/#primaryimage","url":"https:\/\/brasilnoticias.org\/site\/wp-content\/uploads\/2023\/12\/144027cpi-da-braskem-sera-instalada-na-proxima-terca-feira-confirma-equipe-de-renan-calheiros-3.jpg","contentUrl":"https:\/\/brasilnoticias.org\/site\/wp-content\/uploads\/2023\/12\/144027cpi-da-braskem-sera-instalada-na-proxima-terca-feira-confirma-equipe-de-renan-calheiros-3.jpg","width":1600,"height":752},{"@type":"BreadcrumbList","@id":"https:\/\/brasilnoticias.org\/site\/cpi-da-braskem-sera-instalada-na-proxima-terca-feira-confirma-equipe-de-renan-calheiros\/#breadcrumb","itemListElement":[{"@type":"ListItem","position":1,"name":"In\u00edcio","item":"https:\/\/brasilnoticias.org\/site\/"},{"@type":"ListItem","position":2,"name":"CPI da Braskem ser\u00e1 instalada na pr\u00f3xima ter\u00e7a-feira, confirma equipe de Renan Calheiros"}]},{"@type":"WebSite","@id":"https:\/\/brasilnoticias.org\/site\/#website","url":"https:\/\/brasilnoticias.org\/site\/","name":"Brasil not\u00edcias","description":"Brasil not\u00edcias","publisher":{"@id":"https:\/\/brasilnoticias.org\/site\/#organization"},"potentialAction":[{"@type":"SearchAction","target":{"@type":"EntryPoint","urlTemplate":"https:\/\/brasilnoticias.org\/site\/?s={search_term_string}"},"query-input":{"@type":"PropertyValueSpecification","valueRequired":true,"valueName":"search_term_string"}}],"inLanguage":"pt-PT"},{"@type":"Organization","@id":"https:\/\/brasilnoticias.org\/site\/#organization","name":"Brasil not\u00edcias","url":"https:\/\/brasilnoticias.org\/site\/","logo":{"@type":"ImageObject","inLanguage":"pt-PT","@id":"https:\/\/brasilnoticias.org\/site\/#\/schema\/logo\/image\/","url":"https:\/\/brasilnoticias.org\/site\/wp-content\/uploads\/2022\/05\/cropped-brasilnoticias-mini.jpg","contentUrl":"https:\/\/brasilnoticias.org\/site\/wp-content\/uploads\/2022\/05\/cropped-brasilnoticias-mini.jpg","width":314,"height":86,"caption":"Brasil not\u00edcias"},"image":{"@id":"https:\/\/brasilnoticias.org\/site\/#\/schema\/logo\/image\/"}},{"@type":"Person","@id":"https:\/\/brasilnoticias.org\/site\/#\/schema\/person\/03bbbfe6c7634ad18c26444ea39049fa","name":"Reda\u00e7\u00e3o","image":{"@type":"ImageObject","inLanguage":"pt-PT","@id":"https:\/\/brasilnoticias.org\/site\/#\/schema\/person\/image\/","url":"https:\/\/secure.gravatar.com\/avatar\/9ecaf7327a696cb23ad926fedded5f1f04d7049de9e445375d55b48c001a6e42?s=96&d=mm&r=g","contentUrl":"https:\/\/secure.gravatar.com\/avatar\/9ecaf7327a696cb23ad926fedded5f1f04d7049de9e445375d55b48c001a6e42?s=96&d=mm&r=g","caption":"Reda\u00e7\u00e3o"},"url":"https:\/\/brasilnoticias.org\/site\/author\/henrique\/"}]}},"_links":{"self":[{"href":"https:\/\/brasilnoticias.org\/site\/wp-json\/wp\/v2\/posts\/11554","targetHints":{"allow":["GET"]}}],"collection":[{"href":"https:\/\/brasilnoticias.org\/site\/wp-json\/wp\/v2\/posts"}],"about":[{"href":"https:\/\/brasilnoticias.org\/site\/wp-json\/wp\/v2\/types\/post"}],"author":[{"embeddable":true,"href":"https:\/\/brasilnoticias.org\/site\/wp-json\/wp\/v2\/users\/4"}],"replies":[{"embeddable":true,"href":"https:\/\/brasilnoticias.org\/site\/wp-json\/wp\/v2\/comments?post=11554"}],"version-history":[{"count":1,"href":"https:\/\/brasilnoticias.org\/site\/wp-json\/wp\/v2\/posts\/11554\/revisions"}],"predecessor-version":[{"id":11556,"href":"https:\/\/brasilnoticias.org\/site\/wp-json\/wp\/v2\/posts\/11554\/revisions\/11556"}],"wp:featuredmedia":[{"embeddable":true,"href":"https:\/\/brasilnoticias.org\/site\/wp-json\/wp\/v2\/media\/11555"}],"wp:attachment":[{"href":"https:\/\/brasilnoticias.org\/site\/wp-json\/wp\/v2\/media?parent=11554"}],"wp:term":[{"taxonomy":"category","embeddable":true,"href":"https:\/\/brasilnoticias.org\/site\/wp-json\/wp\/v2\/categories?post=11554"},{"taxonomy":"post_tag","embeddable":true,"href":"https:\/\/brasilnoticias.org\/site\/wp-json\/wp\/v2\/tags?post=11554"}],"curies":[{"name":"wp","href":"https:\/\/api.w.org\/{rel}","templated":true}]}}