{"id":1157,"date":"2022-08-14T21:45:54","date_gmt":"2022-08-15T00:45:54","guid":{"rendered":"https:\/\/brasilnoticias.org\/site\/?p=1157"},"modified":"2022-08-14T21:45:54","modified_gmt":"2022-08-15T00:45:54","slug":"menina-de-2-anos-morre-com-suspeita-de-abuso-sexual-em-feira-de-santana","status":"publish","type":"post","link":"https:\/\/brasilnoticias.org\/site\/menina-de-2-anos-morre-com-suspeita-de-abuso-sexual-em-feira-de-santana\/","title":{"rendered":"Menina de 2 anos morre com suspeita de abuso sexual em Feira de Santana"},"content":{"rendered":"<p>Uma menina de 2 anos e 11 meses morreu na tarde deste s\u00e1bado (13) ap\u00f3s dar entrada na emerg\u00eancia do Hospital Estadual da Crian\u00e7a (HEC), em\u00a0<a href=\"https:\/\/www.bnews.com.br\/tags\/feira-de-santana\" target=\"_blank\" rel=\"noopener\">Feira de Santana<\/a>, localizada a 100 km de Salvador. De acordo com o Acorda Cidade, a suspeita \u00e9 de que a menina tenha sofrido agress\u00e3o sexual.<\/p>\n<p>A crian\u00e7a foi levada \u00e0 unidade hospitalar pela m\u00e3e e apresentava sangramento nas narinas, na boca, al\u00e9m de desconforto respirat\u00f3rio.<\/p>\n<p>De acordo com a reportagem, a Pol\u00edcia Civil informou que os m\u00e9dicos contataram ferimentos na regi\u00e3o da vagina e do \u00e2nus da menina. Material ser\u00e1 colhido para averiguar presen\u00e7a de s\u00eamen.<\/p>\n<p>A m\u00e3e da v\u00edtima, que \u00e9 adolescente, e os padrinhos foram ouvidos pela delegada Dorean Soares. Segundo a delegada, a jovem contou que a filha brincou normalmente na piscina do condom\u00ednio onde estavam hospedadas, \u00e0 noite jantou e foi dormir. Ao acordar percebeu que a menina passava mal e a levou para o hospital.<\/p>\n<p>&nbsp;<\/p>\n<p>\u201cNum primeiro momento, n\u00e3o pudemos apontar ningu\u00e9m como suspeito, porque em primeiro lugar n\u00f3s temos que ter a confirma\u00e7\u00e3o atrav\u00e9s do laudo da necropsia se essa crian\u00e7a foi abusada, se foi espancada, ou se houve outro motivo da causa da morte. J\u00e1 foi encaminhado para a delegacia de \u00e1rea, em virtude de que \u00e9 uma morte a esclarecer. Existe uma suspeita e temos que confirmar se houve os crimes\u201d, disse a delegada ao Acorda Cidade.<\/p>\n<p>&nbsp;<\/p>\n<p>&nbsp;<\/p>\n<p>&nbsp;<\/p>\n<p>Bnews<\/p>\n","protected":false},"excerpt":{"rendered":"<p>Uma menina de 2 anos e 11 meses morreu na tarde deste s\u00e1bado (13) ap\u00f3s dar entrada na emerg\u00eancia do<\/p>\n","protected":false},"author":2,"featured_media":1158,"comment_status":"open","ping_status":"open","sticky":false,"template":"","format":"standard","meta":{"colormag_page_container_layout":"default_layout","colormag_page_sidebar_layout":"default_layout","_FSMCFIC_featured_image_caption":"","_FSMCFIC_featured_image_nocaption":"","_FSMCFIC_featured_image_hide":"","footnotes":""},"categories":[2],"tags":[],"class_list":["post-1157","post","type-post","status-publish","format-standard","has-post-thumbnail","hentry","category-noticias"],"yoast_head":"<!-- This site is optimized with the Yoast SEO plugin v27.1.1 - https:\/\/yoast.com\/product\/yoast-seo-wordpress\/ -->\n<title>Menina de 2 anos morre com suspeita de abuso sexual em Feira de Santana - Brasil not\u00edcias<\/title>\n<meta name=\"robots\" content=\"index, follow, max-snippet:-1, max-image-preview:large, max-video-preview:-1\" \/>\n<link rel=\"canonical\" href=\"https:\/\/brasilnoticias.org\/site\/menina-de-2-anos-morre-com-suspeita-de-abuso-sexual-em-feira-de-santana\/\" \/>\n<meta property=\"og:locale\" content=\"pt_PT\" \/>\n<meta property=\"og:type\" content=\"article\" \/>\n<meta property=\"og:title\" content=\"Menina de 2 anos morre com suspeita de abuso sexual em Feira de Santana - Brasil not\u00edcias\" \/>\n<meta property=\"og:description\" content=\"Uma menina de 2 anos e 11 meses morreu na tarde deste s\u00e1bado (13) ap\u00f3s dar entrada na emerg\u00eancia do\" \/>\n<meta property=\"og:url\" content=\"https:\/\/brasilnoticias.org\/site\/menina-de-2-anos-morre-com-suspeita-de-abuso-sexual-em-feira-de-santana\/\" \/>\n<meta property=\"og:site_name\" content=\"Brasil not\u00edcias\" \/>\n<meta property=\"article:published_time\" content=\"2022-08-15T00:45:54+00:00\" \/>\n<meta property=\"og:image\" content=\"https:\/\/brasilnoticias.org\/site\/wp-content\/uploads\/2022\/08\/hec_widelg-1.jpg\" \/>\n\t<meta property=\"og:image:width\" content=\"800\" \/>\n\t<meta property=\"og:image:height\" content=\"450\" \/>\n\t<meta property=\"og:image:type\" content=\"image\/jpeg\" \/>\n<meta name=\"author\" content=\"Reda\u00e7\u00e3o\" \/>\n<meta name=\"twitter:card\" content=\"summary_large_image\" \/>\n<meta name=\"twitter:label1\" content=\"Escrito por\" \/>\n\t<meta name=\"twitter:data1\" content=\"Reda\u00e7\u00e3o\" \/>\n\t<meta name=\"twitter:label2\" content=\"Tempo estimado de leitura\" \/>\n\t<meta name=\"twitter:data2\" content=\"1 minuto\" \/>\n<script type=\"application\/ld+json\" class=\"yoast-schema-graph\">{\"@context\":\"https:\/\/schema.org\",\"@graph\":[{\"@type\":\"Article\",\"@id\":\"https:\/\/brasilnoticias.org\/site\/menina-de-2-anos-morre-com-suspeita-de-abuso-sexual-em-feira-de-santana\/#article\",\"isPartOf\":{\"@id\":\"https:\/\/brasilnoticias.org\/site\/menina-de-2-anos-morre-com-suspeita-de-abuso-sexual-em-feira-de-santana\/\"},\"author\":{\"name\":\"Reda\u00e7\u00e3o\",\"@id\":\"https:\/\/brasilnoticias.org\/site\/#\/schema\/person\/f609fa847b5314f1c8b983342f34c798\"},\"headline\":\"Menina de 2 anos morre com suspeita de abuso sexual em Feira de Santana\",\"datePublished\":\"2022-08-15T00:45:54+00:00\",\"mainEntityOfPage\":{\"@id\":\"https:\/\/brasilnoticias.org\/site\/menina-de-2-anos-morre-com-suspeita-de-abuso-sexual-em-feira-de-santana\/\"},\"wordCount\":264,\"commentCount\":0,\"publisher\":{\"@id\":\"https:\/\/brasilnoticias.org\/site\/#organization\"},\"image\":{\"@id\":\"https:\/\/brasilnoticias.org\/site\/menina-de-2-anos-morre-com-suspeita-de-abuso-sexual-em-feira-de-santana\/#primaryimage\"},\"thumbnailUrl\":\"https:\/\/brasilnoticias.org\/site\/wp-content\/uploads\/2022\/08\/hec_widelg-1.jpg\",\"articleSection\":[\"Not\u00edcias\"],\"inLanguage\":\"pt-PT\",\"potentialAction\":[{\"@type\":\"CommentAction\",\"name\":\"Comment\",\"target\":[\"https:\/\/brasilnoticias.org\/site\/menina-de-2-anos-morre-com-suspeita-de-abuso-sexual-em-feira-de-santana\/#respond\"]}]},{\"@type\":\"WebPage\",\"@id\":\"https:\/\/brasilnoticias.org\/site\/menina-de-2-anos-morre-com-suspeita-de-abuso-sexual-em-feira-de-santana\/\",\"url\":\"https:\/\/brasilnoticias.org\/site\/menina-de-2-anos-morre-com-suspeita-de-abuso-sexual-em-feira-de-santana\/\",\"name\":\"Menina de 2 anos morre com suspeita de abuso sexual em Feira de Santana - Brasil not\u00edcias\",\"isPartOf\":{\"@id\":\"https:\/\/brasilnoticias.org\/site\/#website\"},\"primaryImageOfPage\":{\"@id\":\"https:\/\/brasilnoticias.org\/site\/menina-de-2-anos-morre-com-suspeita-de-abuso-sexual-em-feira-de-santana\/#primaryimage\"},\"image\":{\"@id\":\"https:\/\/brasilnoticias.org\/site\/menina-de-2-anos-morre-com-suspeita-de-abuso-sexual-em-feira-de-santana\/#primaryimage\"},\"thumbnailUrl\":\"https:\/\/brasilnoticias.org\/site\/wp-content\/uploads\/2022\/08\/hec_widelg-1.jpg\",\"datePublished\":\"2022-08-15T00:45:54+00:00\",\"breadcrumb\":{\"@id\":\"https:\/\/brasilnoticias.org\/site\/menina-de-2-anos-morre-com-suspeita-de-abuso-sexual-em-feira-de-santana\/#breadcrumb\"},\"inLanguage\":\"pt-PT\",\"potentialAction\":[{\"@type\":\"ReadAction\",\"target\":[\"https:\/\/brasilnoticias.org\/site\/menina-de-2-anos-morre-com-suspeita-de-abuso-sexual-em-feira-de-santana\/\"]}]},{\"@type\":\"ImageObject\",\"inLanguage\":\"pt-PT\",\"@id\":\"https:\/\/brasilnoticias.org\/site\/menina-de-2-anos-morre-com-suspeita-de-abuso-sexual-em-feira-de-santana\/#primaryimage\",\"url\":\"https:\/\/brasilnoticias.org\/site\/wp-content\/uploads\/2022\/08\/hec_widelg-1.jpg\",\"contentUrl\":\"https:\/\/brasilnoticias.org\/site\/wp-content\/uploads\/2022\/08\/hec_widelg-1.jpg\",\"width\":800,\"height\":450},{\"@type\":\"BreadcrumbList\",\"@id\":\"https:\/\/brasilnoticias.org\/site\/menina-de-2-anos-morre-com-suspeita-de-abuso-sexual-em-feira-de-santana\/#breadcrumb\",\"itemListElement\":[{\"@type\":\"ListItem\",\"position\":1,\"name\":\"In\u00edcio\",\"item\":\"https:\/\/brasilnoticias.org\/site\/\"},{\"@type\":\"ListItem\",\"position\":2,\"name\":\"Menina de 2 anos morre com suspeita de abuso sexual em Feira de Santana\"}]},{\"@type\":\"WebSite\",\"@id\":\"https:\/\/brasilnoticias.org\/site\/#website\",\"url\":\"https:\/\/brasilnoticias.org\/site\/\",\"name\":\"Brasil not\u00edcias\",\"description\":\"Brasil not\u00edcias\",\"publisher\":{\"@id\":\"https:\/\/brasilnoticias.org\/site\/#organization\"},\"potentialAction\":[{\"@type\":\"SearchAction\",\"target\":{\"@type\":\"EntryPoint\",\"urlTemplate\":\"https:\/\/brasilnoticias.org\/site\/?s={search_term_string}\"},\"query-input\":{\"@type\":\"PropertyValueSpecification\",\"valueRequired\":true,\"valueName\":\"search_term_string\"}}],\"inLanguage\":\"pt-PT\"},{\"@type\":\"Organization\",\"@id\":\"https:\/\/brasilnoticias.org\/site\/#organization\",\"name\":\"Brasil not\u00edcias\",\"url\":\"https:\/\/brasilnoticias.org\/site\/\",\"logo\":{\"@type\":\"ImageObject\",\"inLanguage\":\"pt-PT\",\"@id\":\"https:\/\/brasilnoticias.org\/site\/#\/schema\/logo\/image\/\",\"url\":\"https:\/\/brasilnoticias.org\/site\/wp-content\/uploads\/2022\/05\/cropped-brasilnoticias-mini.jpg\",\"contentUrl\":\"https:\/\/brasilnoticias.org\/site\/wp-content\/uploads\/2022\/05\/cropped-brasilnoticias-mini.jpg\",\"width\":314,\"height\":86,\"caption\":\"Brasil not\u00edcias\"},\"image\":{\"@id\":\"https:\/\/brasilnoticias.org\/site\/#\/schema\/logo\/image\/\"}},{\"@type\":\"Person\",\"@id\":\"https:\/\/brasilnoticias.org\/site\/#\/schema\/person\/f609fa847b5314f1c8b983342f34c798\",\"name\":\"Reda\u00e7\u00e3o\",\"image\":{\"@type\":\"ImageObject\",\"inLanguage\":\"pt-PT\",\"@id\":\"https:\/\/brasilnoticias.org\/site\/#\/schema\/person\/image\/\",\"url\":\"https:\/\/secure.gravatar.com\/avatar\/447284c06c1ad8b46465a36de9cd0d8326b73387a22799b8b1ffb1fbcff2ed0c?s=96&d=mm&r=g\",\"contentUrl\":\"https:\/\/secure.gravatar.com\/avatar\/447284c06c1ad8b46465a36de9cd0d8326b73387a22799b8b1ffb1fbcff2ed0c?s=96&d=mm&r=g\",\"caption\":\"Reda\u00e7\u00e3o\"},\"url\":\"https:\/\/brasilnoticias.org\/site\/author\/redacao\/\"}]}<\/script>\n<!-- \/ Yoast SEO plugin. -->","yoast_head_json":{"title":"Menina de 2 anos morre com suspeita de abuso sexual em Feira de Santana - Brasil not\u00edcias","robots":{"index":"index","follow":"follow","max-snippet":"max-snippet:-1","max-image-preview":"max-image-preview:large","max-video-preview":"max-video-preview:-1"},"canonical":"https:\/\/brasilnoticias.org\/site\/menina-de-2-anos-morre-com-suspeita-de-abuso-sexual-em-feira-de-santana\/","og_locale":"pt_PT","og_type":"article","og_title":"Menina de 2 anos morre com suspeita de abuso sexual em Feira de Santana - Brasil not\u00edcias","og_description":"Uma menina de 2 anos e 11 meses morreu na tarde deste s\u00e1bado (13) ap\u00f3s dar entrada na emerg\u00eancia do","og_url":"https:\/\/brasilnoticias.org\/site\/menina-de-2-anos-morre-com-suspeita-de-abuso-sexual-em-feira-de-santana\/","og_site_name":"Brasil not\u00edcias","article_published_time":"2022-08-15T00:45:54+00:00","og_image":[{"width":800,"height":450,"url":"https:\/\/brasilnoticias.org\/site\/wp-content\/uploads\/2022\/08\/hec_widelg-1.jpg","type":"image\/jpeg"}],"author":"Reda\u00e7\u00e3o","twitter_card":"summary_large_image","twitter_misc":{"Escrito por":"Reda\u00e7\u00e3o","Tempo estimado de leitura":"1 minuto"},"schema":{"@context":"https:\/\/schema.org","@graph":[{"@type":"Article","@id":"https:\/\/brasilnoticias.org\/site\/menina-de-2-anos-morre-com-suspeita-de-abuso-sexual-em-feira-de-santana\/#article","isPartOf":{"@id":"https:\/\/brasilnoticias.org\/site\/menina-de-2-anos-morre-com-suspeita-de-abuso-sexual-em-feira-de-santana\/"},"author":{"name":"Reda\u00e7\u00e3o","@id":"https:\/\/brasilnoticias.org\/site\/#\/schema\/person\/f609fa847b5314f1c8b983342f34c798"},"headline":"Menina de 2 anos morre com suspeita de abuso sexual em Feira de Santana","datePublished":"2022-08-15T00:45:54+00:00","mainEntityOfPage":{"@id":"https:\/\/brasilnoticias.org\/site\/menina-de-2-anos-morre-com-suspeita-de-abuso-sexual-em-feira-de-santana\/"},"wordCount":264,"commentCount":0,"publisher":{"@id":"https:\/\/brasilnoticias.org\/site\/#organization"},"image":{"@id":"https:\/\/brasilnoticias.org\/site\/menina-de-2-anos-morre-com-suspeita-de-abuso-sexual-em-feira-de-santana\/#primaryimage"},"thumbnailUrl":"https:\/\/brasilnoticias.org\/site\/wp-content\/uploads\/2022\/08\/hec_widelg-1.jpg","articleSection":["Not\u00edcias"],"inLanguage":"pt-PT","potentialAction":[{"@type":"CommentAction","name":"Comment","target":["https:\/\/brasilnoticias.org\/site\/menina-de-2-anos-morre-com-suspeita-de-abuso-sexual-em-feira-de-santana\/#respond"]}]},{"@type":"WebPage","@id":"https:\/\/brasilnoticias.org\/site\/menina-de-2-anos-morre-com-suspeita-de-abuso-sexual-em-feira-de-santana\/","url":"https:\/\/brasilnoticias.org\/site\/menina-de-2-anos-morre-com-suspeita-de-abuso-sexual-em-feira-de-santana\/","name":"Menina de 2 anos morre com suspeita de abuso sexual em Feira de Santana - Brasil not\u00edcias","isPartOf":{"@id":"https:\/\/brasilnoticias.org\/site\/#website"},"primaryImageOfPage":{"@id":"https:\/\/brasilnoticias.org\/site\/menina-de-2-anos-morre-com-suspeita-de-abuso-sexual-em-feira-de-santana\/#primaryimage"},"image":{"@id":"https:\/\/brasilnoticias.org\/site\/menina-de-2-anos-morre-com-suspeita-de-abuso-sexual-em-feira-de-santana\/#primaryimage"},"thumbnailUrl":"https:\/\/brasilnoticias.org\/site\/wp-content\/uploads\/2022\/08\/hec_widelg-1.jpg","datePublished":"2022-08-15T00:45:54+00:00","breadcrumb":{"@id":"https:\/\/brasilnoticias.org\/site\/menina-de-2-anos-morre-com-suspeita-de-abuso-sexual-em-feira-de-santana\/#breadcrumb"},"inLanguage":"pt-PT","potentialAction":[{"@type":"ReadAction","target":["https:\/\/brasilnoticias.org\/site\/menina-de-2-anos-morre-com-suspeita-de-abuso-sexual-em-feira-de-santana\/"]}]},{"@type":"ImageObject","inLanguage":"pt-PT","@id":"https:\/\/brasilnoticias.org\/site\/menina-de-2-anos-morre-com-suspeita-de-abuso-sexual-em-feira-de-santana\/#primaryimage","url":"https:\/\/brasilnoticias.org\/site\/wp-content\/uploads\/2022\/08\/hec_widelg-1.jpg","contentUrl":"https:\/\/brasilnoticias.org\/site\/wp-content\/uploads\/2022\/08\/hec_widelg-1.jpg","width":800,"height":450},{"@type":"BreadcrumbList","@id":"https:\/\/brasilnoticias.org\/site\/menina-de-2-anos-morre-com-suspeita-de-abuso-sexual-em-feira-de-santana\/#breadcrumb","itemListElement":[{"@type":"ListItem","position":1,"name":"In\u00edcio","item":"https:\/\/brasilnoticias.org\/site\/"},{"@type":"ListItem","position":2,"name":"Menina de 2 anos morre com suspeita de abuso sexual em Feira de Santana"}]},{"@type":"WebSite","@id":"https:\/\/brasilnoticias.org\/site\/#website","url":"https:\/\/brasilnoticias.org\/site\/","name":"Brasil not\u00edcias","description":"Brasil not\u00edcias","publisher":{"@id":"https:\/\/brasilnoticias.org\/site\/#organization"},"potentialAction":[{"@type":"SearchAction","target":{"@type":"EntryPoint","urlTemplate":"https:\/\/brasilnoticias.org\/site\/?s={search_term_string}"},"query-input":{"@type":"PropertyValueSpecification","valueRequired":true,"valueName":"search_term_string"}}],"inLanguage":"pt-PT"},{"@type":"Organization","@id":"https:\/\/brasilnoticias.org\/site\/#organization","name":"Brasil not\u00edcias","url":"https:\/\/brasilnoticias.org\/site\/","logo":{"@type":"ImageObject","inLanguage":"pt-PT","@id":"https:\/\/brasilnoticias.org\/site\/#\/schema\/logo\/image\/","url":"https:\/\/brasilnoticias.org\/site\/wp-content\/uploads\/2022\/05\/cropped-brasilnoticias-mini.jpg","contentUrl":"https:\/\/brasilnoticias.org\/site\/wp-content\/uploads\/2022\/05\/cropped-brasilnoticias-mini.jpg","width":314,"height":86,"caption":"Brasil not\u00edcias"},"image":{"@id":"https:\/\/brasilnoticias.org\/site\/#\/schema\/logo\/image\/"}},{"@type":"Person","@id":"https:\/\/brasilnoticias.org\/site\/#\/schema\/person\/f609fa847b5314f1c8b983342f34c798","name":"Reda\u00e7\u00e3o","image":{"@type":"ImageObject","inLanguage":"pt-PT","@id":"https:\/\/brasilnoticias.org\/site\/#\/schema\/person\/image\/","url":"https:\/\/secure.gravatar.com\/avatar\/447284c06c1ad8b46465a36de9cd0d8326b73387a22799b8b1ffb1fbcff2ed0c?s=96&d=mm&r=g","contentUrl":"https:\/\/secure.gravatar.com\/avatar\/447284c06c1ad8b46465a36de9cd0d8326b73387a22799b8b1ffb1fbcff2ed0c?s=96&d=mm&r=g","caption":"Reda\u00e7\u00e3o"},"url":"https:\/\/brasilnoticias.org\/site\/author\/redacao\/"}]}},"_links":{"self":[{"href":"https:\/\/brasilnoticias.org\/site\/wp-json\/wp\/v2\/posts\/1157","targetHints":{"allow":["GET"]}}],"collection":[{"href":"https:\/\/brasilnoticias.org\/site\/wp-json\/wp\/v2\/posts"}],"about":[{"href":"https:\/\/brasilnoticias.org\/site\/wp-json\/wp\/v2\/types\/post"}],"author":[{"embeddable":true,"href":"https:\/\/brasilnoticias.org\/site\/wp-json\/wp\/v2\/users\/2"}],"replies":[{"embeddable":true,"href":"https:\/\/brasilnoticias.org\/site\/wp-json\/wp\/v2\/comments?post=1157"}],"version-history":[{"count":1,"href":"https:\/\/brasilnoticias.org\/site\/wp-json\/wp\/v2\/posts\/1157\/revisions"}],"predecessor-version":[{"id":1159,"href":"https:\/\/brasilnoticias.org\/site\/wp-json\/wp\/v2\/posts\/1157\/revisions\/1159"}],"wp:featuredmedia":[{"embeddable":true,"href":"https:\/\/brasilnoticias.org\/site\/wp-json\/wp\/v2\/media\/1158"}],"wp:attachment":[{"href":"https:\/\/brasilnoticias.org\/site\/wp-json\/wp\/v2\/media?parent=1157"}],"wp:term":[{"taxonomy":"category","embeddable":true,"href":"https:\/\/brasilnoticias.org\/site\/wp-json\/wp\/v2\/categories?post=1157"},{"taxonomy":"post_tag","embeddable":true,"href":"https:\/\/brasilnoticias.org\/site\/wp-json\/wp\/v2\/tags?post=1157"}],"curies":[{"name":"wp","href":"https:\/\/api.w.org\/{rel}","templated":true}]}}