{"id":11595,"date":"2023-12-11T11:44:58","date_gmt":"2023-12-11T14:44:58","guid":{"rendered":"https:\/\/brasilnoticias.org\/site\/?p=11595"},"modified":"2023-12-11T11:44:58","modified_gmt":"2023-12-11T14:44:58","slug":"daniela-mercury-vai-puxar-trio-eletrico-no-carnaval-do-rio-pela-primeira-vez","status":"publish","type":"post","link":"https:\/\/brasilnoticias.org\/site\/daniela-mercury-vai-puxar-trio-eletrico-no-carnaval-do-rio-pela-primeira-vez\/","title":{"rendered":"Daniela Mercury vai puxar trio el\u00e9trico no Carnaval do Rio pela primeira vez"},"content":{"rendered":"<p>A cantora baiana fez quest\u00e3o de ressaltar a for\u00e7a do Ax\u00e9 Music: &#8220;Quem fez a m\u00fasica acontecer no Brasil&#8221;<\/p>\n<p>Daniela Mercury vai puxar um trio el\u00e9trico no Carnaval do Rio de Janeiro pela primeira vez em 2024. A Rainha do Ax\u00e9 Music ressalvou, por\u00e9m, que j\u00e1 participou da festa carioca de outras formas. &#8220;Nunca puxei um trio el\u00e9trico no Carnaval. Mas estive na Apoteose [cantando] tr\u00eas vezes, desfilei na Portela, curti no desfile das campe\u00e3s. Tamb\u00e9m j\u00e1 estive em algumas escolas de samba&#8221;, disse em entrevista \u00e0 revista Quem.<\/p>\n<p>Sobre a suposta decad\u00eancia do movimento que ajudou a criar e difundir, a cantora afirmou: &#8220;\u00c9 hora de devolver e refor\u00e7ar a presen\u00e7a do nosso g\u00eanero musical dentro do Carnaval. Porque o Ax\u00e9 foi muito importante e continua a ser. \u00c9 um grande incentivador da cultura de rua, do Carnaval&#8221;.<\/p>\n<p>Na mesma entrevista, a cantora, que sempre abriu seu trio para artistas diversos, celebrou a diversidade musical no Carnaval e voltou a destacar a import\u00e2ncia do Ax\u00e9 no processo de popfica\u00e7\u00e3o da m\u00fasica nacional. &#8220;At\u00e9 a turma do sertanejo. Mas, quem fez a m\u00fasica acontecer no Brasil, como elemento pop e um g\u00eanero, fomos n\u00f3s. E a partir disso, com toda a diversidade e antropofagia do povo baiano, est\u00e1 na hora da gente se misturar com voc\u00eas&#8221;.<\/p>\n<p>Foto: Divulga\u00e7\u00e3o<br \/>\nPor: Metro1<\/p>\n","protected":false},"excerpt":{"rendered":"<p>A cantora baiana fez quest\u00e3o de ressaltar a for\u00e7a do Ax\u00e9 Music: &#8220;Quem fez a m\u00fasica acontecer no Brasil&#8221; Daniela<\/p>\n","protected":false},"author":4,"featured_media":11596,"comment_status":"open","ping_status":"open","sticky":false,"template":"","format":"standard","meta":{"colormag_page_container_layout":"default_layout","colormag_page_sidebar_layout":"default_layout","_FSMCFIC_featured_image_caption":"","_FSMCFIC_featured_image_nocaption":"","_FSMCFIC_featured_image_hide":"","footnotes":""},"categories":[8,1],"tags":[],"class_list":["post-11595","post","type-post","status-publish","format-standard","has-post-thumbnail","hentry","category-entretenimento","category-ultimas"],"yoast_head":"<!-- This site is optimized with the Yoast SEO plugin v27.1.1 - https:\/\/yoast.com\/product\/yoast-seo-wordpress\/ -->\n<title>Daniela Mercury vai puxar trio el\u00e9trico no Carnaval do Rio pela primeira vez - Brasil not\u00edcias<\/title>\n<meta name=\"robots\" content=\"index, follow, max-snippet:-1, max-image-preview:large, max-video-preview:-1\" \/>\n<link rel=\"canonical\" href=\"https:\/\/brasilnoticias.org\/site\/daniela-mercury-vai-puxar-trio-eletrico-no-carnaval-do-rio-pela-primeira-vez\/\" \/>\n<meta property=\"og:locale\" content=\"pt_PT\" \/>\n<meta property=\"og:type\" content=\"article\" \/>\n<meta property=\"og:title\" content=\"Daniela Mercury vai puxar trio el\u00e9trico no Carnaval do Rio pela primeira vez - Brasil not\u00edcias\" \/>\n<meta property=\"og:description\" content=\"A cantora baiana fez quest\u00e3o de ressaltar a for\u00e7a do Ax\u00e9 Music: &#8220;Quem fez a m\u00fasica acontecer no Brasil&#8221; Daniela\" \/>\n<meta property=\"og:url\" content=\"https:\/\/brasilnoticias.org\/site\/daniela-mercury-vai-puxar-trio-eletrico-no-carnaval-do-rio-pela-primeira-vez\/\" \/>\n<meta property=\"og:site_name\" content=\"Brasil not\u00edcias\" \/>\n<meta property=\"article:published_time\" content=\"2023-12-11T14:44:58+00:00\" \/>\n<meta property=\"og:image\" content=\"https:\/\/brasilnoticias.org\/site\/wp-content\/uploads\/2023\/12\/144088daniela-mercury-vai-puxar-trio-eletrico-no-carnaval-do-rio-pela-primeira-vez-3.jpg\" \/>\n\t<meta property=\"og:image:width\" content=\"1600\" \/>\n\t<meta property=\"og:image:height\" content=\"752\" \/>\n\t<meta property=\"og:image:type\" content=\"image\/jpeg\" \/>\n<meta name=\"author\" content=\"Reda\u00e7\u00e3o\" \/>\n<meta name=\"twitter:card\" content=\"summary_large_image\" \/>\n<meta name=\"twitter:label1\" content=\"Escrito por\" \/>\n\t<meta name=\"twitter:data1\" content=\"Reda\u00e7\u00e3o\" \/>\n<script type=\"application\/ld+json\" class=\"yoast-schema-graph\">{\"@context\":\"https:\/\/schema.org\",\"@graph\":[{\"@type\":\"Article\",\"@id\":\"https:\/\/brasilnoticias.org\/site\/daniela-mercury-vai-puxar-trio-eletrico-no-carnaval-do-rio-pela-primeira-vez\/#article\",\"isPartOf\":{\"@id\":\"https:\/\/brasilnoticias.org\/site\/daniela-mercury-vai-puxar-trio-eletrico-no-carnaval-do-rio-pela-primeira-vez\/\"},\"author\":{\"name\":\"Reda\u00e7\u00e3o\",\"@id\":\"https:\/\/brasilnoticias.org\/site\/#\/schema\/person\/03bbbfe6c7634ad18c26444ea39049fa\"},\"headline\":\"Daniela Mercury vai puxar trio el\u00e9trico no Carnaval do Rio pela primeira vez\",\"datePublished\":\"2023-12-11T14:44:58+00:00\",\"mainEntityOfPage\":{\"@id\":\"https:\/\/brasilnoticias.org\/site\/daniela-mercury-vai-puxar-trio-eletrico-no-carnaval-do-rio-pela-primeira-vez\/\"},\"wordCount\":251,\"commentCount\":0,\"publisher\":{\"@id\":\"https:\/\/brasilnoticias.org\/site\/#organization\"},\"image\":{\"@id\":\"https:\/\/brasilnoticias.org\/site\/daniela-mercury-vai-puxar-trio-eletrico-no-carnaval-do-rio-pela-primeira-vez\/#primaryimage\"},\"thumbnailUrl\":\"https:\/\/brasilnoticias.org\/site\/wp-content\/uploads\/2023\/12\/144088daniela-mercury-vai-puxar-trio-eletrico-no-carnaval-do-rio-pela-primeira-vez-3.jpg\",\"articleSection\":[\"Entretenimento\",\"\u00daltimas\"],\"inLanguage\":\"pt-PT\",\"potentialAction\":[{\"@type\":\"CommentAction\",\"name\":\"Comment\",\"target\":[\"https:\/\/brasilnoticias.org\/site\/daniela-mercury-vai-puxar-trio-eletrico-no-carnaval-do-rio-pela-primeira-vez\/#respond\"]}]},{\"@type\":\"WebPage\",\"@id\":\"https:\/\/brasilnoticias.org\/site\/daniela-mercury-vai-puxar-trio-eletrico-no-carnaval-do-rio-pela-primeira-vez\/\",\"url\":\"https:\/\/brasilnoticias.org\/site\/daniela-mercury-vai-puxar-trio-eletrico-no-carnaval-do-rio-pela-primeira-vez\/\",\"name\":\"Daniela Mercury vai puxar trio el\u00e9trico no Carnaval do Rio pela primeira vez - Brasil not\u00edcias\",\"isPartOf\":{\"@id\":\"https:\/\/brasilnoticias.org\/site\/#website\"},\"primaryImageOfPage\":{\"@id\":\"https:\/\/brasilnoticias.org\/site\/daniela-mercury-vai-puxar-trio-eletrico-no-carnaval-do-rio-pela-primeira-vez\/#primaryimage\"},\"image\":{\"@id\":\"https:\/\/brasilnoticias.org\/site\/daniela-mercury-vai-puxar-trio-eletrico-no-carnaval-do-rio-pela-primeira-vez\/#primaryimage\"},\"thumbnailUrl\":\"https:\/\/brasilnoticias.org\/site\/wp-content\/uploads\/2023\/12\/144088daniela-mercury-vai-puxar-trio-eletrico-no-carnaval-do-rio-pela-primeira-vez-3.jpg\",\"datePublished\":\"2023-12-11T14:44:58+00:00\",\"breadcrumb\":{\"@id\":\"https:\/\/brasilnoticias.org\/site\/daniela-mercury-vai-puxar-trio-eletrico-no-carnaval-do-rio-pela-primeira-vez\/#breadcrumb\"},\"inLanguage\":\"pt-PT\",\"potentialAction\":[{\"@type\":\"ReadAction\",\"target\":[\"https:\/\/brasilnoticias.org\/site\/daniela-mercury-vai-puxar-trio-eletrico-no-carnaval-do-rio-pela-primeira-vez\/\"]}]},{\"@type\":\"ImageObject\",\"inLanguage\":\"pt-PT\",\"@id\":\"https:\/\/brasilnoticias.org\/site\/daniela-mercury-vai-puxar-trio-eletrico-no-carnaval-do-rio-pela-primeira-vez\/#primaryimage\",\"url\":\"https:\/\/brasilnoticias.org\/site\/wp-content\/uploads\/2023\/12\/144088daniela-mercury-vai-puxar-trio-eletrico-no-carnaval-do-rio-pela-primeira-vez-3.jpg\",\"contentUrl\":\"https:\/\/brasilnoticias.org\/site\/wp-content\/uploads\/2023\/12\/144088daniela-mercury-vai-puxar-trio-eletrico-no-carnaval-do-rio-pela-primeira-vez-3.jpg\",\"width\":1600,\"height\":752},{\"@type\":\"BreadcrumbList\",\"@id\":\"https:\/\/brasilnoticias.org\/site\/daniela-mercury-vai-puxar-trio-eletrico-no-carnaval-do-rio-pela-primeira-vez\/#breadcrumb\",\"itemListElement\":[{\"@type\":\"ListItem\",\"position\":1,\"name\":\"In\u00edcio\",\"item\":\"https:\/\/brasilnoticias.org\/site\/\"},{\"@type\":\"ListItem\",\"position\":2,\"name\":\"Daniela Mercury vai puxar trio el\u00e9trico no Carnaval do Rio pela primeira vez\"}]},{\"@type\":\"WebSite\",\"@id\":\"https:\/\/brasilnoticias.org\/site\/#website\",\"url\":\"https:\/\/brasilnoticias.org\/site\/\",\"name\":\"Brasil not\u00edcias\",\"description\":\"Brasil not\u00edcias\",\"publisher\":{\"@id\":\"https:\/\/brasilnoticias.org\/site\/#organization\"},\"potentialAction\":[{\"@type\":\"SearchAction\",\"target\":{\"@type\":\"EntryPoint\",\"urlTemplate\":\"https:\/\/brasilnoticias.org\/site\/?s={search_term_string}\"},\"query-input\":{\"@type\":\"PropertyValueSpecification\",\"valueRequired\":true,\"valueName\":\"search_term_string\"}}],\"inLanguage\":\"pt-PT\"},{\"@type\":\"Organization\",\"@id\":\"https:\/\/brasilnoticias.org\/site\/#organization\",\"name\":\"Brasil not\u00edcias\",\"url\":\"https:\/\/brasilnoticias.org\/site\/\",\"logo\":{\"@type\":\"ImageObject\",\"inLanguage\":\"pt-PT\",\"@id\":\"https:\/\/brasilnoticias.org\/site\/#\/schema\/logo\/image\/\",\"url\":\"https:\/\/brasilnoticias.org\/site\/wp-content\/uploads\/2022\/05\/cropped-brasilnoticias-mini.jpg\",\"contentUrl\":\"https:\/\/brasilnoticias.org\/site\/wp-content\/uploads\/2022\/05\/cropped-brasilnoticias-mini.jpg\",\"width\":314,\"height\":86,\"caption\":\"Brasil not\u00edcias\"},\"image\":{\"@id\":\"https:\/\/brasilnoticias.org\/site\/#\/schema\/logo\/image\/\"}},{\"@type\":\"Person\",\"@id\":\"https:\/\/brasilnoticias.org\/site\/#\/schema\/person\/03bbbfe6c7634ad18c26444ea39049fa\",\"name\":\"Reda\u00e7\u00e3o\",\"image\":{\"@type\":\"ImageObject\",\"inLanguage\":\"pt-PT\",\"@id\":\"https:\/\/brasilnoticias.org\/site\/#\/schema\/person\/image\/\",\"url\":\"https:\/\/secure.gravatar.com\/avatar\/9ecaf7327a696cb23ad926fedded5f1f04d7049de9e445375d55b48c001a6e42?s=96&d=mm&r=g\",\"contentUrl\":\"https:\/\/secure.gravatar.com\/avatar\/9ecaf7327a696cb23ad926fedded5f1f04d7049de9e445375d55b48c001a6e42?s=96&d=mm&r=g\",\"caption\":\"Reda\u00e7\u00e3o\"},\"url\":\"https:\/\/brasilnoticias.org\/site\/author\/henrique\/\"}]}<\/script>\n<!-- \/ Yoast SEO plugin. -->","yoast_head_json":{"title":"Daniela Mercury vai puxar trio el\u00e9trico no Carnaval do Rio pela primeira vez - Brasil not\u00edcias","robots":{"index":"index","follow":"follow","max-snippet":"max-snippet:-1","max-image-preview":"max-image-preview:large","max-video-preview":"max-video-preview:-1"},"canonical":"https:\/\/brasilnoticias.org\/site\/daniela-mercury-vai-puxar-trio-eletrico-no-carnaval-do-rio-pela-primeira-vez\/","og_locale":"pt_PT","og_type":"article","og_title":"Daniela Mercury vai puxar trio el\u00e9trico no Carnaval do Rio pela primeira vez - Brasil not\u00edcias","og_description":"A cantora baiana fez quest\u00e3o de ressaltar a for\u00e7a do Ax\u00e9 Music: &#8220;Quem fez a m\u00fasica acontecer no Brasil&#8221; Daniela","og_url":"https:\/\/brasilnoticias.org\/site\/daniela-mercury-vai-puxar-trio-eletrico-no-carnaval-do-rio-pela-primeira-vez\/","og_site_name":"Brasil not\u00edcias","article_published_time":"2023-12-11T14:44:58+00:00","og_image":[{"width":1600,"height":752,"url":"https:\/\/brasilnoticias.org\/site\/wp-content\/uploads\/2023\/12\/144088daniela-mercury-vai-puxar-trio-eletrico-no-carnaval-do-rio-pela-primeira-vez-3.jpg","type":"image\/jpeg"}],"author":"Reda\u00e7\u00e3o","twitter_card":"summary_large_image","twitter_misc":{"Escrito por":"Reda\u00e7\u00e3o"},"schema":{"@context":"https:\/\/schema.org","@graph":[{"@type":"Article","@id":"https:\/\/brasilnoticias.org\/site\/daniela-mercury-vai-puxar-trio-eletrico-no-carnaval-do-rio-pela-primeira-vez\/#article","isPartOf":{"@id":"https:\/\/brasilnoticias.org\/site\/daniela-mercury-vai-puxar-trio-eletrico-no-carnaval-do-rio-pela-primeira-vez\/"},"author":{"name":"Reda\u00e7\u00e3o","@id":"https:\/\/brasilnoticias.org\/site\/#\/schema\/person\/03bbbfe6c7634ad18c26444ea39049fa"},"headline":"Daniela Mercury vai puxar trio el\u00e9trico no Carnaval do Rio pela primeira vez","datePublished":"2023-12-11T14:44:58+00:00","mainEntityOfPage":{"@id":"https:\/\/brasilnoticias.org\/site\/daniela-mercury-vai-puxar-trio-eletrico-no-carnaval-do-rio-pela-primeira-vez\/"},"wordCount":251,"commentCount":0,"publisher":{"@id":"https:\/\/brasilnoticias.org\/site\/#organization"},"image":{"@id":"https:\/\/brasilnoticias.org\/site\/daniela-mercury-vai-puxar-trio-eletrico-no-carnaval-do-rio-pela-primeira-vez\/#primaryimage"},"thumbnailUrl":"https:\/\/brasilnoticias.org\/site\/wp-content\/uploads\/2023\/12\/144088daniela-mercury-vai-puxar-trio-eletrico-no-carnaval-do-rio-pela-primeira-vez-3.jpg","articleSection":["Entretenimento","\u00daltimas"],"inLanguage":"pt-PT","potentialAction":[{"@type":"CommentAction","name":"Comment","target":["https:\/\/brasilnoticias.org\/site\/daniela-mercury-vai-puxar-trio-eletrico-no-carnaval-do-rio-pela-primeira-vez\/#respond"]}]},{"@type":"WebPage","@id":"https:\/\/brasilnoticias.org\/site\/daniela-mercury-vai-puxar-trio-eletrico-no-carnaval-do-rio-pela-primeira-vez\/","url":"https:\/\/brasilnoticias.org\/site\/daniela-mercury-vai-puxar-trio-eletrico-no-carnaval-do-rio-pela-primeira-vez\/","name":"Daniela Mercury vai puxar trio el\u00e9trico no Carnaval do Rio pela primeira vez - Brasil not\u00edcias","isPartOf":{"@id":"https:\/\/brasilnoticias.org\/site\/#website"},"primaryImageOfPage":{"@id":"https:\/\/brasilnoticias.org\/site\/daniela-mercury-vai-puxar-trio-eletrico-no-carnaval-do-rio-pela-primeira-vez\/#primaryimage"},"image":{"@id":"https:\/\/brasilnoticias.org\/site\/daniela-mercury-vai-puxar-trio-eletrico-no-carnaval-do-rio-pela-primeira-vez\/#primaryimage"},"thumbnailUrl":"https:\/\/brasilnoticias.org\/site\/wp-content\/uploads\/2023\/12\/144088daniela-mercury-vai-puxar-trio-eletrico-no-carnaval-do-rio-pela-primeira-vez-3.jpg","datePublished":"2023-12-11T14:44:58+00:00","breadcrumb":{"@id":"https:\/\/brasilnoticias.org\/site\/daniela-mercury-vai-puxar-trio-eletrico-no-carnaval-do-rio-pela-primeira-vez\/#breadcrumb"},"inLanguage":"pt-PT","potentialAction":[{"@type":"ReadAction","target":["https:\/\/brasilnoticias.org\/site\/daniela-mercury-vai-puxar-trio-eletrico-no-carnaval-do-rio-pela-primeira-vez\/"]}]},{"@type":"ImageObject","inLanguage":"pt-PT","@id":"https:\/\/brasilnoticias.org\/site\/daniela-mercury-vai-puxar-trio-eletrico-no-carnaval-do-rio-pela-primeira-vez\/#primaryimage","url":"https:\/\/brasilnoticias.org\/site\/wp-content\/uploads\/2023\/12\/144088daniela-mercury-vai-puxar-trio-eletrico-no-carnaval-do-rio-pela-primeira-vez-3.jpg","contentUrl":"https:\/\/brasilnoticias.org\/site\/wp-content\/uploads\/2023\/12\/144088daniela-mercury-vai-puxar-trio-eletrico-no-carnaval-do-rio-pela-primeira-vez-3.jpg","width":1600,"height":752},{"@type":"BreadcrumbList","@id":"https:\/\/brasilnoticias.org\/site\/daniela-mercury-vai-puxar-trio-eletrico-no-carnaval-do-rio-pela-primeira-vez\/#breadcrumb","itemListElement":[{"@type":"ListItem","position":1,"name":"In\u00edcio","item":"https:\/\/brasilnoticias.org\/site\/"},{"@type":"ListItem","position":2,"name":"Daniela Mercury vai puxar trio el\u00e9trico no Carnaval do Rio pela primeira vez"}]},{"@type":"WebSite","@id":"https:\/\/brasilnoticias.org\/site\/#website","url":"https:\/\/brasilnoticias.org\/site\/","name":"Brasil not\u00edcias","description":"Brasil not\u00edcias","publisher":{"@id":"https:\/\/brasilnoticias.org\/site\/#organization"},"potentialAction":[{"@type":"SearchAction","target":{"@type":"EntryPoint","urlTemplate":"https:\/\/brasilnoticias.org\/site\/?s={search_term_string}"},"query-input":{"@type":"PropertyValueSpecification","valueRequired":true,"valueName":"search_term_string"}}],"inLanguage":"pt-PT"},{"@type":"Organization","@id":"https:\/\/brasilnoticias.org\/site\/#organization","name":"Brasil not\u00edcias","url":"https:\/\/brasilnoticias.org\/site\/","logo":{"@type":"ImageObject","inLanguage":"pt-PT","@id":"https:\/\/brasilnoticias.org\/site\/#\/schema\/logo\/image\/","url":"https:\/\/brasilnoticias.org\/site\/wp-content\/uploads\/2022\/05\/cropped-brasilnoticias-mini.jpg","contentUrl":"https:\/\/brasilnoticias.org\/site\/wp-content\/uploads\/2022\/05\/cropped-brasilnoticias-mini.jpg","width":314,"height":86,"caption":"Brasil not\u00edcias"},"image":{"@id":"https:\/\/brasilnoticias.org\/site\/#\/schema\/logo\/image\/"}},{"@type":"Person","@id":"https:\/\/brasilnoticias.org\/site\/#\/schema\/person\/03bbbfe6c7634ad18c26444ea39049fa","name":"Reda\u00e7\u00e3o","image":{"@type":"ImageObject","inLanguage":"pt-PT","@id":"https:\/\/brasilnoticias.org\/site\/#\/schema\/person\/image\/","url":"https:\/\/secure.gravatar.com\/avatar\/9ecaf7327a696cb23ad926fedded5f1f04d7049de9e445375d55b48c001a6e42?s=96&d=mm&r=g","contentUrl":"https:\/\/secure.gravatar.com\/avatar\/9ecaf7327a696cb23ad926fedded5f1f04d7049de9e445375d55b48c001a6e42?s=96&d=mm&r=g","caption":"Reda\u00e7\u00e3o"},"url":"https:\/\/brasilnoticias.org\/site\/author\/henrique\/"}]}},"_links":{"self":[{"href":"https:\/\/brasilnoticias.org\/site\/wp-json\/wp\/v2\/posts\/11595","targetHints":{"allow":["GET"]}}],"collection":[{"href":"https:\/\/brasilnoticias.org\/site\/wp-json\/wp\/v2\/posts"}],"about":[{"href":"https:\/\/brasilnoticias.org\/site\/wp-json\/wp\/v2\/types\/post"}],"author":[{"embeddable":true,"href":"https:\/\/brasilnoticias.org\/site\/wp-json\/wp\/v2\/users\/4"}],"replies":[{"embeddable":true,"href":"https:\/\/brasilnoticias.org\/site\/wp-json\/wp\/v2\/comments?post=11595"}],"version-history":[{"count":1,"href":"https:\/\/brasilnoticias.org\/site\/wp-json\/wp\/v2\/posts\/11595\/revisions"}],"predecessor-version":[{"id":11597,"href":"https:\/\/brasilnoticias.org\/site\/wp-json\/wp\/v2\/posts\/11595\/revisions\/11597"}],"wp:featuredmedia":[{"embeddable":true,"href":"https:\/\/brasilnoticias.org\/site\/wp-json\/wp\/v2\/media\/11596"}],"wp:attachment":[{"href":"https:\/\/brasilnoticias.org\/site\/wp-json\/wp\/v2\/media?parent=11595"}],"wp:term":[{"taxonomy":"category","embeddable":true,"href":"https:\/\/brasilnoticias.org\/site\/wp-json\/wp\/v2\/categories?post=11595"},{"taxonomy":"post_tag","embeddable":true,"href":"https:\/\/brasilnoticias.org\/site\/wp-json\/wp\/v2\/tags?post=11595"}],"curies":[{"name":"wp","href":"https:\/\/api.w.org\/{rel}","templated":true}]}}