{"id":11601,"date":"2023-12-12T19:28:59","date_gmt":"2023-12-12T22:28:59","guid":{"rendered":"https:\/\/brasilnoticias.org\/site\/?p=11601"},"modified":"2023-12-12T19:28:59","modified_gmt":"2023-12-12T22:28:59","slug":"divida-do-fies-podera-ser-abatida-com-prestacao-de-servico-publico","status":"publish","type":"post","link":"https:\/\/brasilnoticias.org\/site\/divida-do-fies-podera-ser-abatida-com-prestacao-de-servico-publico\/","title":{"rendered":"D\u00edvida do Fies poder\u00e1 ser abatida com presta\u00e7\u00e3o de servi\u00e7o p\u00fablico"},"content":{"rendered":"<p>Aprovada em car\u00e1ter n\u00e3o terminativo, a mat\u00e9ria sobre o FIES segue agora para avalia\u00e7\u00e3o da Comiss\u00e3o de Assuntos Econ\u00f4micos (CAE)<\/p>\n<p>A Comiss\u00e3o de Educa\u00e7\u00e3o do Senado aprovou, nesta ter\u00e7a-feira (12\/12), a proposta que prev\u00ea a possibilidade de estudantes com d\u00edvidas do Fundo de Financiamento Estudantil (Fies) saldarem parte de seus d\u00e9bitos prestando servi\u00e7o p\u00fablico. Aprovada em car\u00e1ter n\u00e3o terminativo, a mat\u00e9ria segue agora para avalia\u00e7\u00e3o da Comiss\u00e3o de Assuntos Econ\u00f4micos (CAE).<\/p>\n<p>Apresentada pela senadora Dorinha Seabra (Uni\u00e3o-TO), relatora do projeto, a sugest\u00e3o \u00e9 uma alternativa \u00e0 proposta original do Projeto de Lei (PL) 3652\/2023, que propunha o perd\u00e3o integral das d\u00edvidas de estudantes contemplados no programa. No texto substitutivo, a senadora incluiu a possibilidade dos devedores abaterem suas d\u00edvidas participando de programas de apoio ao servi\u00e7o p\u00fablico nas \u00e1reas da sa\u00fade, educa\u00e7\u00e3o, assist\u00eancia social, entre outros.<\/p>\n<p>O texto aprovado estabelece que, para cada semana de trabalho, com carga hor\u00e1ria de, no m\u00ednimo, 20 horas, o estudante com d\u00edvidas com o Fies far\u00e1 jus ao abatimento de uma presta\u00e7\u00e3o, al\u00e9m de ter ressarcidos os gastos com transporte e alimenta\u00e7\u00e3o.<\/p>\n<p>\u201cNo meu voto, e no texto do substitutivo, fica assegurado que essa an\u00e1lise ser\u00e1 feita. E h\u00e1, inclusive, uma regra de compensa\u00e7\u00e3o; que assistentes sociais, professores e enfermeiros, por exemplo, possam prestar um determinado n\u00famero de horas de servi\u00e7os a institui\u00e7\u00f5es p\u00fablicas\u201d, explicou a relatora, destacando a necessidade dos benefici\u00e1rios do Fies restitu\u00edrem os valores recebidos a fim de n\u00e3o comprometer a continuidade do programa.<\/p>\n<p>\u201cO Fies \u00e9 um importante programa n\u00e3o s\u00f3 de amplia\u00e7\u00e3o de acesso [ao ensino superior], mas de financiamento. E, por isso, obviamente, ele tem que ter recursos [dispon\u00edveis] para continuar esse financiamento. Sabemos que \u00e9 o pagamento feito por quem obteve o financiamento que mant\u00e9m o programa funcionando\u201d, justificou a senadora, defendendo a an\u00e1lise caso a caso para, quando poss\u00edvel, \u201cestabelecer a contrapresta\u00e7\u00e3o do servi\u00e7o\u201d.<\/p>\n<p>Para o presidente da Comiss\u00e3o de Educa\u00e7\u00e3o, senador Fl\u00e1vio Arns (PSB-PR), a contrapartida proposta em substitui\u00e7\u00e3o ao perd\u00e3o irrestrito das d\u00edvidas tem uma vantagem adicional: a de promover o ingresso de rec\u00e9m-formados em suas profiss\u00f5es. \u201c\u00c9 bom para a pessoa que se forma e que est\u00e1 procurando alternativas de trabalho, para se manter\u201d, disse Arns.<\/p>\n<p>*Informa\u00e7\u00f5es da Ag\u00eancia Brasil<\/p>\n<p>Foto: Marcello Casal Jr.\/Ag\u00eancia Brasil<br \/>\nAratu On                                                                                        <\/p>\n","protected":false},"excerpt":{"rendered":"<p>Aprovada em car\u00e1ter n\u00e3o terminativo, a mat\u00e9ria sobre o FIES segue agora para avalia\u00e7\u00e3o da Comiss\u00e3o de Assuntos Econ\u00f4micos (CAE)<\/p>\n","protected":false},"author":4,"featured_media":11602,"comment_status":"open","ping_status":"open","sticky":false,"template":"","format":"standard","meta":{"colormag_page_container_layout":"default_layout","colormag_page_sidebar_layout":"default_layout","_FSMCFIC_featured_image_caption":"","_FSMCFIC_featured_image_nocaption":"","_FSMCFIC_featured_image_hide":"","footnotes":""},"categories":[2,1],"tags":[],"class_list":["post-11601","post","type-post","status-publish","format-standard","has-post-thumbnail","hentry","category-noticias","category-ultimas"],"yoast_head":"<!-- This site is optimized with the Yoast SEO plugin v27.1.1 - https:\/\/yoast.com\/product\/yoast-seo-wordpress\/ -->\n<title>D\u00edvida do Fies poder\u00e1 ser abatida com presta\u00e7\u00e3o de servi\u00e7o p\u00fablico - Brasil not\u00edcias<\/title>\n<meta name=\"robots\" content=\"index, follow, max-snippet:-1, max-image-preview:large, max-video-preview:-1\" \/>\n<link rel=\"canonical\" href=\"https:\/\/brasilnoticias.org\/site\/divida-do-fies-podera-ser-abatida-com-prestacao-de-servico-publico\/\" \/>\n<meta property=\"og:locale\" content=\"pt_PT\" \/>\n<meta property=\"og:type\" content=\"article\" \/>\n<meta property=\"og:title\" content=\"D\u00edvida do Fies poder\u00e1 ser abatida com presta\u00e7\u00e3o de servi\u00e7o p\u00fablico - Brasil not\u00edcias\" \/>\n<meta property=\"og:description\" content=\"Aprovada em car\u00e1ter n\u00e3o terminativo, a mat\u00e9ria sobre o FIES segue agora para avalia\u00e7\u00e3o da Comiss\u00e3o de Assuntos Econ\u00f4micos (CAE)\" \/>\n<meta property=\"og:url\" content=\"https:\/\/brasilnoticias.org\/site\/divida-do-fies-podera-ser-abatida-com-prestacao-de-servico-publico\/\" \/>\n<meta property=\"og:site_name\" content=\"Brasil not\u00edcias\" \/>\n<meta property=\"article:published_time\" content=\"2023-12-12T22:28:59+00:00\" \/>\n<meta property=\"og:image\" content=\"https:\/\/brasilnoticias.org\/site\/wp-content\/uploads\/2023\/12\/imagem-destacada-estudantes-poderao-renegociar-dividas-do-fies-com-ate-99-de-des-740x470-1.jpg\" \/>\n\t<meta property=\"og:image:width\" content=\"740\" \/>\n\t<meta property=\"og:image:height\" content=\"470\" \/>\n\t<meta property=\"og:image:type\" content=\"image\/jpeg\" \/>\n<meta name=\"author\" content=\"Reda\u00e7\u00e3o\" \/>\n<meta name=\"twitter:card\" content=\"summary_large_image\" \/>\n<meta name=\"twitter:label1\" content=\"Escrito por\" \/>\n\t<meta name=\"twitter:data1\" content=\"Reda\u00e7\u00e3o\" \/>\n\t<meta name=\"twitter:label2\" content=\"Tempo estimado de leitura\" \/>\n\t<meta name=\"twitter:data2\" content=\"1 minuto\" \/>\n<script type=\"application\/ld+json\" class=\"yoast-schema-graph\">{\"@context\":\"https:\/\/schema.org\",\"@graph\":[{\"@type\":\"Article\",\"@id\":\"https:\/\/brasilnoticias.org\/site\/divida-do-fies-podera-ser-abatida-com-prestacao-de-servico-publico\/#article\",\"isPartOf\":{\"@id\":\"https:\/\/brasilnoticias.org\/site\/divida-do-fies-podera-ser-abatida-com-prestacao-de-servico-publico\/\"},\"author\":{\"name\":\"Reda\u00e7\u00e3o\",\"@id\":\"https:\/\/brasilnoticias.org\/site\/#\/schema\/person\/03bbbfe6c7634ad18c26444ea39049fa\"},\"headline\":\"D\u00edvida do Fies poder\u00e1 ser abatida com presta\u00e7\u00e3o de servi\u00e7o p\u00fablico\",\"datePublished\":\"2023-12-12T22:28:59+00:00\",\"mainEntityOfPage\":{\"@id\":\"https:\/\/brasilnoticias.org\/site\/divida-do-fies-podera-ser-abatida-com-prestacao-de-servico-publico\/\"},\"wordCount\":445,\"commentCount\":0,\"publisher\":{\"@id\":\"https:\/\/brasilnoticias.org\/site\/#organization\"},\"image\":{\"@id\":\"https:\/\/brasilnoticias.org\/site\/divida-do-fies-podera-ser-abatida-com-prestacao-de-servico-publico\/#primaryimage\"},\"thumbnailUrl\":\"https:\/\/brasilnoticias.org\/site\/wp-content\/uploads\/2023\/12\/imagem-destacada-estudantes-poderao-renegociar-dividas-do-fies-com-ate-99-de-des-740x470-1.jpg\",\"articleSection\":[\"Not\u00edcias\",\"\u00daltimas\"],\"inLanguage\":\"pt-PT\",\"potentialAction\":[{\"@type\":\"CommentAction\",\"name\":\"Comment\",\"target\":[\"https:\/\/brasilnoticias.org\/site\/divida-do-fies-podera-ser-abatida-com-prestacao-de-servico-publico\/#respond\"]}]},{\"@type\":\"WebPage\",\"@id\":\"https:\/\/brasilnoticias.org\/site\/divida-do-fies-podera-ser-abatida-com-prestacao-de-servico-publico\/\",\"url\":\"https:\/\/brasilnoticias.org\/site\/divida-do-fies-podera-ser-abatida-com-prestacao-de-servico-publico\/\",\"name\":\"D\u00edvida do Fies poder\u00e1 ser abatida com presta\u00e7\u00e3o de servi\u00e7o p\u00fablico - Brasil not\u00edcias\",\"isPartOf\":{\"@id\":\"https:\/\/brasilnoticias.org\/site\/#website\"},\"primaryImageOfPage\":{\"@id\":\"https:\/\/brasilnoticias.org\/site\/divida-do-fies-podera-ser-abatida-com-prestacao-de-servico-publico\/#primaryimage\"},\"image\":{\"@id\":\"https:\/\/brasilnoticias.org\/site\/divida-do-fies-podera-ser-abatida-com-prestacao-de-servico-publico\/#primaryimage\"},\"thumbnailUrl\":\"https:\/\/brasilnoticias.org\/site\/wp-content\/uploads\/2023\/12\/imagem-destacada-estudantes-poderao-renegociar-dividas-do-fies-com-ate-99-de-des-740x470-1.jpg\",\"datePublished\":\"2023-12-12T22:28:59+00:00\",\"breadcrumb\":{\"@id\":\"https:\/\/brasilnoticias.org\/site\/divida-do-fies-podera-ser-abatida-com-prestacao-de-servico-publico\/#breadcrumb\"},\"inLanguage\":\"pt-PT\",\"potentialAction\":[{\"@type\":\"ReadAction\",\"target\":[\"https:\/\/brasilnoticias.org\/site\/divida-do-fies-podera-ser-abatida-com-prestacao-de-servico-publico\/\"]}]},{\"@type\":\"ImageObject\",\"inLanguage\":\"pt-PT\",\"@id\":\"https:\/\/brasilnoticias.org\/site\/divida-do-fies-podera-ser-abatida-com-prestacao-de-servico-publico\/#primaryimage\",\"url\":\"https:\/\/brasilnoticias.org\/site\/wp-content\/uploads\/2023\/12\/imagem-destacada-estudantes-poderao-renegociar-dividas-do-fies-com-ate-99-de-des-740x470-1.jpg\",\"contentUrl\":\"https:\/\/brasilnoticias.org\/site\/wp-content\/uploads\/2023\/12\/imagem-destacada-estudantes-poderao-renegociar-dividas-do-fies-com-ate-99-de-des-740x470-1.jpg\",\"width\":740,\"height\":470},{\"@type\":\"BreadcrumbList\",\"@id\":\"https:\/\/brasilnoticias.org\/site\/divida-do-fies-podera-ser-abatida-com-prestacao-de-servico-publico\/#breadcrumb\",\"itemListElement\":[{\"@type\":\"ListItem\",\"position\":1,\"name\":\"In\u00edcio\",\"item\":\"https:\/\/brasilnoticias.org\/site\/\"},{\"@type\":\"ListItem\",\"position\":2,\"name\":\"D\u00edvida do Fies poder\u00e1 ser abatida com presta\u00e7\u00e3o de servi\u00e7o p\u00fablico\"}]},{\"@type\":\"WebSite\",\"@id\":\"https:\/\/brasilnoticias.org\/site\/#website\",\"url\":\"https:\/\/brasilnoticias.org\/site\/\",\"name\":\"Brasil not\u00edcias\",\"description\":\"Brasil not\u00edcias\",\"publisher\":{\"@id\":\"https:\/\/brasilnoticias.org\/site\/#organization\"},\"potentialAction\":[{\"@type\":\"SearchAction\",\"target\":{\"@type\":\"EntryPoint\",\"urlTemplate\":\"https:\/\/brasilnoticias.org\/site\/?s={search_term_string}\"},\"query-input\":{\"@type\":\"PropertyValueSpecification\",\"valueRequired\":true,\"valueName\":\"search_term_string\"}}],\"inLanguage\":\"pt-PT\"},{\"@type\":\"Organization\",\"@id\":\"https:\/\/brasilnoticias.org\/site\/#organization\",\"name\":\"Brasil not\u00edcias\",\"url\":\"https:\/\/brasilnoticias.org\/site\/\",\"logo\":{\"@type\":\"ImageObject\",\"inLanguage\":\"pt-PT\",\"@id\":\"https:\/\/brasilnoticias.org\/site\/#\/schema\/logo\/image\/\",\"url\":\"https:\/\/brasilnoticias.org\/site\/wp-content\/uploads\/2022\/05\/cropped-brasilnoticias-mini.jpg\",\"contentUrl\":\"https:\/\/brasilnoticias.org\/site\/wp-content\/uploads\/2022\/05\/cropped-brasilnoticias-mini.jpg\",\"width\":314,\"height\":86,\"caption\":\"Brasil not\u00edcias\"},\"image\":{\"@id\":\"https:\/\/brasilnoticias.org\/site\/#\/schema\/logo\/image\/\"}},{\"@type\":\"Person\",\"@id\":\"https:\/\/brasilnoticias.org\/site\/#\/schema\/person\/03bbbfe6c7634ad18c26444ea39049fa\",\"name\":\"Reda\u00e7\u00e3o\",\"image\":{\"@type\":\"ImageObject\",\"inLanguage\":\"pt-PT\",\"@id\":\"https:\/\/brasilnoticias.org\/site\/#\/schema\/person\/image\/\",\"url\":\"https:\/\/secure.gravatar.com\/avatar\/9ecaf7327a696cb23ad926fedded5f1f04d7049de9e445375d55b48c001a6e42?s=96&d=mm&r=g\",\"contentUrl\":\"https:\/\/secure.gravatar.com\/avatar\/9ecaf7327a696cb23ad926fedded5f1f04d7049de9e445375d55b48c001a6e42?s=96&d=mm&r=g\",\"caption\":\"Reda\u00e7\u00e3o\"},\"url\":\"https:\/\/brasilnoticias.org\/site\/author\/henrique\/\"}]}<\/script>\n<!-- \/ Yoast SEO plugin. -->","yoast_head_json":{"title":"D\u00edvida do Fies poder\u00e1 ser abatida com presta\u00e7\u00e3o de servi\u00e7o p\u00fablico - Brasil not\u00edcias","robots":{"index":"index","follow":"follow","max-snippet":"max-snippet:-1","max-image-preview":"max-image-preview:large","max-video-preview":"max-video-preview:-1"},"canonical":"https:\/\/brasilnoticias.org\/site\/divida-do-fies-podera-ser-abatida-com-prestacao-de-servico-publico\/","og_locale":"pt_PT","og_type":"article","og_title":"D\u00edvida do Fies poder\u00e1 ser abatida com presta\u00e7\u00e3o de servi\u00e7o p\u00fablico - Brasil not\u00edcias","og_description":"Aprovada em car\u00e1ter n\u00e3o terminativo, a mat\u00e9ria sobre o FIES segue agora para avalia\u00e7\u00e3o da Comiss\u00e3o de Assuntos Econ\u00f4micos (CAE)","og_url":"https:\/\/brasilnoticias.org\/site\/divida-do-fies-podera-ser-abatida-com-prestacao-de-servico-publico\/","og_site_name":"Brasil not\u00edcias","article_published_time":"2023-12-12T22:28:59+00:00","og_image":[{"width":740,"height":470,"url":"https:\/\/brasilnoticias.org\/site\/wp-content\/uploads\/2023\/12\/imagem-destacada-estudantes-poderao-renegociar-dividas-do-fies-com-ate-99-de-des-740x470-1.jpg","type":"image\/jpeg"}],"author":"Reda\u00e7\u00e3o","twitter_card":"summary_large_image","twitter_misc":{"Escrito por":"Reda\u00e7\u00e3o","Tempo estimado de leitura":"1 minuto"},"schema":{"@context":"https:\/\/schema.org","@graph":[{"@type":"Article","@id":"https:\/\/brasilnoticias.org\/site\/divida-do-fies-podera-ser-abatida-com-prestacao-de-servico-publico\/#article","isPartOf":{"@id":"https:\/\/brasilnoticias.org\/site\/divida-do-fies-podera-ser-abatida-com-prestacao-de-servico-publico\/"},"author":{"name":"Reda\u00e7\u00e3o","@id":"https:\/\/brasilnoticias.org\/site\/#\/schema\/person\/03bbbfe6c7634ad18c26444ea39049fa"},"headline":"D\u00edvida do Fies poder\u00e1 ser abatida com presta\u00e7\u00e3o de servi\u00e7o p\u00fablico","datePublished":"2023-12-12T22:28:59+00:00","mainEntityOfPage":{"@id":"https:\/\/brasilnoticias.org\/site\/divida-do-fies-podera-ser-abatida-com-prestacao-de-servico-publico\/"},"wordCount":445,"commentCount":0,"publisher":{"@id":"https:\/\/brasilnoticias.org\/site\/#organization"},"image":{"@id":"https:\/\/brasilnoticias.org\/site\/divida-do-fies-podera-ser-abatida-com-prestacao-de-servico-publico\/#primaryimage"},"thumbnailUrl":"https:\/\/brasilnoticias.org\/site\/wp-content\/uploads\/2023\/12\/imagem-destacada-estudantes-poderao-renegociar-dividas-do-fies-com-ate-99-de-des-740x470-1.jpg","articleSection":["Not\u00edcias","\u00daltimas"],"inLanguage":"pt-PT","potentialAction":[{"@type":"CommentAction","name":"Comment","target":["https:\/\/brasilnoticias.org\/site\/divida-do-fies-podera-ser-abatida-com-prestacao-de-servico-publico\/#respond"]}]},{"@type":"WebPage","@id":"https:\/\/brasilnoticias.org\/site\/divida-do-fies-podera-ser-abatida-com-prestacao-de-servico-publico\/","url":"https:\/\/brasilnoticias.org\/site\/divida-do-fies-podera-ser-abatida-com-prestacao-de-servico-publico\/","name":"D\u00edvida do Fies poder\u00e1 ser abatida com presta\u00e7\u00e3o de servi\u00e7o p\u00fablico - Brasil not\u00edcias","isPartOf":{"@id":"https:\/\/brasilnoticias.org\/site\/#website"},"primaryImageOfPage":{"@id":"https:\/\/brasilnoticias.org\/site\/divida-do-fies-podera-ser-abatida-com-prestacao-de-servico-publico\/#primaryimage"},"image":{"@id":"https:\/\/brasilnoticias.org\/site\/divida-do-fies-podera-ser-abatida-com-prestacao-de-servico-publico\/#primaryimage"},"thumbnailUrl":"https:\/\/brasilnoticias.org\/site\/wp-content\/uploads\/2023\/12\/imagem-destacada-estudantes-poderao-renegociar-dividas-do-fies-com-ate-99-de-des-740x470-1.jpg","datePublished":"2023-12-12T22:28:59+00:00","breadcrumb":{"@id":"https:\/\/brasilnoticias.org\/site\/divida-do-fies-podera-ser-abatida-com-prestacao-de-servico-publico\/#breadcrumb"},"inLanguage":"pt-PT","potentialAction":[{"@type":"ReadAction","target":["https:\/\/brasilnoticias.org\/site\/divida-do-fies-podera-ser-abatida-com-prestacao-de-servico-publico\/"]}]},{"@type":"ImageObject","inLanguage":"pt-PT","@id":"https:\/\/brasilnoticias.org\/site\/divida-do-fies-podera-ser-abatida-com-prestacao-de-servico-publico\/#primaryimage","url":"https:\/\/brasilnoticias.org\/site\/wp-content\/uploads\/2023\/12\/imagem-destacada-estudantes-poderao-renegociar-dividas-do-fies-com-ate-99-de-des-740x470-1.jpg","contentUrl":"https:\/\/brasilnoticias.org\/site\/wp-content\/uploads\/2023\/12\/imagem-destacada-estudantes-poderao-renegociar-dividas-do-fies-com-ate-99-de-des-740x470-1.jpg","width":740,"height":470},{"@type":"BreadcrumbList","@id":"https:\/\/brasilnoticias.org\/site\/divida-do-fies-podera-ser-abatida-com-prestacao-de-servico-publico\/#breadcrumb","itemListElement":[{"@type":"ListItem","position":1,"name":"In\u00edcio","item":"https:\/\/brasilnoticias.org\/site\/"},{"@type":"ListItem","position":2,"name":"D\u00edvida do Fies poder\u00e1 ser abatida com presta\u00e7\u00e3o de servi\u00e7o p\u00fablico"}]},{"@type":"WebSite","@id":"https:\/\/brasilnoticias.org\/site\/#website","url":"https:\/\/brasilnoticias.org\/site\/","name":"Brasil not\u00edcias","description":"Brasil not\u00edcias","publisher":{"@id":"https:\/\/brasilnoticias.org\/site\/#organization"},"potentialAction":[{"@type":"SearchAction","target":{"@type":"EntryPoint","urlTemplate":"https:\/\/brasilnoticias.org\/site\/?s={search_term_string}"},"query-input":{"@type":"PropertyValueSpecification","valueRequired":true,"valueName":"search_term_string"}}],"inLanguage":"pt-PT"},{"@type":"Organization","@id":"https:\/\/brasilnoticias.org\/site\/#organization","name":"Brasil not\u00edcias","url":"https:\/\/brasilnoticias.org\/site\/","logo":{"@type":"ImageObject","inLanguage":"pt-PT","@id":"https:\/\/brasilnoticias.org\/site\/#\/schema\/logo\/image\/","url":"https:\/\/brasilnoticias.org\/site\/wp-content\/uploads\/2022\/05\/cropped-brasilnoticias-mini.jpg","contentUrl":"https:\/\/brasilnoticias.org\/site\/wp-content\/uploads\/2022\/05\/cropped-brasilnoticias-mini.jpg","width":314,"height":86,"caption":"Brasil not\u00edcias"},"image":{"@id":"https:\/\/brasilnoticias.org\/site\/#\/schema\/logo\/image\/"}},{"@type":"Person","@id":"https:\/\/brasilnoticias.org\/site\/#\/schema\/person\/03bbbfe6c7634ad18c26444ea39049fa","name":"Reda\u00e7\u00e3o","image":{"@type":"ImageObject","inLanguage":"pt-PT","@id":"https:\/\/brasilnoticias.org\/site\/#\/schema\/person\/image\/","url":"https:\/\/secure.gravatar.com\/avatar\/9ecaf7327a696cb23ad926fedded5f1f04d7049de9e445375d55b48c001a6e42?s=96&d=mm&r=g","contentUrl":"https:\/\/secure.gravatar.com\/avatar\/9ecaf7327a696cb23ad926fedded5f1f04d7049de9e445375d55b48c001a6e42?s=96&d=mm&r=g","caption":"Reda\u00e7\u00e3o"},"url":"https:\/\/brasilnoticias.org\/site\/author\/henrique\/"}]}},"_links":{"self":[{"href":"https:\/\/brasilnoticias.org\/site\/wp-json\/wp\/v2\/posts\/11601","targetHints":{"allow":["GET"]}}],"collection":[{"href":"https:\/\/brasilnoticias.org\/site\/wp-json\/wp\/v2\/posts"}],"about":[{"href":"https:\/\/brasilnoticias.org\/site\/wp-json\/wp\/v2\/types\/post"}],"author":[{"embeddable":true,"href":"https:\/\/brasilnoticias.org\/site\/wp-json\/wp\/v2\/users\/4"}],"replies":[{"embeddable":true,"href":"https:\/\/brasilnoticias.org\/site\/wp-json\/wp\/v2\/comments?post=11601"}],"version-history":[{"count":1,"href":"https:\/\/brasilnoticias.org\/site\/wp-json\/wp\/v2\/posts\/11601\/revisions"}],"predecessor-version":[{"id":11603,"href":"https:\/\/brasilnoticias.org\/site\/wp-json\/wp\/v2\/posts\/11601\/revisions\/11603"}],"wp:featuredmedia":[{"embeddable":true,"href":"https:\/\/brasilnoticias.org\/site\/wp-json\/wp\/v2\/media\/11602"}],"wp:attachment":[{"href":"https:\/\/brasilnoticias.org\/site\/wp-json\/wp\/v2\/media?parent=11601"}],"wp:term":[{"taxonomy":"category","embeddable":true,"href":"https:\/\/brasilnoticias.org\/site\/wp-json\/wp\/v2\/categories?post=11601"},{"taxonomy":"post_tag","embeddable":true,"href":"https:\/\/brasilnoticias.org\/site\/wp-json\/wp\/v2\/tags?post=11601"}],"curies":[{"name":"wp","href":"https:\/\/api.w.org\/{rel}","templated":true}]}}