{"id":11604,"date":"2023-12-12T19:30:43","date_gmt":"2023-12-12T22:30:43","guid":{"rendered":"https:\/\/brasilnoticias.org\/site\/?p=11604"},"modified":"2023-12-12T19:31:10","modified_gmt":"2023-12-12T22:31:10","slug":"exclusivo-laudo-genetico-contesta-versao-de-que-crianca-tenha-matado-cigana-hyara-flor","status":"publish","type":"post","link":"https:\/\/brasilnoticias.org\/site\/exclusivo-laudo-genetico-contesta-versao-de-que-crianca-tenha-matado-cigana-hyara-flor\/","title":{"rendered":"EXCLUSIVO: laudo gen\u00e9tico contesta vers\u00e3o de que crian\u00e7a tenha matado cigana Hyara Flor"},"content":{"rendered":"<p>Investiga\u00e7\u00e3o da pol\u00edcia civil indicou que a cigana Hyara teria sido morta pelo cunhado, de 9 anos; vers\u00e3o foi contestada por novo laudo pericial<\/p>\n<p>Um novo laudo pericial da pol\u00edcia civil contesta o resultado da investiga\u00e7\u00e3o da pol\u00edcia civil sobre o assassinato da cigana Hyara Flor, ent\u00e3o com 14 anos de idade, em Guaratinga, no extremo sul da Bahia, em julho deste ano. De acordo com a pol\u00edcia, o cunhado da v\u00edtima, Jesus Davi, de 9 anos, teria disparado a pistola que matou Hyara. Mas o novo laudo apontou que n\u00e3o foi encontrado material gen\u00e9tico da crian\u00e7a na arma do crime. O pedido de novas per\u00edcias t\u00e9cnicas foi feito pelo Minist\u00e9rio P\u00fablico da Bahia (MP-BA) ap\u00f3s apelo da fam\u00edlia da v\u00edtima.<\/p>\n<p>O Aratu On teve acesso com exclusividade ao documento, que mostra uma an\u00e1lise feita pelo Departamento de Pol\u00edcia T\u00e9cnica (DPT). A an\u00e1lise comparou o DNA encontrado no cabo e no corpo do armamento com o material gen\u00e9tico de quatro pessoas: o pai do marido de Hyara, Wberlon Silva, a madrastra da cigana, Fernanda Cardoso e os cunhados dela, os g\u00eameos Jesus Davi e Jesus Mateus. Ap\u00f3s a an\u00e1lise da pol\u00edcia civil, o material encontrado na arma n\u00e3o \u00e9 compat\u00edvel com nenhum dos quatro analisados.<\/p>\n<p>Ou seja, Jesus Davi, apontado pela pol\u00edcia civil em agosto como autor dos disparos, n\u00e3o teria entrado em contato com o armamento. Apesar disso, a an\u00e1lise gen\u00e9tica indicou que o material encontrado na arma deve pertencer a um parente de Jesus Davi com a mesma linhagem paterna. A an\u00e1lise foi destacada pelo perito particular contratado pela fam\u00edlia da cigana, o m\u00e9dico Eduardo Llanos. Para a fam\u00edlia de Hyara, esse pode ser um ind\u00edcio de envolvimento no crime do marido de Hyara Flor, identificado como Amadeus Alves.<\/p>\n<p>No in\u00edcio das investiga\u00e7\u00f5es policiais, ele era apontado como um dos principais suspeitos. Mas, segundo a investiga\u00e7\u00e3o, devido \u00e0 presen\u00e7a de \u00e1libis, ele foi descartado como poss\u00edvel assassino.<\/p>\n<p>ALTURA DO ASSASSINO<\/p>\n<p>O primeiro laudo da pol\u00edcia civil sobre a morte de Hyara apontou que o tiro foi efetuado de baixo para cima, indicando que algu\u00e9m menor que a jovem deveria ter feito o disparo. Por\u00e9m, o novo laudo nega esta vers\u00e3o por meio de um elemento de per\u00edcia chamado de \u201czona de tatuagem\u201d. Esse termo se refere \u00e0s marcas que ficam na pele quando um disparo de arma de fogo \u00e9 deflagrado contra algu\u00e9m a curta dist\u00e2ncia, ou \u201c\u00e0 queima-roupa\u201d.<\/p>\n<p>Essas marcas ou \u201ctatuagens\u201d s\u00e3o peda\u00e7os de p\u00f3lvora, que ao sair da arma, adentram a pele, se alojando entre as camadas cut\u00e2neas. Segundo o especialista em per\u00edcia Patr\u00edcio Eduardo Cerda, que assina a laudo, as \u201ctatuagens\u201d em Hyara est\u00e3o alojadas no queixo, local onde, se trassada a trajet\u00f3ria da bala, mostraria uma pessoa mais alta que o cunhado da v\u00edtima. Confira a conclus\u00e3o da per\u00edcia contratada pela fam\u00edlia de Hyara sobre a altura do assassino: <\/p>\n<p>\u201cAp\u00f3s an\u00e1lise de todos os elementos oferecidos para estudo, o Assistente T\u00e9cnico que subscreve o presente Parecer logrou constatar o seguinte: Todos os elementos que apontam o menor como autor do disparo que vitimou Hyara s\u00e3o tecnicamente divergentes enquanto os elementos que apontam a autoria do disparo a uma pessoa de maior altura a da v\u00edtima s\u00e3o convergentes. Se faz presente a imperiosa necessidade de realizar a exuma\u00e7\u00e3o do corpo da v\u00edtima para determinar a vertebra onde ficou alojado o projetil e constatar tecnicamente a trajet\u00f3ria e trajeto bal\u00edstico.\u201d<\/p>\n<p>Foto: Redes sociais<br \/>\nAratu On<\/p>\n","protected":false},"excerpt":{"rendered":"<p>Investiga\u00e7\u00e3o da pol\u00edcia civil indicou que a cigana Hyara teria sido morta pelo cunhado, de 9 anos; vers\u00e3o foi contestada<\/p>\n","protected":false},"author":4,"featured_media":11606,"comment_status":"open","ping_status":"open","sticky":false,"template":"","format":"standard","meta":{"colormag_page_container_layout":"default_layout","colormag_page_sidebar_layout":"default_layout","_FSMCFIC_featured_image_caption":"","_FSMCFIC_featured_image_nocaption":"","_FSMCFIC_featured_image_hide":"","footnotes":""},"categories":[2,1],"tags":[],"class_list":["post-11604","post","type-post","status-publish","format-standard","has-post-thumbnail","hentry","category-noticias","category-ultimas"],"yoast_head":"<!-- This site is optimized with the Yoast SEO plugin v27.1.1 - https:\/\/yoast.com\/product\/yoast-seo-wordpress\/ -->\n<title>EXCLUSIVO: laudo gen\u00e9tico contesta vers\u00e3o de que crian\u00e7a tenha matado cigana Hyara Flor - Brasil not\u00edcias<\/title>\n<meta name=\"robots\" content=\"index, follow, max-snippet:-1, max-image-preview:large, max-video-preview:-1\" \/>\n<link rel=\"canonical\" href=\"https:\/\/brasilnoticias.org\/site\/exclusivo-laudo-genetico-contesta-versao-de-que-crianca-tenha-matado-cigana-hyara-flor\/\" \/>\n<meta property=\"og:locale\" content=\"pt_PT\" \/>\n<meta property=\"og:type\" content=\"article\" \/>\n<meta property=\"og:title\" content=\"EXCLUSIVO: laudo gen\u00e9tico contesta vers\u00e3o de que crian\u00e7a tenha matado cigana Hyara Flor - Brasil not\u00edcias\" \/>\n<meta property=\"og:description\" content=\"Investiga\u00e7\u00e3o da pol\u00edcia civil indicou que a cigana Hyara teria sido morta pelo cunhado, de 9 anos; vers\u00e3o foi contestada\" \/>\n<meta property=\"og:url\" content=\"https:\/\/brasilnoticias.org\/site\/exclusivo-laudo-genetico-contesta-versao-de-que-crianca-tenha-matado-cigana-hyara-flor\/\" \/>\n<meta property=\"og:site_name\" content=\"Brasil not\u00edcias\" \/>\n<meta property=\"article:published_time\" content=\"2023-12-12T22:30:43+00:00\" \/>\n<meta property=\"article:modified_time\" content=\"2023-12-12T22:31:10+00:00\" \/>\n<meta property=\"og:image\" content=\"https:\/\/brasilnoticias.org\/site\/wp-content\/uploads\/2023\/12\/hyara-.jpg\" \/>\n\t<meta property=\"og:image:width\" content=\"740\" \/>\n\t<meta property=\"og:image:height\" content=\"470\" \/>\n\t<meta property=\"og:image:type\" content=\"image\/jpeg\" \/>\n<meta name=\"author\" content=\"Reda\u00e7\u00e3o\" \/>\n<meta name=\"twitter:card\" content=\"summary_large_image\" \/>\n<meta name=\"twitter:label1\" content=\"Escrito por\" \/>\n\t<meta name=\"twitter:data1\" content=\"Reda\u00e7\u00e3o\" \/>\n\t<meta name=\"twitter:label2\" content=\"Tempo estimado de leitura\" \/>\n\t<meta name=\"twitter:data2\" content=\"4 minutos\" \/>\n<script type=\"application\/ld+json\" class=\"yoast-schema-graph\">{\"@context\":\"https:\/\/schema.org\",\"@graph\":[{\"@type\":\"Article\",\"@id\":\"https:\/\/brasilnoticias.org\/site\/exclusivo-laudo-genetico-contesta-versao-de-que-crianca-tenha-matado-cigana-hyara-flor\/#article\",\"isPartOf\":{\"@id\":\"https:\/\/brasilnoticias.org\/site\/exclusivo-laudo-genetico-contesta-versao-de-que-crianca-tenha-matado-cigana-hyara-flor\/\"},\"author\":{\"name\":\"Reda\u00e7\u00e3o\",\"@id\":\"https:\/\/brasilnoticias.org\/site\/#\/schema\/person\/03bbbfe6c7634ad18c26444ea39049fa\"},\"headline\":\"EXCLUSIVO: laudo gen\u00e9tico contesta vers\u00e3o de que crian\u00e7a tenha matado cigana Hyara Flor\",\"datePublished\":\"2023-12-12T22:30:43+00:00\",\"dateModified\":\"2023-12-12T22:31:10+00:00\",\"mainEntityOfPage\":{\"@id\":\"https:\/\/brasilnoticias.org\/site\/exclusivo-laudo-genetico-contesta-versao-de-que-crianca-tenha-matado-cigana-hyara-flor\/\"},\"wordCount\":652,\"commentCount\":0,\"publisher\":{\"@id\":\"https:\/\/brasilnoticias.org\/site\/#organization\"},\"image\":{\"@id\":\"https:\/\/brasilnoticias.org\/site\/exclusivo-laudo-genetico-contesta-versao-de-que-crianca-tenha-matado-cigana-hyara-flor\/#primaryimage\"},\"thumbnailUrl\":\"https:\/\/brasilnoticias.org\/site\/wp-content\/uploads\/2023\/12\/hyara-.jpg\",\"articleSection\":[\"Not\u00edcias\",\"\u00daltimas\"],\"inLanguage\":\"pt-PT\",\"potentialAction\":[{\"@type\":\"CommentAction\",\"name\":\"Comment\",\"target\":[\"https:\/\/brasilnoticias.org\/site\/exclusivo-laudo-genetico-contesta-versao-de-que-crianca-tenha-matado-cigana-hyara-flor\/#respond\"]}]},{\"@type\":\"WebPage\",\"@id\":\"https:\/\/brasilnoticias.org\/site\/exclusivo-laudo-genetico-contesta-versao-de-que-crianca-tenha-matado-cigana-hyara-flor\/\",\"url\":\"https:\/\/brasilnoticias.org\/site\/exclusivo-laudo-genetico-contesta-versao-de-que-crianca-tenha-matado-cigana-hyara-flor\/\",\"name\":\"EXCLUSIVO: laudo gen\u00e9tico contesta vers\u00e3o de que crian\u00e7a tenha matado cigana Hyara Flor - Brasil not\u00edcias\",\"isPartOf\":{\"@id\":\"https:\/\/brasilnoticias.org\/site\/#website\"},\"primaryImageOfPage\":{\"@id\":\"https:\/\/brasilnoticias.org\/site\/exclusivo-laudo-genetico-contesta-versao-de-que-crianca-tenha-matado-cigana-hyara-flor\/#primaryimage\"},\"image\":{\"@id\":\"https:\/\/brasilnoticias.org\/site\/exclusivo-laudo-genetico-contesta-versao-de-que-crianca-tenha-matado-cigana-hyara-flor\/#primaryimage\"},\"thumbnailUrl\":\"https:\/\/brasilnoticias.org\/site\/wp-content\/uploads\/2023\/12\/hyara-.jpg\",\"datePublished\":\"2023-12-12T22:30:43+00:00\",\"dateModified\":\"2023-12-12T22:31:10+00:00\",\"breadcrumb\":{\"@id\":\"https:\/\/brasilnoticias.org\/site\/exclusivo-laudo-genetico-contesta-versao-de-que-crianca-tenha-matado-cigana-hyara-flor\/#breadcrumb\"},\"inLanguage\":\"pt-PT\",\"potentialAction\":[{\"@type\":\"ReadAction\",\"target\":[\"https:\/\/brasilnoticias.org\/site\/exclusivo-laudo-genetico-contesta-versao-de-que-crianca-tenha-matado-cigana-hyara-flor\/\"]}]},{\"@type\":\"ImageObject\",\"inLanguage\":\"pt-PT\",\"@id\":\"https:\/\/brasilnoticias.org\/site\/exclusivo-laudo-genetico-contesta-versao-de-que-crianca-tenha-matado-cigana-hyara-flor\/#primaryimage\",\"url\":\"https:\/\/brasilnoticias.org\/site\/wp-content\/uploads\/2023\/12\/hyara-.jpg\",\"contentUrl\":\"https:\/\/brasilnoticias.org\/site\/wp-content\/uploads\/2023\/12\/hyara-.jpg\",\"width\":740,\"height\":470},{\"@type\":\"BreadcrumbList\",\"@id\":\"https:\/\/brasilnoticias.org\/site\/exclusivo-laudo-genetico-contesta-versao-de-que-crianca-tenha-matado-cigana-hyara-flor\/#breadcrumb\",\"itemListElement\":[{\"@type\":\"ListItem\",\"position\":1,\"name\":\"In\u00edcio\",\"item\":\"https:\/\/brasilnoticias.org\/site\/\"},{\"@type\":\"ListItem\",\"position\":2,\"name\":\"EXCLUSIVO: laudo gen\u00e9tico contesta vers\u00e3o de que crian\u00e7a tenha matado cigana Hyara Flor\"}]},{\"@type\":\"WebSite\",\"@id\":\"https:\/\/brasilnoticias.org\/site\/#website\",\"url\":\"https:\/\/brasilnoticias.org\/site\/\",\"name\":\"Brasil not\u00edcias\",\"description\":\"Brasil not\u00edcias\",\"publisher\":{\"@id\":\"https:\/\/brasilnoticias.org\/site\/#organization\"},\"potentialAction\":[{\"@type\":\"SearchAction\",\"target\":{\"@type\":\"EntryPoint\",\"urlTemplate\":\"https:\/\/brasilnoticias.org\/site\/?s={search_term_string}\"},\"query-input\":{\"@type\":\"PropertyValueSpecification\",\"valueRequired\":true,\"valueName\":\"search_term_string\"}}],\"inLanguage\":\"pt-PT\"},{\"@type\":\"Organization\",\"@id\":\"https:\/\/brasilnoticias.org\/site\/#organization\",\"name\":\"Brasil not\u00edcias\",\"url\":\"https:\/\/brasilnoticias.org\/site\/\",\"logo\":{\"@type\":\"ImageObject\",\"inLanguage\":\"pt-PT\",\"@id\":\"https:\/\/brasilnoticias.org\/site\/#\/schema\/logo\/image\/\",\"url\":\"https:\/\/brasilnoticias.org\/site\/wp-content\/uploads\/2022\/05\/cropped-brasilnoticias-mini.jpg\",\"contentUrl\":\"https:\/\/brasilnoticias.org\/site\/wp-content\/uploads\/2022\/05\/cropped-brasilnoticias-mini.jpg\",\"width\":314,\"height\":86,\"caption\":\"Brasil not\u00edcias\"},\"image\":{\"@id\":\"https:\/\/brasilnoticias.org\/site\/#\/schema\/logo\/image\/\"}},{\"@type\":\"Person\",\"@id\":\"https:\/\/brasilnoticias.org\/site\/#\/schema\/person\/03bbbfe6c7634ad18c26444ea39049fa\",\"name\":\"Reda\u00e7\u00e3o\",\"image\":{\"@type\":\"ImageObject\",\"inLanguage\":\"pt-PT\",\"@id\":\"https:\/\/brasilnoticias.org\/site\/#\/schema\/person\/image\/\",\"url\":\"https:\/\/secure.gravatar.com\/avatar\/9ecaf7327a696cb23ad926fedded5f1f04d7049de9e445375d55b48c001a6e42?s=96&d=mm&r=g\",\"contentUrl\":\"https:\/\/secure.gravatar.com\/avatar\/9ecaf7327a696cb23ad926fedded5f1f04d7049de9e445375d55b48c001a6e42?s=96&d=mm&r=g\",\"caption\":\"Reda\u00e7\u00e3o\"},\"url\":\"https:\/\/brasilnoticias.org\/site\/author\/henrique\/\"}]}<\/script>\n<!-- \/ Yoast SEO plugin. -->","yoast_head_json":{"title":"EXCLUSIVO: laudo gen\u00e9tico contesta vers\u00e3o de que crian\u00e7a tenha matado cigana Hyara Flor - Brasil not\u00edcias","robots":{"index":"index","follow":"follow","max-snippet":"max-snippet:-1","max-image-preview":"max-image-preview:large","max-video-preview":"max-video-preview:-1"},"canonical":"https:\/\/brasilnoticias.org\/site\/exclusivo-laudo-genetico-contesta-versao-de-que-crianca-tenha-matado-cigana-hyara-flor\/","og_locale":"pt_PT","og_type":"article","og_title":"EXCLUSIVO: laudo gen\u00e9tico contesta vers\u00e3o de que crian\u00e7a tenha matado cigana Hyara Flor - Brasil not\u00edcias","og_description":"Investiga\u00e7\u00e3o da pol\u00edcia civil indicou que a cigana Hyara teria sido morta pelo cunhado, de 9 anos; vers\u00e3o foi contestada","og_url":"https:\/\/brasilnoticias.org\/site\/exclusivo-laudo-genetico-contesta-versao-de-que-crianca-tenha-matado-cigana-hyara-flor\/","og_site_name":"Brasil not\u00edcias","article_published_time":"2023-12-12T22:30:43+00:00","article_modified_time":"2023-12-12T22:31:10+00:00","og_image":[{"width":740,"height":470,"url":"https:\/\/brasilnoticias.org\/site\/wp-content\/uploads\/2023\/12\/hyara-.jpg","type":"image\/jpeg"}],"author":"Reda\u00e7\u00e3o","twitter_card":"summary_large_image","twitter_misc":{"Escrito por":"Reda\u00e7\u00e3o","Tempo estimado de leitura":"4 minutos"},"schema":{"@context":"https:\/\/schema.org","@graph":[{"@type":"Article","@id":"https:\/\/brasilnoticias.org\/site\/exclusivo-laudo-genetico-contesta-versao-de-que-crianca-tenha-matado-cigana-hyara-flor\/#article","isPartOf":{"@id":"https:\/\/brasilnoticias.org\/site\/exclusivo-laudo-genetico-contesta-versao-de-que-crianca-tenha-matado-cigana-hyara-flor\/"},"author":{"name":"Reda\u00e7\u00e3o","@id":"https:\/\/brasilnoticias.org\/site\/#\/schema\/person\/03bbbfe6c7634ad18c26444ea39049fa"},"headline":"EXCLUSIVO: laudo gen\u00e9tico contesta vers\u00e3o de que crian\u00e7a tenha matado cigana Hyara Flor","datePublished":"2023-12-12T22:30:43+00:00","dateModified":"2023-12-12T22:31:10+00:00","mainEntityOfPage":{"@id":"https:\/\/brasilnoticias.org\/site\/exclusivo-laudo-genetico-contesta-versao-de-que-crianca-tenha-matado-cigana-hyara-flor\/"},"wordCount":652,"commentCount":0,"publisher":{"@id":"https:\/\/brasilnoticias.org\/site\/#organization"},"image":{"@id":"https:\/\/brasilnoticias.org\/site\/exclusivo-laudo-genetico-contesta-versao-de-que-crianca-tenha-matado-cigana-hyara-flor\/#primaryimage"},"thumbnailUrl":"https:\/\/brasilnoticias.org\/site\/wp-content\/uploads\/2023\/12\/hyara-.jpg","articleSection":["Not\u00edcias","\u00daltimas"],"inLanguage":"pt-PT","potentialAction":[{"@type":"CommentAction","name":"Comment","target":["https:\/\/brasilnoticias.org\/site\/exclusivo-laudo-genetico-contesta-versao-de-que-crianca-tenha-matado-cigana-hyara-flor\/#respond"]}]},{"@type":"WebPage","@id":"https:\/\/brasilnoticias.org\/site\/exclusivo-laudo-genetico-contesta-versao-de-que-crianca-tenha-matado-cigana-hyara-flor\/","url":"https:\/\/brasilnoticias.org\/site\/exclusivo-laudo-genetico-contesta-versao-de-que-crianca-tenha-matado-cigana-hyara-flor\/","name":"EXCLUSIVO: laudo gen\u00e9tico contesta vers\u00e3o de que crian\u00e7a tenha matado cigana Hyara Flor - Brasil not\u00edcias","isPartOf":{"@id":"https:\/\/brasilnoticias.org\/site\/#website"},"primaryImageOfPage":{"@id":"https:\/\/brasilnoticias.org\/site\/exclusivo-laudo-genetico-contesta-versao-de-que-crianca-tenha-matado-cigana-hyara-flor\/#primaryimage"},"image":{"@id":"https:\/\/brasilnoticias.org\/site\/exclusivo-laudo-genetico-contesta-versao-de-que-crianca-tenha-matado-cigana-hyara-flor\/#primaryimage"},"thumbnailUrl":"https:\/\/brasilnoticias.org\/site\/wp-content\/uploads\/2023\/12\/hyara-.jpg","datePublished":"2023-12-12T22:30:43+00:00","dateModified":"2023-12-12T22:31:10+00:00","breadcrumb":{"@id":"https:\/\/brasilnoticias.org\/site\/exclusivo-laudo-genetico-contesta-versao-de-que-crianca-tenha-matado-cigana-hyara-flor\/#breadcrumb"},"inLanguage":"pt-PT","potentialAction":[{"@type":"ReadAction","target":["https:\/\/brasilnoticias.org\/site\/exclusivo-laudo-genetico-contesta-versao-de-que-crianca-tenha-matado-cigana-hyara-flor\/"]}]},{"@type":"ImageObject","inLanguage":"pt-PT","@id":"https:\/\/brasilnoticias.org\/site\/exclusivo-laudo-genetico-contesta-versao-de-que-crianca-tenha-matado-cigana-hyara-flor\/#primaryimage","url":"https:\/\/brasilnoticias.org\/site\/wp-content\/uploads\/2023\/12\/hyara-.jpg","contentUrl":"https:\/\/brasilnoticias.org\/site\/wp-content\/uploads\/2023\/12\/hyara-.jpg","width":740,"height":470},{"@type":"BreadcrumbList","@id":"https:\/\/brasilnoticias.org\/site\/exclusivo-laudo-genetico-contesta-versao-de-que-crianca-tenha-matado-cigana-hyara-flor\/#breadcrumb","itemListElement":[{"@type":"ListItem","position":1,"name":"In\u00edcio","item":"https:\/\/brasilnoticias.org\/site\/"},{"@type":"ListItem","position":2,"name":"EXCLUSIVO: laudo gen\u00e9tico contesta vers\u00e3o de que crian\u00e7a tenha matado cigana Hyara Flor"}]},{"@type":"WebSite","@id":"https:\/\/brasilnoticias.org\/site\/#website","url":"https:\/\/brasilnoticias.org\/site\/","name":"Brasil not\u00edcias","description":"Brasil not\u00edcias","publisher":{"@id":"https:\/\/brasilnoticias.org\/site\/#organization"},"potentialAction":[{"@type":"SearchAction","target":{"@type":"EntryPoint","urlTemplate":"https:\/\/brasilnoticias.org\/site\/?s={search_term_string}"},"query-input":{"@type":"PropertyValueSpecification","valueRequired":true,"valueName":"search_term_string"}}],"inLanguage":"pt-PT"},{"@type":"Organization","@id":"https:\/\/brasilnoticias.org\/site\/#organization","name":"Brasil not\u00edcias","url":"https:\/\/brasilnoticias.org\/site\/","logo":{"@type":"ImageObject","inLanguage":"pt-PT","@id":"https:\/\/brasilnoticias.org\/site\/#\/schema\/logo\/image\/","url":"https:\/\/brasilnoticias.org\/site\/wp-content\/uploads\/2022\/05\/cropped-brasilnoticias-mini.jpg","contentUrl":"https:\/\/brasilnoticias.org\/site\/wp-content\/uploads\/2022\/05\/cropped-brasilnoticias-mini.jpg","width":314,"height":86,"caption":"Brasil not\u00edcias"},"image":{"@id":"https:\/\/brasilnoticias.org\/site\/#\/schema\/logo\/image\/"}},{"@type":"Person","@id":"https:\/\/brasilnoticias.org\/site\/#\/schema\/person\/03bbbfe6c7634ad18c26444ea39049fa","name":"Reda\u00e7\u00e3o","image":{"@type":"ImageObject","inLanguage":"pt-PT","@id":"https:\/\/brasilnoticias.org\/site\/#\/schema\/person\/image\/","url":"https:\/\/secure.gravatar.com\/avatar\/9ecaf7327a696cb23ad926fedded5f1f04d7049de9e445375d55b48c001a6e42?s=96&d=mm&r=g","contentUrl":"https:\/\/secure.gravatar.com\/avatar\/9ecaf7327a696cb23ad926fedded5f1f04d7049de9e445375d55b48c001a6e42?s=96&d=mm&r=g","caption":"Reda\u00e7\u00e3o"},"url":"https:\/\/brasilnoticias.org\/site\/author\/henrique\/"}]}},"_links":{"self":[{"href":"https:\/\/brasilnoticias.org\/site\/wp-json\/wp\/v2\/posts\/11604","targetHints":{"allow":["GET"]}}],"collection":[{"href":"https:\/\/brasilnoticias.org\/site\/wp-json\/wp\/v2\/posts"}],"about":[{"href":"https:\/\/brasilnoticias.org\/site\/wp-json\/wp\/v2\/types\/post"}],"author":[{"embeddable":true,"href":"https:\/\/brasilnoticias.org\/site\/wp-json\/wp\/v2\/users\/4"}],"replies":[{"embeddable":true,"href":"https:\/\/brasilnoticias.org\/site\/wp-json\/wp\/v2\/comments?post=11604"}],"version-history":[{"count":1,"href":"https:\/\/brasilnoticias.org\/site\/wp-json\/wp\/v2\/posts\/11604\/revisions"}],"predecessor-version":[{"id":11605,"href":"https:\/\/brasilnoticias.org\/site\/wp-json\/wp\/v2\/posts\/11604\/revisions\/11605"}],"wp:featuredmedia":[{"embeddable":true,"href":"https:\/\/brasilnoticias.org\/site\/wp-json\/wp\/v2\/media\/11606"}],"wp:attachment":[{"href":"https:\/\/brasilnoticias.org\/site\/wp-json\/wp\/v2\/media?parent=11604"}],"wp:term":[{"taxonomy":"category","embeddable":true,"href":"https:\/\/brasilnoticias.org\/site\/wp-json\/wp\/v2\/categories?post=11604"},{"taxonomy":"post_tag","embeddable":true,"href":"https:\/\/brasilnoticias.org\/site\/wp-json\/wp\/v2\/tags?post=11604"}],"curies":[{"name":"wp","href":"https:\/\/api.w.org\/{rel}","templated":true}]}}