{"id":11607,"date":"2023-12-12T19:33:53","date_gmt":"2023-12-12T22:33:53","guid":{"rendered":"https:\/\/brasilnoticias.org\/site\/?p=11607"},"modified":"2023-12-12T19:33:53","modified_gmt":"2023-12-12T22:33:53","slug":"salvador-esta-entre-os-destinos-brasileiros-mais-buscados-para-as-festas-de-fim-de-ano","status":"publish","type":"post","link":"https:\/\/brasilnoticias.org\/site\/salvador-esta-entre-os-destinos-brasileiros-mais-buscados-para-as-festas-de-fim-de-ano\/","title":{"rendered":"Salvador est\u00e1 entre os destinos brasileiros mais buscados para as festas de fim de ano"},"content":{"rendered":"<p>De acordo com pesquisa, Salvador supera S\u00e3o Paulo (SP), Fortaleza (CE) e Rio de Janeiro (RJ) no n\u00famero de busca por passagens a\u00e9reas<\/p>\n<p>Festas de final de ano est\u00e3o chegando e a procura por viagens para os melhores destinos do pa\u00eds s\u00f3 aumentam. De acordo com uma pesquisa realizada pela operadora Decolar.com, Salvador dispara nas buscas por passagens a\u00e9reas no per\u00edodo do natal, ano novo e para 2024. A capital baiana, conhecida por seus diversos cart\u00f5es postais, ficou em segundo lugar como destino mais procurado pelos turistas para as grandes comemora\u00e7\u00f5es, perdendo apenas para Recife (PE).<\/p>\n<p>Superando grandes cidades como S\u00e3o Paulo (SP), Fortaleza (CE) e Rio de Janeiro (RJ), desde novembro deste ano, Salvador vem mostrando uma lota\u00e7\u00e3o acima da m\u00e9dia neste ver\u00e3o, que come\u00e7a oficialmente a partir do dia 22 de dezembro, com lota\u00e7\u00f5es de at\u00e9 90% do hot\u00e9is da capital baiana, de acordo com presidente da Federa\u00e7\u00e3o Baiana de Hospedagem e Alimenta\u00e7\u00e3o (FeBHA), Silvio Pessoa.<\/p>\n<p>O diretor de Turismo da Secretaria Municipal de Cultura e Turismo (Secult), Geg\u00ea Magalh\u00e3es, conta que novos projetos est\u00e3o por vir para deixar a cidade cada vez mais atrativa para os turistas e, consequentemente, fomentar a economia para os soteropolitanos.<\/p>\n<p>\u201cEm breve teremos a Casa das Hist\u00f3rias de Salvador, a Galeria do Mercado Modelo, a segunda fase do Muncab (Museu da Cultura Afro-Brasileira), tudo programado para ser entregue entre esse final de ano e o in\u00edcio de 2024\u201d, afirmou Geg\u00ea.<\/p>\n<p>Foto: divulga\u00e7\u00e3o<br \/>\nAratu On<\/p>\n","protected":false},"excerpt":{"rendered":"<p>De acordo com pesquisa, Salvador supera S\u00e3o Paulo (SP), Fortaleza (CE) e Rio de Janeiro (RJ) no n\u00famero de busca<\/p>\n","protected":false},"author":4,"featured_media":11608,"comment_status":"open","ping_status":"open","sticky":false,"template":"","format":"standard","meta":{"colormag_page_container_layout":"default_layout","colormag_page_sidebar_layout":"default_layout","_FSMCFIC_featured_image_caption":"","_FSMCFIC_featured_image_nocaption":"","_FSMCFIC_featured_image_hide":"","footnotes":""},"categories":[2,1],"tags":[],"class_list":["post-11607","post","type-post","status-publish","format-standard","has-post-thumbnail","hentry","category-noticias","category-ultimas"],"yoast_head":"<!-- This site is optimized with the Yoast SEO plugin v27.1.1 - https:\/\/yoast.com\/product\/yoast-seo-wordpress\/ -->\n<title>Salvador est\u00e1 entre os destinos brasileiros mais buscados para as festas de fim de ano - Brasil not\u00edcias<\/title>\n<meta name=\"robots\" content=\"index, follow, max-snippet:-1, max-image-preview:large, max-video-preview:-1\" \/>\n<link rel=\"canonical\" href=\"https:\/\/brasilnoticias.org\/site\/salvador-esta-entre-os-destinos-brasileiros-mais-buscados-para-as-festas-de-fim-de-ano\/\" \/>\n<meta property=\"og:locale\" content=\"pt_PT\" \/>\n<meta property=\"og:type\" content=\"article\" \/>\n<meta property=\"og:title\" content=\"Salvador est\u00e1 entre os destinos brasileiros mais buscados para as festas de fim de ano - Brasil not\u00edcias\" \/>\n<meta property=\"og:description\" content=\"De acordo com pesquisa, Salvador supera S\u00e3o Paulo (SP), Fortaleza (CE) e Rio de Janeiro (RJ) no n\u00famero de busca\" \/>\n<meta property=\"og:url\" content=\"https:\/\/brasilnoticias.org\/site\/salvador-esta-entre-os-destinos-brasileiros-mais-buscados-para-as-festas-de-fim-de-ano\/\" \/>\n<meta property=\"og:site_name\" content=\"Brasil not\u00edcias\" \/>\n<meta property=\"article:published_time\" content=\"2023-12-12T22:33:53+00:00\" \/>\n<meta property=\"og:image\" content=\"https:\/\/brasilnoticias.org\/site\/wp-content\/uploads\/2023\/12\/imagem-destacada-farol-da-barra-ganha-projecao-de-video-natalino-nesta-sexta-740x470-1.jpg\" \/>\n\t<meta property=\"og:image:width\" content=\"740\" \/>\n\t<meta property=\"og:image:height\" content=\"470\" \/>\n\t<meta property=\"og:image:type\" content=\"image\/jpeg\" \/>\n<meta name=\"author\" content=\"Reda\u00e7\u00e3o\" \/>\n<meta name=\"twitter:card\" content=\"summary_large_image\" \/>\n<meta name=\"twitter:label1\" content=\"Escrito por\" \/>\n\t<meta name=\"twitter:data1\" content=\"Reda\u00e7\u00e3o\" \/>\n\t<meta name=\"twitter:label2\" content=\"Tempo estimado de leitura\" \/>\n\t<meta name=\"twitter:data2\" content=\"1 minuto\" \/>\n<script type=\"application\/ld+json\" class=\"yoast-schema-graph\">{\"@context\":\"https:\/\/schema.org\",\"@graph\":[{\"@type\":\"Article\",\"@id\":\"https:\/\/brasilnoticias.org\/site\/salvador-esta-entre-os-destinos-brasileiros-mais-buscados-para-as-festas-de-fim-de-ano\/#article\",\"isPartOf\":{\"@id\":\"https:\/\/brasilnoticias.org\/site\/salvador-esta-entre-os-destinos-brasileiros-mais-buscados-para-as-festas-de-fim-de-ano\/\"},\"author\":{\"name\":\"Reda\u00e7\u00e3o\",\"@id\":\"https:\/\/brasilnoticias.org\/site\/#\/schema\/person\/03bbbfe6c7634ad18c26444ea39049fa\"},\"headline\":\"Salvador est\u00e1 entre os destinos brasileiros mais buscados para as festas de fim de ano\",\"datePublished\":\"2023-12-12T22:33:53+00:00\",\"mainEntityOfPage\":{\"@id\":\"https:\/\/brasilnoticias.org\/site\/salvador-esta-entre-os-destinos-brasileiros-mais-buscados-para-as-festas-de-fim-de-ano\/\"},\"wordCount\":277,\"commentCount\":0,\"publisher\":{\"@id\":\"https:\/\/brasilnoticias.org\/site\/#organization\"},\"image\":{\"@id\":\"https:\/\/brasilnoticias.org\/site\/salvador-esta-entre-os-destinos-brasileiros-mais-buscados-para-as-festas-de-fim-de-ano\/#primaryimage\"},\"thumbnailUrl\":\"https:\/\/brasilnoticias.org\/site\/wp-content\/uploads\/2023\/12\/imagem-destacada-farol-da-barra-ganha-projecao-de-video-natalino-nesta-sexta-740x470-1.jpg\",\"articleSection\":[\"Not\u00edcias\",\"\u00daltimas\"],\"inLanguage\":\"pt-PT\",\"potentialAction\":[{\"@type\":\"CommentAction\",\"name\":\"Comment\",\"target\":[\"https:\/\/brasilnoticias.org\/site\/salvador-esta-entre-os-destinos-brasileiros-mais-buscados-para-as-festas-de-fim-de-ano\/#respond\"]}]},{\"@type\":\"WebPage\",\"@id\":\"https:\/\/brasilnoticias.org\/site\/salvador-esta-entre-os-destinos-brasileiros-mais-buscados-para-as-festas-de-fim-de-ano\/\",\"url\":\"https:\/\/brasilnoticias.org\/site\/salvador-esta-entre-os-destinos-brasileiros-mais-buscados-para-as-festas-de-fim-de-ano\/\",\"name\":\"Salvador est\u00e1 entre os destinos brasileiros mais buscados para as festas de fim de ano - Brasil not\u00edcias\",\"isPartOf\":{\"@id\":\"https:\/\/brasilnoticias.org\/site\/#website\"},\"primaryImageOfPage\":{\"@id\":\"https:\/\/brasilnoticias.org\/site\/salvador-esta-entre-os-destinos-brasileiros-mais-buscados-para-as-festas-de-fim-de-ano\/#primaryimage\"},\"image\":{\"@id\":\"https:\/\/brasilnoticias.org\/site\/salvador-esta-entre-os-destinos-brasileiros-mais-buscados-para-as-festas-de-fim-de-ano\/#primaryimage\"},\"thumbnailUrl\":\"https:\/\/brasilnoticias.org\/site\/wp-content\/uploads\/2023\/12\/imagem-destacada-farol-da-barra-ganha-projecao-de-video-natalino-nesta-sexta-740x470-1.jpg\",\"datePublished\":\"2023-12-12T22:33:53+00:00\",\"breadcrumb\":{\"@id\":\"https:\/\/brasilnoticias.org\/site\/salvador-esta-entre-os-destinos-brasileiros-mais-buscados-para-as-festas-de-fim-de-ano\/#breadcrumb\"},\"inLanguage\":\"pt-PT\",\"potentialAction\":[{\"@type\":\"ReadAction\",\"target\":[\"https:\/\/brasilnoticias.org\/site\/salvador-esta-entre-os-destinos-brasileiros-mais-buscados-para-as-festas-de-fim-de-ano\/\"]}]},{\"@type\":\"ImageObject\",\"inLanguage\":\"pt-PT\",\"@id\":\"https:\/\/brasilnoticias.org\/site\/salvador-esta-entre-os-destinos-brasileiros-mais-buscados-para-as-festas-de-fim-de-ano\/#primaryimage\",\"url\":\"https:\/\/brasilnoticias.org\/site\/wp-content\/uploads\/2023\/12\/imagem-destacada-farol-da-barra-ganha-projecao-de-video-natalino-nesta-sexta-740x470-1.jpg\",\"contentUrl\":\"https:\/\/brasilnoticias.org\/site\/wp-content\/uploads\/2023\/12\/imagem-destacada-farol-da-barra-ganha-projecao-de-video-natalino-nesta-sexta-740x470-1.jpg\",\"width\":740,\"height\":470},{\"@type\":\"BreadcrumbList\",\"@id\":\"https:\/\/brasilnoticias.org\/site\/salvador-esta-entre-os-destinos-brasileiros-mais-buscados-para-as-festas-de-fim-de-ano\/#breadcrumb\",\"itemListElement\":[{\"@type\":\"ListItem\",\"position\":1,\"name\":\"In\u00edcio\",\"item\":\"https:\/\/brasilnoticias.org\/site\/\"},{\"@type\":\"ListItem\",\"position\":2,\"name\":\"Salvador est\u00e1 entre os destinos brasileiros mais buscados para as festas de fim de ano\"}]},{\"@type\":\"WebSite\",\"@id\":\"https:\/\/brasilnoticias.org\/site\/#website\",\"url\":\"https:\/\/brasilnoticias.org\/site\/\",\"name\":\"Brasil not\u00edcias\",\"description\":\"Brasil not\u00edcias\",\"publisher\":{\"@id\":\"https:\/\/brasilnoticias.org\/site\/#organization\"},\"potentialAction\":[{\"@type\":\"SearchAction\",\"target\":{\"@type\":\"EntryPoint\",\"urlTemplate\":\"https:\/\/brasilnoticias.org\/site\/?s={search_term_string}\"},\"query-input\":{\"@type\":\"PropertyValueSpecification\",\"valueRequired\":true,\"valueName\":\"search_term_string\"}}],\"inLanguage\":\"pt-PT\"},{\"@type\":\"Organization\",\"@id\":\"https:\/\/brasilnoticias.org\/site\/#organization\",\"name\":\"Brasil not\u00edcias\",\"url\":\"https:\/\/brasilnoticias.org\/site\/\",\"logo\":{\"@type\":\"ImageObject\",\"inLanguage\":\"pt-PT\",\"@id\":\"https:\/\/brasilnoticias.org\/site\/#\/schema\/logo\/image\/\",\"url\":\"https:\/\/brasilnoticias.org\/site\/wp-content\/uploads\/2022\/05\/cropped-brasilnoticias-mini.jpg\",\"contentUrl\":\"https:\/\/brasilnoticias.org\/site\/wp-content\/uploads\/2022\/05\/cropped-brasilnoticias-mini.jpg\",\"width\":314,\"height\":86,\"caption\":\"Brasil not\u00edcias\"},\"image\":{\"@id\":\"https:\/\/brasilnoticias.org\/site\/#\/schema\/logo\/image\/\"}},{\"@type\":\"Person\",\"@id\":\"https:\/\/brasilnoticias.org\/site\/#\/schema\/person\/03bbbfe6c7634ad18c26444ea39049fa\",\"name\":\"Reda\u00e7\u00e3o\",\"image\":{\"@type\":\"ImageObject\",\"inLanguage\":\"pt-PT\",\"@id\":\"https:\/\/brasilnoticias.org\/site\/#\/schema\/person\/image\/\",\"url\":\"https:\/\/secure.gravatar.com\/avatar\/9ecaf7327a696cb23ad926fedded5f1f04d7049de9e445375d55b48c001a6e42?s=96&d=mm&r=g\",\"contentUrl\":\"https:\/\/secure.gravatar.com\/avatar\/9ecaf7327a696cb23ad926fedded5f1f04d7049de9e445375d55b48c001a6e42?s=96&d=mm&r=g\",\"caption\":\"Reda\u00e7\u00e3o\"},\"url\":\"https:\/\/brasilnoticias.org\/site\/author\/henrique\/\"}]}<\/script>\n<!-- \/ Yoast SEO plugin. -->","yoast_head_json":{"title":"Salvador est\u00e1 entre os destinos brasileiros mais buscados para as festas de fim de ano - Brasil not\u00edcias","robots":{"index":"index","follow":"follow","max-snippet":"max-snippet:-1","max-image-preview":"max-image-preview:large","max-video-preview":"max-video-preview:-1"},"canonical":"https:\/\/brasilnoticias.org\/site\/salvador-esta-entre-os-destinos-brasileiros-mais-buscados-para-as-festas-de-fim-de-ano\/","og_locale":"pt_PT","og_type":"article","og_title":"Salvador est\u00e1 entre os destinos brasileiros mais buscados para as festas de fim de ano - Brasil not\u00edcias","og_description":"De acordo com pesquisa, Salvador supera S\u00e3o Paulo (SP), Fortaleza (CE) e Rio de Janeiro (RJ) no n\u00famero de busca","og_url":"https:\/\/brasilnoticias.org\/site\/salvador-esta-entre-os-destinos-brasileiros-mais-buscados-para-as-festas-de-fim-de-ano\/","og_site_name":"Brasil not\u00edcias","article_published_time":"2023-12-12T22:33:53+00:00","og_image":[{"width":740,"height":470,"url":"https:\/\/brasilnoticias.org\/site\/wp-content\/uploads\/2023\/12\/imagem-destacada-farol-da-barra-ganha-projecao-de-video-natalino-nesta-sexta-740x470-1.jpg","type":"image\/jpeg"}],"author":"Reda\u00e7\u00e3o","twitter_card":"summary_large_image","twitter_misc":{"Escrito por":"Reda\u00e7\u00e3o","Tempo estimado de leitura":"1 minuto"},"schema":{"@context":"https:\/\/schema.org","@graph":[{"@type":"Article","@id":"https:\/\/brasilnoticias.org\/site\/salvador-esta-entre-os-destinos-brasileiros-mais-buscados-para-as-festas-de-fim-de-ano\/#article","isPartOf":{"@id":"https:\/\/brasilnoticias.org\/site\/salvador-esta-entre-os-destinos-brasileiros-mais-buscados-para-as-festas-de-fim-de-ano\/"},"author":{"name":"Reda\u00e7\u00e3o","@id":"https:\/\/brasilnoticias.org\/site\/#\/schema\/person\/03bbbfe6c7634ad18c26444ea39049fa"},"headline":"Salvador est\u00e1 entre os destinos brasileiros mais buscados para as festas de fim de ano","datePublished":"2023-12-12T22:33:53+00:00","mainEntityOfPage":{"@id":"https:\/\/brasilnoticias.org\/site\/salvador-esta-entre-os-destinos-brasileiros-mais-buscados-para-as-festas-de-fim-de-ano\/"},"wordCount":277,"commentCount":0,"publisher":{"@id":"https:\/\/brasilnoticias.org\/site\/#organization"},"image":{"@id":"https:\/\/brasilnoticias.org\/site\/salvador-esta-entre-os-destinos-brasileiros-mais-buscados-para-as-festas-de-fim-de-ano\/#primaryimage"},"thumbnailUrl":"https:\/\/brasilnoticias.org\/site\/wp-content\/uploads\/2023\/12\/imagem-destacada-farol-da-barra-ganha-projecao-de-video-natalino-nesta-sexta-740x470-1.jpg","articleSection":["Not\u00edcias","\u00daltimas"],"inLanguage":"pt-PT","potentialAction":[{"@type":"CommentAction","name":"Comment","target":["https:\/\/brasilnoticias.org\/site\/salvador-esta-entre-os-destinos-brasileiros-mais-buscados-para-as-festas-de-fim-de-ano\/#respond"]}]},{"@type":"WebPage","@id":"https:\/\/brasilnoticias.org\/site\/salvador-esta-entre-os-destinos-brasileiros-mais-buscados-para-as-festas-de-fim-de-ano\/","url":"https:\/\/brasilnoticias.org\/site\/salvador-esta-entre-os-destinos-brasileiros-mais-buscados-para-as-festas-de-fim-de-ano\/","name":"Salvador est\u00e1 entre os destinos brasileiros mais buscados para as festas de fim de ano - Brasil not\u00edcias","isPartOf":{"@id":"https:\/\/brasilnoticias.org\/site\/#website"},"primaryImageOfPage":{"@id":"https:\/\/brasilnoticias.org\/site\/salvador-esta-entre-os-destinos-brasileiros-mais-buscados-para-as-festas-de-fim-de-ano\/#primaryimage"},"image":{"@id":"https:\/\/brasilnoticias.org\/site\/salvador-esta-entre-os-destinos-brasileiros-mais-buscados-para-as-festas-de-fim-de-ano\/#primaryimage"},"thumbnailUrl":"https:\/\/brasilnoticias.org\/site\/wp-content\/uploads\/2023\/12\/imagem-destacada-farol-da-barra-ganha-projecao-de-video-natalino-nesta-sexta-740x470-1.jpg","datePublished":"2023-12-12T22:33:53+00:00","breadcrumb":{"@id":"https:\/\/brasilnoticias.org\/site\/salvador-esta-entre-os-destinos-brasileiros-mais-buscados-para-as-festas-de-fim-de-ano\/#breadcrumb"},"inLanguage":"pt-PT","potentialAction":[{"@type":"ReadAction","target":["https:\/\/brasilnoticias.org\/site\/salvador-esta-entre-os-destinos-brasileiros-mais-buscados-para-as-festas-de-fim-de-ano\/"]}]},{"@type":"ImageObject","inLanguage":"pt-PT","@id":"https:\/\/brasilnoticias.org\/site\/salvador-esta-entre-os-destinos-brasileiros-mais-buscados-para-as-festas-de-fim-de-ano\/#primaryimage","url":"https:\/\/brasilnoticias.org\/site\/wp-content\/uploads\/2023\/12\/imagem-destacada-farol-da-barra-ganha-projecao-de-video-natalino-nesta-sexta-740x470-1.jpg","contentUrl":"https:\/\/brasilnoticias.org\/site\/wp-content\/uploads\/2023\/12\/imagem-destacada-farol-da-barra-ganha-projecao-de-video-natalino-nesta-sexta-740x470-1.jpg","width":740,"height":470},{"@type":"BreadcrumbList","@id":"https:\/\/brasilnoticias.org\/site\/salvador-esta-entre-os-destinos-brasileiros-mais-buscados-para-as-festas-de-fim-de-ano\/#breadcrumb","itemListElement":[{"@type":"ListItem","position":1,"name":"In\u00edcio","item":"https:\/\/brasilnoticias.org\/site\/"},{"@type":"ListItem","position":2,"name":"Salvador est\u00e1 entre os destinos brasileiros mais buscados para as festas de fim de ano"}]},{"@type":"WebSite","@id":"https:\/\/brasilnoticias.org\/site\/#website","url":"https:\/\/brasilnoticias.org\/site\/","name":"Brasil not\u00edcias","description":"Brasil not\u00edcias","publisher":{"@id":"https:\/\/brasilnoticias.org\/site\/#organization"},"potentialAction":[{"@type":"SearchAction","target":{"@type":"EntryPoint","urlTemplate":"https:\/\/brasilnoticias.org\/site\/?s={search_term_string}"},"query-input":{"@type":"PropertyValueSpecification","valueRequired":true,"valueName":"search_term_string"}}],"inLanguage":"pt-PT"},{"@type":"Organization","@id":"https:\/\/brasilnoticias.org\/site\/#organization","name":"Brasil not\u00edcias","url":"https:\/\/brasilnoticias.org\/site\/","logo":{"@type":"ImageObject","inLanguage":"pt-PT","@id":"https:\/\/brasilnoticias.org\/site\/#\/schema\/logo\/image\/","url":"https:\/\/brasilnoticias.org\/site\/wp-content\/uploads\/2022\/05\/cropped-brasilnoticias-mini.jpg","contentUrl":"https:\/\/brasilnoticias.org\/site\/wp-content\/uploads\/2022\/05\/cropped-brasilnoticias-mini.jpg","width":314,"height":86,"caption":"Brasil not\u00edcias"},"image":{"@id":"https:\/\/brasilnoticias.org\/site\/#\/schema\/logo\/image\/"}},{"@type":"Person","@id":"https:\/\/brasilnoticias.org\/site\/#\/schema\/person\/03bbbfe6c7634ad18c26444ea39049fa","name":"Reda\u00e7\u00e3o","image":{"@type":"ImageObject","inLanguage":"pt-PT","@id":"https:\/\/brasilnoticias.org\/site\/#\/schema\/person\/image\/","url":"https:\/\/secure.gravatar.com\/avatar\/9ecaf7327a696cb23ad926fedded5f1f04d7049de9e445375d55b48c001a6e42?s=96&d=mm&r=g","contentUrl":"https:\/\/secure.gravatar.com\/avatar\/9ecaf7327a696cb23ad926fedded5f1f04d7049de9e445375d55b48c001a6e42?s=96&d=mm&r=g","caption":"Reda\u00e7\u00e3o"},"url":"https:\/\/brasilnoticias.org\/site\/author\/henrique\/"}]}},"_links":{"self":[{"href":"https:\/\/brasilnoticias.org\/site\/wp-json\/wp\/v2\/posts\/11607","targetHints":{"allow":["GET"]}}],"collection":[{"href":"https:\/\/brasilnoticias.org\/site\/wp-json\/wp\/v2\/posts"}],"about":[{"href":"https:\/\/brasilnoticias.org\/site\/wp-json\/wp\/v2\/types\/post"}],"author":[{"embeddable":true,"href":"https:\/\/brasilnoticias.org\/site\/wp-json\/wp\/v2\/users\/4"}],"replies":[{"embeddable":true,"href":"https:\/\/brasilnoticias.org\/site\/wp-json\/wp\/v2\/comments?post=11607"}],"version-history":[{"count":1,"href":"https:\/\/brasilnoticias.org\/site\/wp-json\/wp\/v2\/posts\/11607\/revisions"}],"predecessor-version":[{"id":11609,"href":"https:\/\/brasilnoticias.org\/site\/wp-json\/wp\/v2\/posts\/11607\/revisions\/11609"}],"wp:featuredmedia":[{"embeddable":true,"href":"https:\/\/brasilnoticias.org\/site\/wp-json\/wp\/v2\/media\/11608"}],"wp:attachment":[{"href":"https:\/\/brasilnoticias.org\/site\/wp-json\/wp\/v2\/media?parent=11607"}],"wp:term":[{"taxonomy":"category","embeddable":true,"href":"https:\/\/brasilnoticias.org\/site\/wp-json\/wp\/v2\/categories?post=11607"},{"taxonomy":"post_tag","embeddable":true,"href":"https:\/\/brasilnoticias.org\/site\/wp-json\/wp\/v2\/tags?post=11607"}],"curies":[{"name":"wp","href":"https:\/\/api.w.org\/{rel}","templated":true}]}}