{"id":11613,"date":"2023-12-12T19:44:44","date_gmt":"2023-12-12T22:44:44","guid":{"rendered":"https:\/\/brasilnoticias.org\/site\/?p=11613"},"modified":"2023-12-12T19:44:44","modified_gmt":"2023-12-12T22:44:44","slug":"nao-e-porque-e-de-classe-media-que-nao-vai-ser-processado-diz-moraes-sobre-prisoes-do-8-1","status":"publish","type":"post","link":"https:\/\/brasilnoticias.org\/site\/nao-e-porque-e-de-classe-media-que-nao-vai-ser-processado-diz-moraes-sobre-prisoes-do-8-1\/","title":{"rendered":"&#8220;N\u00e3o \u00e9 porque \u00e9 de classe m\u00e9dia que n\u00e3o vai ser processado&#8221;, diz Moraes sobre pris\u00f5es do 8\/1"},"content":{"rendered":"<p>Moraes defendeu sua atua\u00e7\u00e3o como relator das a\u00e7\u00f5es penais do 8 de janeiro e disse que seu trabalho tem sido referendado pelo plen\u00e1rio do Supremo<\/p>\n<p>Alexandre de Moraes, ministro do STF (Supremo Tribunal Federal) e atual presidente do TSE (Tribunal Superior Eleitoral), disse que era do &#8220;jogo democr\u00e1tico&#8221; as queixas e den\u00fancias de abusos de poder vindas por causa das pris\u00f5es do 8 de janeiro. <\/p>\n<p>Em entrevista ao jornal Folha de S. Paulo, Moraes defendeu sua atua\u00e7\u00e3o como relator das a\u00e7\u00f5es penais do oito de janeiro e disse que seu trabalho tem sido referendado pelo plen\u00e1rio do Supremo. Com rela\u00e7\u00e3o \u00e0s cr\u00edticas, ele ressaltou que &#8220;n\u00e3o \u00e9 porque \u00e9 de classe m\u00e9dia que n\u00e3o vai ser processado, condenado ou preso&#8221;. Para o ministro, as pessoas que criticam o sistema penitenci\u00e1rio nunca se preocuparam com os 700 mil presos brasileiros.<\/p>\n<p>Advers\u00e1rios no passado, Moraes tem recebido elogios da esquerda e, durante a entrevista, mencionou que a imprensa \u00e9 culpada por indenfica-lo como da direita ou esquerda. &#8220;A minha conduta foi a mesma&#8221;, declarou. <\/p>\n<p>Al\u00e9m disso, o ministro defendeu a decis\u00e3o do STF sobre responsabiliza\u00e7\u00e3o de ve\u00edculos de imprensa por falas de entrevistados, mas admitiu que dever\u00e1 haver mudan\u00e7as no texto. &#8220;A decis\u00e3o se aplica a todo tipo de veicula\u00e7\u00e3o. Principalmente na Justi\u00e7a Eleitoral, onde n\u00f3s j\u00e1 definimos, desde 2021, que a utiliza\u00e7\u00e3o das redes sociais, das big techs, equivale a meios de comunica\u00e7\u00e3o para fins da Justi\u00e7a Eleitoral&#8221;, complementou.<\/p>\n<p>Foto: Marcello Casal\/Ag\u00eancia Brasil<br \/>\nPor: Metro1<\/p>\n","protected":false},"excerpt":{"rendered":"<p>Moraes defendeu sua atua\u00e7\u00e3o como relator das a\u00e7\u00f5es penais do 8 de janeiro e disse que seu trabalho tem sido<\/p>\n","protected":false},"author":4,"featured_media":11614,"comment_status":"open","ping_status":"open","sticky":false,"template":"","format":"standard","meta":{"colormag_page_container_layout":"default_layout","colormag_page_sidebar_layout":"default_layout","_FSMCFIC_featured_image_caption":"","_FSMCFIC_featured_image_nocaption":"","_FSMCFIC_featured_image_hide":"","footnotes":""},"categories":[7,1],"tags":[],"class_list":["post-11613","post","type-post","status-publish","format-standard","has-post-thumbnail","hentry","category-justica","category-ultimas"],"yoast_head":"<!-- This site is optimized with the Yoast SEO plugin v27.1.1 - https:\/\/yoast.com\/product\/yoast-seo-wordpress\/ -->\n<title>&quot;N\u00e3o \u00e9 porque \u00e9 de classe m\u00e9dia que n\u00e3o vai ser processado&quot;, diz Moraes sobre pris\u00f5es do 8\/1 - Brasil not\u00edcias<\/title>\n<meta name=\"robots\" content=\"index, follow, max-snippet:-1, max-image-preview:large, max-video-preview:-1\" \/>\n<link rel=\"canonical\" href=\"https:\/\/brasilnoticias.org\/site\/nao-e-porque-e-de-classe-media-que-nao-vai-ser-processado-diz-moraes-sobre-prisoes-do-8-1\/\" \/>\n<meta property=\"og:locale\" content=\"pt_PT\" \/>\n<meta property=\"og:type\" content=\"article\" \/>\n<meta property=\"og:title\" content=\"&quot;N\u00e3o \u00e9 porque \u00e9 de classe m\u00e9dia que n\u00e3o vai ser processado&quot;, diz Moraes sobre pris\u00f5es do 8\/1 - Brasil not\u00edcias\" \/>\n<meta property=\"og:description\" content=\"Moraes defendeu sua atua\u00e7\u00e3o como relator das a\u00e7\u00f5es penais do 8 de janeiro e disse que seu trabalho tem sido\" \/>\n<meta property=\"og:url\" content=\"https:\/\/brasilnoticias.org\/site\/nao-e-porque-e-de-classe-media-que-nao-vai-ser-processado-diz-moraes-sobre-prisoes-do-8-1\/\" \/>\n<meta property=\"og:site_name\" content=\"Brasil not\u00edcias\" \/>\n<meta property=\"article:published_time\" content=\"2023-12-12T22:44:44+00:00\" \/>\n<meta property=\"og:image\" content=\"https:\/\/brasilnoticias.org\/site\/wp-content\/uploads\/2023\/12\/144154nao-e-porque-e-de-classe-media-que-nao-vai-ser-processado-diz-moraes-sobre-prisoes-do-81-3.jpg\" \/>\n\t<meta property=\"og:image:width\" content=\"1600\" \/>\n\t<meta property=\"og:image:height\" content=\"752\" \/>\n\t<meta property=\"og:image:type\" content=\"image\/jpeg\" \/>\n<meta name=\"author\" content=\"Reda\u00e7\u00e3o\" \/>\n<meta name=\"twitter:card\" content=\"summary_large_image\" \/>\n<meta name=\"twitter:label1\" content=\"Escrito por\" \/>\n\t<meta name=\"twitter:data1\" content=\"Reda\u00e7\u00e3o\" \/>\n\t<meta name=\"twitter:label2\" content=\"Tempo estimado de leitura\" \/>\n\t<meta name=\"twitter:data2\" content=\"1 minuto\" \/>\n<script type=\"application\/ld+json\" class=\"yoast-schema-graph\">{\"@context\":\"https:\/\/schema.org\",\"@graph\":[{\"@type\":\"Article\",\"@id\":\"https:\/\/brasilnoticias.org\/site\/nao-e-porque-e-de-classe-media-que-nao-vai-ser-processado-diz-moraes-sobre-prisoes-do-8-1\/#article\",\"isPartOf\":{\"@id\":\"https:\/\/brasilnoticias.org\/site\/nao-e-porque-e-de-classe-media-que-nao-vai-ser-processado-diz-moraes-sobre-prisoes-do-8-1\/\"},\"author\":{\"name\":\"Reda\u00e7\u00e3o\",\"@id\":\"https:\/\/brasilnoticias.org\/site\/#\/schema\/person\/03bbbfe6c7634ad18c26444ea39049fa\"},\"headline\":\"&#8220;N\u00e3o \u00e9 porque \u00e9 de classe m\u00e9dia que n\u00e3o vai ser processado&#8221;, diz Moraes sobre pris\u00f5es do 8\/1\",\"datePublished\":\"2023-12-12T22:44:44+00:00\",\"mainEntityOfPage\":{\"@id\":\"https:\/\/brasilnoticias.org\/site\/nao-e-porque-e-de-classe-media-que-nao-vai-ser-processado-diz-moraes-sobre-prisoes-do-8-1\/\"},\"wordCount\":286,\"commentCount\":0,\"publisher\":{\"@id\":\"https:\/\/brasilnoticias.org\/site\/#organization\"},\"image\":{\"@id\":\"https:\/\/brasilnoticias.org\/site\/nao-e-porque-e-de-classe-media-que-nao-vai-ser-processado-diz-moraes-sobre-prisoes-do-8-1\/#primaryimage\"},\"thumbnailUrl\":\"https:\/\/brasilnoticias.org\/site\/wp-content\/uploads\/2023\/12\/144154nao-e-porque-e-de-classe-media-que-nao-vai-ser-processado-diz-moraes-sobre-prisoes-do-81-3.jpg\",\"articleSection\":[\"Justi\u00e7a\",\"\u00daltimas\"],\"inLanguage\":\"pt-PT\",\"potentialAction\":[{\"@type\":\"CommentAction\",\"name\":\"Comment\",\"target\":[\"https:\/\/brasilnoticias.org\/site\/nao-e-porque-e-de-classe-media-que-nao-vai-ser-processado-diz-moraes-sobre-prisoes-do-8-1\/#respond\"]}]},{\"@type\":\"WebPage\",\"@id\":\"https:\/\/brasilnoticias.org\/site\/nao-e-porque-e-de-classe-media-que-nao-vai-ser-processado-diz-moraes-sobre-prisoes-do-8-1\/\",\"url\":\"https:\/\/brasilnoticias.org\/site\/nao-e-porque-e-de-classe-media-que-nao-vai-ser-processado-diz-moraes-sobre-prisoes-do-8-1\/\",\"name\":\"\\\"N\u00e3o \u00e9 porque \u00e9 de classe m\u00e9dia que n\u00e3o vai ser processado\\\", diz Moraes sobre pris\u00f5es do 8\/1 - Brasil not\u00edcias\",\"isPartOf\":{\"@id\":\"https:\/\/brasilnoticias.org\/site\/#website\"},\"primaryImageOfPage\":{\"@id\":\"https:\/\/brasilnoticias.org\/site\/nao-e-porque-e-de-classe-media-que-nao-vai-ser-processado-diz-moraes-sobre-prisoes-do-8-1\/#primaryimage\"},\"image\":{\"@id\":\"https:\/\/brasilnoticias.org\/site\/nao-e-porque-e-de-classe-media-que-nao-vai-ser-processado-diz-moraes-sobre-prisoes-do-8-1\/#primaryimage\"},\"thumbnailUrl\":\"https:\/\/brasilnoticias.org\/site\/wp-content\/uploads\/2023\/12\/144154nao-e-porque-e-de-classe-media-que-nao-vai-ser-processado-diz-moraes-sobre-prisoes-do-81-3.jpg\",\"datePublished\":\"2023-12-12T22:44:44+00:00\",\"breadcrumb\":{\"@id\":\"https:\/\/brasilnoticias.org\/site\/nao-e-porque-e-de-classe-media-que-nao-vai-ser-processado-diz-moraes-sobre-prisoes-do-8-1\/#breadcrumb\"},\"inLanguage\":\"pt-PT\",\"potentialAction\":[{\"@type\":\"ReadAction\",\"target\":[\"https:\/\/brasilnoticias.org\/site\/nao-e-porque-e-de-classe-media-que-nao-vai-ser-processado-diz-moraes-sobre-prisoes-do-8-1\/\"]}]},{\"@type\":\"ImageObject\",\"inLanguage\":\"pt-PT\",\"@id\":\"https:\/\/brasilnoticias.org\/site\/nao-e-porque-e-de-classe-media-que-nao-vai-ser-processado-diz-moraes-sobre-prisoes-do-8-1\/#primaryimage\",\"url\":\"https:\/\/brasilnoticias.org\/site\/wp-content\/uploads\/2023\/12\/144154nao-e-porque-e-de-classe-media-que-nao-vai-ser-processado-diz-moraes-sobre-prisoes-do-81-3.jpg\",\"contentUrl\":\"https:\/\/brasilnoticias.org\/site\/wp-content\/uploads\/2023\/12\/144154nao-e-porque-e-de-classe-media-que-nao-vai-ser-processado-diz-moraes-sobre-prisoes-do-81-3.jpg\",\"width\":1600,\"height\":752},{\"@type\":\"BreadcrumbList\",\"@id\":\"https:\/\/brasilnoticias.org\/site\/nao-e-porque-e-de-classe-media-que-nao-vai-ser-processado-diz-moraes-sobre-prisoes-do-8-1\/#breadcrumb\",\"itemListElement\":[{\"@type\":\"ListItem\",\"position\":1,\"name\":\"In\u00edcio\",\"item\":\"https:\/\/brasilnoticias.org\/site\/\"},{\"@type\":\"ListItem\",\"position\":2,\"name\":\"&#8220;N\u00e3o \u00e9 porque \u00e9 de classe m\u00e9dia que n\u00e3o vai ser processado&#8221;, diz Moraes sobre pris\u00f5es do 8\/1\"}]},{\"@type\":\"WebSite\",\"@id\":\"https:\/\/brasilnoticias.org\/site\/#website\",\"url\":\"https:\/\/brasilnoticias.org\/site\/\",\"name\":\"Brasil not\u00edcias\",\"description\":\"Brasil not\u00edcias\",\"publisher\":{\"@id\":\"https:\/\/brasilnoticias.org\/site\/#organization\"},\"potentialAction\":[{\"@type\":\"SearchAction\",\"target\":{\"@type\":\"EntryPoint\",\"urlTemplate\":\"https:\/\/brasilnoticias.org\/site\/?s={search_term_string}\"},\"query-input\":{\"@type\":\"PropertyValueSpecification\",\"valueRequired\":true,\"valueName\":\"search_term_string\"}}],\"inLanguage\":\"pt-PT\"},{\"@type\":\"Organization\",\"@id\":\"https:\/\/brasilnoticias.org\/site\/#organization\",\"name\":\"Brasil not\u00edcias\",\"url\":\"https:\/\/brasilnoticias.org\/site\/\",\"logo\":{\"@type\":\"ImageObject\",\"inLanguage\":\"pt-PT\",\"@id\":\"https:\/\/brasilnoticias.org\/site\/#\/schema\/logo\/image\/\",\"url\":\"https:\/\/brasilnoticias.org\/site\/wp-content\/uploads\/2022\/05\/cropped-brasilnoticias-mini.jpg\",\"contentUrl\":\"https:\/\/brasilnoticias.org\/site\/wp-content\/uploads\/2022\/05\/cropped-brasilnoticias-mini.jpg\",\"width\":314,\"height\":86,\"caption\":\"Brasil not\u00edcias\"},\"image\":{\"@id\":\"https:\/\/brasilnoticias.org\/site\/#\/schema\/logo\/image\/\"}},{\"@type\":\"Person\",\"@id\":\"https:\/\/brasilnoticias.org\/site\/#\/schema\/person\/03bbbfe6c7634ad18c26444ea39049fa\",\"name\":\"Reda\u00e7\u00e3o\",\"image\":{\"@type\":\"ImageObject\",\"inLanguage\":\"pt-PT\",\"@id\":\"https:\/\/brasilnoticias.org\/site\/#\/schema\/person\/image\/\",\"url\":\"https:\/\/secure.gravatar.com\/avatar\/9ecaf7327a696cb23ad926fedded5f1f04d7049de9e445375d55b48c001a6e42?s=96&d=mm&r=g\",\"contentUrl\":\"https:\/\/secure.gravatar.com\/avatar\/9ecaf7327a696cb23ad926fedded5f1f04d7049de9e445375d55b48c001a6e42?s=96&d=mm&r=g\",\"caption\":\"Reda\u00e7\u00e3o\"},\"url\":\"https:\/\/brasilnoticias.org\/site\/author\/henrique\/\"}]}<\/script>\n<!-- \/ Yoast SEO plugin. -->","yoast_head_json":{"title":"\"N\u00e3o \u00e9 porque \u00e9 de classe m\u00e9dia que n\u00e3o vai ser processado\", diz Moraes sobre pris\u00f5es do 8\/1 - Brasil not\u00edcias","robots":{"index":"index","follow":"follow","max-snippet":"max-snippet:-1","max-image-preview":"max-image-preview:large","max-video-preview":"max-video-preview:-1"},"canonical":"https:\/\/brasilnoticias.org\/site\/nao-e-porque-e-de-classe-media-que-nao-vai-ser-processado-diz-moraes-sobre-prisoes-do-8-1\/","og_locale":"pt_PT","og_type":"article","og_title":"\"N\u00e3o \u00e9 porque \u00e9 de classe m\u00e9dia que n\u00e3o vai ser processado\", diz Moraes sobre pris\u00f5es do 8\/1 - Brasil not\u00edcias","og_description":"Moraes defendeu sua atua\u00e7\u00e3o como relator das a\u00e7\u00f5es penais do 8 de janeiro e disse que seu trabalho tem sido","og_url":"https:\/\/brasilnoticias.org\/site\/nao-e-porque-e-de-classe-media-que-nao-vai-ser-processado-diz-moraes-sobre-prisoes-do-8-1\/","og_site_name":"Brasil not\u00edcias","article_published_time":"2023-12-12T22:44:44+00:00","og_image":[{"width":1600,"height":752,"url":"https:\/\/brasilnoticias.org\/site\/wp-content\/uploads\/2023\/12\/144154nao-e-porque-e-de-classe-media-que-nao-vai-ser-processado-diz-moraes-sobre-prisoes-do-81-3.jpg","type":"image\/jpeg"}],"author":"Reda\u00e7\u00e3o","twitter_card":"summary_large_image","twitter_misc":{"Escrito por":"Reda\u00e7\u00e3o","Tempo estimado de leitura":"1 minuto"},"schema":{"@context":"https:\/\/schema.org","@graph":[{"@type":"Article","@id":"https:\/\/brasilnoticias.org\/site\/nao-e-porque-e-de-classe-media-que-nao-vai-ser-processado-diz-moraes-sobre-prisoes-do-8-1\/#article","isPartOf":{"@id":"https:\/\/brasilnoticias.org\/site\/nao-e-porque-e-de-classe-media-que-nao-vai-ser-processado-diz-moraes-sobre-prisoes-do-8-1\/"},"author":{"name":"Reda\u00e7\u00e3o","@id":"https:\/\/brasilnoticias.org\/site\/#\/schema\/person\/03bbbfe6c7634ad18c26444ea39049fa"},"headline":"&#8220;N\u00e3o \u00e9 porque \u00e9 de classe m\u00e9dia que n\u00e3o vai ser processado&#8221;, diz Moraes sobre pris\u00f5es do 8\/1","datePublished":"2023-12-12T22:44:44+00:00","mainEntityOfPage":{"@id":"https:\/\/brasilnoticias.org\/site\/nao-e-porque-e-de-classe-media-que-nao-vai-ser-processado-diz-moraes-sobre-prisoes-do-8-1\/"},"wordCount":286,"commentCount":0,"publisher":{"@id":"https:\/\/brasilnoticias.org\/site\/#organization"},"image":{"@id":"https:\/\/brasilnoticias.org\/site\/nao-e-porque-e-de-classe-media-que-nao-vai-ser-processado-diz-moraes-sobre-prisoes-do-8-1\/#primaryimage"},"thumbnailUrl":"https:\/\/brasilnoticias.org\/site\/wp-content\/uploads\/2023\/12\/144154nao-e-porque-e-de-classe-media-que-nao-vai-ser-processado-diz-moraes-sobre-prisoes-do-81-3.jpg","articleSection":["Justi\u00e7a","\u00daltimas"],"inLanguage":"pt-PT","potentialAction":[{"@type":"CommentAction","name":"Comment","target":["https:\/\/brasilnoticias.org\/site\/nao-e-porque-e-de-classe-media-que-nao-vai-ser-processado-diz-moraes-sobre-prisoes-do-8-1\/#respond"]}]},{"@type":"WebPage","@id":"https:\/\/brasilnoticias.org\/site\/nao-e-porque-e-de-classe-media-que-nao-vai-ser-processado-diz-moraes-sobre-prisoes-do-8-1\/","url":"https:\/\/brasilnoticias.org\/site\/nao-e-porque-e-de-classe-media-que-nao-vai-ser-processado-diz-moraes-sobre-prisoes-do-8-1\/","name":"\"N\u00e3o \u00e9 porque \u00e9 de classe m\u00e9dia que n\u00e3o vai ser processado\", diz Moraes sobre pris\u00f5es do 8\/1 - Brasil not\u00edcias","isPartOf":{"@id":"https:\/\/brasilnoticias.org\/site\/#website"},"primaryImageOfPage":{"@id":"https:\/\/brasilnoticias.org\/site\/nao-e-porque-e-de-classe-media-que-nao-vai-ser-processado-diz-moraes-sobre-prisoes-do-8-1\/#primaryimage"},"image":{"@id":"https:\/\/brasilnoticias.org\/site\/nao-e-porque-e-de-classe-media-que-nao-vai-ser-processado-diz-moraes-sobre-prisoes-do-8-1\/#primaryimage"},"thumbnailUrl":"https:\/\/brasilnoticias.org\/site\/wp-content\/uploads\/2023\/12\/144154nao-e-porque-e-de-classe-media-que-nao-vai-ser-processado-diz-moraes-sobre-prisoes-do-81-3.jpg","datePublished":"2023-12-12T22:44:44+00:00","breadcrumb":{"@id":"https:\/\/brasilnoticias.org\/site\/nao-e-porque-e-de-classe-media-que-nao-vai-ser-processado-diz-moraes-sobre-prisoes-do-8-1\/#breadcrumb"},"inLanguage":"pt-PT","potentialAction":[{"@type":"ReadAction","target":["https:\/\/brasilnoticias.org\/site\/nao-e-porque-e-de-classe-media-que-nao-vai-ser-processado-diz-moraes-sobre-prisoes-do-8-1\/"]}]},{"@type":"ImageObject","inLanguage":"pt-PT","@id":"https:\/\/brasilnoticias.org\/site\/nao-e-porque-e-de-classe-media-que-nao-vai-ser-processado-diz-moraes-sobre-prisoes-do-8-1\/#primaryimage","url":"https:\/\/brasilnoticias.org\/site\/wp-content\/uploads\/2023\/12\/144154nao-e-porque-e-de-classe-media-que-nao-vai-ser-processado-diz-moraes-sobre-prisoes-do-81-3.jpg","contentUrl":"https:\/\/brasilnoticias.org\/site\/wp-content\/uploads\/2023\/12\/144154nao-e-porque-e-de-classe-media-que-nao-vai-ser-processado-diz-moraes-sobre-prisoes-do-81-3.jpg","width":1600,"height":752},{"@type":"BreadcrumbList","@id":"https:\/\/brasilnoticias.org\/site\/nao-e-porque-e-de-classe-media-que-nao-vai-ser-processado-diz-moraes-sobre-prisoes-do-8-1\/#breadcrumb","itemListElement":[{"@type":"ListItem","position":1,"name":"In\u00edcio","item":"https:\/\/brasilnoticias.org\/site\/"},{"@type":"ListItem","position":2,"name":"&#8220;N\u00e3o \u00e9 porque \u00e9 de classe m\u00e9dia que n\u00e3o vai ser processado&#8221;, diz Moraes sobre pris\u00f5es do 8\/1"}]},{"@type":"WebSite","@id":"https:\/\/brasilnoticias.org\/site\/#website","url":"https:\/\/brasilnoticias.org\/site\/","name":"Brasil not\u00edcias","description":"Brasil not\u00edcias","publisher":{"@id":"https:\/\/brasilnoticias.org\/site\/#organization"},"potentialAction":[{"@type":"SearchAction","target":{"@type":"EntryPoint","urlTemplate":"https:\/\/brasilnoticias.org\/site\/?s={search_term_string}"},"query-input":{"@type":"PropertyValueSpecification","valueRequired":true,"valueName":"search_term_string"}}],"inLanguage":"pt-PT"},{"@type":"Organization","@id":"https:\/\/brasilnoticias.org\/site\/#organization","name":"Brasil not\u00edcias","url":"https:\/\/brasilnoticias.org\/site\/","logo":{"@type":"ImageObject","inLanguage":"pt-PT","@id":"https:\/\/brasilnoticias.org\/site\/#\/schema\/logo\/image\/","url":"https:\/\/brasilnoticias.org\/site\/wp-content\/uploads\/2022\/05\/cropped-brasilnoticias-mini.jpg","contentUrl":"https:\/\/brasilnoticias.org\/site\/wp-content\/uploads\/2022\/05\/cropped-brasilnoticias-mini.jpg","width":314,"height":86,"caption":"Brasil not\u00edcias"},"image":{"@id":"https:\/\/brasilnoticias.org\/site\/#\/schema\/logo\/image\/"}},{"@type":"Person","@id":"https:\/\/brasilnoticias.org\/site\/#\/schema\/person\/03bbbfe6c7634ad18c26444ea39049fa","name":"Reda\u00e7\u00e3o","image":{"@type":"ImageObject","inLanguage":"pt-PT","@id":"https:\/\/brasilnoticias.org\/site\/#\/schema\/person\/image\/","url":"https:\/\/secure.gravatar.com\/avatar\/9ecaf7327a696cb23ad926fedded5f1f04d7049de9e445375d55b48c001a6e42?s=96&d=mm&r=g","contentUrl":"https:\/\/secure.gravatar.com\/avatar\/9ecaf7327a696cb23ad926fedded5f1f04d7049de9e445375d55b48c001a6e42?s=96&d=mm&r=g","caption":"Reda\u00e7\u00e3o"},"url":"https:\/\/brasilnoticias.org\/site\/author\/henrique\/"}]}},"_links":{"self":[{"href":"https:\/\/brasilnoticias.org\/site\/wp-json\/wp\/v2\/posts\/11613","targetHints":{"allow":["GET"]}}],"collection":[{"href":"https:\/\/brasilnoticias.org\/site\/wp-json\/wp\/v2\/posts"}],"about":[{"href":"https:\/\/brasilnoticias.org\/site\/wp-json\/wp\/v2\/types\/post"}],"author":[{"embeddable":true,"href":"https:\/\/brasilnoticias.org\/site\/wp-json\/wp\/v2\/users\/4"}],"replies":[{"embeddable":true,"href":"https:\/\/brasilnoticias.org\/site\/wp-json\/wp\/v2\/comments?post=11613"}],"version-history":[{"count":1,"href":"https:\/\/brasilnoticias.org\/site\/wp-json\/wp\/v2\/posts\/11613\/revisions"}],"predecessor-version":[{"id":11615,"href":"https:\/\/brasilnoticias.org\/site\/wp-json\/wp\/v2\/posts\/11613\/revisions\/11615"}],"wp:featuredmedia":[{"embeddable":true,"href":"https:\/\/brasilnoticias.org\/site\/wp-json\/wp\/v2\/media\/11614"}],"wp:attachment":[{"href":"https:\/\/brasilnoticias.org\/site\/wp-json\/wp\/v2\/media?parent=11613"}],"wp:term":[{"taxonomy":"category","embeddable":true,"href":"https:\/\/brasilnoticias.org\/site\/wp-json\/wp\/v2\/categories?post=11613"},{"taxonomy":"post_tag","embeddable":true,"href":"https:\/\/brasilnoticias.org\/site\/wp-json\/wp\/v2\/tags?post=11613"}],"curies":[{"name":"wp","href":"https:\/\/api.w.org\/{rel}","templated":true}]}}