{"id":11619,"date":"2023-12-12T19:50:48","date_gmt":"2023-12-12T22:50:48","guid":{"rendered":"https:\/\/brasilnoticias.org\/site\/?p=11619"},"modified":"2023-12-12T19:50:48","modified_gmt":"2023-12-12T22:50:48","slug":"apagao-no-aeroporto-de-salvador-deixa-saguao-as-escuras-apos-queda-de-energia","status":"publish","type":"post","link":"https:\/\/brasilnoticias.org\/site\/apagao-no-aeroporto-de-salvador-deixa-saguao-as-escuras-apos-queda-de-energia\/","title":{"rendered":"Apag\u00e3o no aeroporto de Salvador deixa sagu\u00e3o \u00e0s escuras ap\u00f3s queda de energia"},"content":{"rendered":"<p>A Salvador Bahia Airport informou que houve impactos pontuais no funcionamento dos elevadores, escadas rolantes e no sistema de ilumina\u00e7\u00e3o<\/p>\n<p>Uma queda de energia provocou um apag\u00e3o, na tarde desta ter\u00e7a-feira (12), no aeroporto de Salvador.  As luzes que iluminam um dos sagu\u00f5es ficaram apagadas, segundo confirmou ao Metro1 a Salvador Bahia Airport, empresa que administra o terminal. <\/p>\n<p>&#8220;A administra\u00e7\u00e3o do Aeroporto de Salvador confirma interrup\u00e7\u00e3o no fornecimento de energia, causada por um problema na rede de transmiss\u00e3o da concession\u00e1ria de energia, mas esclarece que os geradores do aeroporto foram acionados imediatamente, garantindo as opera\u00e7\u00f5es essenciais no terminal&#8221;, informou. <\/p>\n<p>De acordo com a Salvador Bahia Airport, houve impactos pontuais no funcionamento dos elevadores, escadas rolantes e no sistema de ilumina\u00e7\u00e3o do terminal. N\u00e3o foram registrados impactos na programa\u00e7\u00e3o de voos.<\/p>\n<p>Foto: Reprodu\u00e7\u00e3o\/TV Bahia<br \/>\nPor: Metro1<\/p>\n","protected":false},"excerpt":{"rendered":"<p>A Salvador Bahia Airport informou que houve impactos pontuais no funcionamento dos elevadores, escadas rolantes e no sistema de ilumina\u00e7\u00e3o<\/p>\n","protected":false},"author":4,"featured_media":11620,"comment_status":"open","ping_status":"open","sticky":false,"template":"","format":"standard","meta":{"colormag_page_container_layout":"default_layout","colormag_page_sidebar_layout":"default_layout","_FSMCFIC_featured_image_caption":"","_FSMCFIC_featured_image_nocaption":"","_FSMCFIC_featured_image_hide":"","footnotes":""},"categories":[2,1],"tags":[],"class_list":["post-11619","post","type-post","status-publish","format-standard","has-post-thumbnail","hentry","category-noticias","category-ultimas"],"yoast_head":"<!-- This site is optimized with the Yoast SEO plugin v27.1.1 - https:\/\/yoast.com\/product\/yoast-seo-wordpress\/ -->\n<title>Apag\u00e3o no aeroporto de Salvador deixa sagu\u00e3o \u00e0s escuras ap\u00f3s queda de energia - Brasil not\u00edcias<\/title>\n<meta name=\"robots\" content=\"index, follow, max-snippet:-1, max-image-preview:large, max-video-preview:-1\" \/>\n<link rel=\"canonical\" href=\"https:\/\/brasilnoticias.org\/site\/apagao-no-aeroporto-de-salvador-deixa-saguao-as-escuras-apos-queda-de-energia\/\" \/>\n<meta property=\"og:locale\" content=\"pt_PT\" \/>\n<meta property=\"og:type\" content=\"article\" \/>\n<meta property=\"og:title\" content=\"Apag\u00e3o no aeroporto de Salvador deixa sagu\u00e3o \u00e0s escuras ap\u00f3s queda de energia - Brasil not\u00edcias\" \/>\n<meta property=\"og:description\" content=\"A Salvador Bahia Airport informou que houve impactos pontuais no funcionamento dos elevadores, escadas rolantes e no sistema de ilumina\u00e7\u00e3o\" \/>\n<meta property=\"og:url\" content=\"https:\/\/brasilnoticias.org\/site\/apagao-no-aeroporto-de-salvador-deixa-saguao-as-escuras-apos-queda-de-energia\/\" \/>\n<meta property=\"og:site_name\" content=\"Brasil not\u00edcias\" \/>\n<meta property=\"article:published_time\" content=\"2023-12-12T22:50:48+00:00\" \/>\n<meta property=\"og:image\" content=\"https:\/\/brasilnoticias.org\/site\/wp-content\/uploads\/2023\/12\/144151apagao-no-aeroporto-de-salvador-deixa-saguao-as-escuras-apos-queda-de-energia-3.jpg\" \/>\n\t<meta property=\"og:image:width\" content=\"1600\" \/>\n\t<meta property=\"og:image:height\" content=\"752\" \/>\n\t<meta property=\"og:image:type\" content=\"image\/jpeg\" \/>\n<meta name=\"author\" content=\"Reda\u00e7\u00e3o\" \/>\n<meta name=\"twitter:card\" content=\"summary_large_image\" \/>\n<meta name=\"twitter:label1\" content=\"Escrito por\" \/>\n\t<meta name=\"twitter:data1\" content=\"Reda\u00e7\u00e3o\" \/>\n\t<meta name=\"twitter:label2\" content=\"Tempo estimado de leitura\" \/>\n\t<meta name=\"twitter:data2\" content=\"1 minuto\" \/>\n<script type=\"application\/ld+json\" class=\"yoast-schema-graph\">{\"@context\":\"https:\/\/schema.org\",\"@graph\":[{\"@type\":\"Article\",\"@id\":\"https:\/\/brasilnoticias.org\/site\/apagao-no-aeroporto-de-salvador-deixa-saguao-as-escuras-apos-queda-de-energia\/#article\",\"isPartOf\":{\"@id\":\"https:\/\/brasilnoticias.org\/site\/apagao-no-aeroporto-de-salvador-deixa-saguao-as-escuras-apos-queda-de-energia\/\"},\"author\":{\"name\":\"Reda\u00e7\u00e3o\",\"@id\":\"https:\/\/brasilnoticias.org\/site\/#\/schema\/person\/03bbbfe6c7634ad18c26444ea39049fa\"},\"headline\":\"Apag\u00e3o no aeroporto de Salvador deixa sagu\u00e3o \u00e0s escuras ap\u00f3s queda de energia\",\"datePublished\":\"2023-12-12T22:50:48+00:00\",\"mainEntityOfPage\":{\"@id\":\"https:\/\/brasilnoticias.org\/site\/apagao-no-aeroporto-de-salvador-deixa-saguao-as-escuras-apos-queda-de-energia\/\"},\"wordCount\":164,\"commentCount\":0,\"publisher\":{\"@id\":\"https:\/\/brasilnoticias.org\/site\/#organization\"},\"image\":{\"@id\":\"https:\/\/brasilnoticias.org\/site\/apagao-no-aeroporto-de-salvador-deixa-saguao-as-escuras-apos-queda-de-energia\/#primaryimage\"},\"thumbnailUrl\":\"https:\/\/brasilnoticias.org\/site\/wp-content\/uploads\/2023\/12\/144151apagao-no-aeroporto-de-salvador-deixa-saguao-as-escuras-apos-queda-de-energia-3.jpg\",\"articleSection\":[\"Not\u00edcias\",\"\u00daltimas\"],\"inLanguage\":\"pt-PT\",\"potentialAction\":[{\"@type\":\"CommentAction\",\"name\":\"Comment\",\"target\":[\"https:\/\/brasilnoticias.org\/site\/apagao-no-aeroporto-de-salvador-deixa-saguao-as-escuras-apos-queda-de-energia\/#respond\"]}]},{\"@type\":\"WebPage\",\"@id\":\"https:\/\/brasilnoticias.org\/site\/apagao-no-aeroporto-de-salvador-deixa-saguao-as-escuras-apos-queda-de-energia\/\",\"url\":\"https:\/\/brasilnoticias.org\/site\/apagao-no-aeroporto-de-salvador-deixa-saguao-as-escuras-apos-queda-de-energia\/\",\"name\":\"Apag\u00e3o no aeroporto de Salvador deixa sagu\u00e3o \u00e0s escuras ap\u00f3s queda de energia - Brasil not\u00edcias\",\"isPartOf\":{\"@id\":\"https:\/\/brasilnoticias.org\/site\/#website\"},\"primaryImageOfPage\":{\"@id\":\"https:\/\/brasilnoticias.org\/site\/apagao-no-aeroporto-de-salvador-deixa-saguao-as-escuras-apos-queda-de-energia\/#primaryimage\"},\"image\":{\"@id\":\"https:\/\/brasilnoticias.org\/site\/apagao-no-aeroporto-de-salvador-deixa-saguao-as-escuras-apos-queda-de-energia\/#primaryimage\"},\"thumbnailUrl\":\"https:\/\/brasilnoticias.org\/site\/wp-content\/uploads\/2023\/12\/144151apagao-no-aeroporto-de-salvador-deixa-saguao-as-escuras-apos-queda-de-energia-3.jpg\",\"datePublished\":\"2023-12-12T22:50:48+00:00\",\"breadcrumb\":{\"@id\":\"https:\/\/brasilnoticias.org\/site\/apagao-no-aeroporto-de-salvador-deixa-saguao-as-escuras-apos-queda-de-energia\/#breadcrumb\"},\"inLanguage\":\"pt-PT\",\"potentialAction\":[{\"@type\":\"ReadAction\",\"target\":[\"https:\/\/brasilnoticias.org\/site\/apagao-no-aeroporto-de-salvador-deixa-saguao-as-escuras-apos-queda-de-energia\/\"]}]},{\"@type\":\"ImageObject\",\"inLanguage\":\"pt-PT\",\"@id\":\"https:\/\/brasilnoticias.org\/site\/apagao-no-aeroporto-de-salvador-deixa-saguao-as-escuras-apos-queda-de-energia\/#primaryimage\",\"url\":\"https:\/\/brasilnoticias.org\/site\/wp-content\/uploads\/2023\/12\/144151apagao-no-aeroporto-de-salvador-deixa-saguao-as-escuras-apos-queda-de-energia-3.jpg\",\"contentUrl\":\"https:\/\/brasilnoticias.org\/site\/wp-content\/uploads\/2023\/12\/144151apagao-no-aeroporto-de-salvador-deixa-saguao-as-escuras-apos-queda-de-energia-3.jpg\",\"width\":1600,\"height\":752},{\"@type\":\"BreadcrumbList\",\"@id\":\"https:\/\/brasilnoticias.org\/site\/apagao-no-aeroporto-de-salvador-deixa-saguao-as-escuras-apos-queda-de-energia\/#breadcrumb\",\"itemListElement\":[{\"@type\":\"ListItem\",\"position\":1,\"name\":\"In\u00edcio\",\"item\":\"https:\/\/brasilnoticias.org\/site\/\"},{\"@type\":\"ListItem\",\"position\":2,\"name\":\"Apag\u00e3o no aeroporto de Salvador deixa sagu\u00e3o \u00e0s escuras ap\u00f3s queda de energia\"}]},{\"@type\":\"WebSite\",\"@id\":\"https:\/\/brasilnoticias.org\/site\/#website\",\"url\":\"https:\/\/brasilnoticias.org\/site\/\",\"name\":\"Brasil not\u00edcias\",\"description\":\"Brasil not\u00edcias\",\"publisher\":{\"@id\":\"https:\/\/brasilnoticias.org\/site\/#organization\"},\"potentialAction\":[{\"@type\":\"SearchAction\",\"target\":{\"@type\":\"EntryPoint\",\"urlTemplate\":\"https:\/\/brasilnoticias.org\/site\/?s={search_term_string}\"},\"query-input\":{\"@type\":\"PropertyValueSpecification\",\"valueRequired\":true,\"valueName\":\"search_term_string\"}}],\"inLanguage\":\"pt-PT\"},{\"@type\":\"Organization\",\"@id\":\"https:\/\/brasilnoticias.org\/site\/#organization\",\"name\":\"Brasil not\u00edcias\",\"url\":\"https:\/\/brasilnoticias.org\/site\/\",\"logo\":{\"@type\":\"ImageObject\",\"inLanguage\":\"pt-PT\",\"@id\":\"https:\/\/brasilnoticias.org\/site\/#\/schema\/logo\/image\/\",\"url\":\"https:\/\/brasilnoticias.org\/site\/wp-content\/uploads\/2022\/05\/cropped-brasilnoticias-mini.jpg\",\"contentUrl\":\"https:\/\/brasilnoticias.org\/site\/wp-content\/uploads\/2022\/05\/cropped-brasilnoticias-mini.jpg\",\"width\":314,\"height\":86,\"caption\":\"Brasil not\u00edcias\"},\"image\":{\"@id\":\"https:\/\/brasilnoticias.org\/site\/#\/schema\/logo\/image\/\"}},{\"@type\":\"Person\",\"@id\":\"https:\/\/brasilnoticias.org\/site\/#\/schema\/person\/03bbbfe6c7634ad18c26444ea39049fa\",\"name\":\"Reda\u00e7\u00e3o\",\"image\":{\"@type\":\"ImageObject\",\"inLanguage\":\"pt-PT\",\"@id\":\"https:\/\/brasilnoticias.org\/site\/#\/schema\/person\/image\/\",\"url\":\"https:\/\/secure.gravatar.com\/avatar\/9ecaf7327a696cb23ad926fedded5f1f04d7049de9e445375d55b48c001a6e42?s=96&d=mm&r=g\",\"contentUrl\":\"https:\/\/secure.gravatar.com\/avatar\/9ecaf7327a696cb23ad926fedded5f1f04d7049de9e445375d55b48c001a6e42?s=96&d=mm&r=g\",\"caption\":\"Reda\u00e7\u00e3o\"},\"url\":\"https:\/\/brasilnoticias.org\/site\/author\/henrique\/\"}]}<\/script>\n<!-- \/ Yoast SEO plugin. -->","yoast_head_json":{"title":"Apag\u00e3o no aeroporto de Salvador deixa sagu\u00e3o \u00e0s escuras ap\u00f3s queda de energia - Brasil not\u00edcias","robots":{"index":"index","follow":"follow","max-snippet":"max-snippet:-1","max-image-preview":"max-image-preview:large","max-video-preview":"max-video-preview:-1"},"canonical":"https:\/\/brasilnoticias.org\/site\/apagao-no-aeroporto-de-salvador-deixa-saguao-as-escuras-apos-queda-de-energia\/","og_locale":"pt_PT","og_type":"article","og_title":"Apag\u00e3o no aeroporto de Salvador deixa sagu\u00e3o \u00e0s escuras ap\u00f3s queda de energia - Brasil not\u00edcias","og_description":"A Salvador Bahia Airport informou que houve impactos pontuais no funcionamento dos elevadores, escadas rolantes e no sistema de ilumina\u00e7\u00e3o","og_url":"https:\/\/brasilnoticias.org\/site\/apagao-no-aeroporto-de-salvador-deixa-saguao-as-escuras-apos-queda-de-energia\/","og_site_name":"Brasil not\u00edcias","article_published_time":"2023-12-12T22:50:48+00:00","og_image":[{"width":1600,"height":752,"url":"https:\/\/brasilnoticias.org\/site\/wp-content\/uploads\/2023\/12\/144151apagao-no-aeroporto-de-salvador-deixa-saguao-as-escuras-apos-queda-de-energia-3.jpg","type":"image\/jpeg"}],"author":"Reda\u00e7\u00e3o","twitter_card":"summary_large_image","twitter_misc":{"Escrito por":"Reda\u00e7\u00e3o","Tempo estimado de leitura":"1 minuto"},"schema":{"@context":"https:\/\/schema.org","@graph":[{"@type":"Article","@id":"https:\/\/brasilnoticias.org\/site\/apagao-no-aeroporto-de-salvador-deixa-saguao-as-escuras-apos-queda-de-energia\/#article","isPartOf":{"@id":"https:\/\/brasilnoticias.org\/site\/apagao-no-aeroporto-de-salvador-deixa-saguao-as-escuras-apos-queda-de-energia\/"},"author":{"name":"Reda\u00e7\u00e3o","@id":"https:\/\/brasilnoticias.org\/site\/#\/schema\/person\/03bbbfe6c7634ad18c26444ea39049fa"},"headline":"Apag\u00e3o no aeroporto de Salvador deixa sagu\u00e3o \u00e0s escuras ap\u00f3s queda de energia","datePublished":"2023-12-12T22:50:48+00:00","mainEntityOfPage":{"@id":"https:\/\/brasilnoticias.org\/site\/apagao-no-aeroporto-de-salvador-deixa-saguao-as-escuras-apos-queda-de-energia\/"},"wordCount":164,"commentCount":0,"publisher":{"@id":"https:\/\/brasilnoticias.org\/site\/#organization"},"image":{"@id":"https:\/\/brasilnoticias.org\/site\/apagao-no-aeroporto-de-salvador-deixa-saguao-as-escuras-apos-queda-de-energia\/#primaryimage"},"thumbnailUrl":"https:\/\/brasilnoticias.org\/site\/wp-content\/uploads\/2023\/12\/144151apagao-no-aeroporto-de-salvador-deixa-saguao-as-escuras-apos-queda-de-energia-3.jpg","articleSection":["Not\u00edcias","\u00daltimas"],"inLanguage":"pt-PT","potentialAction":[{"@type":"CommentAction","name":"Comment","target":["https:\/\/brasilnoticias.org\/site\/apagao-no-aeroporto-de-salvador-deixa-saguao-as-escuras-apos-queda-de-energia\/#respond"]}]},{"@type":"WebPage","@id":"https:\/\/brasilnoticias.org\/site\/apagao-no-aeroporto-de-salvador-deixa-saguao-as-escuras-apos-queda-de-energia\/","url":"https:\/\/brasilnoticias.org\/site\/apagao-no-aeroporto-de-salvador-deixa-saguao-as-escuras-apos-queda-de-energia\/","name":"Apag\u00e3o no aeroporto de Salvador deixa sagu\u00e3o \u00e0s escuras ap\u00f3s queda de energia - Brasil not\u00edcias","isPartOf":{"@id":"https:\/\/brasilnoticias.org\/site\/#website"},"primaryImageOfPage":{"@id":"https:\/\/brasilnoticias.org\/site\/apagao-no-aeroporto-de-salvador-deixa-saguao-as-escuras-apos-queda-de-energia\/#primaryimage"},"image":{"@id":"https:\/\/brasilnoticias.org\/site\/apagao-no-aeroporto-de-salvador-deixa-saguao-as-escuras-apos-queda-de-energia\/#primaryimage"},"thumbnailUrl":"https:\/\/brasilnoticias.org\/site\/wp-content\/uploads\/2023\/12\/144151apagao-no-aeroporto-de-salvador-deixa-saguao-as-escuras-apos-queda-de-energia-3.jpg","datePublished":"2023-12-12T22:50:48+00:00","breadcrumb":{"@id":"https:\/\/brasilnoticias.org\/site\/apagao-no-aeroporto-de-salvador-deixa-saguao-as-escuras-apos-queda-de-energia\/#breadcrumb"},"inLanguage":"pt-PT","potentialAction":[{"@type":"ReadAction","target":["https:\/\/brasilnoticias.org\/site\/apagao-no-aeroporto-de-salvador-deixa-saguao-as-escuras-apos-queda-de-energia\/"]}]},{"@type":"ImageObject","inLanguage":"pt-PT","@id":"https:\/\/brasilnoticias.org\/site\/apagao-no-aeroporto-de-salvador-deixa-saguao-as-escuras-apos-queda-de-energia\/#primaryimage","url":"https:\/\/brasilnoticias.org\/site\/wp-content\/uploads\/2023\/12\/144151apagao-no-aeroporto-de-salvador-deixa-saguao-as-escuras-apos-queda-de-energia-3.jpg","contentUrl":"https:\/\/brasilnoticias.org\/site\/wp-content\/uploads\/2023\/12\/144151apagao-no-aeroporto-de-salvador-deixa-saguao-as-escuras-apos-queda-de-energia-3.jpg","width":1600,"height":752},{"@type":"BreadcrumbList","@id":"https:\/\/brasilnoticias.org\/site\/apagao-no-aeroporto-de-salvador-deixa-saguao-as-escuras-apos-queda-de-energia\/#breadcrumb","itemListElement":[{"@type":"ListItem","position":1,"name":"In\u00edcio","item":"https:\/\/brasilnoticias.org\/site\/"},{"@type":"ListItem","position":2,"name":"Apag\u00e3o no aeroporto de Salvador deixa sagu\u00e3o \u00e0s escuras ap\u00f3s queda de energia"}]},{"@type":"WebSite","@id":"https:\/\/brasilnoticias.org\/site\/#website","url":"https:\/\/brasilnoticias.org\/site\/","name":"Brasil not\u00edcias","description":"Brasil not\u00edcias","publisher":{"@id":"https:\/\/brasilnoticias.org\/site\/#organization"},"potentialAction":[{"@type":"SearchAction","target":{"@type":"EntryPoint","urlTemplate":"https:\/\/brasilnoticias.org\/site\/?s={search_term_string}"},"query-input":{"@type":"PropertyValueSpecification","valueRequired":true,"valueName":"search_term_string"}}],"inLanguage":"pt-PT"},{"@type":"Organization","@id":"https:\/\/brasilnoticias.org\/site\/#organization","name":"Brasil not\u00edcias","url":"https:\/\/brasilnoticias.org\/site\/","logo":{"@type":"ImageObject","inLanguage":"pt-PT","@id":"https:\/\/brasilnoticias.org\/site\/#\/schema\/logo\/image\/","url":"https:\/\/brasilnoticias.org\/site\/wp-content\/uploads\/2022\/05\/cropped-brasilnoticias-mini.jpg","contentUrl":"https:\/\/brasilnoticias.org\/site\/wp-content\/uploads\/2022\/05\/cropped-brasilnoticias-mini.jpg","width":314,"height":86,"caption":"Brasil not\u00edcias"},"image":{"@id":"https:\/\/brasilnoticias.org\/site\/#\/schema\/logo\/image\/"}},{"@type":"Person","@id":"https:\/\/brasilnoticias.org\/site\/#\/schema\/person\/03bbbfe6c7634ad18c26444ea39049fa","name":"Reda\u00e7\u00e3o","image":{"@type":"ImageObject","inLanguage":"pt-PT","@id":"https:\/\/brasilnoticias.org\/site\/#\/schema\/person\/image\/","url":"https:\/\/secure.gravatar.com\/avatar\/9ecaf7327a696cb23ad926fedded5f1f04d7049de9e445375d55b48c001a6e42?s=96&d=mm&r=g","contentUrl":"https:\/\/secure.gravatar.com\/avatar\/9ecaf7327a696cb23ad926fedded5f1f04d7049de9e445375d55b48c001a6e42?s=96&d=mm&r=g","caption":"Reda\u00e7\u00e3o"},"url":"https:\/\/brasilnoticias.org\/site\/author\/henrique\/"}]}},"_links":{"self":[{"href":"https:\/\/brasilnoticias.org\/site\/wp-json\/wp\/v2\/posts\/11619","targetHints":{"allow":["GET"]}}],"collection":[{"href":"https:\/\/brasilnoticias.org\/site\/wp-json\/wp\/v2\/posts"}],"about":[{"href":"https:\/\/brasilnoticias.org\/site\/wp-json\/wp\/v2\/types\/post"}],"author":[{"embeddable":true,"href":"https:\/\/brasilnoticias.org\/site\/wp-json\/wp\/v2\/users\/4"}],"replies":[{"embeddable":true,"href":"https:\/\/brasilnoticias.org\/site\/wp-json\/wp\/v2\/comments?post=11619"}],"version-history":[{"count":1,"href":"https:\/\/brasilnoticias.org\/site\/wp-json\/wp\/v2\/posts\/11619\/revisions"}],"predecessor-version":[{"id":11621,"href":"https:\/\/brasilnoticias.org\/site\/wp-json\/wp\/v2\/posts\/11619\/revisions\/11621"}],"wp:featuredmedia":[{"embeddable":true,"href":"https:\/\/brasilnoticias.org\/site\/wp-json\/wp\/v2\/media\/11620"}],"wp:attachment":[{"href":"https:\/\/brasilnoticias.org\/site\/wp-json\/wp\/v2\/media?parent=11619"}],"wp:term":[{"taxonomy":"category","embeddable":true,"href":"https:\/\/brasilnoticias.org\/site\/wp-json\/wp\/v2\/categories?post=11619"},{"taxonomy":"post_tag","embeddable":true,"href":"https:\/\/brasilnoticias.org\/site\/wp-json\/wp\/v2\/tags?post=11619"}],"curies":[{"name":"wp","href":"https:\/\/api.w.org\/{rel}","templated":true}]}}