{"id":11622,"date":"2023-12-13T05:00:20","date_gmt":"2023-12-13T08:00:20","guid":{"rendered":"https:\/\/brasilnoticias.org\/site\/?p=11622"},"modified":"2023-12-12T19:54:50","modified_gmt":"2023-12-12T22:54:50","slug":"pf-cumpre-mandados-de-busca-e-apreensao-em-minas-gerais-no-caso-da-conta-hackeada-de-janja","status":"publish","type":"post","link":"https:\/\/brasilnoticias.org\/site\/pf-cumpre-mandados-de-busca-e-apreensao-em-minas-gerais-no-caso-da-conta-hackeada-de-janja\/","title":{"rendered":"PF cumpre mandados de busca e apreens\u00e3o em Minas Gerais no caso da conta hackeada de Janja"},"content":{"rendered":"<p>Mandados est\u00e3o sendo cumpridos em Minas Gerais e receberam autoriza\u00e7\u00e3o do Supremo Tribunal Federal (STF)<\/p>\n<p>A Pol\u00edcia Federal (PF) cumpre nesta ter\u00e7a-feira (12) quatro mandados de busca e apreens\u00e3o no inqu\u00e9rito que investiga o caso da invas\u00e3o da conta da primeira-dama Ros\u00e2ngela Lula da Silva, Janja, no X (antigo Twitter).<\/p>\n<p>De acordo com apura\u00e7\u00e3o da CNN Brasil, os mandados est\u00e3o sendo cumpridos em Minas Gerais e receberam autoriza\u00e7\u00e3o do Supremo Tribunal Federal (STF). Segundo o diretor-geral da PF, Andrei Rodrigues, tanto o departamento de combate a crimes cibern\u00e9ticos, quanto o departamento de intelig\u00eancia policial, est\u00e3o trabalhando desde segunda-feira (12) \u00e0 noite na elucida\u00e7\u00e3o do caso.<\/p>\n<p>O inqu\u00e9rito aberto ser\u00e1 atrelado a outro que apura ataques cibern\u00e9ticos ocorridos contra, pelo menos, dez mulheres que integram o governo federal ou o parlamento. Al\u00e9m da PF, a invas\u00e3o hacker no perfil no X da primeira-dama mobilizou a Advocacia-Geral da Uni\u00e3o (AGU).<\/p>\n<p>Por meio notifica\u00e7\u00e3o extrajudicial, a AGU cobrou o congelamento da conta @JanjaLula at\u00e9 a conclus\u00e3o das investiga\u00e7\u00f5es e a preserva\u00e7\u00e3o de todos os registros e elementos digitais relativos ao perfil. Nesta ter\u00e7a-feira a primeira-dama se pronunciou na sua conta do Instagram chamando as postagens no perfil hackeado de &#8220;machistas e criminosas&#8221;. <\/p>\n<p>Foto: Marcelo Camargo\/Ag\u00eancia Brasil<br \/>\nPor: Metro1<\/p>\n","protected":false},"excerpt":{"rendered":"<p>Mandados est\u00e3o sendo cumpridos em Minas Gerais e receberam autoriza\u00e7\u00e3o do Supremo Tribunal Federal (STF) A Pol\u00edcia Federal (PF) cumpre<\/p>\n","protected":false},"author":4,"featured_media":11623,"comment_status":"open","ping_status":"open","sticky":false,"template":"","format":"standard","meta":{"colormag_page_container_layout":"default_layout","colormag_page_sidebar_layout":"default_layout","_FSMCFIC_featured_image_caption":"","_FSMCFIC_featured_image_nocaption":"","_FSMCFIC_featured_image_hide":"","footnotes":""},"categories":[3,1],"tags":[],"class_list":["post-11622","post","type-post","status-publish","format-standard","has-post-thumbnail","hentry","category-policia","category-ultimas"],"yoast_head":"<!-- This site is optimized with the Yoast SEO plugin v27.1.1 - https:\/\/yoast.com\/product\/yoast-seo-wordpress\/ -->\n<title>PF cumpre mandados de busca e apreens\u00e3o em Minas Gerais no caso da conta hackeada de Janja - Brasil not\u00edcias<\/title>\n<meta name=\"robots\" content=\"index, follow, max-snippet:-1, max-image-preview:large, max-video-preview:-1\" \/>\n<link rel=\"canonical\" href=\"https:\/\/brasilnoticias.org\/site\/pf-cumpre-mandados-de-busca-e-apreensao-em-minas-gerais-no-caso-da-conta-hackeada-de-janja\/\" \/>\n<meta property=\"og:locale\" content=\"pt_PT\" \/>\n<meta property=\"og:type\" content=\"article\" \/>\n<meta property=\"og:title\" content=\"PF cumpre mandados de busca e apreens\u00e3o em Minas Gerais no caso da conta hackeada de Janja - Brasil not\u00edcias\" \/>\n<meta property=\"og:description\" content=\"Mandados est\u00e3o sendo cumpridos em Minas Gerais e receberam autoriza\u00e7\u00e3o do Supremo Tribunal Federal (STF) A Pol\u00edcia Federal (PF) cumpre\" \/>\n<meta property=\"og:url\" content=\"https:\/\/brasilnoticias.org\/site\/pf-cumpre-mandados-de-busca-e-apreensao-em-minas-gerais-no-caso-da-conta-hackeada-de-janja\/\" \/>\n<meta property=\"og:site_name\" content=\"Brasil not\u00edcias\" \/>\n<meta property=\"article:published_time\" content=\"2023-12-13T08:00:20+00:00\" \/>\n<meta property=\"og:image\" content=\"https:\/\/brasilnoticias.org\/site\/wp-content\/uploads\/2023\/12\/144161pf-cumpre-mandados-de-busca-e-apreensao-em-minas-gerais-no-caso-da-conta-hackeada-de-janja-3.jpg\" \/>\n\t<meta property=\"og:image:width\" content=\"1600\" \/>\n\t<meta property=\"og:image:height\" content=\"752\" \/>\n\t<meta property=\"og:image:type\" content=\"image\/jpeg\" \/>\n<meta name=\"author\" content=\"Reda\u00e7\u00e3o\" \/>\n<meta name=\"twitter:card\" content=\"summary_large_image\" \/>\n<meta name=\"twitter:label1\" content=\"Escrito por\" \/>\n\t<meta name=\"twitter:data1\" content=\"Reda\u00e7\u00e3o\" \/>\n\t<meta name=\"twitter:label2\" content=\"Tempo estimado de leitura\" \/>\n\t<meta name=\"twitter:data2\" content=\"2 minutos\" \/>\n<script type=\"application\/ld+json\" class=\"yoast-schema-graph\">{\"@context\":\"https:\/\/schema.org\",\"@graph\":[{\"@type\":\"Article\",\"@id\":\"https:\/\/brasilnoticias.org\/site\/pf-cumpre-mandados-de-busca-e-apreensao-em-minas-gerais-no-caso-da-conta-hackeada-de-janja\/#article\",\"isPartOf\":{\"@id\":\"https:\/\/brasilnoticias.org\/site\/pf-cumpre-mandados-de-busca-e-apreensao-em-minas-gerais-no-caso-da-conta-hackeada-de-janja\/\"},\"author\":{\"name\":\"Reda\u00e7\u00e3o\",\"@id\":\"https:\/\/brasilnoticias.org\/site\/#\/schema\/person\/03bbbfe6c7634ad18c26444ea39049fa\"},\"headline\":\"PF cumpre mandados de busca e apreens\u00e3o em Minas Gerais no caso da conta hackeada de Janja\",\"datePublished\":\"2023-12-13T08:00:20+00:00\",\"mainEntityOfPage\":{\"@id\":\"https:\/\/brasilnoticias.org\/site\/pf-cumpre-mandados-de-busca-e-apreensao-em-minas-gerais-no-caso-da-conta-hackeada-de-janja\/\"},\"wordCount\":247,\"commentCount\":0,\"publisher\":{\"@id\":\"https:\/\/brasilnoticias.org\/site\/#organization\"},\"image\":{\"@id\":\"https:\/\/brasilnoticias.org\/site\/pf-cumpre-mandados-de-busca-e-apreensao-em-minas-gerais-no-caso-da-conta-hackeada-de-janja\/#primaryimage\"},\"thumbnailUrl\":\"https:\/\/brasilnoticias.org\/site\/wp-content\/uploads\/2023\/12\/144161pf-cumpre-mandados-de-busca-e-apreensao-em-minas-gerais-no-caso-da-conta-hackeada-de-janja-3.jpg\",\"articleSection\":[\"Pol\u00edcia\",\"\u00daltimas\"],\"inLanguage\":\"pt-PT\",\"potentialAction\":[{\"@type\":\"CommentAction\",\"name\":\"Comment\",\"target\":[\"https:\/\/brasilnoticias.org\/site\/pf-cumpre-mandados-de-busca-e-apreensao-em-minas-gerais-no-caso-da-conta-hackeada-de-janja\/#respond\"]}]},{\"@type\":\"WebPage\",\"@id\":\"https:\/\/brasilnoticias.org\/site\/pf-cumpre-mandados-de-busca-e-apreensao-em-minas-gerais-no-caso-da-conta-hackeada-de-janja\/\",\"url\":\"https:\/\/brasilnoticias.org\/site\/pf-cumpre-mandados-de-busca-e-apreensao-em-minas-gerais-no-caso-da-conta-hackeada-de-janja\/\",\"name\":\"PF cumpre mandados de busca e apreens\u00e3o em Minas Gerais no caso da conta hackeada de Janja - Brasil not\u00edcias\",\"isPartOf\":{\"@id\":\"https:\/\/brasilnoticias.org\/site\/#website\"},\"primaryImageOfPage\":{\"@id\":\"https:\/\/brasilnoticias.org\/site\/pf-cumpre-mandados-de-busca-e-apreensao-em-minas-gerais-no-caso-da-conta-hackeada-de-janja\/#primaryimage\"},\"image\":{\"@id\":\"https:\/\/brasilnoticias.org\/site\/pf-cumpre-mandados-de-busca-e-apreensao-em-minas-gerais-no-caso-da-conta-hackeada-de-janja\/#primaryimage\"},\"thumbnailUrl\":\"https:\/\/brasilnoticias.org\/site\/wp-content\/uploads\/2023\/12\/144161pf-cumpre-mandados-de-busca-e-apreensao-em-minas-gerais-no-caso-da-conta-hackeada-de-janja-3.jpg\",\"datePublished\":\"2023-12-13T08:00:20+00:00\",\"breadcrumb\":{\"@id\":\"https:\/\/brasilnoticias.org\/site\/pf-cumpre-mandados-de-busca-e-apreensao-em-minas-gerais-no-caso-da-conta-hackeada-de-janja\/#breadcrumb\"},\"inLanguage\":\"pt-PT\",\"potentialAction\":[{\"@type\":\"ReadAction\",\"target\":[\"https:\/\/brasilnoticias.org\/site\/pf-cumpre-mandados-de-busca-e-apreensao-em-minas-gerais-no-caso-da-conta-hackeada-de-janja\/\"]}]},{\"@type\":\"ImageObject\",\"inLanguage\":\"pt-PT\",\"@id\":\"https:\/\/brasilnoticias.org\/site\/pf-cumpre-mandados-de-busca-e-apreensao-em-minas-gerais-no-caso-da-conta-hackeada-de-janja\/#primaryimage\",\"url\":\"https:\/\/brasilnoticias.org\/site\/wp-content\/uploads\/2023\/12\/144161pf-cumpre-mandados-de-busca-e-apreensao-em-minas-gerais-no-caso-da-conta-hackeada-de-janja-3.jpg\",\"contentUrl\":\"https:\/\/brasilnoticias.org\/site\/wp-content\/uploads\/2023\/12\/144161pf-cumpre-mandados-de-busca-e-apreensao-em-minas-gerais-no-caso-da-conta-hackeada-de-janja-3.jpg\",\"width\":1600,\"height\":752},{\"@type\":\"BreadcrumbList\",\"@id\":\"https:\/\/brasilnoticias.org\/site\/pf-cumpre-mandados-de-busca-e-apreensao-em-minas-gerais-no-caso-da-conta-hackeada-de-janja\/#breadcrumb\",\"itemListElement\":[{\"@type\":\"ListItem\",\"position\":1,\"name\":\"In\u00edcio\",\"item\":\"https:\/\/brasilnoticias.org\/site\/\"},{\"@type\":\"ListItem\",\"position\":2,\"name\":\"PF cumpre mandados de busca e apreens\u00e3o em Minas Gerais no caso da conta hackeada de Janja\"}]},{\"@type\":\"WebSite\",\"@id\":\"https:\/\/brasilnoticias.org\/site\/#website\",\"url\":\"https:\/\/brasilnoticias.org\/site\/\",\"name\":\"Brasil not\u00edcias\",\"description\":\"Brasil not\u00edcias\",\"publisher\":{\"@id\":\"https:\/\/brasilnoticias.org\/site\/#organization\"},\"potentialAction\":[{\"@type\":\"SearchAction\",\"target\":{\"@type\":\"EntryPoint\",\"urlTemplate\":\"https:\/\/brasilnoticias.org\/site\/?s={search_term_string}\"},\"query-input\":{\"@type\":\"PropertyValueSpecification\",\"valueRequired\":true,\"valueName\":\"search_term_string\"}}],\"inLanguage\":\"pt-PT\"},{\"@type\":\"Organization\",\"@id\":\"https:\/\/brasilnoticias.org\/site\/#organization\",\"name\":\"Brasil not\u00edcias\",\"url\":\"https:\/\/brasilnoticias.org\/site\/\",\"logo\":{\"@type\":\"ImageObject\",\"inLanguage\":\"pt-PT\",\"@id\":\"https:\/\/brasilnoticias.org\/site\/#\/schema\/logo\/image\/\",\"url\":\"https:\/\/brasilnoticias.org\/site\/wp-content\/uploads\/2022\/05\/cropped-brasilnoticias-mini.jpg\",\"contentUrl\":\"https:\/\/brasilnoticias.org\/site\/wp-content\/uploads\/2022\/05\/cropped-brasilnoticias-mini.jpg\",\"width\":314,\"height\":86,\"caption\":\"Brasil not\u00edcias\"},\"image\":{\"@id\":\"https:\/\/brasilnoticias.org\/site\/#\/schema\/logo\/image\/\"}},{\"@type\":\"Person\",\"@id\":\"https:\/\/brasilnoticias.org\/site\/#\/schema\/person\/03bbbfe6c7634ad18c26444ea39049fa\",\"name\":\"Reda\u00e7\u00e3o\",\"image\":{\"@type\":\"ImageObject\",\"inLanguage\":\"pt-PT\",\"@id\":\"https:\/\/brasilnoticias.org\/site\/#\/schema\/person\/image\/\",\"url\":\"https:\/\/secure.gravatar.com\/avatar\/9ecaf7327a696cb23ad926fedded5f1f04d7049de9e445375d55b48c001a6e42?s=96&d=mm&r=g\",\"contentUrl\":\"https:\/\/secure.gravatar.com\/avatar\/9ecaf7327a696cb23ad926fedded5f1f04d7049de9e445375d55b48c001a6e42?s=96&d=mm&r=g\",\"caption\":\"Reda\u00e7\u00e3o\"},\"url\":\"https:\/\/brasilnoticias.org\/site\/author\/henrique\/\"}]}<\/script>\n<!-- \/ Yoast SEO plugin. -->","yoast_head_json":{"title":"PF cumpre mandados de busca e apreens\u00e3o em Minas Gerais no caso da conta hackeada de Janja - Brasil not\u00edcias","robots":{"index":"index","follow":"follow","max-snippet":"max-snippet:-1","max-image-preview":"max-image-preview:large","max-video-preview":"max-video-preview:-1"},"canonical":"https:\/\/brasilnoticias.org\/site\/pf-cumpre-mandados-de-busca-e-apreensao-em-minas-gerais-no-caso-da-conta-hackeada-de-janja\/","og_locale":"pt_PT","og_type":"article","og_title":"PF cumpre mandados de busca e apreens\u00e3o em Minas Gerais no caso da conta hackeada de Janja - Brasil not\u00edcias","og_description":"Mandados est\u00e3o sendo cumpridos em Minas Gerais e receberam autoriza\u00e7\u00e3o do Supremo Tribunal Federal (STF) A Pol\u00edcia Federal (PF) cumpre","og_url":"https:\/\/brasilnoticias.org\/site\/pf-cumpre-mandados-de-busca-e-apreensao-em-minas-gerais-no-caso-da-conta-hackeada-de-janja\/","og_site_name":"Brasil not\u00edcias","article_published_time":"2023-12-13T08:00:20+00:00","og_image":[{"width":1600,"height":752,"url":"https:\/\/brasilnoticias.org\/site\/wp-content\/uploads\/2023\/12\/144161pf-cumpre-mandados-de-busca-e-apreensao-em-minas-gerais-no-caso-da-conta-hackeada-de-janja-3.jpg","type":"image\/jpeg"}],"author":"Reda\u00e7\u00e3o","twitter_card":"summary_large_image","twitter_misc":{"Escrito por":"Reda\u00e7\u00e3o","Tempo estimado de leitura":"2 minutos"},"schema":{"@context":"https:\/\/schema.org","@graph":[{"@type":"Article","@id":"https:\/\/brasilnoticias.org\/site\/pf-cumpre-mandados-de-busca-e-apreensao-em-minas-gerais-no-caso-da-conta-hackeada-de-janja\/#article","isPartOf":{"@id":"https:\/\/brasilnoticias.org\/site\/pf-cumpre-mandados-de-busca-e-apreensao-em-minas-gerais-no-caso-da-conta-hackeada-de-janja\/"},"author":{"name":"Reda\u00e7\u00e3o","@id":"https:\/\/brasilnoticias.org\/site\/#\/schema\/person\/03bbbfe6c7634ad18c26444ea39049fa"},"headline":"PF cumpre mandados de busca e apreens\u00e3o em Minas Gerais no caso da conta hackeada de Janja","datePublished":"2023-12-13T08:00:20+00:00","mainEntityOfPage":{"@id":"https:\/\/brasilnoticias.org\/site\/pf-cumpre-mandados-de-busca-e-apreensao-em-minas-gerais-no-caso-da-conta-hackeada-de-janja\/"},"wordCount":247,"commentCount":0,"publisher":{"@id":"https:\/\/brasilnoticias.org\/site\/#organization"},"image":{"@id":"https:\/\/brasilnoticias.org\/site\/pf-cumpre-mandados-de-busca-e-apreensao-em-minas-gerais-no-caso-da-conta-hackeada-de-janja\/#primaryimage"},"thumbnailUrl":"https:\/\/brasilnoticias.org\/site\/wp-content\/uploads\/2023\/12\/144161pf-cumpre-mandados-de-busca-e-apreensao-em-minas-gerais-no-caso-da-conta-hackeada-de-janja-3.jpg","articleSection":["Pol\u00edcia","\u00daltimas"],"inLanguage":"pt-PT","potentialAction":[{"@type":"CommentAction","name":"Comment","target":["https:\/\/brasilnoticias.org\/site\/pf-cumpre-mandados-de-busca-e-apreensao-em-minas-gerais-no-caso-da-conta-hackeada-de-janja\/#respond"]}]},{"@type":"WebPage","@id":"https:\/\/brasilnoticias.org\/site\/pf-cumpre-mandados-de-busca-e-apreensao-em-minas-gerais-no-caso-da-conta-hackeada-de-janja\/","url":"https:\/\/brasilnoticias.org\/site\/pf-cumpre-mandados-de-busca-e-apreensao-em-minas-gerais-no-caso-da-conta-hackeada-de-janja\/","name":"PF cumpre mandados de busca e apreens\u00e3o em Minas Gerais no caso da conta hackeada de Janja - Brasil not\u00edcias","isPartOf":{"@id":"https:\/\/brasilnoticias.org\/site\/#website"},"primaryImageOfPage":{"@id":"https:\/\/brasilnoticias.org\/site\/pf-cumpre-mandados-de-busca-e-apreensao-em-minas-gerais-no-caso-da-conta-hackeada-de-janja\/#primaryimage"},"image":{"@id":"https:\/\/brasilnoticias.org\/site\/pf-cumpre-mandados-de-busca-e-apreensao-em-minas-gerais-no-caso-da-conta-hackeada-de-janja\/#primaryimage"},"thumbnailUrl":"https:\/\/brasilnoticias.org\/site\/wp-content\/uploads\/2023\/12\/144161pf-cumpre-mandados-de-busca-e-apreensao-em-minas-gerais-no-caso-da-conta-hackeada-de-janja-3.jpg","datePublished":"2023-12-13T08:00:20+00:00","breadcrumb":{"@id":"https:\/\/brasilnoticias.org\/site\/pf-cumpre-mandados-de-busca-e-apreensao-em-minas-gerais-no-caso-da-conta-hackeada-de-janja\/#breadcrumb"},"inLanguage":"pt-PT","potentialAction":[{"@type":"ReadAction","target":["https:\/\/brasilnoticias.org\/site\/pf-cumpre-mandados-de-busca-e-apreensao-em-minas-gerais-no-caso-da-conta-hackeada-de-janja\/"]}]},{"@type":"ImageObject","inLanguage":"pt-PT","@id":"https:\/\/brasilnoticias.org\/site\/pf-cumpre-mandados-de-busca-e-apreensao-em-minas-gerais-no-caso-da-conta-hackeada-de-janja\/#primaryimage","url":"https:\/\/brasilnoticias.org\/site\/wp-content\/uploads\/2023\/12\/144161pf-cumpre-mandados-de-busca-e-apreensao-em-minas-gerais-no-caso-da-conta-hackeada-de-janja-3.jpg","contentUrl":"https:\/\/brasilnoticias.org\/site\/wp-content\/uploads\/2023\/12\/144161pf-cumpre-mandados-de-busca-e-apreensao-em-minas-gerais-no-caso-da-conta-hackeada-de-janja-3.jpg","width":1600,"height":752},{"@type":"BreadcrumbList","@id":"https:\/\/brasilnoticias.org\/site\/pf-cumpre-mandados-de-busca-e-apreensao-em-minas-gerais-no-caso-da-conta-hackeada-de-janja\/#breadcrumb","itemListElement":[{"@type":"ListItem","position":1,"name":"In\u00edcio","item":"https:\/\/brasilnoticias.org\/site\/"},{"@type":"ListItem","position":2,"name":"PF cumpre mandados de busca e apreens\u00e3o em Minas Gerais no caso da conta hackeada de Janja"}]},{"@type":"WebSite","@id":"https:\/\/brasilnoticias.org\/site\/#website","url":"https:\/\/brasilnoticias.org\/site\/","name":"Brasil not\u00edcias","description":"Brasil not\u00edcias","publisher":{"@id":"https:\/\/brasilnoticias.org\/site\/#organization"},"potentialAction":[{"@type":"SearchAction","target":{"@type":"EntryPoint","urlTemplate":"https:\/\/brasilnoticias.org\/site\/?s={search_term_string}"},"query-input":{"@type":"PropertyValueSpecification","valueRequired":true,"valueName":"search_term_string"}}],"inLanguage":"pt-PT"},{"@type":"Organization","@id":"https:\/\/brasilnoticias.org\/site\/#organization","name":"Brasil not\u00edcias","url":"https:\/\/brasilnoticias.org\/site\/","logo":{"@type":"ImageObject","inLanguage":"pt-PT","@id":"https:\/\/brasilnoticias.org\/site\/#\/schema\/logo\/image\/","url":"https:\/\/brasilnoticias.org\/site\/wp-content\/uploads\/2022\/05\/cropped-brasilnoticias-mini.jpg","contentUrl":"https:\/\/brasilnoticias.org\/site\/wp-content\/uploads\/2022\/05\/cropped-brasilnoticias-mini.jpg","width":314,"height":86,"caption":"Brasil not\u00edcias"},"image":{"@id":"https:\/\/brasilnoticias.org\/site\/#\/schema\/logo\/image\/"}},{"@type":"Person","@id":"https:\/\/brasilnoticias.org\/site\/#\/schema\/person\/03bbbfe6c7634ad18c26444ea39049fa","name":"Reda\u00e7\u00e3o","image":{"@type":"ImageObject","inLanguage":"pt-PT","@id":"https:\/\/brasilnoticias.org\/site\/#\/schema\/person\/image\/","url":"https:\/\/secure.gravatar.com\/avatar\/9ecaf7327a696cb23ad926fedded5f1f04d7049de9e445375d55b48c001a6e42?s=96&d=mm&r=g","contentUrl":"https:\/\/secure.gravatar.com\/avatar\/9ecaf7327a696cb23ad926fedded5f1f04d7049de9e445375d55b48c001a6e42?s=96&d=mm&r=g","caption":"Reda\u00e7\u00e3o"},"url":"https:\/\/brasilnoticias.org\/site\/author\/henrique\/"}]}},"_links":{"self":[{"href":"https:\/\/brasilnoticias.org\/site\/wp-json\/wp\/v2\/posts\/11622","targetHints":{"allow":["GET"]}}],"collection":[{"href":"https:\/\/brasilnoticias.org\/site\/wp-json\/wp\/v2\/posts"}],"about":[{"href":"https:\/\/brasilnoticias.org\/site\/wp-json\/wp\/v2\/types\/post"}],"author":[{"embeddable":true,"href":"https:\/\/brasilnoticias.org\/site\/wp-json\/wp\/v2\/users\/4"}],"replies":[{"embeddable":true,"href":"https:\/\/brasilnoticias.org\/site\/wp-json\/wp\/v2\/comments?post=11622"}],"version-history":[{"count":1,"href":"https:\/\/brasilnoticias.org\/site\/wp-json\/wp\/v2\/posts\/11622\/revisions"}],"predecessor-version":[{"id":11624,"href":"https:\/\/brasilnoticias.org\/site\/wp-json\/wp\/v2\/posts\/11622\/revisions\/11624"}],"wp:featuredmedia":[{"embeddable":true,"href":"https:\/\/brasilnoticias.org\/site\/wp-json\/wp\/v2\/media\/11623"}],"wp:attachment":[{"href":"https:\/\/brasilnoticias.org\/site\/wp-json\/wp\/v2\/media?parent=11622"}],"wp:term":[{"taxonomy":"category","embeddable":true,"href":"https:\/\/brasilnoticias.org\/site\/wp-json\/wp\/v2\/categories?post=11622"},{"taxonomy":"post_tag","embeddable":true,"href":"https:\/\/brasilnoticias.org\/site\/wp-json\/wp\/v2\/tags?post=11622"}],"curies":[{"name":"wp","href":"https:\/\/api.w.org\/{rel}","templated":true}]}}