{"id":1163,"date":"2022-08-14T21:52:29","date_gmt":"2022-08-15T00:52:29","guid":{"rendered":"https:\/\/brasilnoticias.org\/site\/?p=1163"},"modified":"2022-08-14T21:52:29","modified_gmt":"2022-08-15T00:52:29","slug":"politicos-baianos-revelam-caracteristicas-herdadas-dos-pais","status":"publish","type":"post","link":"https:\/\/brasilnoticias.org\/site\/politicos-baianos-revelam-caracteristicas-herdadas-dos-pais\/","title":{"rendered":"Pol\u00edticos baianos revelam caracter\u00edsticas herdadas dos pais"},"content":{"rendered":"<p>No\u00a0<a href=\"https:\/\/www.bnews.com.br\/tags\/dia-dos-pais\" target=\"_blank\" rel=\"noopener\">Dia dos Pais<\/a>, comemorado neste domingo (14), pol\u00edticos baianos prestaram homenagens e lembraram das caracter\u00edsticas que foram herdadas dos pais e fazem parte da \u2018ess\u00eancia\u2019 na vida p\u00fablica.<\/p>\n<p>O senador\u00a0<a href=\"https:\/\/www.bnews.com.br\/tags\/jaques-wagner\" target=\"_blank\" rel=\"noopener\">Jaques Wagner<\/a>\u00a0(PT), disse que o pai ensinou a ter coragem e lutar contra as injusti\u00e7as que acontecem na sociedade.<\/p>\n<p>Meu maior exemplo de coragem para enfrentar as injusti\u00e7as desse mundo. Hoje fico com a saudade, mas sigo em frente com as s\u00e1bias li\u00e7\u00f5es que sempre me ensinou. Um feliz Dia dos Pais para todos os pais da Bahia e do Brasil\u201d, disse Jaques Wagner.<\/p>\n<p>O candidato ao Senado na Bahia,\u00a0<a href=\"https:\/\/www.bnews.com.br\/tags\/caca-leao\" target=\"_blank\" rel=\"noopener\">Cac\u00e1 Le\u00e3o<\/a>\u00a0(PP), disse que o pai, o vice-governador Jo\u00e3o Le\u00e3o (PP), \u00e9 a refer\u00eancia para as suas a\u00e7\u00f5es na vida pessoal e pol\u00edtica.<\/p>\n<p>\u201cSempre tratei o cargo de deputado com a entrega necess\u00e1ria para exerc\u00ea-lo da melhor forma poss\u00edvel, buscando aprovar leis e recursos para beneficiar o estado. Me lembro muito bem de uma frase que meu pai, Jo\u00e3o Le\u00e3o, me disse na minha primeira elei\u00e7\u00e3o, e que carrego comigo at\u00e9 hoje: \u2018Voc\u00ea, a partir de agora, \u00e9 respons\u00e1vel por realizar os sonhos das pessoas. Lembre-se das expectativas que est\u00e3o depositando em voc\u00ea e cumpra com louvor essa obriga\u00e7\u00e3o que foi lhe dada pelo povo baiano, realize sonhos\u2019\u201d, escreveu Cac\u00e1 Le\u00e3o.<\/p>\n<p>A vice-prefeita de Salvador e vice da chapa de Ciro Gomes (PDT), Ana Paula Matos, lembrou que o pai sempre foi um incentivador da sua atua\u00e7\u00e3o pol\u00edtica.<\/p>\n<p>Meu pai, al\u00e9m de meu grande amigo \u00e9 meu maior incentivador, e com licen\u00e7a po\u00e9tica, posso dizer que \u00e9 meu maior f\u00e3. L\u00ea tudo, escuta tudo e chora de emo\u00e7\u00e3o com todos os meus fazeres profissionais e minhas entrevistas&#8221;, destacou Ana Paula Matos.<\/p>\n<p>A deputada federal pela Bahia,\u00a0<a href=\"https:\/\/www.bnews.com.br\/tags\/alice-portugal\" target=\"_blank\" rel=\"noopener\">Alice Portugal<\/a>\u00a0(PCdoB), disse que o pai foi o respons\u00e1vel por ensinar o jogo pol\u00edtico, em especial ap\u00f3s a partida da m\u00e3e. Ela destacou que todos os gostos pessoais e as a\u00e7\u00f5es da vida p\u00fablica sempre foram pautadas pela experiencia ao seu lado.<\/p>\n<p>\u201cNeste dia dos pais, quero homenagear a mem\u00f3ria de meu pai, sr Adal\u00edcio Portugal, que muito me ensinou sobre pol\u00edtica, mas tamb\u00e9m sobre humanidade. Pouca gente sabe, mas perdi minha m\u00e3e muito cedo por causa de um c\u00e2ncer, e foi meu pai, junto com minha irm\u00e3 mais velha, a Gladis e meu irm\u00e3o Claudius, que estiveram comigo nos momentos mais dolorosos. Com meu pai aprendi a lutar, mas tamb\u00e9m aprendi a vencer as adversidades. O gosto pela boa m\u00fasica, pelo futebol, a saber cultivar eternas amizades. Aprendi que a luta s\u00f3 faz sentido porque temos o outro\u201d, escreveu Alice Portugal.<\/p>\n<p>O vereador de Salvador,\u00a0<a href=\"https:\/\/www.bnews.com.br\/tags\/edvaldo-brito?page=1\" target=\"_blank\" rel=\"noopener\">Edvaldo Brito<\/a>\u00a0(PSD), da personalidade &#8216;rigorosa&#8217; que era caracter\u00edstica do pai e que moldou os valores tidos essenciais para a trajet\u00f3ria na pol\u00edtica baiana. O vereador aproveitou para fazer uma homenagem para a m\u00e9m\u00f3ria do seu pai.<\/p>\n<p>&#8220;Esse \u00e9 meu pai, Jo\u00e3o de Pomba, um operoso mestre de obras de Muritiba. Trabalhava muito, inclusive viajando, portanto s\u00f3 vinha para casa em datas festivas, como P\u00e1scoa, Natal, dentre outros. Seu rigor fora um tra\u00e7o que me marcou, e refletiu nos valores que procurei seguir na vida. Fa\u00e7o, neste Dia dos Pais, uma homenagem \u00e0 sua mem\u00f3ria&#8221;, disse Edvaldo Brito.<\/p>\n<p>A vereadora\u00a0<a href=\"https:\/\/www.bnews.com.br\/tags\/marta-rodrigues\" target=\"_blank\" rel=\"noopener\">Marta Rodrigues<\/a>\u00a0(PT) falou que tem entre os pontos aprendidos com o pai a coragem, amor e supera\u00e7\u00e3o. Al\u00e9m disso, a simplocidade \u00e9 algo que sempre levou como li\u00e7\u00e3o para a atua\u00e7\u00e3o p\u00fablica no estado.<\/p>\n<p>\u201cPai muito nos ensinou sobre a vida e a luta. Ziza, como era conhecido, foi um exemplo de coragem, amor e supera\u00e7\u00e3o. Carrego comigo os ensinamentos de um homem do campo que tinha muita sabedoria e simplicidade\u201d, destacou Marta Rodrigues.<\/p>\n<p>&nbsp;<\/p>\n<p>&nbsp;<\/p>\n<p>&nbsp;<\/p>\n<p>&nbsp;<\/p>\n<p>Bnews<\/p>\n","protected":false},"excerpt":{"rendered":"<p>No\u00a0Dia dos Pais, comemorado neste domingo (14), pol\u00edticos baianos prestaram homenagens e lembraram das caracter\u00edsticas que foram herdadas dos pais<\/p>\n","protected":false},"author":2,"featured_media":1164,"comment_status":"open","ping_status":"open","sticky":false,"template":"","format":"standard","meta":{"colormag_page_container_layout":"default_layout","colormag_page_sidebar_layout":"default_layout","_FSMCFIC_featured_image_caption":"","_FSMCFIC_featured_image_nocaption":"","_FSMCFIC_featured_image_hide":"","footnotes":""},"categories":[5,1],"tags":[],"class_list":["post-1163","post","type-post","status-publish","format-standard","has-post-thumbnail","hentry","category-politica","category-ultimas"],"yoast_head":"<!-- This site is optimized with the Yoast SEO plugin v27.1.1 - https:\/\/yoast.com\/product\/yoast-seo-wordpress\/ -->\n<title>Pol\u00edticos baianos revelam caracter\u00edsticas herdadas dos pais - Brasil not\u00edcias<\/title>\n<meta name=\"robots\" content=\"index, follow, max-snippet:-1, max-image-preview:large, max-video-preview:-1\" \/>\n<link rel=\"canonical\" href=\"https:\/\/brasilnoticias.org\/site\/politicos-baianos-revelam-caracteristicas-herdadas-dos-pais\/\" \/>\n<meta property=\"og:locale\" content=\"pt_PT\" \/>\n<meta property=\"og:type\" content=\"article\" \/>\n<meta property=\"og:title\" content=\"Pol\u00edticos baianos revelam caracter\u00edsticas herdadas dos pais - Brasil not\u00edcias\" \/>\n<meta property=\"og:description\" content=\"No\u00a0Dia dos Pais, comemorado neste domingo (14), pol\u00edticos baianos prestaram homenagens e lembraram das caracter\u00edsticas que foram herdadas dos pais\" \/>\n<meta property=\"og:url\" content=\"https:\/\/brasilnoticias.org\/site\/politicos-baianos-revelam-caracteristicas-herdadas-dos-pais\/\" \/>\n<meta property=\"og:site_name\" content=\"Brasil not\u00edcias\" \/>\n<meta property=\"article:published_time\" content=\"2022-08-15T00:52:29+00:00\" \/>\n<meta property=\"og:image\" content=\"https:\/\/brasilnoticias.org\/site\/wp-content\/uploads\/2022\/08\/1660514447760581_widelg.jpg\" \/>\n\t<meta property=\"og:image:width\" content=\"800\" \/>\n\t<meta property=\"og:image:height\" content=\"450\" \/>\n\t<meta property=\"og:image:type\" content=\"image\/jpeg\" \/>\n<meta name=\"author\" content=\"Reda\u00e7\u00e3o\" \/>\n<meta name=\"twitter:card\" content=\"summary_large_image\" \/>\n<meta name=\"twitter:label1\" content=\"Escrito por\" \/>\n\t<meta name=\"twitter:data1\" content=\"Reda\u00e7\u00e3o\" \/>\n\t<meta name=\"twitter:label2\" content=\"Tempo estimado de leitura\" \/>\n\t<meta name=\"twitter:data2\" content=\"3 minutos\" \/>\n<script type=\"application\/ld+json\" class=\"yoast-schema-graph\">{\"@context\":\"https:\/\/schema.org\",\"@graph\":[{\"@type\":\"Article\",\"@id\":\"https:\/\/brasilnoticias.org\/site\/politicos-baianos-revelam-caracteristicas-herdadas-dos-pais\/#article\",\"isPartOf\":{\"@id\":\"https:\/\/brasilnoticias.org\/site\/politicos-baianos-revelam-caracteristicas-herdadas-dos-pais\/\"},\"author\":{\"name\":\"Reda\u00e7\u00e3o\",\"@id\":\"https:\/\/brasilnoticias.org\/site\/#\/schema\/person\/f609fa847b5314f1c8b983342f34c798\"},\"headline\":\"Pol\u00edticos baianos revelam caracter\u00edsticas herdadas dos pais\",\"datePublished\":\"2022-08-15T00:52:29+00:00\",\"mainEntityOfPage\":{\"@id\":\"https:\/\/brasilnoticias.org\/site\/politicos-baianos-revelam-caracteristicas-herdadas-dos-pais\/\"},\"wordCount\":678,\"commentCount\":0,\"publisher\":{\"@id\":\"https:\/\/brasilnoticias.org\/site\/#organization\"},\"image\":{\"@id\":\"https:\/\/brasilnoticias.org\/site\/politicos-baianos-revelam-caracteristicas-herdadas-dos-pais\/#primaryimage\"},\"thumbnailUrl\":\"https:\/\/brasilnoticias.org\/site\/wp-content\/uploads\/2022\/08\/1660514447760581_widelg.jpg\",\"articleSection\":[\"Pol\u00edtica\",\"\u00daltimas\"],\"inLanguage\":\"pt-PT\",\"potentialAction\":[{\"@type\":\"CommentAction\",\"name\":\"Comment\",\"target\":[\"https:\/\/brasilnoticias.org\/site\/politicos-baianos-revelam-caracteristicas-herdadas-dos-pais\/#respond\"]}]},{\"@type\":\"WebPage\",\"@id\":\"https:\/\/brasilnoticias.org\/site\/politicos-baianos-revelam-caracteristicas-herdadas-dos-pais\/\",\"url\":\"https:\/\/brasilnoticias.org\/site\/politicos-baianos-revelam-caracteristicas-herdadas-dos-pais\/\",\"name\":\"Pol\u00edticos baianos revelam caracter\u00edsticas herdadas dos pais - Brasil not\u00edcias\",\"isPartOf\":{\"@id\":\"https:\/\/brasilnoticias.org\/site\/#website\"},\"primaryImageOfPage\":{\"@id\":\"https:\/\/brasilnoticias.org\/site\/politicos-baianos-revelam-caracteristicas-herdadas-dos-pais\/#primaryimage\"},\"image\":{\"@id\":\"https:\/\/brasilnoticias.org\/site\/politicos-baianos-revelam-caracteristicas-herdadas-dos-pais\/#primaryimage\"},\"thumbnailUrl\":\"https:\/\/brasilnoticias.org\/site\/wp-content\/uploads\/2022\/08\/1660514447760581_widelg.jpg\",\"datePublished\":\"2022-08-15T00:52:29+00:00\",\"breadcrumb\":{\"@id\":\"https:\/\/brasilnoticias.org\/site\/politicos-baianos-revelam-caracteristicas-herdadas-dos-pais\/#breadcrumb\"},\"inLanguage\":\"pt-PT\",\"potentialAction\":[{\"@type\":\"ReadAction\",\"target\":[\"https:\/\/brasilnoticias.org\/site\/politicos-baianos-revelam-caracteristicas-herdadas-dos-pais\/\"]}]},{\"@type\":\"ImageObject\",\"inLanguage\":\"pt-PT\",\"@id\":\"https:\/\/brasilnoticias.org\/site\/politicos-baianos-revelam-caracteristicas-herdadas-dos-pais\/#primaryimage\",\"url\":\"https:\/\/brasilnoticias.org\/site\/wp-content\/uploads\/2022\/08\/1660514447760581_widelg.jpg\",\"contentUrl\":\"https:\/\/brasilnoticias.org\/site\/wp-content\/uploads\/2022\/08\/1660514447760581_widelg.jpg\",\"width\":800,\"height\":450},{\"@type\":\"BreadcrumbList\",\"@id\":\"https:\/\/brasilnoticias.org\/site\/politicos-baianos-revelam-caracteristicas-herdadas-dos-pais\/#breadcrumb\",\"itemListElement\":[{\"@type\":\"ListItem\",\"position\":1,\"name\":\"In\u00edcio\",\"item\":\"https:\/\/brasilnoticias.org\/site\/\"},{\"@type\":\"ListItem\",\"position\":2,\"name\":\"Pol\u00edticos baianos revelam caracter\u00edsticas herdadas dos pais\"}]},{\"@type\":\"WebSite\",\"@id\":\"https:\/\/brasilnoticias.org\/site\/#website\",\"url\":\"https:\/\/brasilnoticias.org\/site\/\",\"name\":\"Brasil not\u00edcias\",\"description\":\"Brasil not\u00edcias\",\"publisher\":{\"@id\":\"https:\/\/brasilnoticias.org\/site\/#organization\"},\"potentialAction\":[{\"@type\":\"SearchAction\",\"target\":{\"@type\":\"EntryPoint\",\"urlTemplate\":\"https:\/\/brasilnoticias.org\/site\/?s={search_term_string}\"},\"query-input\":{\"@type\":\"PropertyValueSpecification\",\"valueRequired\":true,\"valueName\":\"search_term_string\"}}],\"inLanguage\":\"pt-PT\"},{\"@type\":\"Organization\",\"@id\":\"https:\/\/brasilnoticias.org\/site\/#organization\",\"name\":\"Brasil not\u00edcias\",\"url\":\"https:\/\/brasilnoticias.org\/site\/\",\"logo\":{\"@type\":\"ImageObject\",\"inLanguage\":\"pt-PT\",\"@id\":\"https:\/\/brasilnoticias.org\/site\/#\/schema\/logo\/image\/\",\"url\":\"https:\/\/brasilnoticias.org\/site\/wp-content\/uploads\/2022\/05\/cropped-brasilnoticias-mini.jpg\",\"contentUrl\":\"https:\/\/brasilnoticias.org\/site\/wp-content\/uploads\/2022\/05\/cropped-brasilnoticias-mini.jpg\",\"width\":314,\"height\":86,\"caption\":\"Brasil not\u00edcias\"},\"image\":{\"@id\":\"https:\/\/brasilnoticias.org\/site\/#\/schema\/logo\/image\/\"}},{\"@type\":\"Person\",\"@id\":\"https:\/\/brasilnoticias.org\/site\/#\/schema\/person\/f609fa847b5314f1c8b983342f34c798\",\"name\":\"Reda\u00e7\u00e3o\",\"image\":{\"@type\":\"ImageObject\",\"inLanguage\":\"pt-PT\",\"@id\":\"https:\/\/brasilnoticias.org\/site\/#\/schema\/person\/image\/\",\"url\":\"https:\/\/secure.gravatar.com\/avatar\/447284c06c1ad8b46465a36de9cd0d8326b73387a22799b8b1ffb1fbcff2ed0c?s=96&d=mm&r=g\",\"contentUrl\":\"https:\/\/secure.gravatar.com\/avatar\/447284c06c1ad8b46465a36de9cd0d8326b73387a22799b8b1ffb1fbcff2ed0c?s=96&d=mm&r=g\",\"caption\":\"Reda\u00e7\u00e3o\"},\"url\":\"https:\/\/brasilnoticias.org\/site\/author\/redacao\/\"}]}<\/script>\n<!-- \/ Yoast SEO plugin. -->","yoast_head_json":{"title":"Pol\u00edticos baianos revelam caracter\u00edsticas herdadas dos pais - Brasil not\u00edcias","robots":{"index":"index","follow":"follow","max-snippet":"max-snippet:-1","max-image-preview":"max-image-preview:large","max-video-preview":"max-video-preview:-1"},"canonical":"https:\/\/brasilnoticias.org\/site\/politicos-baianos-revelam-caracteristicas-herdadas-dos-pais\/","og_locale":"pt_PT","og_type":"article","og_title":"Pol\u00edticos baianos revelam caracter\u00edsticas herdadas dos pais - Brasil not\u00edcias","og_description":"No\u00a0Dia dos Pais, comemorado neste domingo (14), pol\u00edticos baianos prestaram homenagens e lembraram das caracter\u00edsticas que foram herdadas dos pais","og_url":"https:\/\/brasilnoticias.org\/site\/politicos-baianos-revelam-caracteristicas-herdadas-dos-pais\/","og_site_name":"Brasil not\u00edcias","article_published_time":"2022-08-15T00:52:29+00:00","og_image":[{"width":800,"height":450,"url":"https:\/\/brasilnoticias.org\/site\/wp-content\/uploads\/2022\/08\/1660514447760581_widelg.jpg","type":"image\/jpeg"}],"author":"Reda\u00e7\u00e3o","twitter_card":"summary_large_image","twitter_misc":{"Escrito por":"Reda\u00e7\u00e3o","Tempo estimado de leitura":"3 minutos"},"schema":{"@context":"https:\/\/schema.org","@graph":[{"@type":"Article","@id":"https:\/\/brasilnoticias.org\/site\/politicos-baianos-revelam-caracteristicas-herdadas-dos-pais\/#article","isPartOf":{"@id":"https:\/\/brasilnoticias.org\/site\/politicos-baianos-revelam-caracteristicas-herdadas-dos-pais\/"},"author":{"name":"Reda\u00e7\u00e3o","@id":"https:\/\/brasilnoticias.org\/site\/#\/schema\/person\/f609fa847b5314f1c8b983342f34c798"},"headline":"Pol\u00edticos baianos revelam caracter\u00edsticas herdadas dos pais","datePublished":"2022-08-15T00:52:29+00:00","mainEntityOfPage":{"@id":"https:\/\/brasilnoticias.org\/site\/politicos-baianos-revelam-caracteristicas-herdadas-dos-pais\/"},"wordCount":678,"commentCount":0,"publisher":{"@id":"https:\/\/brasilnoticias.org\/site\/#organization"},"image":{"@id":"https:\/\/brasilnoticias.org\/site\/politicos-baianos-revelam-caracteristicas-herdadas-dos-pais\/#primaryimage"},"thumbnailUrl":"https:\/\/brasilnoticias.org\/site\/wp-content\/uploads\/2022\/08\/1660514447760581_widelg.jpg","articleSection":["Pol\u00edtica","\u00daltimas"],"inLanguage":"pt-PT","potentialAction":[{"@type":"CommentAction","name":"Comment","target":["https:\/\/brasilnoticias.org\/site\/politicos-baianos-revelam-caracteristicas-herdadas-dos-pais\/#respond"]}]},{"@type":"WebPage","@id":"https:\/\/brasilnoticias.org\/site\/politicos-baianos-revelam-caracteristicas-herdadas-dos-pais\/","url":"https:\/\/brasilnoticias.org\/site\/politicos-baianos-revelam-caracteristicas-herdadas-dos-pais\/","name":"Pol\u00edticos baianos revelam caracter\u00edsticas herdadas dos pais - Brasil not\u00edcias","isPartOf":{"@id":"https:\/\/brasilnoticias.org\/site\/#website"},"primaryImageOfPage":{"@id":"https:\/\/brasilnoticias.org\/site\/politicos-baianos-revelam-caracteristicas-herdadas-dos-pais\/#primaryimage"},"image":{"@id":"https:\/\/brasilnoticias.org\/site\/politicos-baianos-revelam-caracteristicas-herdadas-dos-pais\/#primaryimage"},"thumbnailUrl":"https:\/\/brasilnoticias.org\/site\/wp-content\/uploads\/2022\/08\/1660514447760581_widelg.jpg","datePublished":"2022-08-15T00:52:29+00:00","breadcrumb":{"@id":"https:\/\/brasilnoticias.org\/site\/politicos-baianos-revelam-caracteristicas-herdadas-dos-pais\/#breadcrumb"},"inLanguage":"pt-PT","potentialAction":[{"@type":"ReadAction","target":["https:\/\/brasilnoticias.org\/site\/politicos-baianos-revelam-caracteristicas-herdadas-dos-pais\/"]}]},{"@type":"ImageObject","inLanguage":"pt-PT","@id":"https:\/\/brasilnoticias.org\/site\/politicos-baianos-revelam-caracteristicas-herdadas-dos-pais\/#primaryimage","url":"https:\/\/brasilnoticias.org\/site\/wp-content\/uploads\/2022\/08\/1660514447760581_widelg.jpg","contentUrl":"https:\/\/brasilnoticias.org\/site\/wp-content\/uploads\/2022\/08\/1660514447760581_widelg.jpg","width":800,"height":450},{"@type":"BreadcrumbList","@id":"https:\/\/brasilnoticias.org\/site\/politicos-baianos-revelam-caracteristicas-herdadas-dos-pais\/#breadcrumb","itemListElement":[{"@type":"ListItem","position":1,"name":"In\u00edcio","item":"https:\/\/brasilnoticias.org\/site\/"},{"@type":"ListItem","position":2,"name":"Pol\u00edticos baianos revelam caracter\u00edsticas herdadas dos pais"}]},{"@type":"WebSite","@id":"https:\/\/brasilnoticias.org\/site\/#website","url":"https:\/\/brasilnoticias.org\/site\/","name":"Brasil not\u00edcias","description":"Brasil not\u00edcias","publisher":{"@id":"https:\/\/brasilnoticias.org\/site\/#organization"},"potentialAction":[{"@type":"SearchAction","target":{"@type":"EntryPoint","urlTemplate":"https:\/\/brasilnoticias.org\/site\/?s={search_term_string}"},"query-input":{"@type":"PropertyValueSpecification","valueRequired":true,"valueName":"search_term_string"}}],"inLanguage":"pt-PT"},{"@type":"Organization","@id":"https:\/\/brasilnoticias.org\/site\/#organization","name":"Brasil not\u00edcias","url":"https:\/\/brasilnoticias.org\/site\/","logo":{"@type":"ImageObject","inLanguage":"pt-PT","@id":"https:\/\/brasilnoticias.org\/site\/#\/schema\/logo\/image\/","url":"https:\/\/brasilnoticias.org\/site\/wp-content\/uploads\/2022\/05\/cropped-brasilnoticias-mini.jpg","contentUrl":"https:\/\/brasilnoticias.org\/site\/wp-content\/uploads\/2022\/05\/cropped-brasilnoticias-mini.jpg","width":314,"height":86,"caption":"Brasil not\u00edcias"},"image":{"@id":"https:\/\/brasilnoticias.org\/site\/#\/schema\/logo\/image\/"}},{"@type":"Person","@id":"https:\/\/brasilnoticias.org\/site\/#\/schema\/person\/f609fa847b5314f1c8b983342f34c798","name":"Reda\u00e7\u00e3o","image":{"@type":"ImageObject","inLanguage":"pt-PT","@id":"https:\/\/brasilnoticias.org\/site\/#\/schema\/person\/image\/","url":"https:\/\/secure.gravatar.com\/avatar\/447284c06c1ad8b46465a36de9cd0d8326b73387a22799b8b1ffb1fbcff2ed0c?s=96&d=mm&r=g","contentUrl":"https:\/\/secure.gravatar.com\/avatar\/447284c06c1ad8b46465a36de9cd0d8326b73387a22799b8b1ffb1fbcff2ed0c?s=96&d=mm&r=g","caption":"Reda\u00e7\u00e3o"},"url":"https:\/\/brasilnoticias.org\/site\/author\/redacao\/"}]}},"_links":{"self":[{"href":"https:\/\/brasilnoticias.org\/site\/wp-json\/wp\/v2\/posts\/1163","targetHints":{"allow":["GET"]}}],"collection":[{"href":"https:\/\/brasilnoticias.org\/site\/wp-json\/wp\/v2\/posts"}],"about":[{"href":"https:\/\/brasilnoticias.org\/site\/wp-json\/wp\/v2\/types\/post"}],"author":[{"embeddable":true,"href":"https:\/\/brasilnoticias.org\/site\/wp-json\/wp\/v2\/users\/2"}],"replies":[{"embeddable":true,"href":"https:\/\/brasilnoticias.org\/site\/wp-json\/wp\/v2\/comments?post=1163"}],"version-history":[{"count":1,"href":"https:\/\/brasilnoticias.org\/site\/wp-json\/wp\/v2\/posts\/1163\/revisions"}],"predecessor-version":[{"id":1165,"href":"https:\/\/brasilnoticias.org\/site\/wp-json\/wp\/v2\/posts\/1163\/revisions\/1165"}],"wp:featuredmedia":[{"embeddable":true,"href":"https:\/\/brasilnoticias.org\/site\/wp-json\/wp\/v2\/media\/1164"}],"wp:attachment":[{"href":"https:\/\/brasilnoticias.org\/site\/wp-json\/wp\/v2\/media?parent=1163"}],"wp:term":[{"taxonomy":"category","embeddable":true,"href":"https:\/\/brasilnoticias.org\/site\/wp-json\/wp\/v2\/categories?post=1163"},{"taxonomy":"post_tag","embeddable":true,"href":"https:\/\/brasilnoticias.org\/site\/wp-json\/wp\/v2\/tags?post=1163"}],"curies":[{"name":"wp","href":"https:\/\/api.w.org\/{rel}","templated":true}]}}