{"id":11680,"date":"2023-12-15T20:41:13","date_gmt":"2023-12-15T23:41:13","guid":{"rendered":"https:\/\/brasilnoticias.org\/site\/?p=11680"},"modified":"2023-12-15T20:41:13","modified_gmt":"2023-12-15T23:41:13","slug":"deputado-da-ucrania-explode-granada-em-prefeitura-fere-mais-de-20-pessoas-e-provoca-morte","status":"publish","type":"post","link":"https:\/\/brasilnoticias.org\/site\/deputado-da-ucrania-explode-granada-em-prefeitura-fere-mais-de-20-pessoas-e-provoca-morte\/","title":{"rendered":"Deputado da Ucr\u00e2nia explode granada em prefeitura, fere mais de 20 pessoas e provoca morte"},"content":{"rendered":"<p>Ele invadiu uma reuni\u00e3o que acontecia na sede municipal da cidade de Transcarp\u00e1tia<\/p>\n<p>Um deputado da Ucr\u00e2nia invadiu uma reuni\u00e3o de uma prefeitura do pa\u00eds e explodiu tr\u00eas granadas, matando uma pessoa e ferindo outras 26, disse a Pol\u00edcia Nacional da Ucr\u00e2nia. O caso foi registrado pelas c\u00e2meras de seguran\u00e7a da prefeitura. O v\u00eddeo passou a ser compartilhado nas m\u00eddias sociais.<\/p>\n<p>O deputado entrou na sala enquanto um debate era mantido. Ele se posiciona em frente \u00e0 porta da sala e come\u00e7a a falar tamb\u00e9m, sem que os participantes prestem aten\u00e7\u00e3o. O pol\u00edtico ent\u00e3o tira a tampa de uma das granadas e a lan\u00e7a no ch\u00e3o, e repete a opera\u00e7\u00e3o com pelo menos outros dois explosivos.<\/p>\n<p>O pol\u00edtico foi identificado pela imprensa ucraniana como Serhii Batryn. Ele \u00e9 do mesmo partido do presidente ucraniano, Volodymyr Zelensky, que ainda n\u00e3o havia se manifestado at\u00e9 a \u00faltima atualiza\u00e7\u00e3o desta reportagem.<\/p>\n<p>Batryn, segundo meios locais, vinha fazendo v\u00eddeos se queixando de pol\u00edticos da cidade.<\/p>\n<p>Segundo as autoridades, 26 pessoas ficaram feridas, seis delas em estado grave. O jornal \u201cKyiv Times\u201d fala em um morto. O autor do crime tamb\u00e9m ficou ferido e, at\u00e9 a \u00faltima atualiza\u00e7\u00e3o desta reportagem, estava sendo tratado em um hospital, ainda de acordo com a pol\u00edcia.<\/p>\n<p>Investiga\u00e7\u00e3o<br \/>\nO Servi\u00e7o de Seguran\u00e7a da Ucr\u00e2nia abriu uma investiga\u00e7\u00e3o para apurar as motiva\u00e7\u00f5es do caso, que chocou o pa\u00eds mesmo em meio \u00e0 guerra contra a R\u00fassia.<\/p>\n<p>O ataque ocorreu na cidade de Transcarp\u00e1tia, na regi\u00e3o de Zakarpattia, no oeste da Ucr\u00e2nia.<\/p>\n<p>O ataque acontece no momento em que o governo ucraniano tenta angariar mais verbas de pa\u00edses do Ocidente para financiar a opera\u00e7\u00e3o de contraofensiva em territ\u00f3rios dominados por tropas russa na Ucr\u00e2nia.<\/p>\n<p>Nesta semana, o Congresso dos Estados Unidos n\u00e3o aprovou um pacote de mais US$ 100 bilh\u00f5es de ajuda militar para a Ucr\u00e2nia proposto pelo presidente norte-americano, Joe Biden.<\/p>\n<p>O financiamento da guerra da Ucr\u00e2nia tem tido cada vez mais resist\u00eancia entre deputados dos EUA, inclusive democratas, aliados de Biden.<\/p>\n<p>Foto: Reprodu\u00e7\u00e3o<br \/>\nFonte: G1<\/p>\n","protected":false},"excerpt":{"rendered":"<p>Ele invadiu uma reuni\u00e3o que acontecia na sede municipal da cidade de Transcarp\u00e1tia Um deputado da Ucr\u00e2nia invadiu uma reuni\u00e3o<\/p>\n","protected":false},"author":4,"featured_media":11681,"comment_status":"open","ping_status":"open","sticky":false,"template":"","format":"standard","meta":{"colormag_page_container_layout":"default_layout","colormag_page_sidebar_layout":"default_layout","_FSMCFIC_featured_image_caption":"","_FSMCFIC_featured_image_nocaption":"","_FSMCFIC_featured_image_hide":"","footnotes":""},"categories":[6,1],"tags":[],"class_list":["post-11680","post","type-post","status-publish","format-standard","has-post-thumbnail","hentry","category-mundo","category-ultimas"],"yoast_head":"<!-- This site is optimized with the Yoast SEO plugin v27.1.1 - https:\/\/yoast.com\/product\/yoast-seo-wordpress\/ -->\n<title>Deputado da Ucr\u00e2nia explode granada em prefeitura, fere mais de 20 pessoas e provoca morte - Brasil not\u00edcias<\/title>\n<meta name=\"robots\" content=\"index, follow, max-snippet:-1, max-image-preview:large, max-video-preview:-1\" \/>\n<link rel=\"canonical\" href=\"https:\/\/brasilnoticias.org\/site\/deputado-da-ucrania-explode-granada-em-prefeitura-fere-mais-de-20-pessoas-e-provoca-morte\/\" \/>\n<meta property=\"og:locale\" content=\"pt_PT\" \/>\n<meta property=\"og:type\" content=\"article\" \/>\n<meta property=\"og:title\" content=\"Deputado da Ucr\u00e2nia explode granada em prefeitura, fere mais de 20 pessoas e provoca morte - Brasil not\u00edcias\" \/>\n<meta property=\"og:description\" content=\"Ele invadiu uma reuni\u00e3o que acontecia na sede municipal da cidade de Transcarp\u00e1tia Um deputado da Ucr\u00e2nia invadiu uma reuni\u00e3o\" \/>\n<meta property=\"og:url\" content=\"https:\/\/brasilnoticias.org\/site\/deputado-da-ucrania-explode-granada-em-prefeitura-fere-mais-de-20-pessoas-e-provoca-morte\/\" \/>\n<meta property=\"og:site_name\" content=\"Brasil not\u00edcias\" \/>\n<meta property=\"article:published_time\" content=\"2023-12-15T23:41:13+00:00\" \/>\n<meta property=\"og:image\" content=\"https:\/\/brasilnoticias.org\/site\/wp-content\/uploads\/2023\/12\/bomba-e1702651954889-549x321-1.jpg\" \/>\n\t<meta property=\"og:image:width\" content=\"549\" \/>\n\t<meta property=\"og:image:height\" content=\"321\" \/>\n\t<meta property=\"og:image:type\" content=\"image\/jpeg\" \/>\n<meta name=\"author\" content=\"Reda\u00e7\u00e3o\" \/>\n<meta name=\"twitter:card\" content=\"summary_large_image\" \/>\n<meta name=\"twitter:label1\" content=\"Escrito por\" \/>\n\t<meta name=\"twitter:data1\" content=\"Reda\u00e7\u00e3o\" \/>\n<script type=\"application\/ld+json\" class=\"yoast-schema-graph\">{\"@context\":\"https:\/\/schema.org\",\"@graph\":[{\"@type\":\"Article\",\"@id\":\"https:\/\/brasilnoticias.org\/site\/deputado-da-ucrania-explode-granada-em-prefeitura-fere-mais-de-20-pessoas-e-provoca-morte\/#article\",\"isPartOf\":{\"@id\":\"https:\/\/brasilnoticias.org\/site\/deputado-da-ucrania-explode-granada-em-prefeitura-fere-mais-de-20-pessoas-e-provoca-morte\/\"},\"author\":{\"name\":\"Reda\u00e7\u00e3o\",\"@id\":\"https:\/\/brasilnoticias.org\/site\/#\/schema\/person\/03bbbfe6c7634ad18c26444ea39049fa\"},\"headline\":\"Deputado da Ucr\u00e2nia explode granada em prefeitura, fere mais de 20 pessoas e provoca morte\",\"datePublished\":\"2023-12-15T23:41:13+00:00\",\"mainEntityOfPage\":{\"@id\":\"https:\/\/brasilnoticias.org\/site\/deputado-da-ucrania-explode-granada-em-prefeitura-fere-mais-de-20-pessoas-e-provoca-morte\/\"},\"wordCount\":393,\"commentCount\":0,\"publisher\":{\"@id\":\"https:\/\/brasilnoticias.org\/site\/#organization\"},\"image\":{\"@id\":\"https:\/\/brasilnoticias.org\/site\/deputado-da-ucrania-explode-granada-em-prefeitura-fere-mais-de-20-pessoas-e-provoca-morte\/#primaryimage\"},\"thumbnailUrl\":\"https:\/\/brasilnoticias.org\/site\/wp-content\/uploads\/2023\/12\/bomba-e1702651954889-549x321-1.jpg\",\"articleSection\":[\"Mundo\",\"\u00daltimas\"],\"inLanguage\":\"pt-PT\",\"potentialAction\":[{\"@type\":\"CommentAction\",\"name\":\"Comment\",\"target\":[\"https:\/\/brasilnoticias.org\/site\/deputado-da-ucrania-explode-granada-em-prefeitura-fere-mais-de-20-pessoas-e-provoca-morte\/#respond\"]}]},{\"@type\":\"WebPage\",\"@id\":\"https:\/\/brasilnoticias.org\/site\/deputado-da-ucrania-explode-granada-em-prefeitura-fere-mais-de-20-pessoas-e-provoca-morte\/\",\"url\":\"https:\/\/brasilnoticias.org\/site\/deputado-da-ucrania-explode-granada-em-prefeitura-fere-mais-de-20-pessoas-e-provoca-morte\/\",\"name\":\"Deputado da Ucr\u00e2nia explode granada em prefeitura, fere mais de 20 pessoas e provoca morte - Brasil not\u00edcias\",\"isPartOf\":{\"@id\":\"https:\/\/brasilnoticias.org\/site\/#website\"},\"primaryImageOfPage\":{\"@id\":\"https:\/\/brasilnoticias.org\/site\/deputado-da-ucrania-explode-granada-em-prefeitura-fere-mais-de-20-pessoas-e-provoca-morte\/#primaryimage\"},\"image\":{\"@id\":\"https:\/\/brasilnoticias.org\/site\/deputado-da-ucrania-explode-granada-em-prefeitura-fere-mais-de-20-pessoas-e-provoca-morte\/#primaryimage\"},\"thumbnailUrl\":\"https:\/\/brasilnoticias.org\/site\/wp-content\/uploads\/2023\/12\/bomba-e1702651954889-549x321-1.jpg\",\"datePublished\":\"2023-12-15T23:41:13+00:00\",\"breadcrumb\":{\"@id\":\"https:\/\/brasilnoticias.org\/site\/deputado-da-ucrania-explode-granada-em-prefeitura-fere-mais-de-20-pessoas-e-provoca-morte\/#breadcrumb\"},\"inLanguage\":\"pt-PT\",\"potentialAction\":[{\"@type\":\"ReadAction\",\"target\":[\"https:\/\/brasilnoticias.org\/site\/deputado-da-ucrania-explode-granada-em-prefeitura-fere-mais-de-20-pessoas-e-provoca-morte\/\"]}]},{\"@type\":\"ImageObject\",\"inLanguage\":\"pt-PT\",\"@id\":\"https:\/\/brasilnoticias.org\/site\/deputado-da-ucrania-explode-granada-em-prefeitura-fere-mais-de-20-pessoas-e-provoca-morte\/#primaryimage\",\"url\":\"https:\/\/brasilnoticias.org\/site\/wp-content\/uploads\/2023\/12\/bomba-e1702651954889-549x321-1.jpg\",\"contentUrl\":\"https:\/\/brasilnoticias.org\/site\/wp-content\/uploads\/2023\/12\/bomba-e1702651954889-549x321-1.jpg\",\"width\":549,\"height\":321},{\"@type\":\"BreadcrumbList\",\"@id\":\"https:\/\/brasilnoticias.org\/site\/deputado-da-ucrania-explode-granada-em-prefeitura-fere-mais-de-20-pessoas-e-provoca-morte\/#breadcrumb\",\"itemListElement\":[{\"@type\":\"ListItem\",\"position\":1,\"name\":\"In\u00edcio\",\"item\":\"https:\/\/brasilnoticias.org\/site\/\"},{\"@type\":\"ListItem\",\"position\":2,\"name\":\"Deputado da Ucr\u00e2nia explode granada em prefeitura, fere mais de 20 pessoas e provoca morte\"}]},{\"@type\":\"WebSite\",\"@id\":\"https:\/\/brasilnoticias.org\/site\/#website\",\"url\":\"https:\/\/brasilnoticias.org\/site\/\",\"name\":\"Brasil not\u00edcias\",\"description\":\"Brasil not\u00edcias\",\"publisher\":{\"@id\":\"https:\/\/brasilnoticias.org\/site\/#organization\"},\"potentialAction\":[{\"@type\":\"SearchAction\",\"target\":{\"@type\":\"EntryPoint\",\"urlTemplate\":\"https:\/\/brasilnoticias.org\/site\/?s={search_term_string}\"},\"query-input\":{\"@type\":\"PropertyValueSpecification\",\"valueRequired\":true,\"valueName\":\"search_term_string\"}}],\"inLanguage\":\"pt-PT\"},{\"@type\":\"Organization\",\"@id\":\"https:\/\/brasilnoticias.org\/site\/#organization\",\"name\":\"Brasil not\u00edcias\",\"url\":\"https:\/\/brasilnoticias.org\/site\/\",\"logo\":{\"@type\":\"ImageObject\",\"inLanguage\":\"pt-PT\",\"@id\":\"https:\/\/brasilnoticias.org\/site\/#\/schema\/logo\/image\/\",\"url\":\"https:\/\/brasilnoticias.org\/site\/wp-content\/uploads\/2022\/05\/cropped-brasilnoticias-mini.jpg\",\"contentUrl\":\"https:\/\/brasilnoticias.org\/site\/wp-content\/uploads\/2022\/05\/cropped-brasilnoticias-mini.jpg\",\"width\":314,\"height\":86,\"caption\":\"Brasil not\u00edcias\"},\"image\":{\"@id\":\"https:\/\/brasilnoticias.org\/site\/#\/schema\/logo\/image\/\"}},{\"@type\":\"Person\",\"@id\":\"https:\/\/brasilnoticias.org\/site\/#\/schema\/person\/03bbbfe6c7634ad18c26444ea39049fa\",\"name\":\"Reda\u00e7\u00e3o\",\"image\":{\"@type\":\"ImageObject\",\"inLanguage\":\"pt-PT\",\"@id\":\"https:\/\/brasilnoticias.org\/site\/#\/schema\/person\/image\/\",\"url\":\"https:\/\/secure.gravatar.com\/avatar\/9ecaf7327a696cb23ad926fedded5f1f04d7049de9e445375d55b48c001a6e42?s=96&d=mm&r=g\",\"contentUrl\":\"https:\/\/secure.gravatar.com\/avatar\/9ecaf7327a696cb23ad926fedded5f1f04d7049de9e445375d55b48c001a6e42?s=96&d=mm&r=g\",\"caption\":\"Reda\u00e7\u00e3o\"},\"url\":\"https:\/\/brasilnoticias.org\/site\/author\/henrique\/\"}]}<\/script>\n<!-- \/ Yoast SEO plugin. -->","yoast_head_json":{"title":"Deputado da Ucr\u00e2nia explode granada em prefeitura, fere mais de 20 pessoas e provoca morte - Brasil not\u00edcias","robots":{"index":"index","follow":"follow","max-snippet":"max-snippet:-1","max-image-preview":"max-image-preview:large","max-video-preview":"max-video-preview:-1"},"canonical":"https:\/\/brasilnoticias.org\/site\/deputado-da-ucrania-explode-granada-em-prefeitura-fere-mais-de-20-pessoas-e-provoca-morte\/","og_locale":"pt_PT","og_type":"article","og_title":"Deputado da Ucr\u00e2nia explode granada em prefeitura, fere mais de 20 pessoas e provoca morte - Brasil not\u00edcias","og_description":"Ele invadiu uma reuni\u00e3o que acontecia na sede municipal da cidade de Transcarp\u00e1tia Um deputado da Ucr\u00e2nia invadiu uma reuni\u00e3o","og_url":"https:\/\/brasilnoticias.org\/site\/deputado-da-ucrania-explode-granada-em-prefeitura-fere-mais-de-20-pessoas-e-provoca-morte\/","og_site_name":"Brasil not\u00edcias","article_published_time":"2023-12-15T23:41:13+00:00","og_image":[{"width":549,"height":321,"url":"https:\/\/brasilnoticias.org\/site\/wp-content\/uploads\/2023\/12\/bomba-e1702651954889-549x321-1.jpg","type":"image\/jpeg"}],"author":"Reda\u00e7\u00e3o","twitter_card":"summary_large_image","twitter_misc":{"Escrito por":"Reda\u00e7\u00e3o"},"schema":{"@context":"https:\/\/schema.org","@graph":[{"@type":"Article","@id":"https:\/\/brasilnoticias.org\/site\/deputado-da-ucrania-explode-granada-em-prefeitura-fere-mais-de-20-pessoas-e-provoca-morte\/#article","isPartOf":{"@id":"https:\/\/brasilnoticias.org\/site\/deputado-da-ucrania-explode-granada-em-prefeitura-fere-mais-de-20-pessoas-e-provoca-morte\/"},"author":{"name":"Reda\u00e7\u00e3o","@id":"https:\/\/brasilnoticias.org\/site\/#\/schema\/person\/03bbbfe6c7634ad18c26444ea39049fa"},"headline":"Deputado da Ucr\u00e2nia explode granada em prefeitura, fere mais de 20 pessoas e provoca morte","datePublished":"2023-12-15T23:41:13+00:00","mainEntityOfPage":{"@id":"https:\/\/brasilnoticias.org\/site\/deputado-da-ucrania-explode-granada-em-prefeitura-fere-mais-de-20-pessoas-e-provoca-morte\/"},"wordCount":393,"commentCount":0,"publisher":{"@id":"https:\/\/brasilnoticias.org\/site\/#organization"},"image":{"@id":"https:\/\/brasilnoticias.org\/site\/deputado-da-ucrania-explode-granada-em-prefeitura-fere-mais-de-20-pessoas-e-provoca-morte\/#primaryimage"},"thumbnailUrl":"https:\/\/brasilnoticias.org\/site\/wp-content\/uploads\/2023\/12\/bomba-e1702651954889-549x321-1.jpg","articleSection":["Mundo","\u00daltimas"],"inLanguage":"pt-PT","potentialAction":[{"@type":"CommentAction","name":"Comment","target":["https:\/\/brasilnoticias.org\/site\/deputado-da-ucrania-explode-granada-em-prefeitura-fere-mais-de-20-pessoas-e-provoca-morte\/#respond"]}]},{"@type":"WebPage","@id":"https:\/\/brasilnoticias.org\/site\/deputado-da-ucrania-explode-granada-em-prefeitura-fere-mais-de-20-pessoas-e-provoca-morte\/","url":"https:\/\/brasilnoticias.org\/site\/deputado-da-ucrania-explode-granada-em-prefeitura-fere-mais-de-20-pessoas-e-provoca-morte\/","name":"Deputado da Ucr\u00e2nia explode granada em prefeitura, fere mais de 20 pessoas e provoca morte - Brasil not\u00edcias","isPartOf":{"@id":"https:\/\/brasilnoticias.org\/site\/#website"},"primaryImageOfPage":{"@id":"https:\/\/brasilnoticias.org\/site\/deputado-da-ucrania-explode-granada-em-prefeitura-fere-mais-de-20-pessoas-e-provoca-morte\/#primaryimage"},"image":{"@id":"https:\/\/brasilnoticias.org\/site\/deputado-da-ucrania-explode-granada-em-prefeitura-fere-mais-de-20-pessoas-e-provoca-morte\/#primaryimage"},"thumbnailUrl":"https:\/\/brasilnoticias.org\/site\/wp-content\/uploads\/2023\/12\/bomba-e1702651954889-549x321-1.jpg","datePublished":"2023-12-15T23:41:13+00:00","breadcrumb":{"@id":"https:\/\/brasilnoticias.org\/site\/deputado-da-ucrania-explode-granada-em-prefeitura-fere-mais-de-20-pessoas-e-provoca-morte\/#breadcrumb"},"inLanguage":"pt-PT","potentialAction":[{"@type":"ReadAction","target":["https:\/\/brasilnoticias.org\/site\/deputado-da-ucrania-explode-granada-em-prefeitura-fere-mais-de-20-pessoas-e-provoca-morte\/"]}]},{"@type":"ImageObject","inLanguage":"pt-PT","@id":"https:\/\/brasilnoticias.org\/site\/deputado-da-ucrania-explode-granada-em-prefeitura-fere-mais-de-20-pessoas-e-provoca-morte\/#primaryimage","url":"https:\/\/brasilnoticias.org\/site\/wp-content\/uploads\/2023\/12\/bomba-e1702651954889-549x321-1.jpg","contentUrl":"https:\/\/brasilnoticias.org\/site\/wp-content\/uploads\/2023\/12\/bomba-e1702651954889-549x321-1.jpg","width":549,"height":321},{"@type":"BreadcrumbList","@id":"https:\/\/brasilnoticias.org\/site\/deputado-da-ucrania-explode-granada-em-prefeitura-fere-mais-de-20-pessoas-e-provoca-morte\/#breadcrumb","itemListElement":[{"@type":"ListItem","position":1,"name":"In\u00edcio","item":"https:\/\/brasilnoticias.org\/site\/"},{"@type":"ListItem","position":2,"name":"Deputado da Ucr\u00e2nia explode granada em prefeitura, fere mais de 20 pessoas e provoca morte"}]},{"@type":"WebSite","@id":"https:\/\/brasilnoticias.org\/site\/#website","url":"https:\/\/brasilnoticias.org\/site\/","name":"Brasil not\u00edcias","description":"Brasil not\u00edcias","publisher":{"@id":"https:\/\/brasilnoticias.org\/site\/#organization"},"potentialAction":[{"@type":"SearchAction","target":{"@type":"EntryPoint","urlTemplate":"https:\/\/brasilnoticias.org\/site\/?s={search_term_string}"},"query-input":{"@type":"PropertyValueSpecification","valueRequired":true,"valueName":"search_term_string"}}],"inLanguage":"pt-PT"},{"@type":"Organization","@id":"https:\/\/brasilnoticias.org\/site\/#organization","name":"Brasil not\u00edcias","url":"https:\/\/brasilnoticias.org\/site\/","logo":{"@type":"ImageObject","inLanguage":"pt-PT","@id":"https:\/\/brasilnoticias.org\/site\/#\/schema\/logo\/image\/","url":"https:\/\/brasilnoticias.org\/site\/wp-content\/uploads\/2022\/05\/cropped-brasilnoticias-mini.jpg","contentUrl":"https:\/\/brasilnoticias.org\/site\/wp-content\/uploads\/2022\/05\/cropped-brasilnoticias-mini.jpg","width":314,"height":86,"caption":"Brasil not\u00edcias"},"image":{"@id":"https:\/\/brasilnoticias.org\/site\/#\/schema\/logo\/image\/"}},{"@type":"Person","@id":"https:\/\/brasilnoticias.org\/site\/#\/schema\/person\/03bbbfe6c7634ad18c26444ea39049fa","name":"Reda\u00e7\u00e3o","image":{"@type":"ImageObject","inLanguage":"pt-PT","@id":"https:\/\/brasilnoticias.org\/site\/#\/schema\/person\/image\/","url":"https:\/\/secure.gravatar.com\/avatar\/9ecaf7327a696cb23ad926fedded5f1f04d7049de9e445375d55b48c001a6e42?s=96&d=mm&r=g","contentUrl":"https:\/\/secure.gravatar.com\/avatar\/9ecaf7327a696cb23ad926fedded5f1f04d7049de9e445375d55b48c001a6e42?s=96&d=mm&r=g","caption":"Reda\u00e7\u00e3o"},"url":"https:\/\/brasilnoticias.org\/site\/author\/henrique\/"}]}},"_links":{"self":[{"href":"https:\/\/brasilnoticias.org\/site\/wp-json\/wp\/v2\/posts\/11680","targetHints":{"allow":["GET"]}}],"collection":[{"href":"https:\/\/brasilnoticias.org\/site\/wp-json\/wp\/v2\/posts"}],"about":[{"href":"https:\/\/brasilnoticias.org\/site\/wp-json\/wp\/v2\/types\/post"}],"author":[{"embeddable":true,"href":"https:\/\/brasilnoticias.org\/site\/wp-json\/wp\/v2\/users\/4"}],"replies":[{"embeddable":true,"href":"https:\/\/brasilnoticias.org\/site\/wp-json\/wp\/v2\/comments?post=11680"}],"version-history":[{"count":1,"href":"https:\/\/brasilnoticias.org\/site\/wp-json\/wp\/v2\/posts\/11680\/revisions"}],"predecessor-version":[{"id":11682,"href":"https:\/\/brasilnoticias.org\/site\/wp-json\/wp\/v2\/posts\/11680\/revisions\/11682"}],"wp:featuredmedia":[{"embeddable":true,"href":"https:\/\/brasilnoticias.org\/site\/wp-json\/wp\/v2\/media\/11681"}],"wp:attachment":[{"href":"https:\/\/brasilnoticias.org\/site\/wp-json\/wp\/v2\/media?parent=11680"}],"wp:term":[{"taxonomy":"category","embeddable":true,"href":"https:\/\/brasilnoticias.org\/site\/wp-json\/wp\/v2\/categories?post=11680"},{"taxonomy":"post_tag","embeddable":true,"href":"https:\/\/brasilnoticias.org\/site\/wp-json\/wp\/v2\/tags?post=11680"}],"curies":[{"name":"wp","href":"https:\/\/api.w.org\/{rel}","templated":true}]}}