{"id":11686,"date":"2023-12-15T20:44:02","date_gmt":"2023-12-15T23:44:02","guid":{"rendered":"https:\/\/brasilnoticias.org\/site\/?p=11686"},"modified":"2023-12-15T20:44:38","modified_gmt":"2023-12-15T23:44:38","slug":"tourinho-diz-que-secult-atendera-as-recomendacoes-do-mp-ba-sobre-carnaval-no-sto-antonio","status":"publish","type":"post","link":"https:\/\/brasilnoticias.org\/site\/tourinho-diz-que-secult-atendera-as-recomendacoes-do-mp-ba-sobre-carnaval-no-sto-antonio\/","title":{"rendered":"Tourinho diz que Secult atender\u00e1 as recomenda\u00e7\u00f5es do MP-BA sobre Carnaval no Sto Ant\u00f4nio"},"content":{"rendered":"<p>A declara\u00e7\u00e3o foi feita ao secret\u00e1rio de Cultura e Turismo de Salvador, nesta sexta-feira (15)<\/p>\n<p>O secret\u00e1rio de Cultura e Turismo de Salvador, Pedro Tourinho, comentou, nesta sexta-feira (15), a recomenda\u00e7\u00e3o do Minist\u00e9rio P\u00fablico da Bahia (MP-BA) \u00e0 Prefeitura de Salvador sobre mudan\u00e7as na organiza\u00e7\u00e3o de 2024 do Carnaval no bairro de Santo Ant\u00f4nio Al\u00e9m do Carmo.<\/p>\n<p>&#8220;Os blocos do Santo Ant\u00f4nio do Carmo s\u00e3o muito importantes para a cultura de nossa cidade. Recebemos a comunica\u00e7\u00e3o do Minist\u00e9rio P\u00fablico e estamos trabalhando em todas as recomenda\u00e7\u00f5es indicadas. Vamos nos pr\u00f3ximos dias conversar com as partes envolvidas para encontrar solu\u00e7\u00f5es em conjunto. Estamos trabalhando nisso em di\u00e1logos tamb\u00e9m com Governo do Estado, IPAC [Instituto do Patrim\u00f4nio Art\u00edstico e Cultural da Bahia] e Iphan [Instituto do Patrim\u00f3nio Hist\u00f3rico e Art\u00edstico Nacional]\u201d, disse Tourinho ao Metro1.<\/p>\n<p>No parecer, enviado no \u00faltimo dia 7 de dezembro, o MP-BA indicou que o Munic\u00edpio \u201cobserve\u201d a legisla\u00e7\u00e3o em rela\u00e7\u00e3o aos hor\u00e1rios dos eventos e aos n\u00edveis de ru\u00eddo no Santo Ant\u00f4nio, evitando que os desfiles dos blocos aconte\u00e7am nas mesmas datas de eventos de grande ades\u00e3o popular, como o Carnaval, tornando poss\u00edvel o livre acesso de pessoas e ve\u00edculos nas quadras residenciais do bairro.<\/p>\n<p>O MP-BA tamb\u00e9m pediu a redu\u00e7\u00e3o do n\u00famero de participantes dos blocos. Em caso de impossibilidade, que seja realizada ent\u00e3o a diminui\u00e7\u00e3o do n\u00famero de agremia\u00e7\u00f5es carnavalescas que participar\u00e3o dos desfiles. Blocos como De Hoje a Oito, Urso da Meia Noite e Gravata Doida s\u00e3o conhecidos por sa\u00edrem pelo bairro.<\/p>\n<p><strong>Foto: Divulga\u00e7\u00e3o<\/strong><br \/>\n<strong>Por: Metro1<\/strong><\/p>\n","protected":false},"excerpt":{"rendered":"<p>A declara\u00e7\u00e3o foi feita ao secret\u00e1rio de Cultura e Turismo de Salvador, nesta sexta-feira (15) O secret\u00e1rio de Cultura e<\/p>\n","protected":false},"author":4,"featured_media":11687,"comment_status":"open","ping_status":"open","sticky":false,"template":"","format":"standard","meta":{"colormag_page_container_layout":"default_layout","colormag_page_sidebar_layout":"default_layout","_FSMCFIC_featured_image_caption":"","_FSMCFIC_featured_image_nocaption":"","_FSMCFIC_featured_image_hide":"","footnotes":""},"categories":[5,1],"tags":[],"class_list":["post-11686","post","type-post","status-publish","format-standard","has-post-thumbnail","hentry","category-politica","category-ultimas"],"yoast_head":"<!-- This site is optimized with the Yoast SEO plugin v27.1.1 - https:\/\/yoast.com\/product\/yoast-seo-wordpress\/ -->\n<title>Tourinho diz que Secult atender\u00e1 as recomenda\u00e7\u00f5es do MP-BA sobre Carnaval no Sto Ant\u00f4nio - Brasil not\u00edcias<\/title>\n<meta name=\"robots\" content=\"index, follow, max-snippet:-1, max-image-preview:large, max-video-preview:-1\" \/>\n<link rel=\"canonical\" href=\"https:\/\/brasilnoticias.org\/site\/tourinho-diz-que-secult-atendera-as-recomendacoes-do-mp-ba-sobre-carnaval-no-sto-antonio\/\" \/>\n<meta property=\"og:locale\" content=\"pt_PT\" \/>\n<meta property=\"og:type\" content=\"article\" \/>\n<meta property=\"og:title\" content=\"Tourinho diz que Secult atender\u00e1 as recomenda\u00e7\u00f5es do MP-BA sobre Carnaval no Sto Ant\u00f4nio - Brasil not\u00edcias\" \/>\n<meta property=\"og:description\" content=\"A declara\u00e7\u00e3o foi feita ao secret\u00e1rio de Cultura e Turismo de Salvador, nesta sexta-feira (15) O secret\u00e1rio de Cultura e\" \/>\n<meta property=\"og:url\" content=\"https:\/\/brasilnoticias.org\/site\/tourinho-diz-que-secult-atendera-as-recomendacoes-do-mp-ba-sobre-carnaval-no-sto-antonio\/\" \/>\n<meta property=\"og:site_name\" content=\"Brasil not\u00edcias\" \/>\n<meta property=\"article:published_time\" content=\"2023-12-15T23:44:02+00:00\" \/>\n<meta property=\"article:modified_time\" content=\"2023-12-15T23:44:38+00:00\" \/>\n<meta property=\"og:image\" content=\"https:\/\/brasilnoticias.org\/site\/wp-content\/uploads\/2023\/12\/144280tourinho-diz-que-secult-atendera-as-recomendacoes-do-mp-ba-sobre-carnaval-no-sto-antonio-3.jpg\" \/>\n\t<meta property=\"og:image:width\" content=\"1600\" \/>\n\t<meta property=\"og:image:height\" content=\"752\" \/>\n\t<meta property=\"og:image:type\" content=\"image\/jpeg\" \/>\n<meta name=\"author\" content=\"Reda\u00e7\u00e3o\" \/>\n<meta name=\"twitter:card\" content=\"summary_large_image\" \/>\n<meta name=\"twitter:label1\" content=\"Escrito por\" \/>\n\t<meta name=\"twitter:data1\" content=\"Reda\u00e7\u00e3o\" \/>\n\t<meta name=\"twitter:label2\" content=\"Tempo estimado de leitura\" \/>\n\t<meta name=\"twitter:data2\" content=\"2 minutos\" \/>\n<script type=\"application\/ld+json\" class=\"yoast-schema-graph\">{\"@context\":\"https:\/\/schema.org\",\"@graph\":[{\"@type\":\"Article\",\"@id\":\"https:\/\/brasilnoticias.org\/site\/tourinho-diz-que-secult-atendera-as-recomendacoes-do-mp-ba-sobre-carnaval-no-sto-antonio\/#article\",\"isPartOf\":{\"@id\":\"https:\/\/brasilnoticias.org\/site\/tourinho-diz-que-secult-atendera-as-recomendacoes-do-mp-ba-sobre-carnaval-no-sto-antonio\/\"},\"author\":{\"name\":\"Reda\u00e7\u00e3o\",\"@id\":\"https:\/\/brasilnoticias.org\/site\/#\/schema\/person\/03bbbfe6c7634ad18c26444ea39049fa\"},\"headline\":\"Tourinho diz que Secult atender\u00e1 as recomenda\u00e7\u00f5es do MP-BA sobre Carnaval no Sto Ant\u00f4nio\",\"datePublished\":\"2023-12-15T23:44:02+00:00\",\"dateModified\":\"2023-12-15T23:44:38+00:00\",\"mainEntityOfPage\":{\"@id\":\"https:\/\/brasilnoticias.org\/site\/tourinho-diz-que-secult-atendera-as-recomendacoes-do-mp-ba-sobre-carnaval-no-sto-antonio\/\"},\"wordCount\":310,\"commentCount\":0,\"publisher\":{\"@id\":\"https:\/\/brasilnoticias.org\/site\/#organization\"},\"image\":{\"@id\":\"https:\/\/brasilnoticias.org\/site\/tourinho-diz-que-secult-atendera-as-recomendacoes-do-mp-ba-sobre-carnaval-no-sto-antonio\/#primaryimage\"},\"thumbnailUrl\":\"https:\/\/brasilnoticias.org\/site\/wp-content\/uploads\/2023\/12\/144280tourinho-diz-que-secult-atendera-as-recomendacoes-do-mp-ba-sobre-carnaval-no-sto-antonio-3.jpg\",\"articleSection\":[\"Pol\u00edtica\",\"\u00daltimas\"],\"inLanguage\":\"pt-PT\",\"potentialAction\":[{\"@type\":\"CommentAction\",\"name\":\"Comment\",\"target\":[\"https:\/\/brasilnoticias.org\/site\/tourinho-diz-que-secult-atendera-as-recomendacoes-do-mp-ba-sobre-carnaval-no-sto-antonio\/#respond\"]}]},{\"@type\":\"WebPage\",\"@id\":\"https:\/\/brasilnoticias.org\/site\/tourinho-diz-que-secult-atendera-as-recomendacoes-do-mp-ba-sobre-carnaval-no-sto-antonio\/\",\"url\":\"https:\/\/brasilnoticias.org\/site\/tourinho-diz-que-secult-atendera-as-recomendacoes-do-mp-ba-sobre-carnaval-no-sto-antonio\/\",\"name\":\"Tourinho diz que Secult atender\u00e1 as recomenda\u00e7\u00f5es do MP-BA sobre Carnaval no Sto Ant\u00f4nio - Brasil not\u00edcias\",\"isPartOf\":{\"@id\":\"https:\/\/brasilnoticias.org\/site\/#website\"},\"primaryImageOfPage\":{\"@id\":\"https:\/\/brasilnoticias.org\/site\/tourinho-diz-que-secult-atendera-as-recomendacoes-do-mp-ba-sobre-carnaval-no-sto-antonio\/#primaryimage\"},\"image\":{\"@id\":\"https:\/\/brasilnoticias.org\/site\/tourinho-diz-que-secult-atendera-as-recomendacoes-do-mp-ba-sobre-carnaval-no-sto-antonio\/#primaryimage\"},\"thumbnailUrl\":\"https:\/\/brasilnoticias.org\/site\/wp-content\/uploads\/2023\/12\/144280tourinho-diz-que-secult-atendera-as-recomendacoes-do-mp-ba-sobre-carnaval-no-sto-antonio-3.jpg\",\"datePublished\":\"2023-12-15T23:44:02+00:00\",\"dateModified\":\"2023-12-15T23:44:38+00:00\",\"breadcrumb\":{\"@id\":\"https:\/\/brasilnoticias.org\/site\/tourinho-diz-que-secult-atendera-as-recomendacoes-do-mp-ba-sobre-carnaval-no-sto-antonio\/#breadcrumb\"},\"inLanguage\":\"pt-PT\",\"potentialAction\":[{\"@type\":\"ReadAction\",\"target\":[\"https:\/\/brasilnoticias.org\/site\/tourinho-diz-que-secult-atendera-as-recomendacoes-do-mp-ba-sobre-carnaval-no-sto-antonio\/\"]}]},{\"@type\":\"ImageObject\",\"inLanguage\":\"pt-PT\",\"@id\":\"https:\/\/brasilnoticias.org\/site\/tourinho-diz-que-secult-atendera-as-recomendacoes-do-mp-ba-sobre-carnaval-no-sto-antonio\/#primaryimage\",\"url\":\"https:\/\/brasilnoticias.org\/site\/wp-content\/uploads\/2023\/12\/144280tourinho-diz-que-secult-atendera-as-recomendacoes-do-mp-ba-sobre-carnaval-no-sto-antonio-3.jpg\",\"contentUrl\":\"https:\/\/brasilnoticias.org\/site\/wp-content\/uploads\/2023\/12\/144280tourinho-diz-que-secult-atendera-as-recomendacoes-do-mp-ba-sobre-carnaval-no-sto-antonio-3.jpg\",\"width\":1600,\"height\":752},{\"@type\":\"BreadcrumbList\",\"@id\":\"https:\/\/brasilnoticias.org\/site\/tourinho-diz-que-secult-atendera-as-recomendacoes-do-mp-ba-sobre-carnaval-no-sto-antonio\/#breadcrumb\",\"itemListElement\":[{\"@type\":\"ListItem\",\"position\":1,\"name\":\"In\u00edcio\",\"item\":\"https:\/\/brasilnoticias.org\/site\/\"},{\"@type\":\"ListItem\",\"position\":2,\"name\":\"Tourinho diz que Secult atender\u00e1 as recomenda\u00e7\u00f5es do MP-BA sobre Carnaval no Sto Ant\u00f4nio\"}]},{\"@type\":\"WebSite\",\"@id\":\"https:\/\/brasilnoticias.org\/site\/#website\",\"url\":\"https:\/\/brasilnoticias.org\/site\/\",\"name\":\"Brasil not\u00edcias\",\"description\":\"Brasil not\u00edcias\",\"publisher\":{\"@id\":\"https:\/\/brasilnoticias.org\/site\/#organization\"},\"potentialAction\":[{\"@type\":\"SearchAction\",\"target\":{\"@type\":\"EntryPoint\",\"urlTemplate\":\"https:\/\/brasilnoticias.org\/site\/?s={search_term_string}\"},\"query-input\":{\"@type\":\"PropertyValueSpecification\",\"valueRequired\":true,\"valueName\":\"search_term_string\"}}],\"inLanguage\":\"pt-PT\"},{\"@type\":\"Organization\",\"@id\":\"https:\/\/brasilnoticias.org\/site\/#organization\",\"name\":\"Brasil not\u00edcias\",\"url\":\"https:\/\/brasilnoticias.org\/site\/\",\"logo\":{\"@type\":\"ImageObject\",\"inLanguage\":\"pt-PT\",\"@id\":\"https:\/\/brasilnoticias.org\/site\/#\/schema\/logo\/image\/\",\"url\":\"https:\/\/brasilnoticias.org\/site\/wp-content\/uploads\/2022\/05\/cropped-brasilnoticias-mini.jpg\",\"contentUrl\":\"https:\/\/brasilnoticias.org\/site\/wp-content\/uploads\/2022\/05\/cropped-brasilnoticias-mini.jpg\",\"width\":314,\"height\":86,\"caption\":\"Brasil not\u00edcias\"},\"image\":{\"@id\":\"https:\/\/brasilnoticias.org\/site\/#\/schema\/logo\/image\/\"}},{\"@type\":\"Person\",\"@id\":\"https:\/\/brasilnoticias.org\/site\/#\/schema\/person\/03bbbfe6c7634ad18c26444ea39049fa\",\"name\":\"Reda\u00e7\u00e3o\",\"image\":{\"@type\":\"ImageObject\",\"inLanguage\":\"pt-PT\",\"@id\":\"https:\/\/brasilnoticias.org\/site\/#\/schema\/person\/image\/\",\"url\":\"https:\/\/secure.gravatar.com\/avatar\/9ecaf7327a696cb23ad926fedded5f1f04d7049de9e445375d55b48c001a6e42?s=96&d=mm&r=g\",\"contentUrl\":\"https:\/\/secure.gravatar.com\/avatar\/9ecaf7327a696cb23ad926fedded5f1f04d7049de9e445375d55b48c001a6e42?s=96&d=mm&r=g\",\"caption\":\"Reda\u00e7\u00e3o\"},\"url\":\"https:\/\/brasilnoticias.org\/site\/author\/henrique\/\"}]}<\/script>\n<!-- \/ Yoast SEO plugin. -->","yoast_head_json":{"title":"Tourinho diz que Secult atender\u00e1 as recomenda\u00e7\u00f5es do MP-BA sobre Carnaval no Sto Ant\u00f4nio - Brasil not\u00edcias","robots":{"index":"index","follow":"follow","max-snippet":"max-snippet:-1","max-image-preview":"max-image-preview:large","max-video-preview":"max-video-preview:-1"},"canonical":"https:\/\/brasilnoticias.org\/site\/tourinho-diz-que-secult-atendera-as-recomendacoes-do-mp-ba-sobre-carnaval-no-sto-antonio\/","og_locale":"pt_PT","og_type":"article","og_title":"Tourinho diz que Secult atender\u00e1 as recomenda\u00e7\u00f5es do MP-BA sobre Carnaval no Sto Ant\u00f4nio - Brasil not\u00edcias","og_description":"A declara\u00e7\u00e3o foi feita ao secret\u00e1rio de Cultura e Turismo de Salvador, nesta sexta-feira (15) O secret\u00e1rio de Cultura e","og_url":"https:\/\/brasilnoticias.org\/site\/tourinho-diz-que-secult-atendera-as-recomendacoes-do-mp-ba-sobre-carnaval-no-sto-antonio\/","og_site_name":"Brasil not\u00edcias","article_published_time":"2023-12-15T23:44:02+00:00","article_modified_time":"2023-12-15T23:44:38+00:00","og_image":[{"width":1600,"height":752,"url":"https:\/\/brasilnoticias.org\/site\/wp-content\/uploads\/2023\/12\/144280tourinho-diz-que-secult-atendera-as-recomendacoes-do-mp-ba-sobre-carnaval-no-sto-antonio-3.jpg","type":"image\/jpeg"}],"author":"Reda\u00e7\u00e3o","twitter_card":"summary_large_image","twitter_misc":{"Escrito por":"Reda\u00e7\u00e3o","Tempo estimado de leitura":"2 minutos"},"schema":{"@context":"https:\/\/schema.org","@graph":[{"@type":"Article","@id":"https:\/\/brasilnoticias.org\/site\/tourinho-diz-que-secult-atendera-as-recomendacoes-do-mp-ba-sobre-carnaval-no-sto-antonio\/#article","isPartOf":{"@id":"https:\/\/brasilnoticias.org\/site\/tourinho-diz-que-secult-atendera-as-recomendacoes-do-mp-ba-sobre-carnaval-no-sto-antonio\/"},"author":{"name":"Reda\u00e7\u00e3o","@id":"https:\/\/brasilnoticias.org\/site\/#\/schema\/person\/03bbbfe6c7634ad18c26444ea39049fa"},"headline":"Tourinho diz que Secult atender\u00e1 as recomenda\u00e7\u00f5es do MP-BA sobre Carnaval no Sto Ant\u00f4nio","datePublished":"2023-12-15T23:44:02+00:00","dateModified":"2023-12-15T23:44:38+00:00","mainEntityOfPage":{"@id":"https:\/\/brasilnoticias.org\/site\/tourinho-diz-que-secult-atendera-as-recomendacoes-do-mp-ba-sobre-carnaval-no-sto-antonio\/"},"wordCount":310,"commentCount":0,"publisher":{"@id":"https:\/\/brasilnoticias.org\/site\/#organization"},"image":{"@id":"https:\/\/brasilnoticias.org\/site\/tourinho-diz-que-secult-atendera-as-recomendacoes-do-mp-ba-sobre-carnaval-no-sto-antonio\/#primaryimage"},"thumbnailUrl":"https:\/\/brasilnoticias.org\/site\/wp-content\/uploads\/2023\/12\/144280tourinho-diz-que-secult-atendera-as-recomendacoes-do-mp-ba-sobre-carnaval-no-sto-antonio-3.jpg","articleSection":["Pol\u00edtica","\u00daltimas"],"inLanguage":"pt-PT","potentialAction":[{"@type":"CommentAction","name":"Comment","target":["https:\/\/brasilnoticias.org\/site\/tourinho-diz-que-secult-atendera-as-recomendacoes-do-mp-ba-sobre-carnaval-no-sto-antonio\/#respond"]}]},{"@type":"WebPage","@id":"https:\/\/brasilnoticias.org\/site\/tourinho-diz-que-secult-atendera-as-recomendacoes-do-mp-ba-sobre-carnaval-no-sto-antonio\/","url":"https:\/\/brasilnoticias.org\/site\/tourinho-diz-que-secult-atendera-as-recomendacoes-do-mp-ba-sobre-carnaval-no-sto-antonio\/","name":"Tourinho diz que Secult atender\u00e1 as recomenda\u00e7\u00f5es do MP-BA sobre Carnaval no Sto Ant\u00f4nio - Brasil not\u00edcias","isPartOf":{"@id":"https:\/\/brasilnoticias.org\/site\/#website"},"primaryImageOfPage":{"@id":"https:\/\/brasilnoticias.org\/site\/tourinho-diz-que-secult-atendera-as-recomendacoes-do-mp-ba-sobre-carnaval-no-sto-antonio\/#primaryimage"},"image":{"@id":"https:\/\/brasilnoticias.org\/site\/tourinho-diz-que-secult-atendera-as-recomendacoes-do-mp-ba-sobre-carnaval-no-sto-antonio\/#primaryimage"},"thumbnailUrl":"https:\/\/brasilnoticias.org\/site\/wp-content\/uploads\/2023\/12\/144280tourinho-diz-que-secult-atendera-as-recomendacoes-do-mp-ba-sobre-carnaval-no-sto-antonio-3.jpg","datePublished":"2023-12-15T23:44:02+00:00","dateModified":"2023-12-15T23:44:38+00:00","breadcrumb":{"@id":"https:\/\/brasilnoticias.org\/site\/tourinho-diz-que-secult-atendera-as-recomendacoes-do-mp-ba-sobre-carnaval-no-sto-antonio\/#breadcrumb"},"inLanguage":"pt-PT","potentialAction":[{"@type":"ReadAction","target":["https:\/\/brasilnoticias.org\/site\/tourinho-diz-que-secult-atendera-as-recomendacoes-do-mp-ba-sobre-carnaval-no-sto-antonio\/"]}]},{"@type":"ImageObject","inLanguage":"pt-PT","@id":"https:\/\/brasilnoticias.org\/site\/tourinho-diz-que-secult-atendera-as-recomendacoes-do-mp-ba-sobre-carnaval-no-sto-antonio\/#primaryimage","url":"https:\/\/brasilnoticias.org\/site\/wp-content\/uploads\/2023\/12\/144280tourinho-diz-que-secult-atendera-as-recomendacoes-do-mp-ba-sobre-carnaval-no-sto-antonio-3.jpg","contentUrl":"https:\/\/brasilnoticias.org\/site\/wp-content\/uploads\/2023\/12\/144280tourinho-diz-que-secult-atendera-as-recomendacoes-do-mp-ba-sobre-carnaval-no-sto-antonio-3.jpg","width":1600,"height":752},{"@type":"BreadcrumbList","@id":"https:\/\/brasilnoticias.org\/site\/tourinho-diz-que-secult-atendera-as-recomendacoes-do-mp-ba-sobre-carnaval-no-sto-antonio\/#breadcrumb","itemListElement":[{"@type":"ListItem","position":1,"name":"In\u00edcio","item":"https:\/\/brasilnoticias.org\/site\/"},{"@type":"ListItem","position":2,"name":"Tourinho diz que Secult atender\u00e1 as recomenda\u00e7\u00f5es do MP-BA sobre Carnaval no Sto Ant\u00f4nio"}]},{"@type":"WebSite","@id":"https:\/\/brasilnoticias.org\/site\/#website","url":"https:\/\/brasilnoticias.org\/site\/","name":"Brasil not\u00edcias","description":"Brasil not\u00edcias","publisher":{"@id":"https:\/\/brasilnoticias.org\/site\/#organization"},"potentialAction":[{"@type":"SearchAction","target":{"@type":"EntryPoint","urlTemplate":"https:\/\/brasilnoticias.org\/site\/?s={search_term_string}"},"query-input":{"@type":"PropertyValueSpecification","valueRequired":true,"valueName":"search_term_string"}}],"inLanguage":"pt-PT"},{"@type":"Organization","@id":"https:\/\/brasilnoticias.org\/site\/#organization","name":"Brasil not\u00edcias","url":"https:\/\/brasilnoticias.org\/site\/","logo":{"@type":"ImageObject","inLanguage":"pt-PT","@id":"https:\/\/brasilnoticias.org\/site\/#\/schema\/logo\/image\/","url":"https:\/\/brasilnoticias.org\/site\/wp-content\/uploads\/2022\/05\/cropped-brasilnoticias-mini.jpg","contentUrl":"https:\/\/brasilnoticias.org\/site\/wp-content\/uploads\/2022\/05\/cropped-brasilnoticias-mini.jpg","width":314,"height":86,"caption":"Brasil not\u00edcias"},"image":{"@id":"https:\/\/brasilnoticias.org\/site\/#\/schema\/logo\/image\/"}},{"@type":"Person","@id":"https:\/\/brasilnoticias.org\/site\/#\/schema\/person\/03bbbfe6c7634ad18c26444ea39049fa","name":"Reda\u00e7\u00e3o","image":{"@type":"ImageObject","inLanguage":"pt-PT","@id":"https:\/\/brasilnoticias.org\/site\/#\/schema\/person\/image\/","url":"https:\/\/secure.gravatar.com\/avatar\/9ecaf7327a696cb23ad926fedded5f1f04d7049de9e445375d55b48c001a6e42?s=96&d=mm&r=g","contentUrl":"https:\/\/secure.gravatar.com\/avatar\/9ecaf7327a696cb23ad926fedded5f1f04d7049de9e445375d55b48c001a6e42?s=96&d=mm&r=g","caption":"Reda\u00e7\u00e3o"},"url":"https:\/\/brasilnoticias.org\/site\/author\/henrique\/"}]}},"_links":{"self":[{"href":"https:\/\/brasilnoticias.org\/site\/wp-json\/wp\/v2\/posts\/11686","targetHints":{"allow":["GET"]}}],"collection":[{"href":"https:\/\/brasilnoticias.org\/site\/wp-json\/wp\/v2\/posts"}],"about":[{"href":"https:\/\/brasilnoticias.org\/site\/wp-json\/wp\/v2\/types\/post"}],"author":[{"embeddable":true,"href":"https:\/\/brasilnoticias.org\/site\/wp-json\/wp\/v2\/users\/4"}],"replies":[{"embeddable":true,"href":"https:\/\/brasilnoticias.org\/site\/wp-json\/wp\/v2\/comments?post=11686"}],"version-history":[{"count":2,"href":"https:\/\/brasilnoticias.org\/site\/wp-json\/wp\/v2\/posts\/11686\/revisions"}],"predecessor-version":[{"id":11689,"href":"https:\/\/brasilnoticias.org\/site\/wp-json\/wp\/v2\/posts\/11686\/revisions\/11689"}],"wp:featuredmedia":[{"embeddable":true,"href":"https:\/\/brasilnoticias.org\/site\/wp-json\/wp\/v2\/media\/11687"}],"wp:attachment":[{"href":"https:\/\/brasilnoticias.org\/site\/wp-json\/wp\/v2\/media?parent=11686"}],"wp:term":[{"taxonomy":"category","embeddable":true,"href":"https:\/\/brasilnoticias.org\/site\/wp-json\/wp\/v2\/categories?post=11686"},{"taxonomy":"post_tag","embeddable":true,"href":"https:\/\/brasilnoticias.org\/site\/wp-json\/wp\/v2\/tags?post=11686"}],"curies":[{"name":"wp","href":"https:\/\/api.w.org\/{rel}","templated":true}]}}