{"id":11690,"date":"2023-12-16T05:00:25","date_gmt":"2023-12-16T08:00:25","guid":{"rendered":"https:\/\/brasilnoticias.org\/site\/?p=11690"},"modified":"2023-12-15T20:47:18","modified_gmt":"2023-12-15T23:47:18","slug":"carro-do-ze-gotinha-chega-a-regiao-metropolitana-de-salvador-nesta-segunda-feira-18","status":"publish","type":"post","link":"https:\/\/brasilnoticias.org\/site\/carro-do-ze-gotinha-chega-a-regiao-metropolitana-de-salvador-nesta-segunda-feira-18\/","title":{"rendered":"Carro do Z\u00e9 Gotinha chega a Regi\u00e3o Metropolitana de Salvador nesta segunda-feira (18)"},"content":{"rendered":"<p>A\u00e7\u00e3o faz parte da Campanha de Multivacina\u00e7\u00e3o e segue at\u00e9 o dia 20 de dezembro<\/p>\n<p>Nesta segunda-feira (18\/12), Lauro de Freitas, munic\u00edpio da Regi\u00e3o Metropolitana de Salvador, vai receber a Campanha de Multivacina\u00e7\u00e3o com a presen\u00e7a do Carro do Z\u00e9 Gotinha. A a\u00e7\u00e3o vai seguir at\u00e9 a quarta-feira (20\/12), das 8h \u00e0s 15h30, em diversos pontos da cidade.<\/p>\n<p>O objetivo da campanha tem como foco principal completar a caderneta de vacina\u00e7\u00e3o de crian\u00e7as e adolescentes menores de 15 anos, mas tamb\u00e9m ser\u00e1 disponibilizado vacinas de Covid e Influenza para o p\u00fablico eletivo. Para participar da a\u00e7\u00e3o, \u00e9 necess\u00e1rio levar  o cart\u00e3o SUS, um documento de identifica\u00e7\u00e3o com foto e CPF e a pr\u00f3pria caderneta de vacina. Para o caso dos menores de idade, os pais precisam estar presentes no momento da vacina\u00e7\u00e3o.<\/p>\n<p>Confira abaixo os bairros que o Carro do Z\u00e9 Gotinha passar\u00e1:<\/p>\n<p>Segunda-feira (18\/12)<br \/>\n\u2013 Chafariz<br \/>\n\u2013 Vila Mar<\/p>\n<p>Ter\u00e7a-feira (19\/12)<br \/>\n\u2013 Port\u00e3o (\u00e1rea da Boca da Mata)<br \/>\n\u2013 Avenida Santos Dumont<\/p>\n<p>Quarta-feira (20\/12)<br \/>\n\u2013 Itinga (\u00e1rea Parque S\u00e3o Paulo)<br \/>\n\u2013 Jardim Centen\u00e1rio<\/p>\n<p><strong>Foto: Divulga\u00e7\u00e3o<\/strong><br \/>\n<strong>Aratu On<\/strong><\/p>\n","protected":false},"excerpt":{"rendered":"<p>A\u00e7\u00e3o faz parte da Campanha de Multivacina\u00e7\u00e3o e segue at\u00e9 o dia 20 de dezembro Nesta segunda-feira (18\/12), Lauro de<\/p>\n","protected":false},"author":4,"featured_media":11691,"comment_status":"open","ping_status":"open","sticky":false,"template":"","format":"standard","meta":{"colormag_page_container_layout":"default_layout","colormag_page_sidebar_layout":"default_layout","_FSMCFIC_featured_image_caption":"","_FSMCFIC_featured_image_nocaption":"","_FSMCFIC_featured_image_hide":"","footnotes":""},"categories":[2,1],"tags":[],"class_list":["post-11690","post","type-post","status-publish","format-standard","has-post-thumbnail","hentry","category-noticias","category-ultimas"],"yoast_head":"<!-- This site is optimized with the Yoast SEO plugin v27.1.1 - https:\/\/yoast.com\/product\/yoast-seo-wordpress\/ -->\n<title>Carro do Z\u00e9 Gotinha chega a Regi\u00e3o Metropolitana de Salvador nesta segunda-feira (18) - Brasil not\u00edcias<\/title>\n<meta name=\"robots\" content=\"index, follow, max-snippet:-1, max-image-preview:large, max-video-preview:-1\" \/>\n<link rel=\"canonical\" href=\"https:\/\/brasilnoticias.org\/site\/carro-do-ze-gotinha-chega-a-regiao-metropolitana-de-salvador-nesta-segunda-feira-18\/\" \/>\n<meta property=\"og:locale\" content=\"pt_PT\" \/>\n<meta property=\"og:type\" content=\"article\" \/>\n<meta property=\"og:title\" content=\"Carro do Z\u00e9 Gotinha chega a Regi\u00e3o Metropolitana de Salvador nesta segunda-feira (18) - Brasil not\u00edcias\" \/>\n<meta property=\"og:description\" content=\"A\u00e7\u00e3o faz parte da Campanha de Multivacina\u00e7\u00e3o e segue at\u00e9 o dia 20 de dezembro Nesta segunda-feira (18\/12), Lauro de\" \/>\n<meta property=\"og:url\" content=\"https:\/\/brasilnoticias.org\/site\/carro-do-ze-gotinha-chega-a-regiao-metropolitana-de-salvador-nesta-segunda-feira-18\/\" \/>\n<meta property=\"og:site_name\" content=\"Brasil not\u00edcias\" \/>\n<meta property=\"article:published_time\" content=\"2023-12-16T08:00:25+00:00\" \/>\n<meta property=\"og:image\" content=\"https:\/\/brasilnoticias.org\/site\/wp-content\/uploads\/2023\/12\/ze-gotinha-divulgacao.jpg\" \/>\n\t<meta property=\"og:image:width\" content=\"740\" \/>\n\t<meta property=\"og:image:height\" content=\"470\" \/>\n\t<meta property=\"og:image:type\" content=\"image\/jpeg\" \/>\n<meta name=\"author\" content=\"Reda\u00e7\u00e3o\" \/>\n<meta name=\"twitter:card\" content=\"summary_large_image\" \/>\n<meta name=\"twitter:label1\" content=\"Escrito por\" \/>\n\t<meta name=\"twitter:data1\" content=\"Reda\u00e7\u00e3o\" \/>\n\t<meta name=\"twitter:label2\" content=\"Tempo estimado de leitura\" \/>\n\t<meta name=\"twitter:data2\" content=\"1 minuto\" \/>\n<script type=\"application\/ld+json\" class=\"yoast-schema-graph\">{\"@context\":\"https:\/\/schema.org\",\"@graph\":[{\"@type\":\"Article\",\"@id\":\"https:\/\/brasilnoticias.org\/site\/carro-do-ze-gotinha-chega-a-regiao-metropolitana-de-salvador-nesta-segunda-feira-18\/#article\",\"isPartOf\":{\"@id\":\"https:\/\/brasilnoticias.org\/site\/carro-do-ze-gotinha-chega-a-regiao-metropolitana-de-salvador-nesta-segunda-feira-18\/\"},\"author\":{\"name\":\"Reda\u00e7\u00e3o\",\"@id\":\"https:\/\/brasilnoticias.org\/site\/#\/schema\/person\/03bbbfe6c7634ad18c26444ea39049fa\"},\"headline\":\"Carro do Z\u00e9 Gotinha chega a Regi\u00e3o Metropolitana de Salvador nesta segunda-feira (18)\",\"datePublished\":\"2023-12-16T08:00:25+00:00\",\"mainEntityOfPage\":{\"@id\":\"https:\/\/brasilnoticias.org\/site\/carro-do-ze-gotinha-chega-a-regiao-metropolitana-de-salvador-nesta-segunda-feira-18\/\"},\"wordCount\":199,\"commentCount\":0,\"publisher\":{\"@id\":\"https:\/\/brasilnoticias.org\/site\/#organization\"},\"image\":{\"@id\":\"https:\/\/brasilnoticias.org\/site\/carro-do-ze-gotinha-chega-a-regiao-metropolitana-de-salvador-nesta-segunda-feira-18\/#primaryimage\"},\"thumbnailUrl\":\"https:\/\/brasilnoticias.org\/site\/wp-content\/uploads\/2023\/12\/ze-gotinha-divulgacao.jpg\",\"articleSection\":[\"Not\u00edcias\",\"\u00daltimas\"],\"inLanguage\":\"pt-PT\",\"potentialAction\":[{\"@type\":\"CommentAction\",\"name\":\"Comment\",\"target\":[\"https:\/\/brasilnoticias.org\/site\/carro-do-ze-gotinha-chega-a-regiao-metropolitana-de-salvador-nesta-segunda-feira-18\/#respond\"]}]},{\"@type\":\"WebPage\",\"@id\":\"https:\/\/brasilnoticias.org\/site\/carro-do-ze-gotinha-chega-a-regiao-metropolitana-de-salvador-nesta-segunda-feira-18\/\",\"url\":\"https:\/\/brasilnoticias.org\/site\/carro-do-ze-gotinha-chega-a-regiao-metropolitana-de-salvador-nesta-segunda-feira-18\/\",\"name\":\"Carro do Z\u00e9 Gotinha chega a Regi\u00e3o Metropolitana de Salvador nesta segunda-feira (18) - Brasil not\u00edcias\",\"isPartOf\":{\"@id\":\"https:\/\/brasilnoticias.org\/site\/#website\"},\"primaryImageOfPage\":{\"@id\":\"https:\/\/brasilnoticias.org\/site\/carro-do-ze-gotinha-chega-a-regiao-metropolitana-de-salvador-nesta-segunda-feira-18\/#primaryimage\"},\"image\":{\"@id\":\"https:\/\/brasilnoticias.org\/site\/carro-do-ze-gotinha-chega-a-regiao-metropolitana-de-salvador-nesta-segunda-feira-18\/#primaryimage\"},\"thumbnailUrl\":\"https:\/\/brasilnoticias.org\/site\/wp-content\/uploads\/2023\/12\/ze-gotinha-divulgacao.jpg\",\"datePublished\":\"2023-12-16T08:00:25+00:00\",\"breadcrumb\":{\"@id\":\"https:\/\/brasilnoticias.org\/site\/carro-do-ze-gotinha-chega-a-regiao-metropolitana-de-salvador-nesta-segunda-feira-18\/#breadcrumb\"},\"inLanguage\":\"pt-PT\",\"potentialAction\":[{\"@type\":\"ReadAction\",\"target\":[\"https:\/\/brasilnoticias.org\/site\/carro-do-ze-gotinha-chega-a-regiao-metropolitana-de-salvador-nesta-segunda-feira-18\/\"]}]},{\"@type\":\"ImageObject\",\"inLanguage\":\"pt-PT\",\"@id\":\"https:\/\/brasilnoticias.org\/site\/carro-do-ze-gotinha-chega-a-regiao-metropolitana-de-salvador-nesta-segunda-feira-18\/#primaryimage\",\"url\":\"https:\/\/brasilnoticias.org\/site\/wp-content\/uploads\/2023\/12\/ze-gotinha-divulgacao.jpg\",\"contentUrl\":\"https:\/\/brasilnoticias.org\/site\/wp-content\/uploads\/2023\/12\/ze-gotinha-divulgacao.jpg\",\"width\":740,\"height\":470},{\"@type\":\"BreadcrumbList\",\"@id\":\"https:\/\/brasilnoticias.org\/site\/carro-do-ze-gotinha-chega-a-regiao-metropolitana-de-salvador-nesta-segunda-feira-18\/#breadcrumb\",\"itemListElement\":[{\"@type\":\"ListItem\",\"position\":1,\"name\":\"In\u00edcio\",\"item\":\"https:\/\/brasilnoticias.org\/site\/\"},{\"@type\":\"ListItem\",\"position\":2,\"name\":\"Carro do Z\u00e9 Gotinha chega a Regi\u00e3o Metropolitana de Salvador nesta segunda-feira (18)\"}]},{\"@type\":\"WebSite\",\"@id\":\"https:\/\/brasilnoticias.org\/site\/#website\",\"url\":\"https:\/\/brasilnoticias.org\/site\/\",\"name\":\"Brasil not\u00edcias\",\"description\":\"Brasil not\u00edcias\",\"publisher\":{\"@id\":\"https:\/\/brasilnoticias.org\/site\/#organization\"},\"potentialAction\":[{\"@type\":\"SearchAction\",\"target\":{\"@type\":\"EntryPoint\",\"urlTemplate\":\"https:\/\/brasilnoticias.org\/site\/?s={search_term_string}\"},\"query-input\":{\"@type\":\"PropertyValueSpecification\",\"valueRequired\":true,\"valueName\":\"search_term_string\"}}],\"inLanguage\":\"pt-PT\"},{\"@type\":\"Organization\",\"@id\":\"https:\/\/brasilnoticias.org\/site\/#organization\",\"name\":\"Brasil not\u00edcias\",\"url\":\"https:\/\/brasilnoticias.org\/site\/\",\"logo\":{\"@type\":\"ImageObject\",\"inLanguage\":\"pt-PT\",\"@id\":\"https:\/\/brasilnoticias.org\/site\/#\/schema\/logo\/image\/\",\"url\":\"https:\/\/brasilnoticias.org\/site\/wp-content\/uploads\/2022\/05\/cropped-brasilnoticias-mini.jpg\",\"contentUrl\":\"https:\/\/brasilnoticias.org\/site\/wp-content\/uploads\/2022\/05\/cropped-brasilnoticias-mini.jpg\",\"width\":314,\"height\":86,\"caption\":\"Brasil not\u00edcias\"},\"image\":{\"@id\":\"https:\/\/brasilnoticias.org\/site\/#\/schema\/logo\/image\/\"}},{\"@type\":\"Person\",\"@id\":\"https:\/\/brasilnoticias.org\/site\/#\/schema\/person\/03bbbfe6c7634ad18c26444ea39049fa\",\"name\":\"Reda\u00e7\u00e3o\",\"image\":{\"@type\":\"ImageObject\",\"inLanguage\":\"pt-PT\",\"@id\":\"https:\/\/brasilnoticias.org\/site\/#\/schema\/person\/image\/\",\"url\":\"https:\/\/secure.gravatar.com\/avatar\/9ecaf7327a696cb23ad926fedded5f1f04d7049de9e445375d55b48c001a6e42?s=96&d=mm&r=g\",\"contentUrl\":\"https:\/\/secure.gravatar.com\/avatar\/9ecaf7327a696cb23ad926fedded5f1f04d7049de9e445375d55b48c001a6e42?s=96&d=mm&r=g\",\"caption\":\"Reda\u00e7\u00e3o\"},\"url\":\"https:\/\/brasilnoticias.org\/site\/author\/henrique\/\"}]}<\/script>\n<!-- \/ Yoast SEO plugin. -->","yoast_head_json":{"title":"Carro do Z\u00e9 Gotinha chega a Regi\u00e3o Metropolitana de Salvador nesta segunda-feira (18) - Brasil not\u00edcias","robots":{"index":"index","follow":"follow","max-snippet":"max-snippet:-1","max-image-preview":"max-image-preview:large","max-video-preview":"max-video-preview:-1"},"canonical":"https:\/\/brasilnoticias.org\/site\/carro-do-ze-gotinha-chega-a-regiao-metropolitana-de-salvador-nesta-segunda-feira-18\/","og_locale":"pt_PT","og_type":"article","og_title":"Carro do Z\u00e9 Gotinha chega a Regi\u00e3o Metropolitana de Salvador nesta segunda-feira (18) - Brasil not\u00edcias","og_description":"A\u00e7\u00e3o faz parte da Campanha de Multivacina\u00e7\u00e3o e segue at\u00e9 o dia 20 de dezembro Nesta segunda-feira (18\/12), Lauro de","og_url":"https:\/\/brasilnoticias.org\/site\/carro-do-ze-gotinha-chega-a-regiao-metropolitana-de-salvador-nesta-segunda-feira-18\/","og_site_name":"Brasil not\u00edcias","article_published_time":"2023-12-16T08:00:25+00:00","og_image":[{"width":740,"height":470,"url":"https:\/\/brasilnoticias.org\/site\/wp-content\/uploads\/2023\/12\/ze-gotinha-divulgacao.jpg","type":"image\/jpeg"}],"author":"Reda\u00e7\u00e3o","twitter_card":"summary_large_image","twitter_misc":{"Escrito por":"Reda\u00e7\u00e3o","Tempo estimado de leitura":"1 minuto"},"schema":{"@context":"https:\/\/schema.org","@graph":[{"@type":"Article","@id":"https:\/\/brasilnoticias.org\/site\/carro-do-ze-gotinha-chega-a-regiao-metropolitana-de-salvador-nesta-segunda-feira-18\/#article","isPartOf":{"@id":"https:\/\/brasilnoticias.org\/site\/carro-do-ze-gotinha-chega-a-regiao-metropolitana-de-salvador-nesta-segunda-feira-18\/"},"author":{"name":"Reda\u00e7\u00e3o","@id":"https:\/\/brasilnoticias.org\/site\/#\/schema\/person\/03bbbfe6c7634ad18c26444ea39049fa"},"headline":"Carro do Z\u00e9 Gotinha chega a Regi\u00e3o Metropolitana de Salvador nesta segunda-feira (18)","datePublished":"2023-12-16T08:00:25+00:00","mainEntityOfPage":{"@id":"https:\/\/brasilnoticias.org\/site\/carro-do-ze-gotinha-chega-a-regiao-metropolitana-de-salvador-nesta-segunda-feira-18\/"},"wordCount":199,"commentCount":0,"publisher":{"@id":"https:\/\/brasilnoticias.org\/site\/#organization"},"image":{"@id":"https:\/\/brasilnoticias.org\/site\/carro-do-ze-gotinha-chega-a-regiao-metropolitana-de-salvador-nesta-segunda-feira-18\/#primaryimage"},"thumbnailUrl":"https:\/\/brasilnoticias.org\/site\/wp-content\/uploads\/2023\/12\/ze-gotinha-divulgacao.jpg","articleSection":["Not\u00edcias","\u00daltimas"],"inLanguage":"pt-PT","potentialAction":[{"@type":"CommentAction","name":"Comment","target":["https:\/\/brasilnoticias.org\/site\/carro-do-ze-gotinha-chega-a-regiao-metropolitana-de-salvador-nesta-segunda-feira-18\/#respond"]}]},{"@type":"WebPage","@id":"https:\/\/brasilnoticias.org\/site\/carro-do-ze-gotinha-chega-a-regiao-metropolitana-de-salvador-nesta-segunda-feira-18\/","url":"https:\/\/brasilnoticias.org\/site\/carro-do-ze-gotinha-chega-a-regiao-metropolitana-de-salvador-nesta-segunda-feira-18\/","name":"Carro do Z\u00e9 Gotinha chega a Regi\u00e3o Metropolitana de Salvador nesta segunda-feira (18) - Brasil not\u00edcias","isPartOf":{"@id":"https:\/\/brasilnoticias.org\/site\/#website"},"primaryImageOfPage":{"@id":"https:\/\/brasilnoticias.org\/site\/carro-do-ze-gotinha-chega-a-regiao-metropolitana-de-salvador-nesta-segunda-feira-18\/#primaryimage"},"image":{"@id":"https:\/\/brasilnoticias.org\/site\/carro-do-ze-gotinha-chega-a-regiao-metropolitana-de-salvador-nesta-segunda-feira-18\/#primaryimage"},"thumbnailUrl":"https:\/\/brasilnoticias.org\/site\/wp-content\/uploads\/2023\/12\/ze-gotinha-divulgacao.jpg","datePublished":"2023-12-16T08:00:25+00:00","breadcrumb":{"@id":"https:\/\/brasilnoticias.org\/site\/carro-do-ze-gotinha-chega-a-regiao-metropolitana-de-salvador-nesta-segunda-feira-18\/#breadcrumb"},"inLanguage":"pt-PT","potentialAction":[{"@type":"ReadAction","target":["https:\/\/brasilnoticias.org\/site\/carro-do-ze-gotinha-chega-a-regiao-metropolitana-de-salvador-nesta-segunda-feira-18\/"]}]},{"@type":"ImageObject","inLanguage":"pt-PT","@id":"https:\/\/brasilnoticias.org\/site\/carro-do-ze-gotinha-chega-a-regiao-metropolitana-de-salvador-nesta-segunda-feira-18\/#primaryimage","url":"https:\/\/brasilnoticias.org\/site\/wp-content\/uploads\/2023\/12\/ze-gotinha-divulgacao.jpg","contentUrl":"https:\/\/brasilnoticias.org\/site\/wp-content\/uploads\/2023\/12\/ze-gotinha-divulgacao.jpg","width":740,"height":470},{"@type":"BreadcrumbList","@id":"https:\/\/brasilnoticias.org\/site\/carro-do-ze-gotinha-chega-a-regiao-metropolitana-de-salvador-nesta-segunda-feira-18\/#breadcrumb","itemListElement":[{"@type":"ListItem","position":1,"name":"In\u00edcio","item":"https:\/\/brasilnoticias.org\/site\/"},{"@type":"ListItem","position":2,"name":"Carro do Z\u00e9 Gotinha chega a Regi\u00e3o Metropolitana de Salvador nesta segunda-feira (18)"}]},{"@type":"WebSite","@id":"https:\/\/brasilnoticias.org\/site\/#website","url":"https:\/\/brasilnoticias.org\/site\/","name":"Brasil not\u00edcias","description":"Brasil not\u00edcias","publisher":{"@id":"https:\/\/brasilnoticias.org\/site\/#organization"},"potentialAction":[{"@type":"SearchAction","target":{"@type":"EntryPoint","urlTemplate":"https:\/\/brasilnoticias.org\/site\/?s={search_term_string}"},"query-input":{"@type":"PropertyValueSpecification","valueRequired":true,"valueName":"search_term_string"}}],"inLanguage":"pt-PT"},{"@type":"Organization","@id":"https:\/\/brasilnoticias.org\/site\/#organization","name":"Brasil not\u00edcias","url":"https:\/\/brasilnoticias.org\/site\/","logo":{"@type":"ImageObject","inLanguage":"pt-PT","@id":"https:\/\/brasilnoticias.org\/site\/#\/schema\/logo\/image\/","url":"https:\/\/brasilnoticias.org\/site\/wp-content\/uploads\/2022\/05\/cropped-brasilnoticias-mini.jpg","contentUrl":"https:\/\/brasilnoticias.org\/site\/wp-content\/uploads\/2022\/05\/cropped-brasilnoticias-mini.jpg","width":314,"height":86,"caption":"Brasil not\u00edcias"},"image":{"@id":"https:\/\/brasilnoticias.org\/site\/#\/schema\/logo\/image\/"}},{"@type":"Person","@id":"https:\/\/brasilnoticias.org\/site\/#\/schema\/person\/03bbbfe6c7634ad18c26444ea39049fa","name":"Reda\u00e7\u00e3o","image":{"@type":"ImageObject","inLanguage":"pt-PT","@id":"https:\/\/brasilnoticias.org\/site\/#\/schema\/person\/image\/","url":"https:\/\/secure.gravatar.com\/avatar\/9ecaf7327a696cb23ad926fedded5f1f04d7049de9e445375d55b48c001a6e42?s=96&d=mm&r=g","contentUrl":"https:\/\/secure.gravatar.com\/avatar\/9ecaf7327a696cb23ad926fedded5f1f04d7049de9e445375d55b48c001a6e42?s=96&d=mm&r=g","caption":"Reda\u00e7\u00e3o"},"url":"https:\/\/brasilnoticias.org\/site\/author\/henrique\/"}]}},"_links":{"self":[{"href":"https:\/\/brasilnoticias.org\/site\/wp-json\/wp\/v2\/posts\/11690","targetHints":{"allow":["GET"]}}],"collection":[{"href":"https:\/\/brasilnoticias.org\/site\/wp-json\/wp\/v2\/posts"}],"about":[{"href":"https:\/\/brasilnoticias.org\/site\/wp-json\/wp\/v2\/types\/post"}],"author":[{"embeddable":true,"href":"https:\/\/brasilnoticias.org\/site\/wp-json\/wp\/v2\/users\/4"}],"replies":[{"embeddable":true,"href":"https:\/\/brasilnoticias.org\/site\/wp-json\/wp\/v2\/comments?post=11690"}],"version-history":[{"count":1,"href":"https:\/\/brasilnoticias.org\/site\/wp-json\/wp\/v2\/posts\/11690\/revisions"}],"predecessor-version":[{"id":11692,"href":"https:\/\/brasilnoticias.org\/site\/wp-json\/wp\/v2\/posts\/11690\/revisions\/11692"}],"wp:featuredmedia":[{"embeddable":true,"href":"https:\/\/brasilnoticias.org\/site\/wp-json\/wp\/v2\/media\/11691"}],"wp:attachment":[{"href":"https:\/\/brasilnoticias.org\/site\/wp-json\/wp\/v2\/media?parent=11690"}],"wp:term":[{"taxonomy":"category","embeddable":true,"href":"https:\/\/brasilnoticias.org\/site\/wp-json\/wp\/v2\/categories?post=11690"},{"taxonomy":"post_tag","embeddable":true,"href":"https:\/\/brasilnoticias.org\/site\/wp-json\/wp\/v2\/tags?post=11690"}],"curies":[{"name":"wp","href":"https:\/\/api.w.org\/{rel}","templated":true}]}}