{"id":11693,"date":"2023-12-16T06:00:22","date_gmt":"2023-12-16T09:00:22","guid":{"rendered":"https:\/\/brasilnoticias.org\/site\/?p=11693"},"modified":"2023-12-15T20:49:19","modified_gmt":"2023-12-15T23:49:19","slug":"travessia-itaparica-salvador-fecha-a-temporada-de-competicoes-aquaticas-na-bahia","status":"publish","type":"post","link":"https:\/\/brasilnoticias.org\/site\/travessia-itaparica-salvador-fecha-a-temporada-de-competicoes-aquaticas-na-bahia\/","title":{"rendered":"Travessia Itaparica-Salvador fecha a temporada de competi\u00e7\u00f5es aqu\u00e1ticas na Bahia"},"content":{"rendered":"<p>Evento reunir\u00e1 mais de 500 atletas em diversas modalidades<\/p>\n<p>Neste fim de semana, a Ba\u00eda de Todos os Santos ser\u00e1 palco de muitas emo\u00e7\u00f5es com a programa\u00e7\u00e3o da Travessia Petrobahia Itaparica-Salvador 2023, que reunir\u00e1 mais de 500 atletas em diversas modalidades que ter\u00e3o o Porto da Barra como ponto de encontro das competi\u00e7\u00f5es.<\/p>\n<p>No pr\u00f3ximo s\u00e1bado (16\/12), o evento come\u00e7a com as provas mirins de 250m e 500m. Al\u00e9m delas, que contemplam as crian\u00e7as de 7 a 12 anos, tamb\u00e9m haver\u00e1 a prova Sprint de 1,5km que sai do Yacht Clube da Bahia em dire\u00e7\u00e3o ao Porto da Barra para todas as idades. No mesmo dia, com largada na altura do Porto de Salvador e chegada no Porto da Barra, haver\u00e1 a Meia TIS, percurso de 6 km com a participa\u00e7\u00e3o de 120 atletas na competi\u00e7\u00e3o.<\/p>\n<p>J\u00e1 no domingo (17\/12), 180 atletas disputam o grande evento da programa\u00e7\u00e3o. A Travessia sai da Praia de B\u00fazios, na Ilha de Itaparica, e vai at\u00e9 Salvador com chegada no famoso Porto da Barra. Com previs\u00e3o de sa\u00edda \u00e0s 7h30 para homens e 7h40 no feminino, com percurso estimado em 1h40 e 2h00 de dura\u00e7\u00e3o. <\/p>\n<p>Entre os homens, Ronaldo Zambrano desponta entre os favoritos ao t\u00edtulo. Atual campe\u00e3o baiano e brasileiro de \u00e1guas abertas, o atleta ter\u00e1 como advers\u00e1rios os competidores Luiz Henrique Camargo, vice-campe\u00e3o baiano, Marcus Vin\u00edcios do Carmo e Eduardo Mustaf\u00e1. Al\u00e9m deles, quem pode surpreender \u00e9 Arthur Passos Brito, vencedor da prova do Oceanman 2023, que tamb\u00e9m venceu Zambrano em uma das provas finais do campeonato baiano.<\/p>\n<p>J\u00e1 no feminino, a disputa \u00e9 entre as atletas Lizian Sim\u00f5es Sobral, campe\u00e3 sul-americana de \u00e1guas abertas na categoria juvenil, e Vit\u00f3ria Beatriz Ros\u00e1rio, atleta da Sele\u00e7\u00e3o Brasileira de base.<\/p>\n<p>Uma das curiosidades do evento \u00e9 a premia\u00e7\u00e3o em dinheiro no valor de R$ 1.000,00 para o \u00faltimo atleta a completar a prova. <\/p>\n<p>\u201cA gente t\u00e1 valorizando todas as categorias, mas em especial a master. Afinal de contas, hoje \u00e9 a nossa maior categoria. Cada um com sua hist\u00f3ria e momento, a gente fica muito feliz em t\u00ea-los participando\u201d, afirmou Diego Albuquerque, presidente da Federa\u00e7\u00e3o Baiana de Desportos Aqu\u00e1ticos (FBDA).<\/p>\n<p><strong>Foto: Divulga\u00e7\u00e3o\/Aratu On<\/strong><br \/>\n<strong>Aratu On<\/strong><\/p>\n","protected":false},"excerpt":{"rendered":"<p>Evento reunir\u00e1 mais de 500 atletas em diversas modalidades Neste fim de semana, a Ba\u00eda de Todos os Santos ser\u00e1<\/p>\n","protected":false},"author":4,"featured_media":11694,"comment_status":"open","ping_status":"open","sticky":false,"template":"","format":"standard","meta":{"colormag_page_container_layout":"default_layout","colormag_page_sidebar_layout":"default_layout","_FSMCFIC_featured_image_caption":"","_FSMCFIC_featured_image_nocaption":"","_FSMCFIC_featured_image_hide":"","footnotes":""},"categories":[4,1],"tags":[],"class_list":["post-11693","post","type-post","status-publish","format-standard","has-post-thumbnail","hentry","category-esporte","category-ultimas"],"yoast_head":"<!-- This site is optimized with the Yoast SEO plugin v27.1.1 - https:\/\/yoast.com\/product\/yoast-seo-wordpress\/ -->\n<title>Travessia Itaparica-Salvador fecha a temporada de competi\u00e7\u00f5es aqu\u00e1ticas na Bahia - Brasil not\u00edcias<\/title>\n<meta name=\"robots\" content=\"index, follow, max-snippet:-1, max-image-preview:large, max-video-preview:-1\" \/>\n<link rel=\"canonical\" href=\"https:\/\/brasilnoticias.org\/site\/travessia-itaparica-salvador-fecha-a-temporada-de-competicoes-aquaticas-na-bahia\/\" \/>\n<meta property=\"og:locale\" content=\"pt_PT\" \/>\n<meta property=\"og:type\" content=\"article\" \/>\n<meta property=\"og:title\" content=\"Travessia Itaparica-Salvador fecha a temporada de competi\u00e7\u00f5es aqu\u00e1ticas na Bahia - Brasil not\u00edcias\" \/>\n<meta property=\"og:description\" content=\"Evento reunir\u00e1 mais de 500 atletas em diversas modalidades Neste fim de semana, a Ba\u00eda de Todos os Santos ser\u00e1\" \/>\n<meta property=\"og:url\" content=\"https:\/\/brasilnoticias.org\/site\/travessia-itaparica-salvador-fecha-a-temporada-de-competicoes-aquaticas-na-bahia\/\" \/>\n<meta property=\"og:site_name\" content=\"Brasil not\u00edcias\" \/>\n<meta property=\"article:published_time\" content=\"2023-12-16T09:00:22+00:00\" \/>\n<meta property=\"og:image\" content=\"https:\/\/brasilnoticias.org\/site\/wp-content\/uploads\/2023\/12\/IMG-20221208-WA0018-740x470-1.jpg\" \/>\n\t<meta property=\"og:image:width\" content=\"740\" \/>\n\t<meta property=\"og:image:height\" content=\"470\" \/>\n\t<meta property=\"og:image:type\" content=\"image\/jpeg\" \/>\n<meta name=\"author\" content=\"Reda\u00e7\u00e3o\" \/>\n<meta name=\"twitter:card\" content=\"summary_large_image\" \/>\n<meta name=\"twitter:label1\" content=\"Escrito por\" \/>\n\t<meta name=\"twitter:data1\" content=\"Reda\u00e7\u00e3o\" \/>\n\t<meta name=\"twitter:label2\" content=\"Tempo estimado de leitura\" \/>\n\t<meta name=\"twitter:data2\" content=\"1 minuto\" \/>\n<script type=\"application\/ld+json\" class=\"yoast-schema-graph\">{\"@context\":\"https:\/\/schema.org\",\"@graph\":[{\"@type\":\"Article\",\"@id\":\"https:\/\/brasilnoticias.org\/site\/travessia-itaparica-salvador-fecha-a-temporada-de-competicoes-aquaticas-na-bahia\/#article\",\"isPartOf\":{\"@id\":\"https:\/\/brasilnoticias.org\/site\/travessia-itaparica-salvador-fecha-a-temporada-de-competicoes-aquaticas-na-bahia\/\"},\"author\":{\"name\":\"Reda\u00e7\u00e3o\",\"@id\":\"https:\/\/brasilnoticias.org\/site\/#\/schema\/person\/03bbbfe6c7634ad18c26444ea39049fa\"},\"headline\":\"Travessia Itaparica-Salvador fecha a temporada de competi\u00e7\u00f5es aqu\u00e1ticas na Bahia\",\"datePublished\":\"2023-12-16T09:00:22+00:00\",\"mainEntityOfPage\":{\"@id\":\"https:\/\/brasilnoticias.org\/site\/travessia-itaparica-salvador-fecha-a-temporada-de-competicoes-aquaticas-na-bahia\/\"},\"wordCount\":394,\"commentCount\":0,\"publisher\":{\"@id\":\"https:\/\/brasilnoticias.org\/site\/#organization\"},\"image\":{\"@id\":\"https:\/\/brasilnoticias.org\/site\/travessia-itaparica-salvador-fecha-a-temporada-de-competicoes-aquaticas-na-bahia\/#primaryimage\"},\"thumbnailUrl\":\"https:\/\/brasilnoticias.org\/site\/wp-content\/uploads\/2023\/12\/IMG-20221208-WA0018-740x470-1.jpg\",\"articleSection\":[\"Esporte\",\"\u00daltimas\"],\"inLanguage\":\"pt-PT\",\"potentialAction\":[{\"@type\":\"CommentAction\",\"name\":\"Comment\",\"target\":[\"https:\/\/brasilnoticias.org\/site\/travessia-itaparica-salvador-fecha-a-temporada-de-competicoes-aquaticas-na-bahia\/#respond\"]}]},{\"@type\":\"WebPage\",\"@id\":\"https:\/\/brasilnoticias.org\/site\/travessia-itaparica-salvador-fecha-a-temporada-de-competicoes-aquaticas-na-bahia\/\",\"url\":\"https:\/\/brasilnoticias.org\/site\/travessia-itaparica-salvador-fecha-a-temporada-de-competicoes-aquaticas-na-bahia\/\",\"name\":\"Travessia Itaparica-Salvador fecha a temporada de competi\u00e7\u00f5es aqu\u00e1ticas na Bahia - Brasil not\u00edcias\",\"isPartOf\":{\"@id\":\"https:\/\/brasilnoticias.org\/site\/#website\"},\"primaryImageOfPage\":{\"@id\":\"https:\/\/brasilnoticias.org\/site\/travessia-itaparica-salvador-fecha-a-temporada-de-competicoes-aquaticas-na-bahia\/#primaryimage\"},\"image\":{\"@id\":\"https:\/\/brasilnoticias.org\/site\/travessia-itaparica-salvador-fecha-a-temporada-de-competicoes-aquaticas-na-bahia\/#primaryimage\"},\"thumbnailUrl\":\"https:\/\/brasilnoticias.org\/site\/wp-content\/uploads\/2023\/12\/IMG-20221208-WA0018-740x470-1.jpg\",\"datePublished\":\"2023-12-16T09:00:22+00:00\",\"breadcrumb\":{\"@id\":\"https:\/\/brasilnoticias.org\/site\/travessia-itaparica-salvador-fecha-a-temporada-de-competicoes-aquaticas-na-bahia\/#breadcrumb\"},\"inLanguage\":\"pt-PT\",\"potentialAction\":[{\"@type\":\"ReadAction\",\"target\":[\"https:\/\/brasilnoticias.org\/site\/travessia-itaparica-salvador-fecha-a-temporada-de-competicoes-aquaticas-na-bahia\/\"]}]},{\"@type\":\"ImageObject\",\"inLanguage\":\"pt-PT\",\"@id\":\"https:\/\/brasilnoticias.org\/site\/travessia-itaparica-salvador-fecha-a-temporada-de-competicoes-aquaticas-na-bahia\/#primaryimage\",\"url\":\"https:\/\/brasilnoticias.org\/site\/wp-content\/uploads\/2023\/12\/IMG-20221208-WA0018-740x470-1.jpg\",\"contentUrl\":\"https:\/\/brasilnoticias.org\/site\/wp-content\/uploads\/2023\/12\/IMG-20221208-WA0018-740x470-1.jpg\",\"width\":740,\"height\":470},{\"@type\":\"BreadcrumbList\",\"@id\":\"https:\/\/brasilnoticias.org\/site\/travessia-itaparica-salvador-fecha-a-temporada-de-competicoes-aquaticas-na-bahia\/#breadcrumb\",\"itemListElement\":[{\"@type\":\"ListItem\",\"position\":1,\"name\":\"In\u00edcio\",\"item\":\"https:\/\/brasilnoticias.org\/site\/\"},{\"@type\":\"ListItem\",\"position\":2,\"name\":\"Travessia Itaparica-Salvador fecha a temporada de competi\u00e7\u00f5es aqu\u00e1ticas na Bahia\"}]},{\"@type\":\"WebSite\",\"@id\":\"https:\/\/brasilnoticias.org\/site\/#website\",\"url\":\"https:\/\/brasilnoticias.org\/site\/\",\"name\":\"Brasil not\u00edcias\",\"description\":\"Brasil not\u00edcias\",\"publisher\":{\"@id\":\"https:\/\/brasilnoticias.org\/site\/#organization\"},\"potentialAction\":[{\"@type\":\"SearchAction\",\"target\":{\"@type\":\"EntryPoint\",\"urlTemplate\":\"https:\/\/brasilnoticias.org\/site\/?s={search_term_string}\"},\"query-input\":{\"@type\":\"PropertyValueSpecification\",\"valueRequired\":true,\"valueName\":\"search_term_string\"}}],\"inLanguage\":\"pt-PT\"},{\"@type\":\"Organization\",\"@id\":\"https:\/\/brasilnoticias.org\/site\/#organization\",\"name\":\"Brasil not\u00edcias\",\"url\":\"https:\/\/brasilnoticias.org\/site\/\",\"logo\":{\"@type\":\"ImageObject\",\"inLanguage\":\"pt-PT\",\"@id\":\"https:\/\/brasilnoticias.org\/site\/#\/schema\/logo\/image\/\",\"url\":\"https:\/\/brasilnoticias.org\/site\/wp-content\/uploads\/2022\/05\/cropped-brasilnoticias-mini.jpg\",\"contentUrl\":\"https:\/\/brasilnoticias.org\/site\/wp-content\/uploads\/2022\/05\/cropped-brasilnoticias-mini.jpg\",\"width\":314,\"height\":86,\"caption\":\"Brasil not\u00edcias\"},\"image\":{\"@id\":\"https:\/\/brasilnoticias.org\/site\/#\/schema\/logo\/image\/\"}},{\"@type\":\"Person\",\"@id\":\"https:\/\/brasilnoticias.org\/site\/#\/schema\/person\/03bbbfe6c7634ad18c26444ea39049fa\",\"name\":\"Reda\u00e7\u00e3o\",\"image\":{\"@type\":\"ImageObject\",\"inLanguage\":\"pt-PT\",\"@id\":\"https:\/\/brasilnoticias.org\/site\/#\/schema\/person\/image\/\",\"url\":\"https:\/\/secure.gravatar.com\/avatar\/9ecaf7327a696cb23ad926fedded5f1f04d7049de9e445375d55b48c001a6e42?s=96&d=mm&r=g\",\"contentUrl\":\"https:\/\/secure.gravatar.com\/avatar\/9ecaf7327a696cb23ad926fedded5f1f04d7049de9e445375d55b48c001a6e42?s=96&d=mm&r=g\",\"caption\":\"Reda\u00e7\u00e3o\"},\"url\":\"https:\/\/brasilnoticias.org\/site\/author\/henrique\/\"}]}<\/script>\n<!-- \/ Yoast SEO plugin. -->","yoast_head_json":{"title":"Travessia Itaparica-Salvador fecha a temporada de competi\u00e7\u00f5es aqu\u00e1ticas na Bahia - Brasil not\u00edcias","robots":{"index":"index","follow":"follow","max-snippet":"max-snippet:-1","max-image-preview":"max-image-preview:large","max-video-preview":"max-video-preview:-1"},"canonical":"https:\/\/brasilnoticias.org\/site\/travessia-itaparica-salvador-fecha-a-temporada-de-competicoes-aquaticas-na-bahia\/","og_locale":"pt_PT","og_type":"article","og_title":"Travessia Itaparica-Salvador fecha a temporada de competi\u00e7\u00f5es aqu\u00e1ticas na Bahia - Brasil not\u00edcias","og_description":"Evento reunir\u00e1 mais de 500 atletas em diversas modalidades Neste fim de semana, a Ba\u00eda de Todos os Santos ser\u00e1","og_url":"https:\/\/brasilnoticias.org\/site\/travessia-itaparica-salvador-fecha-a-temporada-de-competicoes-aquaticas-na-bahia\/","og_site_name":"Brasil not\u00edcias","article_published_time":"2023-12-16T09:00:22+00:00","og_image":[{"width":740,"height":470,"url":"https:\/\/brasilnoticias.org\/site\/wp-content\/uploads\/2023\/12\/IMG-20221208-WA0018-740x470-1.jpg","type":"image\/jpeg"}],"author":"Reda\u00e7\u00e3o","twitter_card":"summary_large_image","twitter_misc":{"Escrito por":"Reda\u00e7\u00e3o","Tempo estimado de leitura":"1 minuto"},"schema":{"@context":"https:\/\/schema.org","@graph":[{"@type":"Article","@id":"https:\/\/brasilnoticias.org\/site\/travessia-itaparica-salvador-fecha-a-temporada-de-competicoes-aquaticas-na-bahia\/#article","isPartOf":{"@id":"https:\/\/brasilnoticias.org\/site\/travessia-itaparica-salvador-fecha-a-temporada-de-competicoes-aquaticas-na-bahia\/"},"author":{"name":"Reda\u00e7\u00e3o","@id":"https:\/\/brasilnoticias.org\/site\/#\/schema\/person\/03bbbfe6c7634ad18c26444ea39049fa"},"headline":"Travessia Itaparica-Salvador fecha a temporada de competi\u00e7\u00f5es aqu\u00e1ticas na Bahia","datePublished":"2023-12-16T09:00:22+00:00","mainEntityOfPage":{"@id":"https:\/\/brasilnoticias.org\/site\/travessia-itaparica-salvador-fecha-a-temporada-de-competicoes-aquaticas-na-bahia\/"},"wordCount":394,"commentCount":0,"publisher":{"@id":"https:\/\/brasilnoticias.org\/site\/#organization"},"image":{"@id":"https:\/\/brasilnoticias.org\/site\/travessia-itaparica-salvador-fecha-a-temporada-de-competicoes-aquaticas-na-bahia\/#primaryimage"},"thumbnailUrl":"https:\/\/brasilnoticias.org\/site\/wp-content\/uploads\/2023\/12\/IMG-20221208-WA0018-740x470-1.jpg","articleSection":["Esporte","\u00daltimas"],"inLanguage":"pt-PT","potentialAction":[{"@type":"CommentAction","name":"Comment","target":["https:\/\/brasilnoticias.org\/site\/travessia-itaparica-salvador-fecha-a-temporada-de-competicoes-aquaticas-na-bahia\/#respond"]}]},{"@type":"WebPage","@id":"https:\/\/brasilnoticias.org\/site\/travessia-itaparica-salvador-fecha-a-temporada-de-competicoes-aquaticas-na-bahia\/","url":"https:\/\/brasilnoticias.org\/site\/travessia-itaparica-salvador-fecha-a-temporada-de-competicoes-aquaticas-na-bahia\/","name":"Travessia Itaparica-Salvador fecha a temporada de competi\u00e7\u00f5es aqu\u00e1ticas na Bahia - Brasil not\u00edcias","isPartOf":{"@id":"https:\/\/brasilnoticias.org\/site\/#website"},"primaryImageOfPage":{"@id":"https:\/\/brasilnoticias.org\/site\/travessia-itaparica-salvador-fecha-a-temporada-de-competicoes-aquaticas-na-bahia\/#primaryimage"},"image":{"@id":"https:\/\/brasilnoticias.org\/site\/travessia-itaparica-salvador-fecha-a-temporada-de-competicoes-aquaticas-na-bahia\/#primaryimage"},"thumbnailUrl":"https:\/\/brasilnoticias.org\/site\/wp-content\/uploads\/2023\/12\/IMG-20221208-WA0018-740x470-1.jpg","datePublished":"2023-12-16T09:00:22+00:00","breadcrumb":{"@id":"https:\/\/brasilnoticias.org\/site\/travessia-itaparica-salvador-fecha-a-temporada-de-competicoes-aquaticas-na-bahia\/#breadcrumb"},"inLanguage":"pt-PT","potentialAction":[{"@type":"ReadAction","target":["https:\/\/brasilnoticias.org\/site\/travessia-itaparica-salvador-fecha-a-temporada-de-competicoes-aquaticas-na-bahia\/"]}]},{"@type":"ImageObject","inLanguage":"pt-PT","@id":"https:\/\/brasilnoticias.org\/site\/travessia-itaparica-salvador-fecha-a-temporada-de-competicoes-aquaticas-na-bahia\/#primaryimage","url":"https:\/\/brasilnoticias.org\/site\/wp-content\/uploads\/2023\/12\/IMG-20221208-WA0018-740x470-1.jpg","contentUrl":"https:\/\/brasilnoticias.org\/site\/wp-content\/uploads\/2023\/12\/IMG-20221208-WA0018-740x470-1.jpg","width":740,"height":470},{"@type":"BreadcrumbList","@id":"https:\/\/brasilnoticias.org\/site\/travessia-itaparica-salvador-fecha-a-temporada-de-competicoes-aquaticas-na-bahia\/#breadcrumb","itemListElement":[{"@type":"ListItem","position":1,"name":"In\u00edcio","item":"https:\/\/brasilnoticias.org\/site\/"},{"@type":"ListItem","position":2,"name":"Travessia Itaparica-Salvador fecha a temporada de competi\u00e7\u00f5es aqu\u00e1ticas na Bahia"}]},{"@type":"WebSite","@id":"https:\/\/brasilnoticias.org\/site\/#website","url":"https:\/\/brasilnoticias.org\/site\/","name":"Brasil not\u00edcias","description":"Brasil not\u00edcias","publisher":{"@id":"https:\/\/brasilnoticias.org\/site\/#organization"},"potentialAction":[{"@type":"SearchAction","target":{"@type":"EntryPoint","urlTemplate":"https:\/\/brasilnoticias.org\/site\/?s={search_term_string}"},"query-input":{"@type":"PropertyValueSpecification","valueRequired":true,"valueName":"search_term_string"}}],"inLanguage":"pt-PT"},{"@type":"Organization","@id":"https:\/\/brasilnoticias.org\/site\/#organization","name":"Brasil not\u00edcias","url":"https:\/\/brasilnoticias.org\/site\/","logo":{"@type":"ImageObject","inLanguage":"pt-PT","@id":"https:\/\/brasilnoticias.org\/site\/#\/schema\/logo\/image\/","url":"https:\/\/brasilnoticias.org\/site\/wp-content\/uploads\/2022\/05\/cropped-brasilnoticias-mini.jpg","contentUrl":"https:\/\/brasilnoticias.org\/site\/wp-content\/uploads\/2022\/05\/cropped-brasilnoticias-mini.jpg","width":314,"height":86,"caption":"Brasil not\u00edcias"},"image":{"@id":"https:\/\/brasilnoticias.org\/site\/#\/schema\/logo\/image\/"}},{"@type":"Person","@id":"https:\/\/brasilnoticias.org\/site\/#\/schema\/person\/03bbbfe6c7634ad18c26444ea39049fa","name":"Reda\u00e7\u00e3o","image":{"@type":"ImageObject","inLanguage":"pt-PT","@id":"https:\/\/brasilnoticias.org\/site\/#\/schema\/person\/image\/","url":"https:\/\/secure.gravatar.com\/avatar\/9ecaf7327a696cb23ad926fedded5f1f04d7049de9e445375d55b48c001a6e42?s=96&d=mm&r=g","contentUrl":"https:\/\/secure.gravatar.com\/avatar\/9ecaf7327a696cb23ad926fedded5f1f04d7049de9e445375d55b48c001a6e42?s=96&d=mm&r=g","caption":"Reda\u00e7\u00e3o"},"url":"https:\/\/brasilnoticias.org\/site\/author\/henrique\/"}]}},"_links":{"self":[{"href":"https:\/\/brasilnoticias.org\/site\/wp-json\/wp\/v2\/posts\/11693","targetHints":{"allow":["GET"]}}],"collection":[{"href":"https:\/\/brasilnoticias.org\/site\/wp-json\/wp\/v2\/posts"}],"about":[{"href":"https:\/\/brasilnoticias.org\/site\/wp-json\/wp\/v2\/types\/post"}],"author":[{"embeddable":true,"href":"https:\/\/brasilnoticias.org\/site\/wp-json\/wp\/v2\/users\/4"}],"replies":[{"embeddable":true,"href":"https:\/\/brasilnoticias.org\/site\/wp-json\/wp\/v2\/comments?post=11693"}],"version-history":[{"count":1,"href":"https:\/\/brasilnoticias.org\/site\/wp-json\/wp\/v2\/posts\/11693\/revisions"}],"predecessor-version":[{"id":11695,"href":"https:\/\/brasilnoticias.org\/site\/wp-json\/wp\/v2\/posts\/11693\/revisions\/11695"}],"wp:featuredmedia":[{"embeddable":true,"href":"https:\/\/brasilnoticias.org\/site\/wp-json\/wp\/v2\/media\/11694"}],"wp:attachment":[{"href":"https:\/\/brasilnoticias.org\/site\/wp-json\/wp\/v2\/media?parent=11693"}],"wp:term":[{"taxonomy":"category","embeddable":true,"href":"https:\/\/brasilnoticias.org\/site\/wp-json\/wp\/v2\/categories?post=11693"},{"taxonomy":"post_tag","embeddable":true,"href":"https:\/\/brasilnoticias.org\/site\/wp-json\/wp\/v2\/tags?post=11693"}],"curies":[{"name":"wp","href":"https:\/\/api.w.org\/{rel}","templated":true}]}}