{"id":11709,"date":"2023-12-16T21:34:29","date_gmt":"2023-12-17T00:34:29","guid":{"rendered":"https:\/\/brasilnoticias.org\/site\/?p=11709"},"modified":"2023-12-16T21:34:29","modified_gmt":"2023-12-17T00:34:29","slug":"lula-celebra-aprovacao-da-reforma-tributaria-fato-historico","status":"publish","type":"post","link":"https:\/\/brasilnoticias.org\/site\/lula-celebra-aprovacao-da-reforma-tributaria-fato-historico\/","title":{"rendered":"Lula celebra aprova\u00e7\u00e3o da reforma tribut\u00e1ria: &#8220;Fato hist\u00f3rico&#8221;"},"content":{"rendered":"<p>Presidente elogiou os ministros envolvidos na negocia\u00e7\u00e3o para aprova\u00e7\u00e3o da proposta<\/p>\n<p>O presidente Luiz In\u00e1cio Lula da Silva (PT) comemorou neste s\u00e1bado (16) a aprova\u00e7\u00e3o da reforma tribut\u00e1ria pela C\u00e2mara dos Deputados e definiu a decis\u00e3o como um &#8220;fato hist\u00f3rico&#8221; para o pa\u00eds.<\/p>\n<p>Pela primeira vez na hist\u00f3ria conseguimos aprovar uma reforma tribut\u00e1ria para facilitar o investimento, facilitar o pagamento de imposto. Pagar mais quem ganha mais, pagar menos quem ganha menos. O que aconteceu foi um fato hist\u00f3rico\u201d, disse o presidente durante uma solenidade em S\u00e3o Paulo.<\/p>\n<p>Durante o discurso, Lula ainda elogiou os ministros envolvidos na aprova\u00e7\u00e3o da proposta, destacando a atua\u00e7\u00e3o de Fernando Haddad, por ter &#8220;coordenado&#8221; as negocia\u00e7\u00f5es.<\/p>\n<p>\u201cOntem [sexta-feira] n\u00f3s conseguimos aprovar uma pol\u00edtica de reforma tribut\u00e1ria numa vota\u00e7\u00e3o democr\u00e1tica, num Congresso em que a gente tem minoria, mas a capacidade do Haddad, do Alexandre Padilha [ministro das Rela\u00e7\u00f5es Institucionais], do [senador] Jaques Wagner, do deputado Jos\u00e9 Guimar\u00e3es, foi t\u00e3o grande que a gente pela primeira vez conseguiu aprovar uma reforma tribut\u00e1ria&#8221;, disse.<\/p>\n<p>Entre as medidas da reforma, est\u00e1 a possibilidade de ado\u00e7\u00e3o de cr\u00e9dito presumido, de forma a incentivar a produ\u00e7\u00e3o de ve\u00edculos el\u00e9tricos e flex\u00edveis. Tamb\u00e9m fica definida uma &#8220;cesta b\u00e1sica nacional&#8221; isenta de impostos. A reforma tribut\u00e1ria cria o Imposto sobre o Valor Agregado (IVA), que ir\u00e1 unir impostos que j\u00e1 existiam, como a Contribui\u00e7\u00e3o sobre Bens e Servi\u00e7os, que reunir\u00e1 o PIS, Cofins e IPI, e o Imposto sobre Bens e Servi\u00e7os, que unificar\u00e1 o ICMS e o ISS.<\/p>\n<p>Foto: Ricardo Stuckert<br \/>\nMetro1<\/p>\n","protected":false},"excerpt":{"rendered":"<p>Presidente elogiou os ministros envolvidos na negocia\u00e7\u00e3o para aprova\u00e7\u00e3o da proposta O presidente Luiz In\u00e1cio Lula da Silva (PT) comemorou<\/p>\n","protected":false},"author":4,"featured_media":11710,"comment_status":"open","ping_status":"open","sticky":false,"template":"","format":"standard","meta":{"colormag_page_container_layout":"default_layout","colormag_page_sidebar_layout":"default_layout","_FSMCFIC_featured_image_caption":"","_FSMCFIC_featured_image_nocaption":"","_FSMCFIC_featured_image_hide":"","footnotes":""},"categories":[5,1],"tags":[],"class_list":["post-11709","post","type-post","status-publish","format-standard","has-post-thumbnail","hentry","category-politica","category-ultimas"],"yoast_head":"<!-- This site is optimized with the Yoast SEO plugin v27.1.1 - https:\/\/yoast.com\/product\/yoast-seo-wordpress\/ -->\n<title>Lula celebra aprova\u00e7\u00e3o da reforma tribut\u00e1ria: &quot;Fato hist\u00f3rico&quot; - Brasil not\u00edcias<\/title>\n<meta name=\"robots\" content=\"index, follow, max-snippet:-1, max-image-preview:large, max-video-preview:-1\" \/>\n<link rel=\"canonical\" href=\"https:\/\/brasilnoticias.org\/site\/lula-celebra-aprovacao-da-reforma-tributaria-fato-historico\/\" \/>\n<meta property=\"og:locale\" content=\"pt_PT\" \/>\n<meta property=\"og:type\" content=\"article\" \/>\n<meta property=\"og:title\" content=\"Lula celebra aprova\u00e7\u00e3o da reforma tribut\u00e1ria: &quot;Fato hist\u00f3rico&quot; - Brasil not\u00edcias\" \/>\n<meta property=\"og:description\" content=\"Presidente elogiou os ministros envolvidos na negocia\u00e7\u00e3o para aprova\u00e7\u00e3o da proposta O presidente Luiz In\u00e1cio Lula da Silva (PT) comemorou\" \/>\n<meta property=\"og:url\" content=\"https:\/\/brasilnoticias.org\/site\/lula-celebra-aprovacao-da-reforma-tributaria-fato-historico\/\" \/>\n<meta property=\"og:site_name\" content=\"Brasil not\u00edcias\" \/>\n<meta property=\"article:published_time\" content=\"2023-12-17T00:34:29+00:00\" \/>\n<meta property=\"og:image\" content=\"https:\/\/brasilnoticias.org\/site\/wp-content\/uploads\/2023\/12\/144300lula-celebra-aprovacao-da-reforma-tributaria-fato-historico-3.jpg\" \/>\n\t<meta property=\"og:image:width\" content=\"1600\" \/>\n\t<meta property=\"og:image:height\" content=\"752\" \/>\n\t<meta property=\"og:image:type\" content=\"image\/jpeg\" \/>\n<meta name=\"author\" content=\"Reda\u00e7\u00e3o\" \/>\n<meta name=\"twitter:card\" content=\"summary_large_image\" \/>\n<meta name=\"twitter:label1\" content=\"Escrito por\" \/>\n\t<meta name=\"twitter:data1\" content=\"Reda\u00e7\u00e3o\" \/>\n\t<meta name=\"twitter:label2\" content=\"Tempo estimado de leitura\" \/>\n\t<meta name=\"twitter:data2\" content=\"1 minuto\" \/>\n<script type=\"application\/ld+json\" class=\"yoast-schema-graph\">{\"@context\":\"https:\/\/schema.org\",\"@graph\":[{\"@type\":\"Article\",\"@id\":\"https:\/\/brasilnoticias.org\/site\/lula-celebra-aprovacao-da-reforma-tributaria-fato-historico\/#article\",\"isPartOf\":{\"@id\":\"https:\/\/brasilnoticias.org\/site\/lula-celebra-aprovacao-da-reforma-tributaria-fato-historico\/\"},\"author\":{\"name\":\"Reda\u00e7\u00e3o\",\"@id\":\"https:\/\/brasilnoticias.org\/site\/#\/schema\/person\/03bbbfe6c7634ad18c26444ea39049fa\"},\"headline\":\"Lula celebra aprova\u00e7\u00e3o da reforma tribut\u00e1ria: &#8220;Fato hist\u00f3rico&#8221;\",\"datePublished\":\"2023-12-17T00:34:29+00:00\",\"mainEntityOfPage\":{\"@id\":\"https:\/\/brasilnoticias.org\/site\/lula-celebra-aprovacao-da-reforma-tributaria-fato-historico\/\"},\"wordCount\":300,\"commentCount\":0,\"publisher\":{\"@id\":\"https:\/\/brasilnoticias.org\/site\/#organization\"},\"image\":{\"@id\":\"https:\/\/brasilnoticias.org\/site\/lula-celebra-aprovacao-da-reforma-tributaria-fato-historico\/#primaryimage\"},\"thumbnailUrl\":\"https:\/\/brasilnoticias.org\/site\/wp-content\/uploads\/2023\/12\/144300lula-celebra-aprovacao-da-reforma-tributaria-fato-historico-3.jpg\",\"articleSection\":[\"Pol\u00edtica\",\"\u00daltimas\"],\"inLanguage\":\"pt-PT\",\"potentialAction\":[{\"@type\":\"CommentAction\",\"name\":\"Comment\",\"target\":[\"https:\/\/brasilnoticias.org\/site\/lula-celebra-aprovacao-da-reforma-tributaria-fato-historico\/#respond\"]}]},{\"@type\":\"WebPage\",\"@id\":\"https:\/\/brasilnoticias.org\/site\/lula-celebra-aprovacao-da-reforma-tributaria-fato-historico\/\",\"url\":\"https:\/\/brasilnoticias.org\/site\/lula-celebra-aprovacao-da-reforma-tributaria-fato-historico\/\",\"name\":\"Lula celebra aprova\u00e7\u00e3o da reforma tribut\u00e1ria: \\\"Fato hist\u00f3rico\\\" - Brasil not\u00edcias\",\"isPartOf\":{\"@id\":\"https:\/\/brasilnoticias.org\/site\/#website\"},\"primaryImageOfPage\":{\"@id\":\"https:\/\/brasilnoticias.org\/site\/lula-celebra-aprovacao-da-reforma-tributaria-fato-historico\/#primaryimage\"},\"image\":{\"@id\":\"https:\/\/brasilnoticias.org\/site\/lula-celebra-aprovacao-da-reforma-tributaria-fato-historico\/#primaryimage\"},\"thumbnailUrl\":\"https:\/\/brasilnoticias.org\/site\/wp-content\/uploads\/2023\/12\/144300lula-celebra-aprovacao-da-reforma-tributaria-fato-historico-3.jpg\",\"datePublished\":\"2023-12-17T00:34:29+00:00\",\"breadcrumb\":{\"@id\":\"https:\/\/brasilnoticias.org\/site\/lula-celebra-aprovacao-da-reforma-tributaria-fato-historico\/#breadcrumb\"},\"inLanguage\":\"pt-PT\",\"potentialAction\":[{\"@type\":\"ReadAction\",\"target\":[\"https:\/\/brasilnoticias.org\/site\/lula-celebra-aprovacao-da-reforma-tributaria-fato-historico\/\"]}]},{\"@type\":\"ImageObject\",\"inLanguage\":\"pt-PT\",\"@id\":\"https:\/\/brasilnoticias.org\/site\/lula-celebra-aprovacao-da-reforma-tributaria-fato-historico\/#primaryimage\",\"url\":\"https:\/\/brasilnoticias.org\/site\/wp-content\/uploads\/2023\/12\/144300lula-celebra-aprovacao-da-reforma-tributaria-fato-historico-3.jpg\",\"contentUrl\":\"https:\/\/brasilnoticias.org\/site\/wp-content\/uploads\/2023\/12\/144300lula-celebra-aprovacao-da-reforma-tributaria-fato-historico-3.jpg\",\"width\":1600,\"height\":752},{\"@type\":\"BreadcrumbList\",\"@id\":\"https:\/\/brasilnoticias.org\/site\/lula-celebra-aprovacao-da-reforma-tributaria-fato-historico\/#breadcrumb\",\"itemListElement\":[{\"@type\":\"ListItem\",\"position\":1,\"name\":\"In\u00edcio\",\"item\":\"https:\/\/brasilnoticias.org\/site\/\"},{\"@type\":\"ListItem\",\"position\":2,\"name\":\"Lula celebra aprova\u00e7\u00e3o da reforma tribut\u00e1ria: &#8220;Fato hist\u00f3rico&#8221;\"}]},{\"@type\":\"WebSite\",\"@id\":\"https:\/\/brasilnoticias.org\/site\/#website\",\"url\":\"https:\/\/brasilnoticias.org\/site\/\",\"name\":\"Brasil not\u00edcias\",\"description\":\"Brasil not\u00edcias\",\"publisher\":{\"@id\":\"https:\/\/brasilnoticias.org\/site\/#organization\"},\"potentialAction\":[{\"@type\":\"SearchAction\",\"target\":{\"@type\":\"EntryPoint\",\"urlTemplate\":\"https:\/\/brasilnoticias.org\/site\/?s={search_term_string}\"},\"query-input\":{\"@type\":\"PropertyValueSpecification\",\"valueRequired\":true,\"valueName\":\"search_term_string\"}}],\"inLanguage\":\"pt-PT\"},{\"@type\":\"Organization\",\"@id\":\"https:\/\/brasilnoticias.org\/site\/#organization\",\"name\":\"Brasil not\u00edcias\",\"url\":\"https:\/\/brasilnoticias.org\/site\/\",\"logo\":{\"@type\":\"ImageObject\",\"inLanguage\":\"pt-PT\",\"@id\":\"https:\/\/brasilnoticias.org\/site\/#\/schema\/logo\/image\/\",\"url\":\"https:\/\/brasilnoticias.org\/site\/wp-content\/uploads\/2022\/05\/cropped-brasilnoticias-mini.jpg\",\"contentUrl\":\"https:\/\/brasilnoticias.org\/site\/wp-content\/uploads\/2022\/05\/cropped-brasilnoticias-mini.jpg\",\"width\":314,\"height\":86,\"caption\":\"Brasil not\u00edcias\"},\"image\":{\"@id\":\"https:\/\/brasilnoticias.org\/site\/#\/schema\/logo\/image\/\"}},{\"@type\":\"Person\",\"@id\":\"https:\/\/brasilnoticias.org\/site\/#\/schema\/person\/03bbbfe6c7634ad18c26444ea39049fa\",\"name\":\"Reda\u00e7\u00e3o\",\"image\":{\"@type\":\"ImageObject\",\"inLanguage\":\"pt-PT\",\"@id\":\"https:\/\/brasilnoticias.org\/site\/#\/schema\/person\/image\/\",\"url\":\"https:\/\/secure.gravatar.com\/avatar\/9ecaf7327a696cb23ad926fedded5f1f04d7049de9e445375d55b48c001a6e42?s=96&d=mm&r=g\",\"contentUrl\":\"https:\/\/secure.gravatar.com\/avatar\/9ecaf7327a696cb23ad926fedded5f1f04d7049de9e445375d55b48c001a6e42?s=96&d=mm&r=g\",\"caption\":\"Reda\u00e7\u00e3o\"},\"url\":\"https:\/\/brasilnoticias.org\/site\/author\/henrique\/\"}]}<\/script>\n<!-- \/ Yoast SEO plugin. -->","yoast_head_json":{"title":"Lula celebra aprova\u00e7\u00e3o da reforma tribut\u00e1ria: \"Fato hist\u00f3rico\" - Brasil not\u00edcias","robots":{"index":"index","follow":"follow","max-snippet":"max-snippet:-1","max-image-preview":"max-image-preview:large","max-video-preview":"max-video-preview:-1"},"canonical":"https:\/\/brasilnoticias.org\/site\/lula-celebra-aprovacao-da-reforma-tributaria-fato-historico\/","og_locale":"pt_PT","og_type":"article","og_title":"Lula celebra aprova\u00e7\u00e3o da reforma tribut\u00e1ria: \"Fato hist\u00f3rico\" - Brasil not\u00edcias","og_description":"Presidente elogiou os ministros envolvidos na negocia\u00e7\u00e3o para aprova\u00e7\u00e3o da proposta O presidente Luiz In\u00e1cio Lula da Silva (PT) comemorou","og_url":"https:\/\/brasilnoticias.org\/site\/lula-celebra-aprovacao-da-reforma-tributaria-fato-historico\/","og_site_name":"Brasil not\u00edcias","article_published_time":"2023-12-17T00:34:29+00:00","og_image":[{"width":1600,"height":752,"url":"https:\/\/brasilnoticias.org\/site\/wp-content\/uploads\/2023\/12\/144300lula-celebra-aprovacao-da-reforma-tributaria-fato-historico-3.jpg","type":"image\/jpeg"}],"author":"Reda\u00e7\u00e3o","twitter_card":"summary_large_image","twitter_misc":{"Escrito por":"Reda\u00e7\u00e3o","Tempo estimado de leitura":"1 minuto"},"schema":{"@context":"https:\/\/schema.org","@graph":[{"@type":"Article","@id":"https:\/\/brasilnoticias.org\/site\/lula-celebra-aprovacao-da-reforma-tributaria-fato-historico\/#article","isPartOf":{"@id":"https:\/\/brasilnoticias.org\/site\/lula-celebra-aprovacao-da-reforma-tributaria-fato-historico\/"},"author":{"name":"Reda\u00e7\u00e3o","@id":"https:\/\/brasilnoticias.org\/site\/#\/schema\/person\/03bbbfe6c7634ad18c26444ea39049fa"},"headline":"Lula celebra aprova\u00e7\u00e3o da reforma tribut\u00e1ria: &#8220;Fato hist\u00f3rico&#8221;","datePublished":"2023-12-17T00:34:29+00:00","mainEntityOfPage":{"@id":"https:\/\/brasilnoticias.org\/site\/lula-celebra-aprovacao-da-reforma-tributaria-fato-historico\/"},"wordCount":300,"commentCount":0,"publisher":{"@id":"https:\/\/brasilnoticias.org\/site\/#organization"},"image":{"@id":"https:\/\/brasilnoticias.org\/site\/lula-celebra-aprovacao-da-reforma-tributaria-fato-historico\/#primaryimage"},"thumbnailUrl":"https:\/\/brasilnoticias.org\/site\/wp-content\/uploads\/2023\/12\/144300lula-celebra-aprovacao-da-reforma-tributaria-fato-historico-3.jpg","articleSection":["Pol\u00edtica","\u00daltimas"],"inLanguage":"pt-PT","potentialAction":[{"@type":"CommentAction","name":"Comment","target":["https:\/\/brasilnoticias.org\/site\/lula-celebra-aprovacao-da-reforma-tributaria-fato-historico\/#respond"]}]},{"@type":"WebPage","@id":"https:\/\/brasilnoticias.org\/site\/lula-celebra-aprovacao-da-reforma-tributaria-fato-historico\/","url":"https:\/\/brasilnoticias.org\/site\/lula-celebra-aprovacao-da-reforma-tributaria-fato-historico\/","name":"Lula celebra aprova\u00e7\u00e3o da reforma tribut\u00e1ria: \"Fato hist\u00f3rico\" - Brasil not\u00edcias","isPartOf":{"@id":"https:\/\/brasilnoticias.org\/site\/#website"},"primaryImageOfPage":{"@id":"https:\/\/brasilnoticias.org\/site\/lula-celebra-aprovacao-da-reforma-tributaria-fato-historico\/#primaryimage"},"image":{"@id":"https:\/\/brasilnoticias.org\/site\/lula-celebra-aprovacao-da-reforma-tributaria-fato-historico\/#primaryimage"},"thumbnailUrl":"https:\/\/brasilnoticias.org\/site\/wp-content\/uploads\/2023\/12\/144300lula-celebra-aprovacao-da-reforma-tributaria-fato-historico-3.jpg","datePublished":"2023-12-17T00:34:29+00:00","breadcrumb":{"@id":"https:\/\/brasilnoticias.org\/site\/lula-celebra-aprovacao-da-reforma-tributaria-fato-historico\/#breadcrumb"},"inLanguage":"pt-PT","potentialAction":[{"@type":"ReadAction","target":["https:\/\/brasilnoticias.org\/site\/lula-celebra-aprovacao-da-reforma-tributaria-fato-historico\/"]}]},{"@type":"ImageObject","inLanguage":"pt-PT","@id":"https:\/\/brasilnoticias.org\/site\/lula-celebra-aprovacao-da-reforma-tributaria-fato-historico\/#primaryimage","url":"https:\/\/brasilnoticias.org\/site\/wp-content\/uploads\/2023\/12\/144300lula-celebra-aprovacao-da-reforma-tributaria-fato-historico-3.jpg","contentUrl":"https:\/\/brasilnoticias.org\/site\/wp-content\/uploads\/2023\/12\/144300lula-celebra-aprovacao-da-reforma-tributaria-fato-historico-3.jpg","width":1600,"height":752},{"@type":"BreadcrumbList","@id":"https:\/\/brasilnoticias.org\/site\/lula-celebra-aprovacao-da-reforma-tributaria-fato-historico\/#breadcrumb","itemListElement":[{"@type":"ListItem","position":1,"name":"In\u00edcio","item":"https:\/\/brasilnoticias.org\/site\/"},{"@type":"ListItem","position":2,"name":"Lula celebra aprova\u00e7\u00e3o da reforma tribut\u00e1ria: &#8220;Fato hist\u00f3rico&#8221;"}]},{"@type":"WebSite","@id":"https:\/\/brasilnoticias.org\/site\/#website","url":"https:\/\/brasilnoticias.org\/site\/","name":"Brasil not\u00edcias","description":"Brasil not\u00edcias","publisher":{"@id":"https:\/\/brasilnoticias.org\/site\/#organization"},"potentialAction":[{"@type":"SearchAction","target":{"@type":"EntryPoint","urlTemplate":"https:\/\/brasilnoticias.org\/site\/?s={search_term_string}"},"query-input":{"@type":"PropertyValueSpecification","valueRequired":true,"valueName":"search_term_string"}}],"inLanguage":"pt-PT"},{"@type":"Organization","@id":"https:\/\/brasilnoticias.org\/site\/#organization","name":"Brasil not\u00edcias","url":"https:\/\/brasilnoticias.org\/site\/","logo":{"@type":"ImageObject","inLanguage":"pt-PT","@id":"https:\/\/brasilnoticias.org\/site\/#\/schema\/logo\/image\/","url":"https:\/\/brasilnoticias.org\/site\/wp-content\/uploads\/2022\/05\/cropped-brasilnoticias-mini.jpg","contentUrl":"https:\/\/brasilnoticias.org\/site\/wp-content\/uploads\/2022\/05\/cropped-brasilnoticias-mini.jpg","width":314,"height":86,"caption":"Brasil not\u00edcias"},"image":{"@id":"https:\/\/brasilnoticias.org\/site\/#\/schema\/logo\/image\/"}},{"@type":"Person","@id":"https:\/\/brasilnoticias.org\/site\/#\/schema\/person\/03bbbfe6c7634ad18c26444ea39049fa","name":"Reda\u00e7\u00e3o","image":{"@type":"ImageObject","inLanguage":"pt-PT","@id":"https:\/\/brasilnoticias.org\/site\/#\/schema\/person\/image\/","url":"https:\/\/secure.gravatar.com\/avatar\/9ecaf7327a696cb23ad926fedded5f1f04d7049de9e445375d55b48c001a6e42?s=96&d=mm&r=g","contentUrl":"https:\/\/secure.gravatar.com\/avatar\/9ecaf7327a696cb23ad926fedded5f1f04d7049de9e445375d55b48c001a6e42?s=96&d=mm&r=g","caption":"Reda\u00e7\u00e3o"},"url":"https:\/\/brasilnoticias.org\/site\/author\/henrique\/"}]}},"_links":{"self":[{"href":"https:\/\/brasilnoticias.org\/site\/wp-json\/wp\/v2\/posts\/11709","targetHints":{"allow":["GET"]}}],"collection":[{"href":"https:\/\/brasilnoticias.org\/site\/wp-json\/wp\/v2\/posts"}],"about":[{"href":"https:\/\/brasilnoticias.org\/site\/wp-json\/wp\/v2\/types\/post"}],"author":[{"embeddable":true,"href":"https:\/\/brasilnoticias.org\/site\/wp-json\/wp\/v2\/users\/4"}],"replies":[{"embeddable":true,"href":"https:\/\/brasilnoticias.org\/site\/wp-json\/wp\/v2\/comments?post=11709"}],"version-history":[{"count":1,"href":"https:\/\/brasilnoticias.org\/site\/wp-json\/wp\/v2\/posts\/11709\/revisions"}],"predecessor-version":[{"id":11711,"href":"https:\/\/brasilnoticias.org\/site\/wp-json\/wp\/v2\/posts\/11709\/revisions\/11711"}],"wp:featuredmedia":[{"embeddable":true,"href":"https:\/\/brasilnoticias.org\/site\/wp-json\/wp\/v2\/media\/11710"}],"wp:attachment":[{"href":"https:\/\/brasilnoticias.org\/site\/wp-json\/wp\/v2\/media?parent=11709"}],"wp:term":[{"taxonomy":"category","embeddable":true,"href":"https:\/\/brasilnoticias.org\/site\/wp-json\/wp\/v2\/categories?post=11709"},{"taxonomy":"post_tag","embeddable":true,"href":"https:\/\/brasilnoticias.org\/site\/wp-json\/wp\/v2\/tags?post=11709"}],"curies":[{"name":"wp","href":"https:\/\/api.w.org\/{rel}","templated":true}]}}