{"id":11718,"date":"2023-12-17T07:00:57","date_gmt":"2023-12-17T10:00:57","guid":{"rendered":"https:\/\/brasilnoticias.org\/site\/?p=11718"},"modified":"2023-12-16T21:39:50","modified_gmt":"2023-12-17T00:39:50","slug":"mortalidade-de-criancas-em-gaza-e-duas-vezes-maior-que-em-outros-conflitos-aponta-porta-voz-do-unicef","status":"publish","type":"post","link":"https:\/\/brasilnoticias.org\/site\/mortalidade-de-criancas-em-gaza-e-duas-vezes-maior-que-em-outros-conflitos-aponta-porta-voz-do-unicef\/","title":{"rendered":"Mortalidade de crian\u00e7as em Gaza \u00e9 duas vezes maior que em outros conflitos, aponta porta-voz do Unicef"},"content":{"rendered":"<p>Em comunicado, James Elder alertou para as condi\u00e7\u00f5es impostas \u00e0s crian\u00e7as na regi\u00e3o<\/p>\n<p>O porta-voz do Fundo das Na\u00e7\u00f5es Unidas para a Inf\u00e2ncia (Unicef), James Elder, declarou que as crian\u00e7as na Faixa de Gaza \u201ct\u00eam sofrido condi\u00e7\u00f5es infernais\u201d. A declara\u00e7\u00e3o foi feita durante comunicado emitido nesta sexta-feira (15).<\/p>\n<p>Em entrevista \u00e0 CNN, James disse ainda que a mortalidade das crian\u00e7as em Gaza \u00e9 duas vezes maior do que a normalmente registrada em outros conflitos.<\/p>\n<p>\u201cA maioria das crises afeta terrivelmente as crian\u00e7as, porque elas s\u00e3o as mais vulner\u00e1veis, mas a maioria tem uma taxa de v\u00edtimas de crian\u00e7as em torno de 20%, este [conflito de Gaza] \u00e9 de 40 [%] Isso \u00e9 duas vezes mais letal para as crian\u00e7as do que muitos conflitos que vimos nos \u00faltimos 15 ou 20 anos\u201d, declarou.<\/p>\n<p>Segundo o Minist\u00e9rio da Sa\u00fade palestino em Ramallah, os ataques israelenses mataram ao menos 18.700 palestinos em Gaza desde 7 de outubro, 70% dos quais eram crian\u00e7as e mulheres. <\/p>\n<p>Em outubro, a Organiza\u00e7\u00e3o n\u00e3o governamental (ONG) M\u00e9dicos Sem Fronteiras (MSF) nos territ\u00f3rios palestinos divulgou que as opera\u00e7\u00f5es cir\u00fargicas s\u00e3o realizadas com seda\u00e7\u00e3o parcial, ou sem nenhum tipo de anestesia, nos pacientes na Faixa de Gaza, devido \u00e0 escassez de produtos, e que a maioria dos feridos s\u00e3o crian\u00e7as e mulheres.<\/p>\n<p>No dia 6 de novembro o chefe da ONU, Ant\u00f3nio Guterres, disse que Gaza est\u00e1 se tornando &#8220;um cemit\u00e9rio para crian\u00e7as\u201d.<\/p>\n<p>Foto: Reprodu\u00e7\u00e3o\/Al Jazeera<br \/>\nPor: Metro1<\/p>\n","protected":false},"excerpt":{"rendered":"<p>Em comunicado, James Elder alertou para as condi\u00e7\u00f5es impostas \u00e0s crian\u00e7as na regi\u00e3o O porta-voz do Fundo das Na\u00e7\u00f5es Unidas<\/p>\n","protected":false},"author":4,"featured_media":11719,"comment_status":"open","ping_status":"open","sticky":false,"template":"","format":"standard","meta":{"colormag_page_container_layout":"default_layout","colormag_page_sidebar_layout":"default_layout","_FSMCFIC_featured_image_caption":"","_FSMCFIC_featured_image_nocaption":"","_FSMCFIC_featured_image_hide":"","footnotes":""},"categories":[6,1],"tags":[],"class_list":["post-11718","post","type-post","status-publish","format-standard","has-post-thumbnail","hentry","category-mundo","category-ultimas"],"yoast_head":"<!-- This site is optimized with the Yoast SEO plugin v27.1.1 - https:\/\/yoast.com\/product\/yoast-seo-wordpress\/ -->\n<title>Mortalidade de crian\u00e7as em Gaza \u00e9 duas vezes maior que em outros conflitos, aponta porta-voz do Unicef - Brasil not\u00edcias<\/title>\n<meta name=\"robots\" content=\"index, follow, max-snippet:-1, max-image-preview:large, max-video-preview:-1\" \/>\n<link rel=\"canonical\" href=\"https:\/\/brasilnoticias.org\/site\/mortalidade-de-criancas-em-gaza-e-duas-vezes-maior-que-em-outros-conflitos-aponta-porta-voz-do-unicef\/\" \/>\n<meta property=\"og:locale\" content=\"pt_PT\" \/>\n<meta property=\"og:type\" content=\"article\" \/>\n<meta property=\"og:title\" content=\"Mortalidade de crian\u00e7as em Gaza \u00e9 duas vezes maior que em outros conflitos, aponta porta-voz do Unicef - Brasil not\u00edcias\" \/>\n<meta property=\"og:description\" content=\"Em comunicado, James Elder alertou para as condi\u00e7\u00f5es impostas \u00e0s crian\u00e7as na regi\u00e3o O porta-voz do Fundo das Na\u00e7\u00f5es Unidas\" \/>\n<meta property=\"og:url\" content=\"https:\/\/brasilnoticias.org\/site\/mortalidade-de-criancas-em-gaza-e-duas-vezes-maior-que-em-outros-conflitos-aponta-porta-voz-do-unicef\/\" \/>\n<meta property=\"og:site_name\" content=\"Brasil not\u00edcias\" \/>\n<meta property=\"article:published_time\" content=\"2023-12-17T10:00:57+00:00\" \/>\n<meta property=\"og:image\" content=\"https:\/\/brasilnoticias.org\/site\/wp-content\/uploads\/2023\/12\/144305mortalidade-de-criancas-em-gaza-e-duas-vezes-maior-que-em-outros-conflitos-aponta-porta-voz-do-unicef-3.jpg\" \/>\n\t<meta property=\"og:image:width\" content=\"1600\" \/>\n\t<meta property=\"og:image:height\" content=\"752\" \/>\n\t<meta property=\"og:image:type\" content=\"image\/jpeg\" \/>\n<meta name=\"author\" content=\"Reda\u00e7\u00e3o\" \/>\n<meta name=\"twitter:card\" content=\"summary_large_image\" \/>\n<meta name=\"twitter:label1\" content=\"Escrito por\" \/>\n\t<meta name=\"twitter:data1\" content=\"Reda\u00e7\u00e3o\" \/>\n\t<meta name=\"twitter:label2\" content=\"Tempo estimado de leitura\" \/>\n\t<meta name=\"twitter:data2\" content=\"1 minuto\" \/>\n<script type=\"application\/ld+json\" class=\"yoast-schema-graph\">{\"@context\":\"https:\/\/schema.org\",\"@graph\":[{\"@type\":\"Article\",\"@id\":\"https:\/\/brasilnoticias.org\/site\/mortalidade-de-criancas-em-gaza-e-duas-vezes-maior-que-em-outros-conflitos-aponta-porta-voz-do-unicef\/#article\",\"isPartOf\":{\"@id\":\"https:\/\/brasilnoticias.org\/site\/mortalidade-de-criancas-em-gaza-e-duas-vezes-maior-que-em-outros-conflitos-aponta-porta-voz-do-unicef\/\"},\"author\":{\"name\":\"Reda\u00e7\u00e3o\",\"@id\":\"https:\/\/brasilnoticias.org\/site\/#\/schema\/person\/03bbbfe6c7634ad18c26444ea39049fa\"},\"headline\":\"Mortalidade de crian\u00e7as em Gaza \u00e9 duas vezes maior que em outros conflitos, aponta porta-voz do Unicef\",\"datePublished\":\"2023-12-17T10:00:57+00:00\",\"mainEntityOfPage\":{\"@id\":\"https:\/\/brasilnoticias.org\/site\/mortalidade-de-criancas-em-gaza-e-duas-vezes-maior-que-em-outros-conflitos-aponta-porta-voz-do-unicef\/\"},\"wordCount\":274,\"commentCount\":0,\"publisher\":{\"@id\":\"https:\/\/brasilnoticias.org\/site\/#organization\"},\"image\":{\"@id\":\"https:\/\/brasilnoticias.org\/site\/mortalidade-de-criancas-em-gaza-e-duas-vezes-maior-que-em-outros-conflitos-aponta-porta-voz-do-unicef\/#primaryimage\"},\"thumbnailUrl\":\"https:\/\/brasilnoticias.org\/site\/wp-content\/uploads\/2023\/12\/144305mortalidade-de-criancas-em-gaza-e-duas-vezes-maior-que-em-outros-conflitos-aponta-porta-voz-do-unicef-3.jpg\",\"articleSection\":[\"Mundo\",\"\u00daltimas\"],\"inLanguage\":\"pt-PT\",\"potentialAction\":[{\"@type\":\"CommentAction\",\"name\":\"Comment\",\"target\":[\"https:\/\/brasilnoticias.org\/site\/mortalidade-de-criancas-em-gaza-e-duas-vezes-maior-que-em-outros-conflitos-aponta-porta-voz-do-unicef\/#respond\"]}]},{\"@type\":\"WebPage\",\"@id\":\"https:\/\/brasilnoticias.org\/site\/mortalidade-de-criancas-em-gaza-e-duas-vezes-maior-que-em-outros-conflitos-aponta-porta-voz-do-unicef\/\",\"url\":\"https:\/\/brasilnoticias.org\/site\/mortalidade-de-criancas-em-gaza-e-duas-vezes-maior-que-em-outros-conflitos-aponta-porta-voz-do-unicef\/\",\"name\":\"Mortalidade de crian\u00e7as em Gaza \u00e9 duas vezes maior que em outros conflitos, aponta porta-voz do Unicef - Brasil not\u00edcias\",\"isPartOf\":{\"@id\":\"https:\/\/brasilnoticias.org\/site\/#website\"},\"primaryImageOfPage\":{\"@id\":\"https:\/\/brasilnoticias.org\/site\/mortalidade-de-criancas-em-gaza-e-duas-vezes-maior-que-em-outros-conflitos-aponta-porta-voz-do-unicef\/#primaryimage\"},\"image\":{\"@id\":\"https:\/\/brasilnoticias.org\/site\/mortalidade-de-criancas-em-gaza-e-duas-vezes-maior-que-em-outros-conflitos-aponta-porta-voz-do-unicef\/#primaryimage\"},\"thumbnailUrl\":\"https:\/\/brasilnoticias.org\/site\/wp-content\/uploads\/2023\/12\/144305mortalidade-de-criancas-em-gaza-e-duas-vezes-maior-que-em-outros-conflitos-aponta-porta-voz-do-unicef-3.jpg\",\"datePublished\":\"2023-12-17T10:00:57+00:00\",\"breadcrumb\":{\"@id\":\"https:\/\/brasilnoticias.org\/site\/mortalidade-de-criancas-em-gaza-e-duas-vezes-maior-que-em-outros-conflitos-aponta-porta-voz-do-unicef\/#breadcrumb\"},\"inLanguage\":\"pt-PT\",\"potentialAction\":[{\"@type\":\"ReadAction\",\"target\":[\"https:\/\/brasilnoticias.org\/site\/mortalidade-de-criancas-em-gaza-e-duas-vezes-maior-que-em-outros-conflitos-aponta-porta-voz-do-unicef\/\"]}]},{\"@type\":\"ImageObject\",\"inLanguage\":\"pt-PT\",\"@id\":\"https:\/\/brasilnoticias.org\/site\/mortalidade-de-criancas-em-gaza-e-duas-vezes-maior-que-em-outros-conflitos-aponta-porta-voz-do-unicef\/#primaryimage\",\"url\":\"https:\/\/brasilnoticias.org\/site\/wp-content\/uploads\/2023\/12\/144305mortalidade-de-criancas-em-gaza-e-duas-vezes-maior-que-em-outros-conflitos-aponta-porta-voz-do-unicef-3.jpg\",\"contentUrl\":\"https:\/\/brasilnoticias.org\/site\/wp-content\/uploads\/2023\/12\/144305mortalidade-de-criancas-em-gaza-e-duas-vezes-maior-que-em-outros-conflitos-aponta-porta-voz-do-unicef-3.jpg\",\"width\":1600,\"height\":752},{\"@type\":\"BreadcrumbList\",\"@id\":\"https:\/\/brasilnoticias.org\/site\/mortalidade-de-criancas-em-gaza-e-duas-vezes-maior-que-em-outros-conflitos-aponta-porta-voz-do-unicef\/#breadcrumb\",\"itemListElement\":[{\"@type\":\"ListItem\",\"position\":1,\"name\":\"In\u00edcio\",\"item\":\"https:\/\/brasilnoticias.org\/site\/\"},{\"@type\":\"ListItem\",\"position\":2,\"name\":\"Mortalidade de crian\u00e7as em Gaza \u00e9 duas vezes maior que em outros conflitos, aponta porta-voz do Unicef\"}]},{\"@type\":\"WebSite\",\"@id\":\"https:\/\/brasilnoticias.org\/site\/#website\",\"url\":\"https:\/\/brasilnoticias.org\/site\/\",\"name\":\"Brasil not\u00edcias\",\"description\":\"Brasil not\u00edcias\",\"publisher\":{\"@id\":\"https:\/\/brasilnoticias.org\/site\/#organization\"},\"potentialAction\":[{\"@type\":\"SearchAction\",\"target\":{\"@type\":\"EntryPoint\",\"urlTemplate\":\"https:\/\/brasilnoticias.org\/site\/?s={search_term_string}\"},\"query-input\":{\"@type\":\"PropertyValueSpecification\",\"valueRequired\":true,\"valueName\":\"search_term_string\"}}],\"inLanguage\":\"pt-PT\"},{\"@type\":\"Organization\",\"@id\":\"https:\/\/brasilnoticias.org\/site\/#organization\",\"name\":\"Brasil not\u00edcias\",\"url\":\"https:\/\/brasilnoticias.org\/site\/\",\"logo\":{\"@type\":\"ImageObject\",\"inLanguage\":\"pt-PT\",\"@id\":\"https:\/\/brasilnoticias.org\/site\/#\/schema\/logo\/image\/\",\"url\":\"https:\/\/brasilnoticias.org\/site\/wp-content\/uploads\/2022\/05\/cropped-brasilnoticias-mini.jpg\",\"contentUrl\":\"https:\/\/brasilnoticias.org\/site\/wp-content\/uploads\/2022\/05\/cropped-brasilnoticias-mini.jpg\",\"width\":314,\"height\":86,\"caption\":\"Brasil not\u00edcias\"},\"image\":{\"@id\":\"https:\/\/brasilnoticias.org\/site\/#\/schema\/logo\/image\/\"}},{\"@type\":\"Person\",\"@id\":\"https:\/\/brasilnoticias.org\/site\/#\/schema\/person\/03bbbfe6c7634ad18c26444ea39049fa\",\"name\":\"Reda\u00e7\u00e3o\",\"image\":{\"@type\":\"ImageObject\",\"inLanguage\":\"pt-PT\",\"@id\":\"https:\/\/brasilnoticias.org\/site\/#\/schema\/person\/image\/\",\"url\":\"https:\/\/secure.gravatar.com\/avatar\/9ecaf7327a696cb23ad926fedded5f1f04d7049de9e445375d55b48c001a6e42?s=96&d=mm&r=g\",\"contentUrl\":\"https:\/\/secure.gravatar.com\/avatar\/9ecaf7327a696cb23ad926fedded5f1f04d7049de9e445375d55b48c001a6e42?s=96&d=mm&r=g\",\"caption\":\"Reda\u00e7\u00e3o\"},\"url\":\"https:\/\/brasilnoticias.org\/site\/author\/henrique\/\"}]}<\/script>\n<!-- \/ Yoast SEO plugin. -->","yoast_head_json":{"title":"Mortalidade de crian\u00e7as em Gaza \u00e9 duas vezes maior que em outros conflitos, aponta porta-voz do Unicef - Brasil not\u00edcias","robots":{"index":"index","follow":"follow","max-snippet":"max-snippet:-1","max-image-preview":"max-image-preview:large","max-video-preview":"max-video-preview:-1"},"canonical":"https:\/\/brasilnoticias.org\/site\/mortalidade-de-criancas-em-gaza-e-duas-vezes-maior-que-em-outros-conflitos-aponta-porta-voz-do-unicef\/","og_locale":"pt_PT","og_type":"article","og_title":"Mortalidade de crian\u00e7as em Gaza \u00e9 duas vezes maior que em outros conflitos, aponta porta-voz do Unicef - Brasil not\u00edcias","og_description":"Em comunicado, James Elder alertou para as condi\u00e7\u00f5es impostas \u00e0s crian\u00e7as na regi\u00e3o O porta-voz do Fundo das Na\u00e7\u00f5es Unidas","og_url":"https:\/\/brasilnoticias.org\/site\/mortalidade-de-criancas-em-gaza-e-duas-vezes-maior-que-em-outros-conflitos-aponta-porta-voz-do-unicef\/","og_site_name":"Brasil not\u00edcias","article_published_time":"2023-12-17T10:00:57+00:00","og_image":[{"width":1600,"height":752,"url":"https:\/\/brasilnoticias.org\/site\/wp-content\/uploads\/2023\/12\/144305mortalidade-de-criancas-em-gaza-e-duas-vezes-maior-que-em-outros-conflitos-aponta-porta-voz-do-unicef-3.jpg","type":"image\/jpeg"}],"author":"Reda\u00e7\u00e3o","twitter_card":"summary_large_image","twitter_misc":{"Escrito por":"Reda\u00e7\u00e3o","Tempo estimado de leitura":"1 minuto"},"schema":{"@context":"https:\/\/schema.org","@graph":[{"@type":"Article","@id":"https:\/\/brasilnoticias.org\/site\/mortalidade-de-criancas-em-gaza-e-duas-vezes-maior-que-em-outros-conflitos-aponta-porta-voz-do-unicef\/#article","isPartOf":{"@id":"https:\/\/brasilnoticias.org\/site\/mortalidade-de-criancas-em-gaza-e-duas-vezes-maior-que-em-outros-conflitos-aponta-porta-voz-do-unicef\/"},"author":{"name":"Reda\u00e7\u00e3o","@id":"https:\/\/brasilnoticias.org\/site\/#\/schema\/person\/03bbbfe6c7634ad18c26444ea39049fa"},"headline":"Mortalidade de crian\u00e7as em Gaza \u00e9 duas vezes maior que em outros conflitos, aponta porta-voz do Unicef","datePublished":"2023-12-17T10:00:57+00:00","mainEntityOfPage":{"@id":"https:\/\/brasilnoticias.org\/site\/mortalidade-de-criancas-em-gaza-e-duas-vezes-maior-que-em-outros-conflitos-aponta-porta-voz-do-unicef\/"},"wordCount":274,"commentCount":0,"publisher":{"@id":"https:\/\/brasilnoticias.org\/site\/#organization"},"image":{"@id":"https:\/\/brasilnoticias.org\/site\/mortalidade-de-criancas-em-gaza-e-duas-vezes-maior-que-em-outros-conflitos-aponta-porta-voz-do-unicef\/#primaryimage"},"thumbnailUrl":"https:\/\/brasilnoticias.org\/site\/wp-content\/uploads\/2023\/12\/144305mortalidade-de-criancas-em-gaza-e-duas-vezes-maior-que-em-outros-conflitos-aponta-porta-voz-do-unicef-3.jpg","articleSection":["Mundo","\u00daltimas"],"inLanguage":"pt-PT","potentialAction":[{"@type":"CommentAction","name":"Comment","target":["https:\/\/brasilnoticias.org\/site\/mortalidade-de-criancas-em-gaza-e-duas-vezes-maior-que-em-outros-conflitos-aponta-porta-voz-do-unicef\/#respond"]}]},{"@type":"WebPage","@id":"https:\/\/brasilnoticias.org\/site\/mortalidade-de-criancas-em-gaza-e-duas-vezes-maior-que-em-outros-conflitos-aponta-porta-voz-do-unicef\/","url":"https:\/\/brasilnoticias.org\/site\/mortalidade-de-criancas-em-gaza-e-duas-vezes-maior-que-em-outros-conflitos-aponta-porta-voz-do-unicef\/","name":"Mortalidade de crian\u00e7as em Gaza \u00e9 duas vezes maior que em outros conflitos, aponta porta-voz do Unicef - Brasil not\u00edcias","isPartOf":{"@id":"https:\/\/brasilnoticias.org\/site\/#website"},"primaryImageOfPage":{"@id":"https:\/\/brasilnoticias.org\/site\/mortalidade-de-criancas-em-gaza-e-duas-vezes-maior-que-em-outros-conflitos-aponta-porta-voz-do-unicef\/#primaryimage"},"image":{"@id":"https:\/\/brasilnoticias.org\/site\/mortalidade-de-criancas-em-gaza-e-duas-vezes-maior-que-em-outros-conflitos-aponta-porta-voz-do-unicef\/#primaryimage"},"thumbnailUrl":"https:\/\/brasilnoticias.org\/site\/wp-content\/uploads\/2023\/12\/144305mortalidade-de-criancas-em-gaza-e-duas-vezes-maior-que-em-outros-conflitos-aponta-porta-voz-do-unicef-3.jpg","datePublished":"2023-12-17T10:00:57+00:00","breadcrumb":{"@id":"https:\/\/brasilnoticias.org\/site\/mortalidade-de-criancas-em-gaza-e-duas-vezes-maior-que-em-outros-conflitos-aponta-porta-voz-do-unicef\/#breadcrumb"},"inLanguage":"pt-PT","potentialAction":[{"@type":"ReadAction","target":["https:\/\/brasilnoticias.org\/site\/mortalidade-de-criancas-em-gaza-e-duas-vezes-maior-que-em-outros-conflitos-aponta-porta-voz-do-unicef\/"]}]},{"@type":"ImageObject","inLanguage":"pt-PT","@id":"https:\/\/brasilnoticias.org\/site\/mortalidade-de-criancas-em-gaza-e-duas-vezes-maior-que-em-outros-conflitos-aponta-porta-voz-do-unicef\/#primaryimage","url":"https:\/\/brasilnoticias.org\/site\/wp-content\/uploads\/2023\/12\/144305mortalidade-de-criancas-em-gaza-e-duas-vezes-maior-que-em-outros-conflitos-aponta-porta-voz-do-unicef-3.jpg","contentUrl":"https:\/\/brasilnoticias.org\/site\/wp-content\/uploads\/2023\/12\/144305mortalidade-de-criancas-em-gaza-e-duas-vezes-maior-que-em-outros-conflitos-aponta-porta-voz-do-unicef-3.jpg","width":1600,"height":752},{"@type":"BreadcrumbList","@id":"https:\/\/brasilnoticias.org\/site\/mortalidade-de-criancas-em-gaza-e-duas-vezes-maior-que-em-outros-conflitos-aponta-porta-voz-do-unicef\/#breadcrumb","itemListElement":[{"@type":"ListItem","position":1,"name":"In\u00edcio","item":"https:\/\/brasilnoticias.org\/site\/"},{"@type":"ListItem","position":2,"name":"Mortalidade de crian\u00e7as em Gaza \u00e9 duas vezes maior que em outros conflitos, aponta porta-voz do Unicef"}]},{"@type":"WebSite","@id":"https:\/\/brasilnoticias.org\/site\/#website","url":"https:\/\/brasilnoticias.org\/site\/","name":"Brasil not\u00edcias","description":"Brasil not\u00edcias","publisher":{"@id":"https:\/\/brasilnoticias.org\/site\/#organization"},"potentialAction":[{"@type":"SearchAction","target":{"@type":"EntryPoint","urlTemplate":"https:\/\/brasilnoticias.org\/site\/?s={search_term_string}"},"query-input":{"@type":"PropertyValueSpecification","valueRequired":true,"valueName":"search_term_string"}}],"inLanguage":"pt-PT"},{"@type":"Organization","@id":"https:\/\/brasilnoticias.org\/site\/#organization","name":"Brasil not\u00edcias","url":"https:\/\/brasilnoticias.org\/site\/","logo":{"@type":"ImageObject","inLanguage":"pt-PT","@id":"https:\/\/brasilnoticias.org\/site\/#\/schema\/logo\/image\/","url":"https:\/\/brasilnoticias.org\/site\/wp-content\/uploads\/2022\/05\/cropped-brasilnoticias-mini.jpg","contentUrl":"https:\/\/brasilnoticias.org\/site\/wp-content\/uploads\/2022\/05\/cropped-brasilnoticias-mini.jpg","width":314,"height":86,"caption":"Brasil not\u00edcias"},"image":{"@id":"https:\/\/brasilnoticias.org\/site\/#\/schema\/logo\/image\/"}},{"@type":"Person","@id":"https:\/\/brasilnoticias.org\/site\/#\/schema\/person\/03bbbfe6c7634ad18c26444ea39049fa","name":"Reda\u00e7\u00e3o","image":{"@type":"ImageObject","inLanguage":"pt-PT","@id":"https:\/\/brasilnoticias.org\/site\/#\/schema\/person\/image\/","url":"https:\/\/secure.gravatar.com\/avatar\/9ecaf7327a696cb23ad926fedded5f1f04d7049de9e445375d55b48c001a6e42?s=96&d=mm&r=g","contentUrl":"https:\/\/secure.gravatar.com\/avatar\/9ecaf7327a696cb23ad926fedded5f1f04d7049de9e445375d55b48c001a6e42?s=96&d=mm&r=g","caption":"Reda\u00e7\u00e3o"},"url":"https:\/\/brasilnoticias.org\/site\/author\/henrique\/"}]}},"_links":{"self":[{"href":"https:\/\/brasilnoticias.org\/site\/wp-json\/wp\/v2\/posts\/11718","targetHints":{"allow":["GET"]}}],"collection":[{"href":"https:\/\/brasilnoticias.org\/site\/wp-json\/wp\/v2\/posts"}],"about":[{"href":"https:\/\/brasilnoticias.org\/site\/wp-json\/wp\/v2\/types\/post"}],"author":[{"embeddable":true,"href":"https:\/\/brasilnoticias.org\/site\/wp-json\/wp\/v2\/users\/4"}],"replies":[{"embeddable":true,"href":"https:\/\/brasilnoticias.org\/site\/wp-json\/wp\/v2\/comments?post=11718"}],"version-history":[{"count":1,"href":"https:\/\/brasilnoticias.org\/site\/wp-json\/wp\/v2\/posts\/11718\/revisions"}],"predecessor-version":[{"id":11720,"href":"https:\/\/brasilnoticias.org\/site\/wp-json\/wp\/v2\/posts\/11718\/revisions\/11720"}],"wp:featuredmedia":[{"embeddable":true,"href":"https:\/\/brasilnoticias.org\/site\/wp-json\/wp\/v2\/media\/11719"}],"wp:attachment":[{"href":"https:\/\/brasilnoticias.org\/site\/wp-json\/wp\/v2\/media?parent=11718"}],"wp:term":[{"taxonomy":"category","embeddable":true,"href":"https:\/\/brasilnoticias.org\/site\/wp-json\/wp\/v2\/categories?post=11718"},{"taxonomy":"post_tag","embeddable":true,"href":"https:\/\/brasilnoticias.org\/site\/wp-json\/wp\/v2\/tags?post=11718"}],"curies":[{"name":"wp","href":"https:\/\/api.w.org\/{rel}","templated":true}]}}