{"id":11729,"date":"2023-12-17T19:18:05","date_gmt":"2023-12-17T22:18:05","guid":{"rendered":"https:\/\/brasilnoticias.org\/site\/?p=11729"},"modified":"2023-12-17T19:18:05","modified_gmt":"2023-12-17T22:18:05","slug":"naufragio-de-embarcacao-mata-61-refugiados-na-libia-segundo-a-onu","status":"publish","type":"post","link":"https:\/\/brasilnoticias.org\/site\/naufragio-de-embarcacao-mata-61-refugiados-na-libia-segundo-a-onu\/","title":{"rendered":"Naufr\u00e1gio de embarca\u00e7\u00e3o mata 61 refugiados na L\u00edbia, segundo a ONU"},"content":{"rendered":"<p>A estimativa \u00e9 que 86 pessoas estivessem na embarca\u00e7\u00e3o que saiu de Zwara, cidade na costa do Pa\u00eds[<\/p>\n<p>Um naufr\u00e1gio matou pelo menos 61 pessoas na costa da L\u00edbia no \u00faltimo s\u00e1bado (16\/12), de acordo com a Organiza\u00e7\u00e3o Internacional Para Migra\u00e7\u00f5es (OIM), \u00f3rg\u00e3o ligado \u00e0s Organiza\u00e7\u00f5es das Na\u00e7\u00f5es Unidas (ONU).<\/p>\n<p>Refugiados da Nig\u00e9ria, G\u00e2mbia, da pr\u00f3pria L\u00edbia e outros pa\u00edses africanos estavam no barco. As informa\u00e7\u00f5es contam que 25 pessoas conseguiram ser resgatadas e est\u00e3o recebendo cuidados em solo l\u00edbio. A estimativa \u00e9 que 86 pessoas estivessem na embarca\u00e7\u00e3o que saiu de Zwara, cidade na costa do Pa\u00eds.<\/p>\n<p>O mau-tempo pode ter provocado o naufr\u00e1gio. Em seu perfil na plataforma X, o porta-voz da OIM, Flavio Di Giacomo, informou que 2.250 pessoas morreram em 2023 na rota migrat\u00f3ria pelo Mar Mediterr\u00e2neo. Segundo a publica\u00e7\u00e3o, \u201cn\u00e3o est\u00e1 sendo feito o suficiente\u201d para salvar as vidas de refugiados que tentam cruzar o oceano.<\/p>\n<blockquote class=\"twitter-tweet\">\n<p lang=\"it\" dir=\"ltr\">La zona SAR istituisce un onere di salvare vite, non un diritto esclusivo di intervento. Sono acque internazionali, non libiche. Da sottolineare che una zona Sar richiede anche un porto sicuro di sbarco e la <a href=\"https:\/\/twitter.com\/hashtag\/Libia?src=hash&amp;ref_src=twsrc%5Etfw\">#Libia<\/a> non lo \u00e8. <a href=\"https:\/\/t.co\/PnrreHUjyr\">https:\/\/t.co\/PnrreHUjyr<\/a><\/p>\n<p>&mdash; Flavio Di Giacomo (@fladig) <a href=\"https:\/\/twitter.com\/fladig\/status\/1420020302751404036?ref_src=twsrc%5Etfw\">July 27, 2021<\/a><\/p><\/blockquote>\n<p> <script async src=\"https:\/\/platform.twitter.com\/widgets.js\" charset=\"utf-8\"><\/script><\/p>\n<p>Foto: reprodu\u00e7\u00e3o\/SBT News<br \/>\nAratu On<\/p>\n","protected":false},"excerpt":{"rendered":"<p>A estimativa \u00e9 que 86 pessoas estivessem na embarca\u00e7\u00e3o que saiu de Zwara, cidade na costa do Pa\u00eds[ Um naufr\u00e1gio<\/p>\n","protected":false},"author":4,"featured_media":11730,"comment_status":"open","ping_status":"open","sticky":false,"template":"","format":"standard","meta":{"colormag_page_container_layout":"default_layout","colormag_page_sidebar_layout":"default_layout","_FSMCFIC_featured_image_caption":"","_FSMCFIC_featured_image_nocaption":"","_FSMCFIC_featured_image_hide":"","footnotes":""},"categories":[6,1],"tags":[],"class_list":["post-11729","post","type-post","status-publish","format-standard","has-post-thumbnail","hentry","category-mundo","category-ultimas"],"yoast_head":"<!-- This site is optimized with the Yoast SEO plugin v27.1.1 - https:\/\/yoast.com\/product\/yoast-seo-wordpress\/ -->\n<title>Naufr\u00e1gio de embarca\u00e7\u00e3o mata 61 refugiados na L\u00edbia, segundo a ONU - Brasil not\u00edcias<\/title>\n<meta name=\"robots\" content=\"index, follow, max-snippet:-1, max-image-preview:large, max-video-preview:-1\" \/>\n<link rel=\"canonical\" href=\"https:\/\/brasilnoticias.org\/site\/naufragio-de-embarcacao-mata-61-refugiados-na-libia-segundo-a-onu\/\" \/>\n<meta property=\"og:locale\" content=\"pt_PT\" \/>\n<meta property=\"og:type\" content=\"article\" \/>\n<meta property=\"og:title\" content=\"Naufr\u00e1gio de embarca\u00e7\u00e3o mata 61 refugiados na L\u00edbia, segundo a ONU - Brasil not\u00edcias\" \/>\n<meta property=\"og:description\" content=\"A estimativa \u00e9 que 86 pessoas estivessem na embarca\u00e7\u00e3o que saiu de Zwara, cidade na costa do Pa\u00eds[ Um naufr\u00e1gio\" \/>\n<meta property=\"og:url\" content=\"https:\/\/brasilnoticias.org\/site\/naufragio-de-embarcacao-mata-61-refugiados-na-libia-segundo-a-onu\/\" \/>\n<meta property=\"og:site_name\" content=\"Brasil not\u00edcias\" \/>\n<meta property=\"article:published_time\" content=\"2023-12-17T22:18:05+00:00\" \/>\n<meta property=\"og:image\" content=\"https:\/\/brasilnoticias.org\/site\/wp-content\/uploads\/2023\/12\/naufragii.jpg\" \/>\n\t<meta property=\"og:image:width\" content=\"740\" \/>\n\t<meta property=\"og:image:height\" content=\"470\" \/>\n\t<meta property=\"og:image:type\" content=\"image\/jpeg\" \/>\n<meta name=\"author\" content=\"Reda\u00e7\u00e3o\" \/>\n<meta name=\"twitter:card\" content=\"summary_large_image\" \/>\n<meta name=\"twitter:label1\" content=\"Escrito por\" \/>\n\t<meta name=\"twitter:data1\" content=\"Reda\u00e7\u00e3o\" \/>\n<script type=\"application\/ld+json\" class=\"yoast-schema-graph\">{\"@context\":\"https:\/\/schema.org\",\"@graph\":[{\"@type\":\"Article\",\"@id\":\"https:\/\/brasilnoticias.org\/site\/naufragio-de-embarcacao-mata-61-refugiados-na-libia-segundo-a-onu\/#article\",\"isPartOf\":{\"@id\":\"https:\/\/brasilnoticias.org\/site\/naufragio-de-embarcacao-mata-61-refugiados-na-libia-segundo-a-onu\/\"},\"author\":{\"name\":\"Reda\u00e7\u00e3o\",\"@id\":\"https:\/\/brasilnoticias.org\/site\/#\/schema\/person\/03bbbfe6c7634ad18c26444ea39049fa\"},\"headline\":\"Naufr\u00e1gio de embarca\u00e7\u00e3o mata 61 refugiados na L\u00edbia, segundo a ONU\",\"datePublished\":\"2023-12-17T22:18:05+00:00\",\"mainEntityOfPage\":{\"@id\":\"https:\/\/brasilnoticias.org\/site\/naufragio-de-embarcacao-mata-61-refugiados-na-libia-segundo-a-onu\/\"},\"wordCount\":235,\"commentCount\":0,\"publisher\":{\"@id\":\"https:\/\/brasilnoticias.org\/site\/#organization\"},\"image\":{\"@id\":\"https:\/\/brasilnoticias.org\/site\/naufragio-de-embarcacao-mata-61-refugiados-na-libia-segundo-a-onu\/#primaryimage\"},\"thumbnailUrl\":\"https:\/\/brasilnoticias.org\/site\/wp-content\/uploads\/2023\/12\/naufragii.jpg\",\"articleSection\":[\"Mundo\",\"\u00daltimas\"],\"inLanguage\":\"pt-PT\",\"potentialAction\":[{\"@type\":\"CommentAction\",\"name\":\"Comment\",\"target\":[\"https:\/\/brasilnoticias.org\/site\/naufragio-de-embarcacao-mata-61-refugiados-na-libia-segundo-a-onu\/#respond\"]}]},{\"@type\":\"WebPage\",\"@id\":\"https:\/\/brasilnoticias.org\/site\/naufragio-de-embarcacao-mata-61-refugiados-na-libia-segundo-a-onu\/\",\"url\":\"https:\/\/brasilnoticias.org\/site\/naufragio-de-embarcacao-mata-61-refugiados-na-libia-segundo-a-onu\/\",\"name\":\"Naufr\u00e1gio de embarca\u00e7\u00e3o mata 61 refugiados na L\u00edbia, segundo a ONU - Brasil not\u00edcias\",\"isPartOf\":{\"@id\":\"https:\/\/brasilnoticias.org\/site\/#website\"},\"primaryImageOfPage\":{\"@id\":\"https:\/\/brasilnoticias.org\/site\/naufragio-de-embarcacao-mata-61-refugiados-na-libia-segundo-a-onu\/#primaryimage\"},\"image\":{\"@id\":\"https:\/\/brasilnoticias.org\/site\/naufragio-de-embarcacao-mata-61-refugiados-na-libia-segundo-a-onu\/#primaryimage\"},\"thumbnailUrl\":\"https:\/\/brasilnoticias.org\/site\/wp-content\/uploads\/2023\/12\/naufragii.jpg\",\"datePublished\":\"2023-12-17T22:18:05+00:00\",\"breadcrumb\":{\"@id\":\"https:\/\/brasilnoticias.org\/site\/naufragio-de-embarcacao-mata-61-refugiados-na-libia-segundo-a-onu\/#breadcrumb\"},\"inLanguage\":\"pt-PT\",\"potentialAction\":[{\"@type\":\"ReadAction\",\"target\":[\"https:\/\/brasilnoticias.org\/site\/naufragio-de-embarcacao-mata-61-refugiados-na-libia-segundo-a-onu\/\"]}]},{\"@type\":\"ImageObject\",\"inLanguage\":\"pt-PT\",\"@id\":\"https:\/\/brasilnoticias.org\/site\/naufragio-de-embarcacao-mata-61-refugiados-na-libia-segundo-a-onu\/#primaryimage\",\"url\":\"https:\/\/brasilnoticias.org\/site\/wp-content\/uploads\/2023\/12\/naufragii.jpg\",\"contentUrl\":\"https:\/\/brasilnoticias.org\/site\/wp-content\/uploads\/2023\/12\/naufragii.jpg\",\"width\":740,\"height\":470},{\"@type\":\"BreadcrumbList\",\"@id\":\"https:\/\/brasilnoticias.org\/site\/naufragio-de-embarcacao-mata-61-refugiados-na-libia-segundo-a-onu\/#breadcrumb\",\"itemListElement\":[{\"@type\":\"ListItem\",\"position\":1,\"name\":\"In\u00edcio\",\"item\":\"https:\/\/brasilnoticias.org\/site\/\"},{\"@type\":\"ListItem\",\"position\":2,\"name\":\"Naufr\u00e1gio de embarca\u00e7\u00e3o mata 61 refugiados na L\u00edbia, segundo a ONU\"}]},{\"@type\":\"WebSite\",\"@id\":\"https:\/\/brasilnoticias.org\/site\/#website\",\"url\":\"https:\/\/brasilnoticias.org\/site\/\",\"name\":\"Brasil not\u00edcias\",\"description\":\"Brasil not\u00edcias\",\"publisher\":{\"@id\":\"https:\/\/brasilnoticias.org\/site\/#organization\"},\"potentialAction\":[{\"@type\":\"SearchAction\",\"target\":{\"@type\":\"EntryPoint\",\"urlTemplate\":\"https:\/\/brasilnoticias.org\/site\/?s={search_term_string}\"},\"query-input\":{\"@type\":\"PropertyValueSpecification\",\"valueRequired\":true,\"valueName\":\"search_term_string\"}}],\"inLanguage\":\"pt-PT\"},{\"@type\":\"Organization\",\"@id\":\"https:\/\/brasilnoticias.org\/site\/#organization\",\"name\":\"Brasil not\u00edcias\",\"url\":\"https:\/\/brasilnoticias.org\/site\/\",\"logo\":{\"@type\":\"ImageObject\",\"inLanguage\":\"pt-PT\",\"@id\":\"https:\/\/brasilnoticias.org\/site\/#\/schema\/logo\/image\/\",\"url\":\"https:\/\/brasilnoticias.org\/site\/wp-content\/uploads\/2022\/05\/cropped-brasilnoticias-mini.jpg\",\"contentUrl\":\"https:\/\/brasilnoticias.org\/site\/wp-content\/uploads\/2022\/05\/cropped-brasilnoticias-mini.jpg\",\"width\":314,\"height\":86,\"caption\":\"Brasil not\u00edcias\"},\"image\":{\"@id\":\"https:\/\/brasilnoticias.org\/site\/#\/schema\/logo\/image\/\"}},{\"@type\":\"Person\",\"@id\":\"https:\/\/brasilnoticias.org\/site\/#\/schema\/person\/03bbbfe6c7634ad18c26444ea39049fa\",\"name\":\"Reda\u00e7\u00e3o\",\"image\":{\"@type\":\"ImageObject\",\"inLanguage\":\"pt-PT\",\"@id\":\"https:\/\/brasilnoticias.org\/site\/#\/schema\/person\/image\/\",\"url\":\"https:\/\/secure.gravatar.com\/avatar\/9ecaf7327a696cb23ad926fedded5f1f04d7049de9e445375d55b48c001a6e42?s=96&d=mm&r=g\",\"contentUrl\":\"https:\/\/secure.gravatar.com\/avatar\/9ecaf7327a696cb23ad926fedded5f1f04d7049de9e445375d55b48c001a6e42?s=96&d=mm&r=g\",\"caption\":\"Reda\u00e7\u00e3o\"},\"url\":\"https:\/\/brasilnoticias.org\/site\/author\/henrique\/\"}]}<\/script>\n<!-- \/ Yoast SEO plugin. -->","yoast_head_json":{"title":"Naufr\u00e1gio de embarca\u00e7\u00e3o mata 61 refugiados na L\u00edbia, segundo a ONU - Brasil not\u00edcias","robots":{"index":"index","follow":"follow","max-snippet":"max-snippet:-1","max-image-preview":"max-image-preview:large","max-video-preview":"max-video-preview:-1"},"canonical":"https:\/\/brasilnoticias.org\/site\/naufragio-de-embarcacao-mata-61-refugiados-na-libia-segundo-a-onu\/","og_locale":"pt_PT","og_type":"article","og_title":"Naufr\u00e1gio de embarca\u00e7\u00e3o mata 61 refugiados na L\u00edbia, segundo a ONU - Brasil not\u00edcias","og_description":"A estimativa \u00e9 que 86 pessoas estivessem na embarca\u00e7\u00e3o que saiu de Zwara, cidade na costa do Pa\u00eds[ Um naufr\u00e1gio","og_url":"https:\/\/brasilnoticias.org\/site\/naufragio-de-embarcacao-mata-61-refugiados-na-libia-segundo-a-onu\/","og_site_name":"Brasil not\u00edcias","article_published_time":"2023-12-17T22:18:05+00:00","og_image":[{"width":740,"height":470,"url":"https:\/\/brasilnoticias.org\/site\/wp-content\/uploads\/2023\/12\/naufragii.jpg","type":"image\/jpeg"}],"author":"Reda\u00e7\u00e3o","twitter_card":"summary_large_image","twitter_misc":{"Escrito por":"Reda\u00e7\u00e3o"},"schema":{"@context":"https:\/\/schema.org","@graph":[{"@type":"Article","@id":"https:\/\/brasilnoticias.org\/site\/naufragio-de-embarcacao-mata-61-refugiados-na-libia-segundo-a-onu\/#article","isPartOf":{"@id":"https:\/\/brasilnoticias.org\/site\/naufragio-de-embarcacao-mata-61-refugiados-na-libia-segundo-a-onu\/"},"author":{"name":"Reda\u00e7\u00e3o","@id":"https:\/\/brasilnoticias.org\/site\/#\/schema\/person\/03bbbfe6c7634ad18c26444ea39049fa"},"headline":"Naufr\u00e1gio de embarca\u00e7\u00e3o mata 61 refugiados na L\u00edbia, segundo a ONU","datePublished":"2023-12-17T22:18:05+00:00","mainEntityOfPage":{"@id":"https:\/\/brasilnoticias.org\/site\/naufragio-de-embarcacao-mata-61-refugiados-na-libia-segundo-a-onu\/"},"wordCount":235,"commentCount":0,"publisher":{"@id":"https:\/\/brasilnoticias.org\/site\/#organization"},"image":{"@id":"https:\/\/brasilnoticias.org\/site\/naufragio-de-embarcacao-mata-61-refugiados-na-libia-segundo-a-onu\/#primaryimage"},"thumbnailUrl":"https:\/\/brasilnoticias.org\/site\/wp-content\/uploads\/2023\/12\/naufragii.jpg","articleSection":["Mundo","\u00daltimas"],"inLanguage":"pt-PT","potentialAction":[{"@type":"CommentAction","name":"Comment","target":["https:\/\/brasilnoticias.org\/site\/naufragio-de-embarcacao-mata-61-refugiados-na-libia-segundo-a-onu\/#respond"]}]},{"@type":"WebPage","@id":"https:\/\/brasilnoticias.org\/site\/naufragio-de-embarcacao-mata-61-refugiados-na-libia-segundo-a-onu\/","url":"https:\/\/brasilnoticias.org\/site\/naufragio-de-embarcacao-mata-61-refugiados-na-libia-segundo-a-onu\/","name":"Naufr\u00e1gio de embarca\u00e7\u00e3o mata 61 refugiados na L\u00edbia, segundo a ONU - Brasil not\u00edcias","isPartOf":{"@id":"https:\/\/brasilnoticias.org\/site\/#website"},"primaryImageOfPage":{"@id":"https:\/\/brasilnoticias.org\/site\/naufragio-de-embarcacao-mata-61-refugiados-na-libia-segundo-a-onu\/#primaryimage"},"image":{"@id":"https:\/\/brasilnoticias.org\/site\/naufragio-de-embarcacao-mata-61-refugiados-na-libia-segundo-a-onu\/#primaryimage"},"thumbnailUrl":"https:\/\/brasilnoticias.org\/site\/wp-content\/uploads\/2023\/12\/naufragii.jpg","datePublished":"2023-12-17T22:18:05+00:00","breadcrumb":{"@id":"https:\/\/brasilnoticias.org\/site\/naufragio-de-embarcacao-mata-61-refugiados-na-libia-segundo-a-onu\/#breadcrumb"},"inLanguage":"pt-PT","potentialAction":[{"@type":"ReadAction","target":["https:\/\/brasilnoticias.org\/site\/naufragio-de-embarcacao-mata-61-refugiados-na-libia-segundo-a-onu\/"]}]},{"@type":"ImageObject","inLanguage":"pt-PT","@id":"https:\/\/brasilnoticias.org\/site\/naufragio-de-embarcacao-mata-61-refugiados-na-libia-segundo-a-onu\/#primaryimage","url":"https:\/\/brasilnoticias.org\/site\/wp-content\/uploads\/2023\/12\/naufragii.jpg","contentUrl":"https:\/\/brasilnoticias.org\/site\/wp-content\/uploads\/2023\/12\/naufragii.jpg","width":740,"height":470},{"@type":"BreadcrumbList","@id":"https:\/\/brasilnoticias.org\/site\/naufragio-de-embarcacao-mata-61-refugiados-na-libia-segundo-a-onu\/#breadcrumb","itemListElement":[{"@type":"ListItem","position":1,"name":"In\u00edcio","item":"https:\/\/brasilnoticias.org\/site\/"},{"@type":"ListItem","position":2,"name":"Naufr\u00e1gio de embarca\u00e7\u00e3o mata 61 refugiados na L\u00edbia, segundo a ONU"}]},{"@type":"WebSite","@id":"https:\/\/brasilnoticias.org\/site\/#website","url":"https:\/\/brasilnoticias.org\/site\/","name":"Brasil not\u00edcias","description":"Brasil not\u00edcias","publisher":{"@id":"https:\/\/brasilnoticias.org\/site\/#organization"},"potentialAction":[{"@type":"SearchAction","target":{"@type":"EntryPoint","urlTemplate":"https:\/\/brasilnoticias.org\/site\/?s={search_term_string}"},"query-input":{"@type":"PropertyValueSpecification","valueRequired":true,"valueName":"search_term_string"}}],"inLanguage":"pt-PT"},{"@type":"Organization","@id":"https:\/\/brasilnoticias.org\/site\/#organization","name":"Brasil not\u00edcias","url":"https:\/\/brasilnoticias.org\/site\/","logo":{"@type":"ImageObject","inLanguage":"pt-PT","@id":"https:\/\/brasilnoticias.org\/site\/#\/schema\/logo\/image\/","url":"https:\/\/brasilnoticias.org\/site\/wp-content\/uploads\/2022\/05\/cropped-brasilnoticias-mini.jpg","contentUrl":"https:\/\/brasilnoticias.org\/site\/wp-content\/uploads\/2022\/05\/cropped-brasilnoticias-mini.jpg","width":314,"height":86,"caption":"Brasil not\u00edcias"},"image":{"@id":"https:\/\/brasilnoticias.org\/site\/#\/schema\/logo\/image\/"}},{"@type":"Person","@id":"https:\/\/brasilnoticias.org\/site\/#\/schema\/person\/03bbbfe6c7634ad18c26444ea39049fa","name":"Reda\u00e7\u00e3o","image":{"@type":"ImageObject","inLanguage":"pt-PT","@id":"https:\/\/brasilnoticias.org\/site\/#\/schema\/person\/image\/","url":"https:\/\/secure.gravatar.com\/avatar\/9ecaf7327a696cb23ad926fedded5f1f04d7049de9e445375d55b48c001a6e42?s=96&d=mm&r=g","contentUrl":"https:\/\/secure.gravatar.com\/avatar\/9ecaf7327a696cb23ad926fedded5f1f04d7049de9e445375d55b48c001a6e42?s=96&d=mm&r=g","caption":"Reda\u00e7\u00e3o"},"url":"https:\/\/brasilnoticias.org\/site\/author\/henrique\/"}]}},"_links":{"self":[{"href":"https:\/\/brasilnoticias.org\/site\/wp-json\/wp\/v2\/posts\/11729","targetHints":{"allow":["GET"]}}],"collection":[{"href":"https:\/\/brasilnoticias.org\/site\/wp-json\/wp\/v2\/posts"}],"about":[{"href":"https:\/\/brasilnoticias.org\/site\/wp-json\/wp\/v2\/types\/post"}],"author":[{"embeddable":true,"href":"https:\/\/brasilnoticias.org\/site\/wp-json\/wp\/v2\/users\/4"}],"replies":[{"embeddable":true,"href":"https:\/\/brasilnoticias.org\/site\/wp-json\/wp\/v2\/comments?post=11729"}],"version-history":[{"count":1,"href":"https:\/\/brasilnoticias.org\/site\/wp-json\/wp\/v2\/posts\/11729\/revisions"}],"predecessor-version":[{"id":11731,"href":"https:\/\/brasilnoticias.org\/site\/wp-json\/wp\/v2\/posts\/11729\/revisions\/11731"}],"wp:featuredmedia":[{"embeddable":true,"href":"https:\/\/brasilnoticias.org\/site\/wp-json\/wp\/v2\/media\/11730"}],"wp:attachment":[{"href":"https:\/\/brasilnoticias.org\/site\/wp-json\/wp\/v2\/media?parent=11729"}],"wp:term":[{"taxonomy":"category","embeddable":true,"href":"https:\/\/brasilnoticias.org\/site\/wp-json\/wp\/v2\/categories?post=11729"},{"taxonomy":"post_tag","embeddable":true,"href":"https:\/\/brasilnoticias.org\/site\/wp-json\/wp\/v2\/tags?post=11729"}],"curies":[{"name":"wp","href":"https:\/\/api.w.org\/{rel}","templated":true}]}}