{"id":11732,"date":"2023-12-17T19:49:55","date_gmt":"2023-12-17T22:49:55","guid":{"rendered":"https:\/\/brasilnoticias.org\/site\/?p=11732"},"modified":"2023-12-17T19:49:55","modified_gmt":"2023-12-17T22:49:55","slug":"participacao-de-salvador-na-economia-nacional-segue-em-queda-aponta-ibge","status":"publish","type":"post","link":"https:\/\/brasilnoticias.org\/site\/participacao-de-salvador-na-economia-nacional-segue-em-queda-aponta-ibge\/","title":{"rendered":"Participa\u00e7\u00e3o de Salvador na economia nacional segue em queda, aponta IBGE"},"content":{"rendered":"<p>Apesar do crescimento nominal entre 2020 e 2021, Salvador perdeu duas posi\u00e7\u00f5es no ranking das maiores economias municipais do pa\u00eds<\/p>\n<p>O Instituto Brasileiro de Geografia e Estat\u00edstica (IBGE) divulgou os resultados do Produto Interno Bruto (PIB) de Salvador para o ano de 2021, confirmando a cont\u00ednua queda na economia da capital baiana, um fen\u00f4meno que perdura desde 2014. O PIB estimado para Salvador atingiu R$ 62,954 bilh\u00f5es, registrando um aumento nominal de 6,9% em compara\u00e7\u00e3o a 2020, quando o valor foi de R$ 58,909 bilh\u00f5es.<\/p>\n<p>Apesar deste crescimento, Salvador se manteve como a 9\u00aa maior economia entre as capitais brasileiras, e a segunda maior do Nordeste. Fortaleza, que ultrapassou Salvador desde meados da d\u00e9cada de 2010, ocupa agora a 8\u00aa posi\u00e7\u00e3o, com um PIB de R$ 73,436 bilh\u00f5es em 2021.<\/p>\n<p>Salvador demonstra uma acentua\u00e7\u00e3o na tend\u00eancia de decl\u00ednio econ\u00f4mico, marcando a sexta maior perda de participa\u00e7\u00e3o no PIB nacional entre 2020 e 2021, caindo de 0,77% para 0,70%. A capital baiana perdeu duas posi\u00e7\u00f5es entre as 15 maiores economias do pa\u00eds durante esse per\u00edodo.<\/p>\n<p>Embora o crescimento de 6,9% do PIB em 2021 seja not\u00e1vel, n\u00e3o foi suficiente para que a economia de Salvador atingisse ou superasse os n\u00edveis pr\u00e9-pand\u00eamicos. O PIB ainda se encontrava 1,5% abaixo do registrado em 2019 (R$ 63,902 bilh\u00f5es).<\/p>\n<p>Comparando as capitais, apenas Palmas\/TO e Porto Alegre\/RS, al\u00e9m de Salvador, n\u00e3o conseguiram superar o PIB de 2019 em valores correntes. O cen\u00e1rio nacional, no entanto, apresentou um crescimento de 4,8% em volume do PIB entre 2020 e 2021, com resultados positivos em todas as 27 unidades da Federa\u00e7\u00e3o e nas 27 capitais, incluindo Bras\u00edlia.<\/p>\n<p>A taxa de crescimento nominal do PIB soteropolitano (6,9%) ficou em quarto lugar entre as capitais, sendo superada apenas por Porto Velho\/RO (3,2%), Palmas\/TO (3,9%) e Natal\/RN (6,7%). As capitais com os maiores avan\u00e7os nominais foram Vit\u00f3ria\/ES (23,1%), Macei\u00f3\/AL (19,9%) e Rio Branco\/AC (17,0%). Vale ressaltar que o PIB dos munic\u00edpios n\u00e3o apresenta varia\u00e7\u00f5es em volume.<\/p>\n<p>Apesar do crescimento nominal entre 2020 e 2021, Salvador perdeu duas posi\u00e7\u00f5es no ranking das maiores economias municipais do pa\u00eds, passando da 12\u00aa para a 14\u00aa posi\u00e7\u00e3o. Munic\u00edpios como Maric\u00e1\/RJ, que agora ostenta o 8\u00ba maior PIB do Brasil em 2021 (R$ 85,814 bilh\u00f5es), e Niter\u00f3i\/RJ, na 13\u00aa coloca\u00e7\u00e3o (R$ 66,345 bilh\u00f5es), ultrapassaram a capital baiana nesse aspecto.<\/p>\n<p>No \u00e2mbito nacional, S\u00e3o Paulo\/SP liderou mais uma vez o movimento de perda de participa\u00e7\u00e3o no PIB do pa\u00eds entre 2020 e 2021, reduzindo de 9,82% para 9,20%. Rio de Janeiro\/RJ (de 4,36% para 3,99%) e Bras\u00edlia\/DF (de 3,49% para 3,18%) seguiram esse padr\u00e3o de queda.<\/p>\n<p>Foto: Jefferson Peixoto\/Secom<br \/>\nAratu On<\/p>\n","protected":false},"excerpt":{"rendered":"<p>Apesar do crescimento nominal entre 2020 e 2021, Salvador perdeu duas posi\u00e7\u00f5es no ranking das maiores economias municipais do pa\u00eds<\/p>\n","protected":false},"author":4,"featured_media":11733,"comment_status":"open","ping_status":"open","sticky":false,"template":"","format":"standard","meta":{"colormag_page_container_layout":"default_layout","colormag_page_sidebar_layout":"default_layout","_FSMCFIC_featured_image_caption":"","_FSMCFIC_featured_image_nocaption":"","_FSMCFIC_featured_image_hide":"","footnotes":""},"categories":[2,1],"tags":[],"class_list":["post-11732","post","type-post","status-publish","format-standard","has-post-thumbnail","hentry","category-noticias","category-ultimas"],"yoast_head":"<!-- This site is optimized with the Yoast SEO plugin v27.1.1 - https:\/\/yoast.com\/product\/yoast-seo-wordpress\/ -->\n<title>Participa\u00e7\u00e3o de Salvador na economia nacional segue em queda, aponta IBGE - Brasil not\u00edcias<\/title>\n<meta name=\"robots\" content=\"index, follow, max-snippet:-1, max-image-preview:large, max-video-preview:-1\" \/>\n<link rel=\"canonical\" href=\"https:\/\/brasilnoticias.org\/site\/participacao-de-salvador-na-economia-nacional-segue-em-queda-aponta-ibge\/\" \/>\n<meta property=\"og:locale\" content=\"pt_PT\" \/>\n<meta property=\"og:type\" content=\"article\" \/>\n<meta property=\"og:title\" content=\"Participa\u00e7\u00e3o de Salvador na economia nacional segue em queda, aponta IBGE - Brasil not\u00edcias\" \/>\n<meta property=\"og:description\" content=\"Apesar do crescimento nominal entre 2020 e 2021, Salvador perdeu duas posi\u00e7\u00f5es no ranking das maiores economias municipais do pa\u00eds\" \/>\n<meta property=\"og:url\" content=\"https:\/\/brasilnoticias.org\/site\/participacao-de-salvador-na-economia-nacional-segue-em-queda-aponta-ibge\/\" \/>\n<meta property=\"og:site_name\" content=\"Brasil not\u00edcias\" \/>\n<meta property=\"article:published_time\" content=\"2023-12-17T22:49:55+00:00\" \/>\n<meta property=\"og:image\" content=\"https:\/\/brasilnoticias.org\/site\/wp-content\/uploads\/2023\/12\/feira-740x470-1.jpg\" \/>\n\t<meta property=\"og:image:width\" content=\"740\" \/>\n\t<meta property=\"og:image:height\" content=\"470\" \/>\n\t<meta property=\"og:image:type\" content=\"image\/jpeg\" \/>\n<meta name=\"author\" content=\"Reda\u00e7\u00e3o\" \/>\n<meta name=\"twitter:card\" content=\"summary_large_image\" \/>\n<meta name=\"twitter:label1\" content=\"Escrito por\" \/>\n\t<meta name=\"twitter:data1\" content=\"Reda\u00e7\u00e3o\" \/>\n\t<meta name=\"twitter:label2\" content=\"Tempo estimado de leitura\" \/>\n\t<meta name=\"twitter:data2\" content=\"1 minuto\" \/>\n<script type=\"application\/ld+json\" class=\"yoast-schema-graph\">{\"@context\":\"https:\/\/schema.org\",\"@graph\":[{\"@type\":\"Article\",\"@id\":\"https:\/\/brasilnoticias.org\/site\/participacao-de-salvador-na-economia-nacional-segue-em-queda-aponta-ibge\/#article\",\"isPartOf\":{\"@id\":\"https:\/\/brasilnoticias.org\/site\/participacao-de-salvador-na-economia-nacional-segue-em-queda-aponta-ibge\/\"},\"author\":{\"name\":\"Reda\u00e7\u00e3o\",\"@id\":\"https:\/\/brasilnoticias.org\/site\/#\/schema\/person\/03bbbfe6c7634ad18c26444ea39049fa\"},\"headline\":\"Participa\u00e7\u00e3o de Salvador na economia nacional segue em queda, aponta IBGE\",\"datePublished\":\"2023-12-17T22:49:55+00:00\",\"mainEntityOfPage\":{\"@id\":\"https:\/\/brasilnoticias.org\/site\/participacao-de-salvador-na-economia-nacional-segue-em-queda-aponta-ibge\/\"},\"wordCount\":455,\"commentCount\":0,\"publisher\":{\"@id\":\"https:\/\/brasilnoticias.org\/site\/#organization\"},\"image\":{\"@id\":\"https:\/\/brasilnoticias.org\/site\/participacao-de-salvador-na-economia-nacional-segue-em-queda-aponta-ibge\/#primaryimage\"},\"thumbnailUrl\":\"https:\/\/brasilnoticias.org\/site\/wp-content\/uploads\/2023\/12\/feira-740x470-1.jpg\",\"articleSection\":[\"Not\u00edcias\",\"\u00daltimas\"],\"inLanguage\":\"pt-PT\",\"potentialAction\":[{\"@type\":\"CommentAction\",\"name\":\"Comment\",\"target\":[\"https:\/\/brasilnoticias.org\/site\/participacao-de-salvador-na-economia-nacional-segue-em-queda-aponta-ibge\/#respond\"]}]},{\"@type\":\"WebPage\",\"@id\":\"https:\/\/brasilnoticias.org\/site\/participacao-de-salvador-na-economia-nacional-segue-em-queda-aponta-ibge\/\",\"url\":\"https:\/\/brasilnoticias.org\/site\/participacao-de-salvador-na-economia-nacional-segue-em-queda-aponta-ibge\/\",\"name\":\"Participa\u00e7\u00e3o de Salvador na economia nacional segue em queda, aponta IBGE - Brasil not\u00edcias\",\"isPartOf\":{\"@id\":\"https:\/\/brasilnoticias.org\/site\/#website\"},\"primaryImageOfPage\":{\"@id\":\"https:\/\/brasilnoticias.org\/site\/participacao-de-salvador-na-economia-nacional-segue-em-queda-aponta-ibge\/#primaryimage\"},\"image\":{\"@id\":\"https:\/\/brasilnoticias.org\/site\/participacao-de-salvador-na-economia-nacional-segue-em-queda-aponta-ibge\/#primaryimage\"},\"thumbnailUrl\":\"https:\/\/brasilnoticias.org\/site\/wp-content\/uploads\/2023\/12\/feira-740x470-1.jpg\",\"datePublished\":\"2023-12-17T22:49:55+00:00\",\"breadcrumb\":{\"@id\":\"https:\/\/brasilnoticias.org\/site\/participacao-de-salvador-na-economia-nacional-segue-em-queda-aponta-ibge\/#breadcrumb\"},\"inLanguage\":\"pt-PT\",\"potentialAction\":[{\"@type\":\"ReadAction\",\"target\":[\"https:\/\/brasilnoticias.org\/site\/participacao-de-salvador-na-economia-nacional-segue-em-queda-aponta-ibge\/\"]}]},{\"@type\":\"ImageObject\",\"inLanguage\":\"pt-PT\",\"@id\":\"https:\/\/brasilnoticias.org\/site\/participacao-de-salvador-na-economia-nacional-segue-em-queda-aponta-ibge\/#primaryimage\",\"url\":\"https:\/\/brasilnoticias.org\/site\/wp-content\/uploads\/2023\/12\/feira-740x470-1.jpg\",\"contentUrl\":\"https:\/\/brasilnoticias.org\/site\/wp-content\/uploads\/2023\/12\/feira-740x470-1.jpg\",\"width\":740,\"height\":470},{\"@type\":\"BreadcrumbList\",\"@id\":\"https:\/\/brasilnoticias.org\/site\/participacao-de-salvador-na-economia-nacional-segue-em-queda-aponta-ibge\/#breadcrumb\",\"itemListElement\":[{\"@type\":\"ListItem\",\"position\":1,\"name\":\"In\u00edcio\",\"item\":\"https:\/\/brasilnoticias.org\/site\/\"},{\"@type\":\"ListItem\",\"position\":2,\"name\":\"Participa\u00e7\u00e3o de Salvador na economia nacional segue em queda, aponta IBGE\"}]},{\"@type\":\"WebSite\",\"@id\":\"https:\/\/brasilnoticias.org\/site\/#website\",\"url\":\"https:\/\/brasilnoticias.org\/site\/\",\"name\":\"Brasil not\u00edcias\",\"description\":\"Brasil not\u00edcias\",\"publisher\":{\"@id\":\"https:\/\/brasilnoticias.org\/site\/#organization\"},\"potentialAction\":[{\"@type\":\"SearchAction\",\"target\":{\"@type\":\"EntryPoint\",\"urlTemplate\":\"https:\/\/brasilnoticias.org\/site\/?s={search_term_string}\"},\"query-input\":{\"@type\":\"PropertyValueSpecification\",\"valueRequired\":true,\"valueName\":\"search_term_string\"}}],\"inLanguage\":\"pt-PT\"},{\"@type\":\"Organization\",\"@id\":\"https:\/\/brasilnoticias.org\/site\/#organization\",\"name\":\"Brasil not\u00edcias\",\"url\":\"https:\/\/brasilnoticias.org\/site\/\",\"logo\":{\"@type\":\"ImageObject\",\"inLanguage\":\"pt-PT\",\"@id\":\"https:\/\/brasilnoticias.org\/site\/#\/schema\/logo\/image\/\",\"url\":\"https:\/\/brasilnoticias.org\/site\/wp-content\/uploads\/2022\/05\/cropped-brasilnoticias-mini.jpg\",\"contentUrl\":\"https:\/\/brasilnoticias.org\/site\/wp-content\/uploads\/2022\/05\/cropped-brasilnoticias-mini.jpg\",\"width\":314,\"height\":86,\"caption\":\"Brasil not\u00edcias\"},\"image\":{\"@id\":\"https:\/\/brasilnoticias.org\/site\/#\/schema\/logo\/image\/\"}},{\"@type\":\"Person\",\"@id\":\"https:\/\/brasilnoticias.org\/site\/#\/schema\/person\/03bbbfe6c7634ad18c26444ea39049fa\",\"name\":\"Reda\u00e7\u00e3o\",\"image\":{\"@type\":\"ImageObject\",\"inLanguage\":\"pt-PT\",\"@id\":\"https:\/\/brasilnoticias.org\/site\/#\/schema\/person\/image\/\",\"url\":\"https:\/\/secure.gravatar.com\/avatar\/9ecaf7327a696cb23ad926fedded5f1f04d7049de9e445375d55b48c001a6e42?s=96&d=mm&r=g\",\"contentUrl\":\"https:\/\/secure.gravatar.com\/avatar\/9ecaf7327a696cb23ad926fedded5f1f04d7049de9e445375d55b48c001a6e42?s=96&d=mm&r=g\",\"caption\":\"Reda\u00e7\u00e3o\"},\"url\":\"https:\/\/brasilnoticias.org\/site\/author\/henrique\/\"}]}<\/script>\n<!-- \/ Yoast SEO plugin. -->","yoast_head_json":{"title":"Participa\u00e7\u00e3o de Salvador na economia nacional segue em queda, aponta IBGE - Brasil not\u00edcias","robots":{"index":"index","follow":"follow","max-snippet":"max-snippet:-1","max-image-preview":"max-image-preview:large","max-video-preview":"max-video-preview:-1"},"canonical":"https:\/\/brasilnoticias.org\/site\/participacao-de-salvador-na-economia-nacional-segue-em-queda-aponta-ibge\/","og_locale":"pt_PT","og_type":"article","og_title":"Participa\u00e7\u00e3o de Salvador na economia nacional segue em queda, aponta IBGE - Brasil not\u00edcias","og_description":"Apesar do crescimento nominal entre 2020 e 2021, Salvador perdeu duas posi\u00e7\u00f5es no ranking das maiores economias municipais do pa\u00eds","og_url":"https:\/\/brasilnoticias.org\/site\/participacao-de-salvador-na-economia-nacional-segue-em-queda-aponta-ibge\/","og_site_name":"Brasil not\u00edcias","article_published_time":"2023-12-17T22:49:55+00:00","og_image":[{"width":740,"height":470,"url":"https:\/\/brasilnoticias.org\/site\/wp-content\/uploads\/2023\/12\/feira-740x470-1.jpg","type":"image\/jpeg"}],"author":"Reda\u00e7\u00e3o","twitter_card":"summary_large_image","twitter_misc":{"Escrito por":"Reda\u00e7\u00e3o","Tempo estimado de leitura":"1 minuto"},"schema":{"@context":"https:\/\/schema.org","@graph":[{"@type":"Article","@id":"https:\/\/brasilnoticias.org\/site\/participacao-de-salvador-na-economia-nacional-segue-em-queda-aponta-ibge\/#article","isPartOf":{"@id":"https:\/\/brasilnoticias.org\/site\/participacao-de-salvador-na-economia-nacional-segue-em-queda-aponta-ibge\/"},"author":{"name":"Reda\u00e7\u00e3o","@id":"https:\/\/brasilnoticias.org\/site\/#\/schema\/person\/03bbbfe6c7634ad18c26444ea39049fa"},"headline":"Participa\u00e7\u00e3o de Salvador na economia nacional segue em queda, aponta IBGE","datePublished":"2023-12-17T22:49:55+00:00","mainEntityOfPage":{"@id":"https:\/\/brasilnoticias.org\/site\/participacao-de-salvador-na-economia-nacional-segue-em-queda-aponta-ibge\/"},"wordCount":455,"commentCount":0,"publisher":{"@id":"https:\/\/brasilnoticias.org\/site\/#organization"},"image":{"@id":"https:\/\/brasilnoticias.org\/site\/participacao-de-salvador-na-economia-nacional-segue-em-queda-aponta-ibge\/#primaryimage"},"thumbnailUrl":"https:\/\/brasilnoticias.org\/site\/wp-content\/uploads\/2023\/12\/feira-740x470-1.jpg","articleSection":["Not\u00edcias","\u00daltimas"],"inLanguage":"pt-PT","potentialAction":[{"@type":"CommentAction","name":"Comment","target":["https:\/\/brasilnoticias.org\/site\/participacao-de-salvador-na-economia-nacional-segue-em-queda-aponta-ibge\/#respond"]}]},{"@type":"WebPage","@id":"https:\/\/brasilnoticias.org\/site\/participacao-de-salvador-na-economia-nacional-segue-em-queda-aponta-ibge\/","url":"https:\/\/brasilnoticias.org\/site\/participacao-de-salvador-na-economia-nacional-segue-em-queda-aponta-ibge\/","name":"Participa\u00e7\u00e3o de Salvador na economia nacional segue em queda, aponta IBGE - Brasil not\u00edcias","isPartOf":{"@id":"https:\/\/brasilnoticias.org\/site\/#website"},"primaryImageOfPage":{"@id":"https:\/\/brasilnoticias.org\/site\/participacao-de-salvador-na-economia-nacional-segue-em-queda-aponta-ibge\/#primaryimage"},"image":{"@id":"https:\/\/brasilnoticias.org\/site\/participacao-de-salvador-na-economia-nacional-segue-em-queda-aponta-ibge\/#primaryimage"},"thumbnailUrl":"https:\/\/brasilnoticias.org\/site\/wp-content\/uploads\/2023\/12\/feira-740x470-1.jpg","datePublished":"2023-12-17T22:49:55+00:00","breadcrumb":{"@id":"https:\/\/brasilnoticias.org\/site\/participacao-de-salvador-na-economia-nacional-segue-em-queda-aponta-ibge\/#breadcrumb"},"inLanguage":"pt-PT","potentialAction":[{"@type":"ReadAction","target":["https:\/\/brasilnoticias.org\/site\/participacao-de-salvador-na-economia-nacional-segue-em-queda-aponta-ibge\/"]}]},{"@type":"ImageObject","inLanguage":"pt-PT","@id":"https:\/\/brasilnoticias.org\/site\/participacao-de-salvador-na-economia-nacional-segue-em-queda-aponta-ibge\/#primaryimage","url":"https:\/\/brasilnoticias.org\/site\/wp-content\/uploads\/2023\/12\/feira-740x470-1.jpg","contentUrl":"https:\/\/brasilnoticias.org\/site\/wp-content\/uploads\/2023\/12\/feira-740x470-1.jpg","width":740,"height":470},{"@type":"BreadcrumbList","@id":"https:\/\/brasilnoticias.org\/site\/participacao-de-salvador-na-economia-nacional-segue-em-queda-aponta-ibge\/#breadcrumb","itemListElement":[{"@type":"ListItem","position":1,"name":"In\u00edcio","item":"https:\/\/brasilnoticias.org\/site\/"},{"@type":"ListItem","position":2,"name":"Participa\u00e7\u00e3o de Salvador na economia nacional segue em queda, aponta IBGE"}]},{"@type":"WebSite","@id":"https:\/\/brasilnoticias.org\/site\/#website","url":"https:\/\/brasilnoticias.org\/site\/","name":"Brasil not\u00edcias","description":"Brasil not\u00edcias","publisher":{"@id":"https:\/\/brasilnoticias.org\/site\/#organization"},"potentialAction":[{"@type":"SearchAction","target":{"@type":"EntryPoint","urlTemplate":"https:\/\/brasilnoticias.org\/site\/?s={search_term_string}"},"query-input":{"@type":"PropertyValueSpecification","valueRequired":true,"valueName":"search_term_string"}}],"inLanguage":"pt-PT"},{"@type":"Organization","@id":"https:\/\/brasilnoticias.org\/site\/#organization","name":"Brasil not\u00edcias","url":"https:\/\/brasilnoticias.org\/site\/","logo":{"@type":"ImageObject","inLanguage":"pt-PT","@id":"https:\/\/brasilnoticias.org\/site\/#\/schema\/logo\/image\/","url":"https:\/\/brasilnoticias.org\/site\/wp-content\/uploads\/2022\/05\/cropped-brasilnoticias-mini.jpg","contentUrl":"https:\/\/brasilnoticias.org\/site\/wp-content\/uploads\/2022\/05\/cropped-brasilnoticias-mini.jpg","width":314,"height":86,"caption":"Brasil not\u00edcias"},"image":{"@id":"https:\/\/brasilnoticias.org\/site\/#\/schema\/logo\/image\/"}},{"@type":"Person","@id":"https:\/\/brasilnoticias.org\/site\/#\/schema\/person\/03bbbfe6c7634ad18c26444ea39049fa","name":"Reda\u00e7\u00e3o","image":{"@type":"ImageObject","inLanguage":"pt-PT","@id":"https:\/\/brasilnoticias.org\/site\/#\/schema\/person\/image\/","url":"https:\/\/secure.gravatar.com\/avatar\/9ecaf7327a696cb23ad926fedded5f1f04d7049de9e445375d55b48c001a6e42?s=96&d=mm&r=g","contentUrl":"https:\/\/secure.gravatar.com\/avatar\/9ecaf7327a696cb23ad926fedded5f1f04d7049de9e445375d55b48c001a6e42?s=96&d=mm&r=g","caption":"Reda\u00e7\u00e3o"},"url":"https:\/\/brasilnoticias.org\/site\/author\/henrique\/"}]}},"_links":{"self":[{"href":"https:\/\/brasilnoticias.org\/site\/wp-json\/wp\/v2\/posts\/11732","targetHints":{"allow":["GET"]}}],"collection":[{"href":"https:\/\/brasilnoticias.org\/site\/wp-json\/wp\/v2\/posts"}],"about":[{"href":"https:\/\/brasilnoticias.org\/site\/wp-json\/wp\/v2\/types\/post"}],"author":[{"embeddable":true,"href":"https:\/\/brasilnoticias.org\/site\/wp-json\/wp\/v2\/users\/4"}],"replies":[{"embeddable":true,"href":"https:\/\/brasilnoticias.org\/site\/wp-json\/wp\/v2\/comments?post=11732"}],"version-history":[{"count":1,"href":"https:\/\/brasilnoticias.org\/site\/wp-json\/wp\/v2\/posts\/11732\/revisions"}],"predecessor-version":[{"id":11734,"href":"https:\/\/brasilnoticias.org\/site\/wp-json\/wp\/v2\/posts\/11732\/revisions\/11734"}],"wp:featuredmedia":[{"embeddable":true,"href":"https:\/\/brasilnoticias.org\/site\/wp-json\/wp\/v2\/media\/11733"}],"wp:attachment":[{"href":"https:\/\/brasilnoticias.org\/site\/wp-json\/wp\/v2\/media?parent=11732"}],"wp:term":[{"taxonomy":"category","embeddable":true,"href":"https:\/\/brasilnoticias.org\/site\/wp-json\/wp\/v2\/categories?post=11732"},{"taxonomy":"post_tag","embeddable":true,"href":"https:\/\/brasilnoticias.org\/site\/wp-json\/wp\/v2\/tags?post=11732"}],"curies":[{"name":"wp","href":"https:\/\/api.w.org\/{rel}","templated":true}]}}