{"id":11749,"date":"2023-12-18T20:29:28","date_gmt":"2023-12-18T23:29:28","guid":{"rendered":"https:\/\/brasilnoticias.org\/site\/?p=11749"},"modified":"2023-12-18T20:29:28","modified_gmt":"2023-12-18T23:29:28","slug":"governo-autoriza-processo-licitatorio-para-abertura-de-concurso-para-a-policia-penal","status":"publish","type":"post","link":"https:\/\/brasilnoticias.org\/site\/governo-autoriza-processo-licitatorio-para-abertura-de-concurso-para-a-policia-penal\/","title":{"rendered":"Governo autoriza processo licitat\u00f3rio para abertura de concurso para a Pol\u00edcia Penal"},"content":{"rendered":"<p>Com o processo seletivo, mais 287 policiais penais v\u00e3o refor\u00e7ar a seguran\u00e7a p\u00fablica no estado<\/p>\n<p>O governador Jer\u00f4nimo Rodrigues assinou, nesta segunda-feira (18\/12), no Centro Administrativo da Bahia (CAB), documento que autoriza a Secretaria da Administra\u00e7\u00e3o Penitenci\u00e1ria e Ressocializa\u00e7\u00e3o (Seap) e a Secretaria da Administra\u00e7\u00e3o (Saeb) a adotarem medidas para a abertura de concurso com 287 vagas para policiais penais. Os agentes dever\u00e3o atender as 28 unidades prisionais da Bahia.<\/p>\n<p>Segundo o chefe do executivo, o concurso \u00e9 parte do projeto de qualifica\u00e7\u00e3o do sistema prisional, atrav\u00e9s n\u00e3o s\u00f3 de investimentos nos equipamentos, como do aumento de efetivo para atender \u00e0s necessidades dos pres\u00eddios em todo o estado. \u201cEssa agenda \u00e9 um compromisso com o nosso programa de governo. Vamos aumentar a qualidade e o efetivo do sistema prisional, para fortalecer o processo de seguran\u00e7a p\u00fablica. Ent\u00e3o, \u00e9 um investimento em revitaliza\u00e7\u00e3o, com moderniza\u00e7\u00e3o dos pres\u00eddios, como fizemos com as delegacias e os pelot\u00f5es. \u00c9 fundamental que, al\u00e9m de equipamentos e armas, tenhamos mais profissionais atuando\u201d, avaliou Jer\u00f4nimo Rodrigues.<\/p>\n<p>Com a assinatura do documento, ser\u00e3o definidos os cronogramas do concurso, conte\u00fado das provas e previs\u00e3o para convoca\u00e7\u00e3o dos aprovados. A expectativa \u00e9 de que os novos agentes iniciem suas atividades na capital e no interior at\u00e9 dezembro de 2024.<\/p>\n<p>Foto: Arquivo\/Divulga\u00e7\u00e3o<br \/>\nAratu On<\/p>\n","protected":false},"excerpt":{"rendered":"<p>Com o processo seletivo, mais 287 policiais penais v\u00e3o refor\u00e7ar a seguran\u00e7a p\u00fablica no estado O governador Jer\u00f4nimo Rodrigues assinou,<\/p>\n","protected":false},"author":4,"featured_media":11750,"comment_status":"open","ping_status":"open","sticky":false,"template":"","format":"standard","meta":{"colormag_page_container_layout":"default_layout","colormag_page_sidebar_layout":"default_layout","_FSMCFIC_featured_image_caption":"","_FSMCFIC_featured_image_nocaption":"","_FSMCFIC_featured_image_hide":"","footnotes":""},"categories":[2,1],"tags":[],"class_list":["post-11749","post","type-post","status-publish","format-standard","has-post-thumbnail","hentry","category-noticias","category-ultimas"],"yoast_head":"<!-- This site is optimized with the Yoast SEO plugin v27.1.1 - https:\/\/yoast.com\/product\/yoast-seo-wordpress\/ -->\n<title>Governo autoriza processo licitat\u00f3rio para abertura de concurso para a Pol\u00edcia Penal - Brasil not\u00edcias<\/title>\n<meta name=\"robots\" content=\"index, follow, max-snippet:-1, max-image-preview:large, max-video-preview:-1\" \/>\n<link rel=\"canonical\" href=\"https:\/\/brasilnoticias.org\/site\/governo-autoriza-processo-licitatorio-para-abertura-de-concurso-para-a-policia-penal\/\" \/>\n<meta property=\"og:locale\" content=\"pt_PT\" \/>\n<meta property=\"og:type\" content=\"article\" \/>\n<meta property=\"og:title\" content=\"Governo autoriza processo licitat\u00f3rio para abertura de concurso para a Pol\u00edcia Penal - Brasil not\u00edcias\" \/>\n<meta property=\"og:description\" content=\"Com o processo seletivo, mais 287 policiais penais v\u00e3o refor\u00e7ar a seguran\u00e7a p\u00fablica no estado O governador Jer\u00f4nimo Rodrigues assinou,\" \/>\n<meta property=\"og:url\" content=\"https:\/\/brasilnoticias.org\/site\/governo-autoriza-processo-licitatorio-para-abertura-de-concurso-para-a-policia-penal\/\" \/>\n<meta property=\"og:site_name\" content=\"Brasil not\u00edcias\" \/>\n<meta property=\"article:published_time\" content=\"2023-12-18T23:29:28+00:00\" \/>\n<meta property=\"og:image\" content=\"https:\/\/brasilnoticias.org\/site\/wp-content\/uploads\/2023\/12\/policia-penal.jpg\" \/>\n\t<meta property=\"og:image:width\" content=\"740\" \/>\n\t<meta property=\"og:image:height\" content=\"470\" \/>\n\t<meta property=\"og:image:type\" content=\"image\/jpeg\" \/>\n<meta name=\"author\" content=\"Reda\u00e7\u00e3o\" \/>\n<meta name=\"twitter:card\" content=\"summary_large_image\" \/>\n<meta name=\"twitter:label1\" content=\"Escrito por\" \/>\n\t<meta name=\"twitter:data1\" content=\"Reda\u00e7\u00e3o\" \/>\n\t<meta name=\"twitter:label2\" content=\"Tempo estimado de leitura\" \/>\n\t<meta name=\"twitter:data2\" content=\"1 minuto\" \/>\n<script type=\"application\/ld+json\" class=\"yoast-schema-graph\">{\"@context\":\"https:\/\/schema.org\",\"@graph\":[{\"@type\":\"Article\",\"@id\":\"https:\/\/brasilnoticias.org\/site\/governo-autoriza-processo-licitatorio-para-abertura-de-concurso-para-a-policia-penal\/#article\",\"isPartOf\":{\"@id\":\"https:\/\/brasilnoticias.org\/site\/governo-autoriza-processo-licitatorio-para-abertura-de-concurso-para-a-policia-penal\/\"},\"author\":{\"name\":\"Reda\u00e7\u00e3o\",\"@id\":\"https:\/\/brasilnoticias.org\/site\/#\/schema\/person\/03bbbfe6c7634ad18c26444ea39049fa\"},\"headline\":\"Governo autoriza processo licitat\u00f3rio para abertura de concurso para a Pol\u00edcia Penal\",\"datePublished\":\"2023-12-18T23:29:28+00:00\",\"mainEntityOfPage\":{\"@id\":\"https:\/\/brasilnoticias.org\/site\/governo-autoriza-processo-licitatorio-para-abertura-de-concurso-para-a-policia-penal\/\"},\"wordCount\":246,\"commentCount\":0,\"publisher\":{\"@id\":\"https:\/\/brasilnoticias.org\/site\/#organization\"},\"image\":{\"@id\":\"https:\/\/brasilnoticias.org\/site\/governo-autoriza-processo-licitatorio-para-abertura-de-concurso-para-a-policia-penal\/#primaryimage\"},\"thumbnailUrl\":\"https:\/\/brasilnoticias.org\/site\/wp-content\/uploads\/2023\/12\/policia-penal.jpg\",\"articleSection\":[\"Not\u00edcias\",\"\u00daltimas\"],\"inLanguage\":\"pt-PT\",\"potentialAction\":[{\"@type\":\"CommentAction\",\"name\":\"Comment\",\"target\":[\"https:\/\/brasilnoticias.org\/site\/governo-autoriza-processo-licitatorio-para-abertura-de-concurso-para-a-policia-penal\/#respond\"]}]},{\"@type\":\"WebPage\",\"@id\":\"https:\/\/brasilnoticias.org\/site\/governo-autoriza-processo-licitatorio-para-abertura-de-concurso-para-a-policia-penal\/\",\"url\":\"https:\/\/brasilnoticias.org\/site\/governo-autoriza-processo-licitatorio-para-abertura-de-concurso-para-a-policia-penal\/\",\"name\":\"Governo autoriza processo licitat\u00f3rio para abertura de concurso para a Pol\u00edcia Penal - Brasil not\u00edcias\",\"isPartOf\":{\"@id\":\"https:\/\/brasilnoticias.org\/site\/#website\"},\"primaryImageOfPage\":{\"@id\":\"https:\/\/brasilnoticias.org\/site\/governo-autoriza-processo-licitatorio-para-abertura-de-concurso-para-a-policia-penal\/#primaryimage\"},\"image\":{\"@id\":\"https:\/\/brasilnoticias.org\/site\/governo-autoriza-processo-licitatorio-para-abertura-de-concurso-para-a-policia-penal\/#primaryimage\"},\"thumbnailUrl\":\"https:\/\/brasilnoticias.org\/site\/wp-content\/uploads\/2023\/12\/policia-penal.jpg\",\"datePublished\":\"2023-12-18T23:29:28+00:00\",\"breadcrumb\":{\"@id\":\"https:\/\/brasilnoticias.org\/site\/governo-autoriza-processo-licitatorio-para-abertura-de-concurso-para-a-policia-penal\/#breadcrumb\"},\"inLanguage\":\"pt-PT\",\"potentialAction\":[{\"@type\":\"ReadAction\",\"target\":[\"https:\/\/brasilnoticias.org\/site\/governo-autoriza-processo-licitatorio-para-abertura-de-concurso-para-a-policia-penal\/\"]}]},{\"@type\":\"ImageObject\",\"inLanguage\":\"pt-PT\",\"@id\":\"https:\/\/brasilnoticias.org\/site\/governo-autoriza-processo-licitatorio-para-abertura-de-concurso-para-a-policia-penal\/#primaryimage\",\"url\":\"https:\/\/brasilnoticias.org\/site\/wp-content\/uploads\/2023\/12\/policia-penal.jpg\",\"contentUrl\":\"https:\/\/brasilnoticias.org\/site\/wp-content\/uploads\/2023\/12\/policia-penal.jpg\",\"width\":740,\"height\":470},{\"@type\":\"BreadcrumbList\",\"@id\":\"https:\/\/brasilnoticias.org\/site\/governo-autoriza-processo-licitatorio-para-abertura-de-concurso-para-a-policia-penal\/#breadcrumb\",\"itemListElement\":[{\"@type\":\"ListItem\",\"position\":1,\"name\":\"In\u00edcio\",\"item\":\"https:\/\/brasilnoticias.org\/site\/\"},{\"@type\":\"ListItem\",\"position\":2,\"name\":\"Governo autoriza processo licitat\u00f3rio para abertura de concurso para a Pol\u00edcia Penal\"}]},{\"@type\":\"WebSite\",\"@id\":\"https:\/\/brasilnoticias.org\/site\/#website\",\"url\":\"https:\/\/brasilnoticias.org\/site\/\",\"name\":\"Brasil not\u00edcias\",\"description\":\"Brasil not\u00edcias\",\"publisher\":{\"@id\":\"https:\/\/brasilnoticias.org\/site\/#organization\"},\"potentialAction\":[{\"@type\":\"SearchAction\",\"target\":{\"@type\":\"EntryPoint\",\"urlTemplate\":\"https:\/\/brasilnoticias.org\/site\/?s={search_term_string}\"},\"query-input\":{\"@type\":\"PropertyValueSpecification\",\"valueRequired\":true,\"valueName\":\"search_term_string\"}}],\"inLanguage\":\"pt-PT\"},{\"@type\":\"Organization\",\"@id\":\"https:\/\/brasilnoticias.org\/site\/#organization\",\"name\":\"Brasil not\u00edcias\",\"url\":\"https:\/\/brasilnoticias.org\/site\/\",\"logo\":{\"@type\":\"ImageObject\",\"inLanguage\":\"pt-PT\",\"@id\":\"https:\/\/brasilnoticias.org\/site\/#\/schema\/logo\/image\/\",\"url\":\"https:\/\/brasilnoticias.org\/site\/wp-content\/uploads\/2022\/05\/cropped-brasilnoticias-mini.jpg\",\"contentUrl\":\"https:\/\/brasilnoticias.org\/site\/wp-content\/uploads\/2022\/05\/cropped-brasilnoticias-mini.jpg\",\"width\":314,\"height\":86,\"caption\":\"Brasil not\u00edcias\"},\"image\":{\"@id\":\"https:\/\/brasilnoticias.org\/site\/#\/schema\/logo\/image\/\"}},{\"@type\":\"Person\",\"@id\":\"https:\/\/brasilnoticias.org\/site\/#\/schema\/person\/03bbbfe6c7634ad18c26444ea39049fa\",\"name\":\"Reda\u00e7\u00e3o\",\"image\":{\"@type\":\"ImageObject\",\"inLanguage\":\"pt-PT\",\"@id\":\"https:\/\/brasilnoticias.org\/site\/#\/schema\/person\/image\/\",\"url\":\"https:\/\/secure.gravatar.com\/avatar\/9ecaf7327a696cb23ad926fedded5f1f04d7049de9e445375d55b48c001a6e42?s=96&d=mm&r=g\",\"contentUrl\":\"https:\/\/secure.gravatar.com\/avatar\/9ecaf7327a696cb23ad926fedded5f1f04d7049de9e445375d55b48c001a6e42?s=96&d=mm&r=g\",\"caption\":\"Reda\u00e7\u00e3o\"},\"url\":\"https:\/\/brasilnoticias.org\/site\/author\/henrique\/\"}]}<\/script>\n<!-- \/ Yoast SEO plugin. -->","yoast_head_json":{"title":"Governo autoriza processo licitat\u00f3rio para abertura de concurso para a Pol\u00edcia Penal - Brasil not\u00edcias","robots":{"index":"index","follow":"follow","max-snippet":"max-snippet:-1","max-image-preview":"max-image-preview:large","max-video-preview":"max-video-preview:-1"},"canonical":"https:\/\/brasilnoticias.org\/site\/governo-autoriza-processo-licitatorio-para-abertura-de-concurso-para-a-policia-penal\/","og_locale":"pt_PT","og_type":"article","og_title":"Governo autoriza processo licitat\u00f3rio para abertura de concurso para a Pol\u00edcia Penal - Brasil not\u00edcias","og_description":"Com o processo seletivo, mais 287 policiais penais v\u00e3o refor\u00e7ar a seguran\u00e7a p\u00fablica no estado O governador Jer\u00f4nimo Rodrigues assinou,","og_url":"https:\/\/brasilnoticias.org\/site\/governo-autoriza-processo-licitatorio-para-abertura-de-concurso-para-a-policia-penal\/","og_site_name":"Brasil not\u00edcias","article_published_time":"2023-12-18T23:29:28+00:00","og_image":[{"width":740,"height":470,"url":"https:\/\/brasilnoticias.org\/site\/wp-content\/uploads\/2023\/12\/policia-penal.jpg","type":"image\/jpeg"}],"author":"Reda\u00e7\u00e3o","twitter_card":"summary_large_image","twitter_misc":{"Escrito por":"Reda\u00e7\u00e3o","Tempo estimado de leitura":"1 minuto"},"schema":{"@context":"https:\/\/schema.org","@graph":[{"@type":"Article","@id":"https:\/\/brasilnoticias.org\/site\/governo-autoriza-processo-licitatorio-para-abertura-de-concurso-para-a-policia-penal\/#article","isPartOf":{"@id":"https:\/\/brasilnoticias.org\/site\/governo-autoriza-processo-licitatorio-para-abertura-de-concurso-para-a-policia-penal\/"},"author":{"name":"Reda\u00e7\u00e3o","@id":"https:\/\/brasilnoticias.org\/site\/#\/schema\/person\/03bbbfe6c7634ad18c26444ea39049fa"},"headline":"Governo autoriza processo licitat\u00f3rio para abertura de concurso para a Pol\u00edcia Penal","datePublished":"2023-12-18T23:29:28+00:00","mainEntityOfPage":{"@id":"https:\/\/brasilnoticias.org\/site\/governo-autoriza-processo-licitatorio-para-abertura-de-concurso-para-a-policia-penal\/"},"wordCount":246,"commentCount":0,"publisher":{"@id":"https:\/\/brasilnoticias.org\/site\/#organization"},"image":{"@id":"https:\/\/brasilnoticias.org\/site\/governo-autoriza-processo-licitatorio-para-abertura-de-concurso-para-a-policia-penal\/#primaryimage"},"thumbnailUrl":"https:\/\/brasilnoticias.org\/site\/wp-content\/uploads\/2023\/12\/policia-penal.jpg","articleSection":["Not\u00edcias","\u00daltimas"],"inLanguage":"pt-PT","potentialAction":[{"@type":"CommentAction","name":"Comment","target":["https:\/\/brasilnoticias.org\/site\/governo-autoriza-processo-licitatorio-para-abertura-de-concurso-para-a-policia-penal\/#respond"]}]},{"@type":"WebPage","@id":"https:\/\/brasilnoticias.org\/site\/governo-autoriza-processo-licitatorio-para-abertura-de-concurso-para-a-policia-penal\/","url":"https:\/\/brasilnoticias.org\/site\/governo-autoriza-processo-licitatorio-para-abertura-de-concurso-para-a-policia-penal\/","name":"Governo autoriza processo licitat\u00f3rio para abertura de concurso para a Pol\u00edcia Penal - Brasil not\u00edcias","isPartOf":{"@id":"https:\/\/brasilnoticias.org\/site\/#website"},"primaryImageOfPage":{"@id":"https:\/\/brasilnoticias.org\/site\/governo-autoriza-processo-licitatorio-para-abertura-de-concurso-para-a-policia-penal\/#primaryimage"},"image":{"@id":"https:\/\/brasilnoticias.org\/site\/governo-autoriza-processo-licitatorio-para-abertura-de-concurso-para-a-policia-penal\/#primaryimage"},"thumbnailUrl":"https:\/\/brasilnoticias.org\/site\/wp-content\/uploads\/2023\/12\/policia-penal.jpg","datePublished":"2023-12-18T23:29:28+00:00","breadcrumb":{"@id":"https:\/\/brasilnoticias.org\/site\/governo-autoriza-processo-licitatorio-para-abertura-de-concurso-para-a-policia-penal\/#breadcrumb"},"inLanguage":"pt-PT","potentialAction":[{"@type":"ReadAction","target":["https:\/\/brasilnoticias.org\/site\/governo-autoriza-processo-licitatorio-para-abertura-de-concurso-para-a-policia-penal\/"]}]},{"@type":"ImageObject","inLanguage":"pt-PT","@id":"https:\/\/brasilnoticias.org\/site\/governo-autoriza-processo-licitatorio-para-abertura-de-concurso-para-a-policia-penal\/#primaryimage","url":"https:\/\/brasilnoticias.org\/site\/wp-content\/uploads\/2023\/12\/policia-penal.jpg","contentUrl":"https:\/\/brasilnoticias.org\/site\/wp-content\/uploads\/2023\/12\/policia-penal.jpg","width":740,"height":470},{"@type":"BreadcrumbList","@id":"https:\/\/brasilnoticias.org\/site\/governo-autoriza-processo-licitatorio-para-abertura-de-concurso-para-a-policia-penal\/#breadcrumb","itemListElement":[{"@type":"ListItem","position":1,"name":"In\u00edcio","item":"https:\/\/brasilnoticias.org\/site\/"},{"@type":"ListItem","position":2,"name":"Governo autoriza processo licitat\u00f3rio para abertura de concurso para a Pol\u00edcia Penal"}]},{"@type":"WebSite","@id":"https:\/\/brasilnoticias.org\/site\/#website","url":"https:\/\/brasilnoticias.org\/site\/","name":"Brasil not\u00edcias","description":"Brasil not\u00edcias","publisher":{"@id":"https:\/\/brasilnoticias.org\/site\/#organization"},"potentialAction":[{"@type":"SearchAction","target":{"@type":"EntryPoint","urlTemplate":"https:\/\/brasilnoticias.org\/site\/?s={search_term_string}"},"query-input":{"@type":"PropertyValueSpecification","valueRequired":true,"valueName":"search_term_string"}}],"inLanguage":"pt-PT"},{"@type":"Organization","@id":"https:\/\/brasilnoticias.org\/site\/#organization","name":"Brasil not\u00edcias","url":"https:\/\/brasilnoticias.org\/site\/","logo":{"@type":"ImageObject","inLanguage":"pt-PT","@id":"https:\/\/brasilnoticias.org\/site\/#\/schema\/logo\/image\/","url":"https:\/\/brasilnoticias.org\/site\/wp-content\/uploads\/2022\/05\/cropped-brasilnoticias-mini.jpg","contentUrl":"https:\/\/brasilnoticias.org\/site\/wp-content\/uploads\/2022\/05\/cropped-brasilnoticias-mini.jpg","width":314,"height":86,"caption":"Brasil not\u00edcias"},"image":{"@id":"https:\/\/brasilnoticias.org\/site\/#\/schema\/logo\/image\/"}},{"@type":"Person","@id":"https:\/\/brasilnoticias.org\/site\/#\/schema\/person\/03bbbfe6c7634ad18c26444ea39049fa","name":"Reda\u00e7\u00e3o","image":{"@type":"ImageObject","inLanguage":"pt-PT","@id":"https:\/\/brasilnoticias.org\/site\/#\/schema\/person\/image\/","url":"https:\/\/secure.gravatar.com\/avatar\/9ecaf7327a696cb23ad926fedded5f1f04d7049de9e445375d55b48c001a6e42?s=96&d=mm&r=g","contentUrl":"https:\/\/secure.gravatar.com\/avatar\/9ecaf7327a696cb23ad926fedded5f1f04d7049de9e445375d55b48c001a6e42?s=96&d=mm&r=g","caption":"Reda\u00e7\u00e3o"},"url":"https:\/\/brasilnoticias.org\/site\/author\/henrique\/"}]}},"_links":{"self":[{"href":"https:\/\/brasilnoticias.org\/site\/wp-json\/wp\/v2\/posts\/11749","targetHints":{"allow":["GET"]}}],"collection":[{"href":"https:\/\/brasilnoticias.org\/site\/wp-json\/wp\/v2\/posts"}],"about":[{"href":"https:\/\/brasilnoticias.org\/site\/wp-json\/wp\/v2\/types\/post"}],"author":[{"embeddable":true,"href":"https:\/\/brasilnoticias.org\/site\/wp-json\/wp\/v2\/users\/4"}],"replies":[{"embeddable":true,"href":"https:\/\/brasilnoticias.org\/site\/wp-json\/wp\/v2\/comments?post=11749"}],"version-history":[{"count":2,"href":"https:\/\/brasilnoticias.org\/site\/wp-json\/wp\/v2\/posts\/11749\/revisions"}],"predecessor-version":[{"id":11752,"href":"https:\/\/brasilnoticias.org\/site\/wp-json\/wp\/v2\/posts\/11749\/revisions\/11752"}],"wp:featuredmedia":[{"embeddable":true,"href":"https:\/\/brasilnoticias.org\/site\/wp-json\/wp\/v2\/media\/11750"}],"wp:attachment":[{"href":"https:\/\/brasilnoticias.org\/site\/wp-json\/wp\/v2\/media?parent=11749"}],"wp:term":[{"taxonomy":"category","embeddable":true,"href":"https:\/\/brasilnoticias.org\/site\/wp-json\/wp\/v2\/categories?post=11749"},{"taxonomy":"post_tag","embeddable":true,"href":"https:\/\/brasilnoticias.org\/site\/wp-json\/wp\/v2\/tags?post=11749"}],"curies":[{"name":"wp","href":"https:\/\/api.w.org\/{rel}","templated":true}]}}