{"id":11753,"date":"2023-12-18T20:33:03","date_gmt":"2023-12-18T23:33:03","guid":{"rendered":"https:\/\/brasilnoticias.org\/site\/?p=11753"},"modified":"2023-12-18T20:33:03","modified_gmt":"2023-12-18T23:33:03","slug":"perspectiva-para-2024-o-que-podemos-esperar-da-politica-baiana","status":"publish","type":"post","link":"https:\/\/brasilnoticias.org\/site\/perspectiva-para-2024-o-que-podemos-esperar-da-politica-baiana\/","title":{"rendered":"Perspectiva para 2024: O que podemos esperar da pol\u00edtica baiana?"},"content":{"rendered":"<p>\u00c9 dif\u00edcil antecipar o desfecho desses embates, entretanto, as lutas pelo poder prometem ser intensas no ano vindouro<\/p>\n<p>O ano de 2024 est\u00e1 destinado a come\u00e7ar com uma acirrada disputa no cen\u00e1rio pol\u00edtico da Bahia. A raz\u00e3o para isso \u00e9 a iminente concorr\u00eancia entre deputados e ex-parlamentares pela vaga no Tribunal de Contas dos Munic\u00edpios (TCM). Uma cadeira ficar\u00e1 vaga na Corte em 22 de dezembro, quando o conselheiro Fernando Vita se aposentar\u00e1 compulsoriamente ao atingir a idade de 75 anos.<\/p>\n<p>O atual presidente da Assembleia Legislativa da Bahia (AL-BA), Adolfo Menezes (PSD), afirmou que apenas em fevereiro, quando os trabalhos da Casa forem retomados, abrir\u00e1 as inscri\u00e7\u00f5es para o cargo. Diversos interessados j\u00e1 manifestaram desejo de concorrer \u00e0 posi\u00e7\u00e3o. Curiosamente, alguns que anteriormente manifestaram inten\u00e7\u00e3o de abolir a Corte de Contas agora almejam tornar-se conselheiros. S\u00e3o eles: o ex-deputado federal Marcelo Nilo (Republicanos) e o deputado estadual Paulo Rangel (PT). Al\u00e9m deles, tamb\u00e9m est\u00e3o de olho na cadeira, que oferece um sal\u00e1rio substancial e emprego vital\u00edcio, o deputado federal Daniel Almeida (PCdoB), assim como os estaduais Rog\u00e9rio Andrade (MDB), Roberto Carlos (PV) e Fabr\u00edcio Falc\u00e3o (PCdoB).<\/p>\n<p>N\u00e3o \u00e9 apenas em rela\u00e7\u00e3o ao TCM que se espera uma briga acirrada. Tamb\u00e9m se antecipa um confronto intenso pela posi\u00e7\u00e3o de vice-prefeito de Bruno Reis (Uni\u00e3o) em 2024, quando ele buscar\u00e1 a reelei\u00e7\u00e3o. O presidente da C\u00e2mara de Vereadores de Salvador, Carlos Muniz (PSDB), afirmou na \u00faltima sexta-feira (15) que, caso Bruno Reis seja reconduzido, ele cumprir\u00e1 o segundo mandato integralmente. No entanto, o gestor n\u00e3o assegurou publicamente ainda que permanecer\u00e1 at\u00e9 o t\u00e9rmino do mandato, se for reeleito para o segundo mandato.<\/p>\n<p>O certo  \u00e9 que a perspectiva de Bruno Reis renunciar ao mandato em 2026, visando uma candidatura ao Senado ou ao cargo de governador, desperta grande interesse entre os aliados pela vaga de vice em 2024. A atual vice-prefeita Ana Paula Matos (PDT) j\u00e1 avisou que \u201cningu\u00e9m vai me empurrar da cadeira\u201d. No entanto, o deputado federal L\u00e9o Prates (PDT) e os partidos PSDB e Republicanos est\u00e3o de olho na vice.<\/p>\n<p>Do lado do governo, a expectativa gira em torno da defini\u00e7\u00e3o do candidato \u00e0 prefeitura de Salvador. Durante o final de semana, as negocia\u00e7\u00f5es progrediram no sentido de confirmar o vice-governador Geraldo J\u00fanior (MDB) como o postulante do grupo no poder. O governador Jer\u00f4nimo Rodrigues (PT) assegura que o an\u00fancio oficial ocorrer\u00e1 ainda neste ano, por\u00e9m, devido aos frequentes adiamentos, n\u00e3o se descarta a possibilidade de que seja adiado para o in\u00edcio de 2024.<\/p>\n<p>Na Assembleia Legislativa, no pr\u00f3ximo ano, deve ocorrer ainda a vota\u00e7\u00e3o da PEC (Proposta de Emenda \u00e0 Constitui\u00e7\u00e3o) que autoriza a reelei\u00e7\u00e3o para presidente da Casa. O texto j\u00e1 foi protocolado e aguarda aprecia\u00e7\u00e3o nas comiss\u00f5es e plen\u00e1rio do Legislativo baiano. Se a proposta for aprovada, ela abrir\u00e1 caminho para o terceiro mandato consecutivo de Adolfo Menezes como comandante da AL-BA. \u00c0 R\u00e1dio Metropole, o pessedista j\u00e1 confirmou que vai tentar a recondu\u00e7\u00e3o, se tiver o apoio da maioria dos colegas.  <\/p>\n<p>\u00c9 dif\u00edcil antecipar o desfecho desses embates, entretanto, as lutas pelo poder prometem ser intensas no ano vindouro.<\/p>\n<p>Foto: Reprodu\u00e7\u00e3o\/Brasil Escola<br \/>\nPor: Rodrigo Daniel Silva<\/p>\n","protected":false},"excerpt":{"rendered":"<p>\u00c9 dif\u00edcil antecipar o desfecho desses embates, entretanto, as lutas pelo poder prometem ser intensas no ano vindouro O ano<\/p>\n","protected":false},"author":4,"featured_media":11754,"comment_status":"open","ping_status":"open","sticky":false,"template":"","format":"standard","meta":{"colormag_page_container_layout":"default_layout","colormag_page_sidebar_layout":"default_layout","_FSMCFIC_featured_image_caption":"","_FSMCFIC_featured_image_nocaption":"","_FSMCFIC_featured_image_hide":"","footnotes":""},"categories":[5,1],"tags":[],"class_list":["post-11753","post","type-post","status-publish","format-standard","has-post-thumbnail","hentry","category-politica","category-ultimas"],"yoast_head":"<!-- This site is optimized with the Yoast SEO plugin v27.1.1 - https:\/\/yoast.com\/product\/yoast-seo-wordpress\/ -->\n<title>Perspectiva para 2024: O que podemos esperar da pol\u00edtica baiana? - Brasil not\u00edcias<\/title>\n<meta name=\"robots\" content=\"index, follow, max-snippet:-1, max-image-preview:large, max-video-preview:-1\" \/>\n<link rel=\"canonical\" href=\"https:\/\/brasilnoticias.org\/site\/perspectiva-para-2024-o-que-podemos-esperar-da-politica-baiana\/\" \/>\n<meta property=\"og:locale\" content=\"pt_PT\" \/>\n<meta property=\"og:type\" content=\"article\" \/>\n<meta property=\"og:title\" content=\"Perspectiva para 2024: O que podemos esperar da pol\u00edtica baiana? - Brasil not\u00edcias\" \/>\n<meta property=\"og:description\" content=\"\u00c9 dif\u00edcil antecipar o desfecho desses embates, entretanto, as lutas pelo poder prometem ser intensas no ano vindouro O ano\" \/>\n<meta property=\"og:url\" content=\"https:\/\/brasilnoticias.org\/site\/perspectiva-para-2024-o-que-podemos-esperar-da-politica-baiana\/\" \/>\n<meta property=\"og:site_name\" content=\"Brasil not\u00edcias\" \/>\n<meta property=\"article:published_time\" content=\"2023-12-18T23:33:03+00:00\" \/>\n<meta property=\"og:image\" content=\"https:\/\/brasilnoticias.org\/site\/wp-content\/uploads\/2023\/12\/144366perspectiva-para-2024-o-que-podemos-esperar-da-politica-baianaa-3.jpg\" \/>\n\t<meta property=\"og:image:width\" content=\"1600\" \/>\n\t<meta property=\"og:image:height\" content=\"752\" \/>\n\t<meta property=\"og:image:type\" content=\"image\/jpeg\" \/>\n<meta name=\"author\" content=\"Reda\u00e7\u00e3o\" \/>\n<meta name=\"twitter:card\" content=\"summary_large_image\" \/>\n<meta name=\"twitter:label1\" content=\"Escrito por\" \/>\n\t<meta name=\"twitter:data1\" content=\"Reda\u00e7\u00e3o\" \/>\n\t<meta name=\"twitter:label2\" content=\"Tempo estimado de leitura\" \/>\n\t<meta name=\"twitter:data2\" content=\"1 minuto\" \/>\n<script type=\"application\/ld+json\" class=\"yoast-schema-graph\">{\"@context\":\"https:\/\/schema.org\",\"@graph\":[{\"@type\":\"Article\",\"@id\":\"https:\/\/brasilnoticias.org\/site\/perspectiva-para-2024-o-que-podemos-esperar-da-politica-baiana\/#article\",\"isPartOf\":{\"@id\":\"https:\/\/brasilnoticias.org\/site\/perspectiva-para-2024-o-que-podemos-esperar-da-politica-baiana\/\"},\"author\":{\"name\":\"Reda\u00e7\u00e3o\",\"@id\":\"https:\/\/brasilnoticias.org\/site\/#\/schema\/person\/03bbbfe6c7634ad18c26444ea39049fa\"},\"headline\":\"Perspectiva para 2024: O que podemos esperar da pol\u00edtica baiana?\",\"datePublished\":\"2023-12-18T23:33:03+00:00\",\"mainEntityOfPage\":{\"@id\":\"https:\/\/brasilnoticias.org\/site\/perspectiva-para-2024-o-que-podemos-esperar-da-politica-baiana\/\"},\"wordCount\":566,\"commentCount\":0,\"publisher\":{\"@id\":\"https:\/\/brasilnoticias.org\/site\/#organization\"},\"image\":{\"@id\":\"https:\/\/brasilnoticias.org\/site\/perspectiva-para-2024-o-que-podemos-esperar-da-politica-baiana\/#primaryimage\"},\"thumbnailUrl\":\"https:\/\/brasilnoticias.org\/site\/wp-content\/uploads\/2023\/12\/144366perspectiva-para-2024-o-que-podemos-esperar-da-politica-baianaa-3.jpg\",\"articleSection\":[\"Pol\u00edtica\",\"\u00daltimas\"],\"inLanguage\":\"pt-PT\",\"potentialAction\":[{\"@type\":\"CommentAction\",\"name\":\"Comment\",\"target\":[\"https:\/\/brasilnoticias.org\/site\/perspectiva-para-2024-o-que-podemos-esperar-da-politica-baiana\/#respond\"]}]},{\"@type\":\"WebPage\",\"@id\":\"https:\/\/brasilnoticias.org\/site\/perspectiva-para-2024-o-que-podemos-esperar-da-politica-baiana\/\",\"url\":\"https:\/\/brasilnoticias.org\/site\/perspectiva-para-2024-o-que-podemos-esperar-da-politica-baiana\/\",\"name\":\"Perspectiva para 2024: O que podemos esperar da pol\u00edtica baiana? - Brasil not\u00edcias\",\"isPartOf\":{\"@id\":\"https:\/\/brasilnoticias.org\/site\/#website\"},\"primaryImageOfPage\":{\"@id\":\"https:\/\/brasilnoticias.org\/site\/perspectiva-para-2024-o-que-podemos-esperar-da-politica-baiana\/#primaryimage\"},\"image\":{\"@id\":\"https:\/\/brasilnoticias.org\/site\/perspectiva-para-2024-o-que-podemos-esperar-da-politica-baiana\/#primaryimage\"},\"thumbnailUrl\":\"https:\/\/brasilnoticias.org\/site\/wp-content\/uploads\/2023\/12\/144366perspectiva-para-2024-o-que-podemos-esperar-da-politica-baianaa-3.jpg\",\"datePublished\":\"2023-12-18T23:33:03+00:00\",\"breadcrumb\":{\"@id\":\"https:\/\/brasilnoticias.org\/site\/perspectiva-para-2024-o-que-podemos-esperar-da-politica-baiana\/#breadcrumb\"},\"inLanguage\":\"pt-PT\",\"potentialAction\":[{\"@type\":\"ReadAction\",\"target\":[\"https:\/\/brasilnoticias.org\/site\/perspectiva-para-2024-o-que-podemos-esperar-da-politica-baiana\/\"]}]},{\"@type\":\"ImageObject\",\"inLanguage\":\"pt-PT\",\"@id\":\"https:\/\/brasilnoticias.org\/site\/perspectiva-para-2024-o-que-podemos-esperar-da-politica-baiana\/#primaryimage\",\"url\":\"https:\/\/brasilnoticias.org\/site\/wp-content\/uploads\/2023\/12\/144366perspectiva-para-2024-o-que-podemos-esperar-da-politica-baianaa-3.jpg\",\"contentUrl\":\"https:\/\/brasilnoticias.org\/site\/wp-content\/uploads\/2023\/12\/144366perspectiva-para-2024-o-que-podemos-esperar-da-politica-baianaa-3.jpg\",\"width\":1600,\"height\":752},{\"@type\":\"BreadcrumbList\",\"@id\":\"https:\/\/brasilnoticias.org\/site\/perspectiva-para-2024-o-que-podemos-esperar-da-politica-baiana\/#breadcrumb\",\"itemListElement\":[{\"@type\":\"ListItem\",\"position\":1,\"name\":\"In\u00edcio\",\"item\":\"https:\/\/brasilnoticias.org\/site\/\"},{\"@type\":\"ListItem\",\"position\":2,\"name\":\"Perspectiva para 2024: O que podemos esperar da pol\u00edtica baiana?\"}]},{\"@type\":\"WebSite\",\"@id\":\"https:\/\/brasilnoticias.org\/site\/#website\",\"url\":\"https:\/\/brasilnoticias.org\/site\/\",\"name\":\"Brasil not\u00edcias\",\"description\":\"Brasil not\u00edcias\",\"publisher\":{\"@id\":\"https:\/\/brasilnoticias.org\/site\/#organization\"},\"potentialAction\":[{\"@type\":\"SearchAction\",\"target\":{\"@type\":\"EntryPoint\",\"urlTemplate\":\"https:\/\/brasilnoticias.org\/site\/?s={search_term_string}\"},\"query-input\":{\"@type\":\"PropertyValueSpecification\",\"valueRequired\":true,\"valueName\":\"search_term_string\"}}],\"inLanguage\":\"pt-PT\"},{\"@type\":\"Organization\",\"@id\":\"https:\/\/brasilnoticias.org\/site\/#organization\",\"name\":\"Brasil not\u00edcias\",\"url\":\"https:\/\/brasilnoticias.org\/site\/\",\"logo\":{\"@type\":\"ImageObject\",\"inLanguage\":\"pt-PT\",\"@id\":\"https:\/\/brasilnoticias.org\/site\/#\/schema\/logo\/image\/\",\"url\":\"https:\/\/brasilnoticias.org\/site\/wp-content\/uploads\/2022\/05\/cropped-brasilnoticias-mini.jpg\",\"contentUrl\":\"https:\/\/brasilnoticias.org\/site\/wp-content\/uploads\/2022\/05\/cropped-brasilnoticias-mini.jpg\",\"width\":314,\"height\":86,\"caption\":\"Brasil not\u00edcias\"},\"image\":{\"@id\":\"https:\/\/brasilnoticias.org\/site\/#\/schema\/logo\/image\/\"}},{\"@type\":\"Person\",\"@id\":\"https:\/\/brasilnoticias.org\/site\/#\/schema\/person\/03bbbfe6c7634ad18c26444ea39049fa\",\"name\":\"Reda\u00e7\u00e3o\",\"image\":{\"@type\":\"ImageObject\",\"inLanguage\":\"pt-PT\",\"@id\":\"https:\/\/brasilnoticias.org\/site\/#\/schema\/person\/image\/\",\"url\":\"https:\/\/secure.gravatar.com\/avatar\/9ecaf7327a696cb23ad926fedded5f1f04d7049de9e445375d55b48c001a6e42?s=96&d=mm&r=g\",\"contentUrl\":\"https:\/\/secure.gravatar.com\/avatar\/9ecaf7327a696cb23ad926fedded5f1f04d7049de9e445375d55b48c001a6e42?s=96&d=mm&r=g\",\"caption\":\"Reda\u00e7\u00e3o\"},\"url\":\"https:\/\/brasilnoticias.org\/site\/author\/henrique\/\"}]}<\/script>\n<!-- \/ Yoast SEO plugin. -->","yoast_head_json":{"title":"Perspectiva para 2024: O que podemos esperar da pol\u00edtica baiana? - Brasil not\u00edcias","robots":{"index":"index","follow":"follow","max-snippet":"max-snippet:-1","max-image-preview":"max-image-preview:large","max-video-preview":"max-video-preview:-1"},"canonical":"https:\/\/brasilnoticias.org\/site\/perspectiva-para-2024-o-que-podemos-esperar-da-politica-baiana\/","og_locale":"pt_PT","og_type":"article","og_title":"Perspectiva para 2024: O que podemos esperar da pol\u00edtica baiana? - Brasil not\u00edcias","og_description":"\u00c9 dif\u00edcil antecipar o desfecho desses embates, entretanto, as lutas pelo poder prometem ser intensas no ano vindouro O ano","og_url":"https:\/\/brasilnoticias.org\/site\/perspectiva-para-2024-o-que-podemos-esperar-da-politica-baiana\/","og_site_name":"Brasil not\u00edcias","article_published_time":"2023-12-18T23:33:03+00:00","og_image":[{"width":1600,"height":752,"url":"https:\/\/brasilnoticias.org\/site\/wp-content\/uploads\/2023\/12\/144366perspectiva-para-2024-o-que-podemos-esperar-da-politica-baianaa-3.jpg","type":"image\/jpeg"}],"author":"Reda\u00e7\u00e3o","twitter_card":"summary_large_image","twitter_misc":{"Escrito por":"Reda\u00e7\u00e3o","Tempo estimado de leitura":"1 minuto"},"schema":{"@context":"https:\/\/schema.org","@graph":[{"@type":"Article","@id":"https:\/\/brasilnoticias.org\/site\/perspectiva-para-2024-o-que-podemos-esperar-da-politica-baiana\/#article","isPartOf":{"@id":"https:\/\/brasilnoticias.org\/site\/perspectiva-para-2024-o-que-podemos-esperar-da-politica-baiana\/"},"author":{"name":"Reda\u00e7\u00e3o","@id":"https:\/\/brasilnoticias.org\/site\/#\/schema\/person\/03bbbfe6c7634ad18c26444ea39049fa"},"headline":"Perspectiva para 2024: O que podemos esperar da pol\u00edtica baiana?","datePublished":"2023-12-18T23:33:03+00:00","mainEntityOfPage":{"@id":"https:\/\/brasilnoticias.org\/site\/perspectiva-para-2024-o-que-podemos-esperar-da-politica-baiana\/"},"wordCount":566,"commentCount":0,"publisher":{"@id":"https:\/\/brasilnoticias.org\/site\/#organization"},"image":{"@id":"https:\/\/brasilnoticias.org\/site\/perspectiva-para-2024-o-que-podemos-esperar-da-politica-baiana\/#primaryimage"},"thumbnailUrl":"https:\/\/brasilnoticias.org\/site\/wp-content\/uploads\/2023\/12\/144366perspectiva-para-2024-o-que-podemos-esperar-da-politica-baianaa-3.jpg","articleSection":["Pol\u00edtica","\u00daltimas"],"inLanguage":"pt-PT","potentialAction":[{"@type":"CommentAction","name":"Comment","target":["https:\/\/brasilnoticias.org\/site\/perspectiva-para-2024-o-que-podemos-esperar-da-politica-baiana\/#respond"]}]},{"@type":"WebPage","@id":"https:\/\/brasilnoticias.org\/site\/perspectiva-para-2024-o-que-podemos-esperar-da-politica-baiana\/","url":"https:\/\/brasilnoticias.org\/site\/perspectiva-para-2024-o-que-podemos-esperar-da-politica-baiana\/","name":"Perspectiva para 2024: O que podemos esperar da pol\u00edtica baiana? - Brasil not\u00edcias","isPartOf":{"@id":"https:\/\/brasilnoticias.org\/site\/#website"},"primaryImageOfPage":{"@id":"https:\/\/brasilnoticias.org\/site\/perspectiva-para-2024-o-que-podemos-esperar-da-politica-baiana\/#primaryimage"},"image":{"@id":"https:\/\/brasilnoticias.org\/site\/perspectiva-para-2024-o-que-podemos-esperar-da-politica-baiana\/#primaryimage"},"thumbnailUrl":"https:\/\/brasilnoticias.org\/site\/wp-content\/uploads\/2023\/12\/144366perspectiva-para-2024-o-que-podemos-esperar-da-politica-baianaa-3.jpg","datePublished":"2023-12-18T23:33:03+00:00","breadcrumb":{"@id":"https:\/\/brasilnoticias.org\/site\/perspectiva-para-2024-o-que-podemos-esperar-da-politica-baiana\/#breadcrumb"},"inLanguage":"pt-PT","potentialAction":[{"@type":"ReadAction","target":["https:\/\/brasilnoticias.org\/site\/perspectiva-para-2024-o-que-podemos-esperar-da-politica-baiana\/"]}]},{"@type":"ImageObject","inLanguage":"pt-PT","@id":"https:\/\/brasilnoticias.org\/site\/perspectiva-para-2024-o-que-podemos-esperar-da-politica-baiana\/#primaryimage","url":"https:\/\/brasilnoticias.org\/site\/wp-content\/uploads\/2023\/12\/144366perspectiva-para-2024-o-que-podemos-esperar-da-politica-baianaa-3.jpg","contentUrl":"https:\/\/brasilnoticias.org\/site\/wp-content\/uploads\/2023\/12\/144366perspectiva-para-2024-o-que-podemos-esperar-da-politica-baianaa-3.jpg","width":1600,"height":752},{"@type":"BreadcrumbList","@id":"https:\/\/brasilnoticias.org\/site\/perspectiva-para-2024-o-que-podemos-esperar-da-politica-baiana\/#breadcrumb","itemListElement":[{"@type":"ListItem","position":1,"name":"In\u00edcio","item":"https:\/\/brasilnoticias.org\/site\/"},{"@type":"ListItem","position":2,"name":"Perspectiva para 2024: O que podemos esperar da pol\u00edtica baiana?"}]},{"@type":"WebSite","@id":"https:\/\/brasilnoticias.org\/site\/#website","url":"https:\/\/brasilnoticias.org\/site\/","name":"Brasil not\u00edcias","description":"Brasil not\u00edcias","publisher":{"@id":"https:\/\/brasilnoticias.org\/site\/#organization"},"potentialAction":[{"@type":"SearchAction","target":{"@type":"EntryPoint","urlTemplate":"https:\/\/brasilnoticias.org\/site\/?s={search_term_string}"},"query-input":{"@type":"PropertyValueSpecification","valueRequired":true,"valueName":"search_term_string"}}],"inLanguage":"pt-PT"},{"@type":"Organization","@id":"https:\/\/brasilnoticias.org\/site\/#organization","name":"Brasil not\u00edcias","url":"https:\/\/brasilnoticias.org\/site\/","logo":{"@type":"ImageObject","inLanguage":"pt-PT","@id":"https:\/\/brasilnoticias.org\/site\/#\/schema\/logo\/image\/","url":"https:\/\/brasilnoticias.org\/site\/wp-content\/uploads\/2022\/05\/cropped-brasilnoticias-mini.jpg","contentUrl":"https:\/\/brasilnoticias.org\/site\/wp-content\/uploads\/2022\/05\/cropped-brasilnoticias-mini.jpg","width":314,"height":86,"caption":"Brasil not\u00edcias"},"image":{"@id":"https:\/\/brasilnoticias.org\/site\/#\/schema\/logo\/image\/"}},{"@type":"Person","@id":"https:\/\/brasilnoticias.org\/site\/#\/schema\/person\/03bbbfe6c7634ad18c26444ea39049fa","name":"Reda\u00e7\u00e3o","image":{"@type":"ImageObject","inLanguage":"pt-PT","@id":"https:\/\/brasilnoticias.org\/site\/#\/schema\/person\/image\/","url":"https:\/\/secure.gravatar.com\/avatar\/9ecaf7327a696cb23ad926fedded5f1f04d7049de9e445375d55b48c001a6e42?s=96&d=mm&r=g","contentUrl":"https:\/\/secure.gravatar.com\/avatar\/9ecaf7327a696cb23ad926fedded5f1f04d7049de9e445375d55b48c001a6e42?s=96&d=mm&r=g","caption":"Reda\u00e7\u00e3o"},"url":"https:\/\/brasilnoticias.org\/site\/author\/henrique\/"}]}},"_links":{"self":[{"href":"https:\/\/brasilnoticias.org\/site\/wp-json\/wp\/v2\/posts\/11753","targetHints":{"allow":["GET"]}}],"collection":[{"href":"https:\/\/brasilnoticias.org\/site\/wp-json\/wp\/v2\/posts"}],"about":[{"href":"https:\/\/brasilnoticias.org\/site\/wp-json\/wp\/v2\/types\/post"}],"author":[{"embeddable":true,"href":"https:\/\/brasilnoticias.org\/site\/wp-json\/wp\/v2\/users\/4"}],"replies":[{"embeddable":true,"href":"https:\/\/brasilnoticias.org\/site\/wp-json\/wp\/v2\/comments?post=11753"}],"version-history":[{"count":1,"href":"https:\/\/brasilnoticias.org\/site\/wp-json\/wp\/v2\/posts\/11753\/revisions"}],"predecessor-version":[{"id":11755,"href":"https:\/\/brasilnoticias.org\/site\/wp-json\/wp\/v2\/posts\/11753\/revisions\/11755"}],"wp:featuredmedia":[{"embeddable":true,"href":"https:\/\/brasilnoticias.org\/site\/wp-json\/wp\/v2\/media\/11754"}],"wp:attachment":[{"href":"https:\/\/brasilnoticias.org\/site\/wp-json\/wp\/v2\/media?parent=11753"}],"wp:term":[{"taxonomy":"category","embeddable":true,"href":"https:\/\/brasilnoticias.org\/site\/wp-json\/wp\/v2\/categories?post=11753"},{"taxonomy":"post_tag","embeddable":true,"href":"https:\/\/brasilnoticias.org\/site\/wp-json\/wp\/v2\/tags?post=11753"}],"curies":[{"name":"wp","href":"https:\/\/api.w.org\/{rel}","templated":true}]}}