{"id":11756,"date":"2023-12-18T20:34:33","date_gmt":"2023-12-18T23:34:33","guid":{"rendered":"https:\/\/brasilnoticias.org\/site\/?p=11756"},"modified":"2023-12-18T20:34:33","modified_gmt":"2023-12-18T23:34:33","slug":"marcelinho-carioca-diz-que-tres-homens-o-sequestram-me-forcaram-a-fazer-aquele-video-e-mentira","status":"publish","type":"post","link":"https:\/\/brasilnoticias.org\/site\/marcelinho-carioca-diz-que-tres-homens-o-sequestram-me-forcaram-a-fazer-aquele-video-e-mentira\/","title":{"rendered":"Marcelinho Carioca diz que tr\u00eas homens o sequestram: \u201cMe for\u00e7aram a fazer aquele v\u00eddeo, \u00e9 mentira\u201d"},"content":{"rendered":"<p>O ex-jogador afirmou que ele foi agredido e amea\u00e7ado com um arma para gravar o v\u00eddeo<\/p>\n<p>O ex-jogador Marcelinho Carioca afirmou que foi coagido por criminosos a gravar um v\u00eddeo em que ele diz ter sido sequestrado pelo marido de uma mulher casada, com quem teria se envolvido. A declara\u00e7\u00e3o foi feita nesta segunda-feira (18), em coletiva de imprensa.<\/p>\n<p>&#8220;Fui obrigado a falar, a Thais [mulher que aparece no v\u00eddeo] \u00e9 guerreira, mulher de fibra e a nossa rela\u00e7\u00e3o \u00e9 de amizade. Eles queriam dinheiro, eu estava preocupado com a minha vida, com a vida dela&#8221;, disse Marcelinho Carioca.<\/p>\n<p>No v\u00eddeo em quest\u00e3o, o ex-jogador declarou que n\u00e3o sabia que a mulher era casada. Ela tamb\u00e9m confirmou a informa\u00e7\u00e3o e relatou que o marido manteve ela e Marcelinho em c\u00e1rcere privado. <\/p>\n<p>Marcelinho Carioca tamb\u00e9m contou que tr\u00eas homens o abordaram, o agrediram com coronhadas e colocaram um capuz na cabe\u00e7a dele ao ser sequestrado, ao sair do show do cantor Thiaguinho, que ocorreu em S\u00e3o Paulo.<\/p>\n<p>&#8220;Chegaram tr\u00eas indiv\u00edduos e me abordaram, e a\u00ed tomei essa coronhada na minha cabe\u00e7a e depois n\u00e3o vi mais nada, entrei no carro e j\u00e1 colocaram o capuz e n\u00e3o vi mais nada. Botou a arma na minha cabe\u00e7a, depois eu n\u00e3o vi mais nada, entrei no carro, colocaram capuz e n\u00e3o vi mais nada\u201d, acrescentou o ex-jogador.<\/p>\n<p>Foto: Reprodu\u00e7\u00e3o\/Metropoles<br \/>\nPor: Metro1<\/p>\n","protected":false},"excerpt":{"rendered":"<p>O ex-jogador afirmou que ele foi agredido e amea\u00e7ado com um arma para gravar o v\u00eddeo O ex-jogador Marcelinho Carioca<\/p>\n","protected":false},"author":4,"featured_media":11757,"comment_status":"open","ping_status":"open","sticky":false,"template":"","format":"standard","meta":{"colormag_page_container_layout":"default_layout","colormag_page_sidebar_layout":"default_layout","_FSMCFIC_featured_image_caption":"","_FSMCFIC_featured_image_nocaption":"","_FSMCFIC_featured_image_hide":"","footnotes":""},"categories":[2,1],"tags":[],"class_list":["post-11756","post","type-post","status-publish","format-standard","has-post-thumbnail","hentry","category-noticias","category-ultimas"],"yoast_head":"<!-- This site is optimized with the Yoast SEO plugin v27.1.1 - https:\/\/yoast.com\/product\/yoast-seo-wordpress\/ -->\n<title>Marcelinho Carioca diz que tr\u00eas homens o sequestram: \u201cMe for\u00e7aram a fazer aquele v\u00eddeo, \u00e9 mentira\u201d - Brasil not\u00edcias<\/title>\n<meta name=\"robots\" content=\"index, follow, max-snippet:-1, max-image-preview:large, max-video-preview:-1\" \/>\n<link rel=\"canonical\" href=\"https:\/\/brasilnoticias.org\/site\/marcelinho-carioca-diz-que-tres-homens-o-sequestram-me-forcaram-a-fazer-aquele-video-e-mentira\/\" \/>\n<meta property=\"og:locale\" content=\"pt_PT\" \/>\n<meta property=\"og:type\" content=\"article\" \/>\n<meta property=\"og:title\" content=\"Marcelinho Carioca diz que tr\u00eas homens o sequestram: \u201cMe for\u00e7aram a fazer aquele v\u00eddeo, \u00e9 mentira\u201d - Brasil not\u00edcias\" \/>\n<meta property=\"og:description\" content=\"O ex-jogador afirmou que ele foi agredido e amea\u00e7ado com um arma para gravar o v\u00eddeo O ex-jogador Marcelinho Carioca\" \/>\n<meta property=\"og:url\" content=\"https:\/\/brasilnoticias.org\/site\/marcelinho-carioca-diz-que-tres-homens-o-sequestram-me-forcaram-a-fazer-aquele-video-e-mentira\/\" \/>\n<meta property=\"og:site_name\" content=\"Brasil not\u00edcias\" \/>\n<meta property=\"article:published_time\" content=\"2023-12-18T23:34:33+00:00\" \/>\n<meta property=\"og:image\" content=\"https:\/\/brasilnoticias.org\/site\/wp-content\/uploads\/2023\/12\/144373marcelinho-carioca-diz-que-tres-homens-o-sequestram-me-forcaram-a-fazer-aquele-video-e-mentira-3.jpg\" \/>\n\t<meta property=\"og:image:width\" content=\"1600\" \/>\n\t<meta property=\"og:image:height\" content=\"752\" \/>\n\t<meta property=\"og:image:type\" content=\"image\/jpeg\" \/>\n<meta name=\"author\" content=\"Reda\u00e7\u00e3o\" \/>\n<meta name=\"twitter:card\" content=\"summary_large_image\" \/>\n<meta name=\"twitter:label1\" content=\"Escrito por\" \/>\n\t<meta name=\"twitter:data1\" content=\"Reda\u00e7\u00e3o\" \/>\n\t<meta name=\"twitter:label2\" content=\"Tempo estimado de leitura\" \/>\n\t<meta name=\"twitter:data2\" content=\"1 minuto\" \/>\n<script type=\"application\/ld+json\" class=\"yoast-schema-graph\">{\"@context\":\"https:\/\/schema.org\",\"@graph\":[{\"@type\":\"Article\",\"@id\":\"https:\/\/brasilnoticias.org\/site\/marcelinho-carioca-diz-que-tres-homens-o-sequestram-me-forcaram-a-fazer-aquele-video-e-mentira\/#article\",\"isPartOf\":{\"@id\":\"https:\/\/brasilnoticias.org\/site\/marcelinho-carioca-diz-que-tres-homens-o-sequestram-me-forcaram-a-fazer-aquele-video-e-mentira\/\"},\"author\":{\"name\":\"Reda\u00e7\u00e3o\",\"@id\":\"https:\/\/brasilnoticias.org\/site\/#\/schema\/person\/03bbbfe6c7634ad18c26444ea39049fa\"},\"headline\":\"Marcelinho Carioca diz que tr\u00eas homens o sequestram: \u201cMe for\u00e7aram a fazer aquele v\u00eddeo, \u00e9 mentira\u201d\",\"datePublished\":\"2023-12-18T23:34:33+00:00\",\"mainEntityOfPage\":{\"@id\":\"https:\/\/brasilnoticias.org\/site\/marcelinho-carioca-diz-que-tres-homens-o-sequestram-me-forcaram-a-fazer-aquele-video-e-mentira\/\"},\"wordCount\":269,\"commentCount\":0,\"publisher\":{\"@id\":\"https:\/\/brasilnoticias.org\/site\/#organization\"},\"image\":{\"@id\":\"https:\/\/brasilnoticias.org\/site\/marcelinho-carioca-diz-que-tres-homens-o-sequestram-me-forcaram-a-fazer-aquele-video-e-mentira\/#primaryimage\"},\"thumbnailUrl\":\"https:\/\/brasilnoticias.org\/site\/wp-content\/uploads\/2023\/12\/144373marcelinho-carioca-diz-que-tres-homens-o-sequestram-me-forcaram-a-fazer-aquele-video-e-mentira-3.jpg\",\"articleSection\":[\"Not\u00edcias\",\"\u00daltimas\"],\"inLanguage\":\"pt-PT\",\"potentialAction\":[{\"@type\":\"CommentAction\",\"name\":\"Comment\",\"target\":[\"https:\/\/brasilnoticias.org\/site\/marcelinho-carioca-diz-que-tres-homens-o-sequestram-me-forcaram-a-fazer-aquele-video-e-mentira\/#respond\"]}]},{\"@type\":\"WebPage\",\"@id\":\"https:\/\/brasilnoticias.org\/site\/marcelinho-carioca-diz-que-tres-homens-o-sequestram-me-forcaram-a-fazer-aquele-video-e-mentira\/\",\"url\":\"https:\/\/brasilnoticias.org\/site\/marcelinho-carioca-diz-que-tres-homens-o-sequestram-me-forcaram-a-fazer-aquele-video-e-mentira\/\",\"name\":\"Marcelinho Carioca diz que tr\u00eas homens o sequestram: \u201cMe for\u00e7aram a fazer aquele v\u00eddeo, \u00e9 mentira\u201d - Brasil not\u00edcias\",\"isPartOf\":{\"@id\":\"https:\/\/brasilnoticias.org\/site\/#website\"},\"primaryImageOfPage\":{\"@id\":\"https:\/\/brasilnoticias.org\/site\/marcelinho-carioca-diz-que-tres-homens-o-sequestram-me-forcaram-a-fazer-aquele-video-e-mentira\/#primaryimage\"},\"image\":{\"@id\":\"https:\/\/brasilnoticias.org\/site\/marcelinho-carioca-diz-que-tres-homens-o-sequestram-me-forcaram-a-fazer-aquele-video-e-mentira\/#primaryimage\"},\"thumbnailUrl\":\"https:\/\/brasilnoticias.org\/site\/wp-content\/uploads\/2023\/12\/144373marcelinho-carioca-diz-que-tres-homens-o-sequestram-me-forcaram-a-fazer-aquele-video-e-mentira-3.jpg\",\"datePublished\":\"2023-12-18T23:34:33+00:00\",\"breadcrumb\":{\"@id\":\"https:\/\/brasilnoticias.org\/site\/marcelinho-carioca-diz-que-tres-homens-o-sequestram-me-forcaram-a-fazer-aquele-video-e-mentira\/#breadcrumb\"},\"inLanguage\":\"pt-PT\",\"potentialAction\":[{\"@type\":\"ReadAction\",\"target\":[\"https:\/\/brasilnoticias.org\/site\/marcelinho-carioca-diz-que-tres-homens-o-sequestram-me-forcaram-a-fazer-aquele-video-e-mentira\/\"]}]},{\"@type\":\"ImageObject\",\"inLanguage\":\"pt-PT\",\"@id\":\"https:\/\/brasilnoticias.org\/site\/marcelinho-carioca-diz-que-tres-homens-o-sequestram-me-forcaram-a-fazer-aquele-video-e-mentira\/#primaryimage\",\"url\":\"https:\/\/brasilnoticias.org\/site\/wp-content\/uploads\/2023\/12\/144373marcelinho-carioca-diz-que-tres-homens-o-sequestram-me-forcaram-a-fazer-aquele-video-e-mentira-3.jpg\",\"contentUrl\":\"https:\/\/brasilnoticias.org\/site\/wp-content\/uploads\/2023\/12\/144373marcelinho-carioca-diz-que-tres-homens-o-sequestram-me-forcaram-a-fazer-aquele-video-e-mentira-3.jpg\",\"width\":1600,\"height\":752},{\"@type\":\"BreadcrumbList\",\"@id\":\"https:\/\/brasilnoticias.org\/site\/marcelinho-carioca-diz-que-tres-homens-o-sequestram-me-forcaram-a-fazer-aquele-video-e-mentira\/#breadcrumb\",\"itemListElement\":[{\"@type\":\"ListItem\",\"position\":1,\"name\":\"In\u00edcio\",\"item\":\"https:\/\/brasilnoticias.org\/site\/\"},{\"@type\":\"ListItem\",\"position\":2,\"name\":\"Marcelinho Carioca diz que tr\u00eas homens o sequestram: \u201cMe for\u00e7aram a fazer aquele v\u00eddeo, \u00e9 mentira\u201d\"}]},{\"@type\":\"WebSite\",\"@id\":\"https:\/\/brasilnoticias.org\/site\/#website\",\"url\":\"https:\/\/brasilnoticias.org\/site\/\",\"name\":\"Brasil not\u00edcias\",\"description\":\"Brasil not\u00edcias\",\"publisher\":{\"@id\":\"https:\/\/brasilnoticias.org\/site\/#organization\"},\"potentialAction\":[{\"@type\":\"SearchAction\",\"target\":{\"@type\":\"EntryPoint\",\"urlTemplate\":\"https:\/\/brasilnoticias.org\/site\/?s={search_term_string}\"},\"query-input\":{\"@type\":\"PropertyValueSpecification\",\"valueRequired\":true,\"valueName\":\"search_term_string\"}}],\"inLanguage\":\"pt-PT\"},{\"@type\":\"Organization\",\"@id\":\"https:\/\/brasilnoticias.org\/site\/#organization\",\"name\":\"Brasil not\u00edcias\",\"url\":\"https:\/\/brasilnoticias.org\/site\/\",\"logo\":{\"@type\":\"ImageObject\",\"inLanguage\":\"pt-PT\",\"@id\":\"https:\/\/brasilnoticias.org\/site\/#\/schema\/logo\/image\/\",\"url\":\"https:\/\/brasilnoticias.org\/site\/wp-content\/uploads\/2022\/05\/cropped-brasilnoticias-mini.jpg\",\"contentUrl\":\"https:\/\/brasilnoticias.org\/site\/wp-content\/uploads\/2022\/05\/cropped-brasilnoticias-mini.jpg\",\"width\":314,\"height\":86,\"caption\":\"Brasil not\u00edcias\"},\"image\":{\"@id\":\"https:\/\/brasilnoticias.org\/site\/#\/schema\/logo\/image\/\"}},{\"@type\":\"Person\",\"@id\":\"https:\/\/brasilnoticias.org\/site\/#\/schema\/person\/03bbbfe6c7634ad18c26444ea39049fa\",\"name\":\"Reda\u00e7\u00e3o\",\"image\":{\"@type\":\"ImageObject\",\"inLanguage\":\"pt-PT\",\"@id\":\"https:\/\/brasilnoticias.org\/site\/#\/schema\/person\/image\/\",\"url\":\"https:\/\/secure.gravatar.com\/avatar\/9ecaf7327a696cb23ad926fedded5f1f04d7049de9e445375d55b48c001a6e42?s=96&d=mm&r=g\",\"contentUrl\":\"https:\/\/secure.gravatar.com\/avatar\/9ecaf7327a696cb23ad926fedded5f1f04d7049de9e445375d55b48c001a6e42?s=96&d=mm&r=g\",\"caption\":\"Reda\u00e7\u00e3o\"},\"url\":\"https:\/\/brasilnoticias.org\/site\/author\/henrique\/\"}]}<\/script>\n<!-- \/ Yoast SEO plugin. -->","yoast_head_json":{"title":"Marcelinho Carioca diz que tr\u00eas homens o sequestram: \u201cMe for\u00e7aram a fazer aquele v\u00eddeo, \u00e9 mentira\u201d - Brasil not\u00edcias","robots":{"index":"index","follow":"follow","max-snippet":"max-snippet:-1","max-image-preview":"max-image-preview:large","max-video-preview":"max-video-preview:-1"},"canonical":"https:\/\/brasilnoticias.org\/site\/marcelinho-carioca-diz-que-tres-homens-o-sequestram-me-forcaram-a-fazer-aquele-video-e-mentira\/","og_locale":"pt_PT","og_type":"article","og_title":"Marcelinho Carioca diz que tr\u00eas homens o sequestram: \u201cMe for\u00e7aram a fazer aquele v\u00eddeo, \u00e9 mentira\u201d - Brasil not\u00edcias","og_description":"O ex-jogador afirmou que ele foi agredido e amea\u00e7ado com um arma para gravar o v\u00eddeo O ex-jogador Marcelinho Carioca","og_url":"https:\/\/brasilnoticias.org\/site\/marcelinho-carioca-diz-que-tres-homens-o-sequestram-me-forcaram-a-fazer-aquele-video-e-mentira\/","og_site_name":"Brasil not\u00edcias","article_published_time":"2023-12-18T23:34:33+00:00","og_image":[{"width":1600,"height":752,"url":"https:\/\/brasilnoticias.org\/site\/wp-content\/uploads\/2023\/12\/144373marcelinho-carioca-diz-que-tres-homens-o-sequestram-me-forcaram-a-fazer-aquele-video-e-mentira-3.jpg","type":"image\/jpeg"}],"author":"Reda\u00e7\u00e3o","twitter_card":"summary_large_image","twitter_misc":{"Escrito por":"Reda\u00e7\u00e3o","Tempo estimado de leitura":"1 minuto"},"schema":{"@context":"https:\/\/schema.org","@graph":[{"@type":"Article","@id":"https:\/\/brasilnoticias.org\/site\/marcelinho-carioca-diz-que-tres-homens-o-sequestram-me-forcaram-a-fazer-aquele-video-e-mentira\/#article","isPartOf":{"@id":"https:\/\/brasilnoticias.org\/site\/marcelinho-carioca-diz-que-tres-homens-o-sequestram-me-forcaram-a-fazer-aquele-video-e-mentira\/"},"author":{"name":"Reda\u00e7\u00e3o","@id":"https:\/\/brasilnoticias.org\/site\/#\/schema\/person\/03bbbfe6c7634ad18c26444ea39049fa"},"headline":"Marcelinho Carioca diz que tr\u00eas homens o sequestram: \u201cMe for\u00e7aram a fazer aquele v\u00eddeo, \u00e9 mentira\u201d","datePublished":"2023-12-18T23:34:33+00:00","mainEntityOfPage":{"@id":"https:\/\/brasilnoticias.org\/site\/marcelinho-carioca-diz-que-tres-homens-o-sequestram-me-forcaram-a-fazer-aquele-video-e-mentira\/"},"wordCount":269,"commentCount":0,"publisher":{"@id":"https:\/\/brasilnoticias.org\/site\/#organization"},"image":{"@id":"https:\/\/brasilnoticias.org\/site\/marcelinho-carioca-diz-que-tres-homens-o-sequestram-me-forcaram-a-fazer-aquele-video-e-mentira\/#primaryimage"},"thumbnailUrl":"https:\/\/brasilnoticias.org\/site\/wp-content\/uploads\/2023\/12\/144373marcelinho-carioca-diz-que-tres-homens-o-sequestram-me-forcaram-a-fazer-aquele-video-e-mentira-3.jpg","articleSection":["Not\u00edcias","\u00daltimas"],"inLanguage":"pt-PT","potentialAction":[{"@type":"CommentAction","name":"Comment","target":["https:\/\/brasilnoticias.org\/site\/marcelinho-carioca-diz-que-tres-homens-o-sequestram-me-forcaram-a-fazer-aquele-video-e-mentira\/#respond"]}]},{"@type":"WebPage","@id":"https:\/\/brasilnoticias.org\/site\/marcelinho-carioca-diz-que-tres-homens-o-sequestram-me-forcaram-a-fazer-aquele-video-e-mentira\/","url":"https:\/\/brasilnoticias.org\/site\/marcelinho-carioca-diz-que-tres-homens-o-sequestram-me-forcaram-a-fazer-aquele-video-e-mentira\/","name":"Marcelinho Carioca diz que tr\u00eas homens o sequestram: \u201cMe for\u00e7aram a fazer aquele v\u00eddeo, \u00e9 mentira\u201d - Brasil not\u00edcias","isPartOf":{"@id":"https:\/\/brasilnoticias.org\/site\/#website"},"primaryImageOfPage":{"@id":"https:\/\/brasilnoticias.org\/site\/marcelinho-carioca-diz-que-tres-homens-o-sequestram-me-forcaram-a-fazer-aquele-video-e-mentira\/#primaryimage"},"image":{"@id":"https:\/\/brasilnoticias.org\/site\/marcelinho-carioca-diz-que-tres-homens-o-sequestram-me-forcaram-a-fazer-aquele-video-e-mentira\/#primaryimage"},"thumbnailUrl":"https:\/\/brasilnoticias.org\/site\/wp-content\/uploads\/2023\/12\/144373marcelinho-carioca-diz-que-tres-homens-o-sequestram-me-forcaram-a-fazer-aquele-video-e-mentira-3.jpg","datePublished":"2023-12-18T23:34:33+00:00","breadcrumb":{"@id":"https:\/\/brasilnoticias.org\/site\/marcelinho-carioca-diz-que-tres-homens-o-sequestram-me-forcaram-a-fazer-aquele-video-e-mentira\/#breadcrumb"},"inLanguage":"pt-PT","potentialAction":[{"@type":"ReadAction","target":["https:\/\/brasilnoticias.org\/site\/marcelinho-carioca-diz-que-tres-homens-o-sequestram-me-forcaram-a-fazer-aquele-video-e-mentira\/"]}]},{"@type":"ImageObject","inLanguage":"pt-PT","@id":"https:\/\/brasilnoticias.org\/site\/marcelinho-carioca-diz-que-tres-homens-o-sequestram-me-forcaram-a-fazer-aquele-video-e-mentira\/#primaryimage","url":"https:\/\/brasilnoticias.org\/site\/wp-content\/uploads\/2023\/12\/144373marcelinho-carioca-diz-que-tres-homens-o-sequestram-me-forcaram-a-fazer-aquele-video-e-mentira-3.jpg","contentUrl":"https:\/\/brasilnoticias.org\/site\/wp-content\/uploads\/2023\/12\/144373marcelinho-carioca-diz-que-tres-homens-o-sequestram-me-forcaram-a-fazer-aquele-video-e-mentira-3.jpg","width":1600,"height":752},{"@type":"BreadcrumbList","@id":"https:\/\/brasilnoticias.org\/site\/marcelinho-carioca-diz-que-tres-homens-o-sequestram-me-forcaram-a-fazer-aquele-video-e-mentira\/#breadcrumb","itemListElement":[{"@type":"ListItem","position":1,"name":"In\u00edcio","item":"https:\/\/brasilnoticias.org\/site\/"},{"@type":"ListItem","position":2,"name":"Marcelinho Carioca diz que tr\u00eas homens o sequestram: \u201cMe for\u00e7aram a fazer aquele v\u00eddeo, \u00e9 mentira\u201d"}]},{"@type":"WebSite","@id":"https:\/\/brasilnoticias.org\/site\/#website","url":"https:\/\/brasilnoticias.org\/site\/","name":"Brasil not\u00edcias","description":"Brasil not\u00edcias","publisher":{"@id":"https:\/\/brasilnoticias.org\/site\/#organization"},"potentialAction":[{"@type":"SearchAction","target":{"@type":"EntryPoint","urlTemplate":"https:\/\/brasilnoticias.org\/site\/?s={search_term_string}"},"query-input":{"@type":"PropertyValueSpecification","valueRequired":true,"valueName":"search_term_string"}}],"inLanguage":"pt-PT"},{"@type":"Organization","@id":"https:\/\/brasilnoticias.org\/site\/#organization","name":"Brasil not\u00edcias","url":"https:\/\/brasilnoticias.org\/site\/","logo":{"@type":"ImageObject","inLanguage":"pt-PT","@id":"https:\/\/brasilnoticias.org\/site\/#\/schema\/logo\/image\/","url":"https:\/\/brasilnoticias.org\/site\/wp-content\/uploads\/2022\/05\/cropped-brasilnoticias-mini.jpg","contentUrl":"https:\/\/brasilnoticias.org\/site\/wp-content\/uploads\/2022\/05\/cropped-brasilnoticias-mini.jpg","width":314,"height":86,"caption":"Brasil not\u00edcias"},"image":{"@id":"https:\/\/brasilnoticias.org\/site\/#\/schema\/logo\/image\/"}},{"@type":"Person","@id":"https:\/\/brasilnoticias.org\/site\/#\/schema\/person\/03bbbfe6c7634ad18c26444ea39049fa","name":"Reda\u00e7\u00e3o","image":{"@type":"ImageObject","inLanguage":"pt-PT","@id":"https:\/\/brasilnoticias.org\/site\/#\/schema\/person\/image\/","url":"https:\/\/secure.gravatar.com\/avatar\/9ecaf7327a696cb23ad926fedded5f1f04d7049de9e445375d55b48c001a6e42?s=96&d=mm&r=g","contentUrl":"https:\/\/secure.gravatar.com\/avatar\/9ecaf7327a696cb23ad926fedded5f1f04d7049de9e445375d55b48c001a6e42?s=96&d=mm&r=g","caption":"Reda\u00e7\u00e3o"},"url":"https:\/\/brasilnoticias.org\/site\/author\/henrique\/"}]}},"_links":{"self":[{"href":"https:\/\/brasilnoticias.org\/site\/wp-json\/wp\/v2\/posts\/11756","targetHints":{"allow":["GET"]}}],"collection":[{"href":"https:\/\/brasilnoticias.org\/site\/wp-json\/wp\/v2\/posts"}],"about":[{"href":"https:\/\/brasilnoticias.org\/site\/wp-json\/wp\/v2\/types\/post"}],"author":[{"embeddable":true,"href":"https:\/\/brasilnoticias.org\/site\/wp-json\/wp\/v2\/users\/4"}],"replies":[{"embeddable":true,"href":"https:\/\/brasilnoticias.org\/site\/wp-json\/wp\/v2\/comments?post=11756"}],"version-history":[{"count":1,"href":"https:\/\/brasilnoticias.org\/site\/wp-json\/wp\/v2\/posts\/11756\/revisions"}],"predecessor-version":[{"id":11758,"href":"https:\/\/brasilnoticias.org\/site\/wp-json\/wp\/v2\/posts\/11756\/revisions\/11758"}],"wp:featuredmedia":[{"embeddable":true,"href":"https:\/\/brasilnoticias.org\/site\/wp-json\/wp\/v2\/media\/11757"}],"wp:attachment":[{"href":"https:\/\/brasilnoticias.org\/site\/wp-json\/wp\/v2\/media?parent=11756"}],"wp:term":[{"taxonomy":"category","embeddable":true,"href":"https:\/\/brasilnoticias.org\/site\/wp-json\/wp\/v2\/categories?post=11756"},{"taxonomy":"post_tag","embeddable":true,"href":"https:\/\/brasilnoticias.org\/site\/wp-json\/wp\/v2\/tags?post=11756"}],"curies":[{"name":"wp","href":"https:\/\/api.w.org\/{rel}","templated":true}]}}