{"id":1176,"date":"2022-08-16T10:27:13","date_gmt":"2022-08-16T13:27:13","guid":{"rendered":"https:\/\/brasilnoticias.org\/site\/?p=1176"},"modified":"2022-08-16T10:27:13","modified_gmt":"2022-08-16T13:27:13","slug":"salvador-e-a-terceira-capital-com-maior-aumento-no-valor-do-aluguel-e-inquilinos-sao-forcados-a-economizar","status":"publish","type":"post","link":"https:\/\/brasilnoticias.org\/site\/salvador-e-a-terceira-capital-com-maior-aumento-no-valor-do-aluguel-e-inquilinos-sao-forcados-a-economizar\/","title":{"rendered":"SALVADOR \u00c9 A TERCEIRA CAPITAL COM MAIOR AUMENTO NO VALOR DO ALUGUEL E INQUILINOS S\u00c3O FOR\u00c7ADOS A ECONOMIZAR"},"content":{"rendered":"<p>Pagar\u00a0<a href=\"https:\/\/www.bnews.com.br\/tags\/aluguel\">aluguel<\/a>\u00a0nos \u00faltimos tempos est\u00e1 ficando cada vez mais salgado e um sintoma disso \u00e9 expressado pelos \u00edndices que contabilizam a m\u00e9dia de pre\u00e7os.<\/p>\n<p>Segundo o \u00edndice FipeZap+, indicador de abrang\u00eancia nacional que acompanha os pre\u00e7os de im\u00f3veis residenciais e comerciais em todo o pa\u00eds, o aluguel subiu em m\u00e9dia 9,49% de janeiro ao m\u00eas de junho desse ano, ou seja, o dobro da\u00a0<a href=\"https:\/\/www.bnews.com.br\/tags\/infla%C3%A7%C3%A3o\">infla\u00e7\u00e3o no pa\u00eds no per\u00edodo<\/a>, que foi de 5,49%.<\/p>\n<p>E entre as capitais, Salvador foi a terceira que mais aumentou o valor do aluguel residencial, segundo o indicador: no primeiro semestre, a alta foi de 15,26%, a maior de todo o Nordeste e nacionalmente atr\u00e1s apenas de Florian\u00f3polis, que registrou aumento de 18,6%, e Goi\u00e2nia, onde a alta foi de 19,55%.<\/p>\n<p>O aumento \u00e9 explicado por diversos fatores, como a alta da pr\u00f3pria infla\u00e7\u00e3o, dos juros e tamb\u00e9m pela pandemia da Covid-19, j\u00e1 que durante o auge da doen\u00e7a, onde houve a ado\u00e7\u00e3o de medidas de restri\u00e7\u00e3o e de circula\u00e7\u00e3o de pessoas, muitos propriet\u00e1rios n\u00e3o reajustaram os pre\u00e7os, o que tem ocorrido apenas agora, com a volta cada vez mais cont\u00ednua \u00e0 normalidade.<\/p>\n<p>O estudante de urbanismo na Universidade do Estado da Bahia (Uneb), Robson Souza, foi um dos que precisou lidar com o aumento do aluguel na virada do ano. Em janeiro, ele foi surpreendido com a not\u00edcia de que o valor mensal do apartamento que divide com mais dois colegas em um condom\u00ednio no bairro do Cabula, em Salvador, saltaria de R$ 950 para R$ 1200, ou seja, R$ 250 a mais.<\/p>\n<p>A justificativa dada pela propriet\u00e1ria do im\u00f3vel, segundo ele, foi justamente a de que o reajuste precisava ser realizado anualmente, mas que por conta da pandemia, isso n\u00e3o p\u00f4de ser feito antes e que agora seria necess\u00e1rio.<\/p>\n<p>Conversamos com ela, que entendeu nosso caso, que \u00e9ramos estudantes e n\u00e3o temos ainda uma renda fixa, e ela abaixou o reajuste para R$ 1150. Passamos a economizar e pensamos at\u00e9 mesmo em sair, procurar um apartamento em outro lugar, mas vimos que esse aumento n\u00e3o foi s\u00f3 aqui. Foi em todo o Cabula\u201d, contou ao\u00a0<strong>BNews<\/strong>.<\/p>\n<p>\u201cTodos tiveram um aumento absurdo, ent\u00e3o acabamos preferindo ficar onde estamos mesmo porque mesmo aumentando para esse valor, ainda estava mais em conta do que outros apartamentos que buscamos dentro do pr\u00f3prio condom\u00ednio\u201d, acrescentou.<\/p>\n<p>Por causa do aumento no aluguel, Robson precisou economizar mais, abdicando at\u00e9 mesmo do seu lazer. Ele diz que passou a sair menos durante os finais de semana, evitando ao m\u00e1ximo, inclusive, comer fora do lar.<\/p>\n<p><strong>Aluguel tem sua pr\u00f3pria \u201cinfla\u00e7\u00e3o\u201d<\/strong><\/p>\n<p>O principal \u00edndice utilizado para balizar e definir os aumentos nos alugu\u00e9is residenciais no pa\u00eds \u00e9 o chamado \u00cdndice Geral de Pre\u00e7os \u2013 Mercado (IGP-M), popularmente conhecido como \u201cinfla\u00e7\u00e3o do aluguel\u201d.<\/p>\n<p>No m\u00eas de julho, o \u00edndice ficou em 0,21% ap\u00f3s ter registrado uma alta de 0,59% no m\u00eas interior, segundo a Funda\u00e7\u00e3o Getulio Vargas (FGV), sua institui\u00e7\u00e3o criadora. Essa foi a menor taxa desde novembro de 2021.<\/p>\n<p>O resultado fez com que o \u00edndice acumulasse uma alta de 8,39% no ano e de 10,08% em 12 meses, contra 10,70% em 12 meses at\u00e9 junho.<\/p>\n<p>Al\u00e9m da varia\u00e7\u00e3o dos pre\u00e7os ao consumidor, o IGP-M tamb\u00e9m acompanha o custo de mat\u00e9rias-primas, pre\u00e7os no atacado, insumos da constru\u00e7\u00e3o civil e produtos prim\u00e1rios.<\/p>\n<p>&nbsp;<\/p>\n<p>&nbsp;<\/p>\n<p>&nbsp;<\/p>\n<p>Bnews<\/p>\n","protected":false},"excerpt":{"rendered":"<p>Pagar\u00a0aluguel\u00a0nos \u00faltimos tempos est\u00e1 ficando cada vez mais salgado e um sintoma disso \u00e9 expressado pelos \u00edndices que contabilizam a<\/p>\n","protected":false},"author":2,"featured_media":1177,"comment_status":"open","ping_status":"open","sticky":false,"template":"","format":"standard","meta":{"colormag_page_container_layout":"default_layout","colormag_page_sidebar_layout":"default_layout","_FSMCFIC_featured_image_caption":"","_FSMCFIC_featured_image_nocaption":"","_FSMCFIC_featured_image_hide":"","footnotes":""},"categories":[2,1],"tags":[],"class_list":["post-1176","post","type-post","status-publish","format-standard","has-post-thumbnail","hentry","category-noticias","category-ultimas"],"yoast_head":"<!-- This site is optimized with the Yoast SEO plugin v27.1.1 - https:\/\/yoast.com\/product\/yoast-seo-wordpress\/ -->\n<title>SALVADOR \u00c9 A TERCEIRA CAPITAL COM MAIOR AUMENTO NO VALOR DO ALUGUEL E INQUILINOS S\u00c3O FOR\u00c7ADOS A ECONOMIZAR - Brasil not\u00edcias<\/title>\n<meta name=\"robots\" content=\"index, follow, max-snippet:-1, max-image-preview:large, max-video-preview:-1\" \/>\n<link rel=\"canonical\" href=\"https:\/\/brasilnoticias.org\/site\/salvador-e-a-terceira-capital-com-maior-aumento-no-valor-do-aluguel-e-inquilinos-sao-forcados-a-economizar\/\" \/>\n<meta property=\"og:locale\" content=\"pt_PT\" \/>\n<meta property=\"og:type\" content=\"article\" \/>\n<meta property=\"og:title\" content=\"SALVADOR \u00c9 A TERCEIRA CAPITAL COM MAIOR AUMENTO NO VALOR DO ALUGUEL E INQUILINOS S\u00c3O FOR\u00c7ADOS A ECONOMIZAR - Brasil not\u00edcias\" \/>\n<meta property=\"og:description\" content=\"Pagar\u00a0aluguel\u00a0nos \u00faltimos tempos est\u00e1 ficando cada vez mais salgado e um sintoma disso \u00e9 expressado pelos \u00edndices que contabilizam a\" \/>\n<meta property=\"og:url\" content=\"https:\/\/brasilnoticias.org\/site\/salvador-e-a-terceira-capital-com-maior-aumento-no-valor-do-aluguel-e-inquilinos-sao-forcados-a-economizar\/\" \/>\n<meta property=\"og:site_name\" content=\"Brasil not\u00edcias\" \/>\n<meta property=\"article:published_time\" content=\"2022-08-16T13:27:13+00:00\" \/>\n<meta property=\"og:image\" content=\"https:\/\/brasilnoticias.org\/site\/wp-content\/uploads\/2022\/08\/salvador-e-terceira-capital-com-maior-aumento-no-valor-do-aluguel-inquilinos-buscam-economizar_widelg.jpg\" \/>\n\t<meta property=\"og:image:width\" content=\"800\" \/>\n\t<meta property=\"og:image:height\" content=\"450\" \/>\n\t<meta property=\"og:image:type\" content=\"image\/jpeg\" \/>\n<meta name=\"author\" content=\"Reda\u00e7\u00e3o\" \/>\n<meta name=\"twitter:card\" content=\"summary_large_image\" \/>\n<meta name=\"twitter:label1\" content=\"Escrito por\" \/>\n\t<meta name=\"twitter:data1\" content=\"Reda\u00e7\u00e3o\" \/>\n\t<meta name=\"twitter:label2\" content=\"Tempo estimado de leitura\" \/>\n\t<meta name=\"twitter:data2\" content=\"3 minutos\" \/>\n<script type=\"application\/ld+json\" class=\"yoast-schema-graph\">{\"@context\":\"https:\/\/schema.org\",\"@graph\":[{\"@type\":\"Article\",\"@id\":\"https:\/\/brasilnoticias.org\/site\/salvador-e-a-terceira-capital-com-maior-aumento-no-valor-do-aluguel-e-inquilinos-sao-forcados-a-economizar\/#article\",\"isPartOf\":{\"@id\":\"https:\/\/brasilnoticias.org\/site\/salvador-e-a-terceira-capital-com-maior-aumento-no-valor-do-aluguel-e-inquilinos-sao-forcados-a-economizar\/\"},\"author\":{\"name\":\"Reda\u00e7\u00e3o\",\"@id\":\"https:\/\/brasilnoticias.org\/site\/#\/schema\/person\/f609fa847b5314f1c8b983342f34c798\"},\"headline\":\"SALVADOR \u00c9 A TERCEIRA CAPITAL COM MAIOR AUMENTO NO VALOR DO ALUGUEL E INQUILINOS S\u00c3O FOR\u00c7ADOS A ECONOMIZAR\",\"datePublished\":\"2022-08-16T13:27:13+00:00\",\"mainEntityOfPage\":{\"@id\":\"https:\/\/brasilnoticias.org\/site\/salvador-e-a-terceira-capital-com-maior-aumento-no-valor-do-aluguel-e-inquilinos-sao-forcados-a-economizar\/\"},\"wordCount\":606,\"commentCount\":0,\"publisher\":{\"@id\":\"https:\/\/brasilnoticias.org\/site\/#organization\"},\"image\":{\"@id\":\"https:\/\/brasilnoticias.org\/site\/salvador-e-a-terceira-capital-com-maior-aumento-no-valor-do-aluguel-e-inquilinos-sao-forcados-a-economizar\/#primaryimage\"},\"thumbnailUrl\":\"https:\/\/brasilnoticias.org\/site\/wp-content\/uploads\/2022\/08\/salvador-e-terceira-capital-com-maior-aumento-no-valor-do-aluguel-inquilinos-buscam-economizar_widelg.jpg\",\"articleSection\":[\"Not\u00edcias\",\"\u00daltimas\"],\"inLanguage\":\"pt-PT\",\"potentialAction\":[{\"@type\":\"CommentAction\",\"name\":\"Comment\",\"target\":[\"https:\/\/brasilnoticias.org\/site\/salvador-e-a-terceira-capital-com-maior-aumento-no-valor-do-aluguel-e-inquilinos-sao-forcados-a-economizar\/#respond\"]}]},{\"@type\":\"WebPage\",\"@id\":\"https:\/\/brasilnoticias.org\/site\/salvador-e-a-terceira-capital-com-maior-aumento-no-valor-do-aluguel-e-inquilinos-sao-forcados-a-economizar\/\",\"url\":\"https:\/\/brasilnoticias.org\/site\/salvador-e-a-terceira-capital-com-maior-aumento-no-valor-do-aluguel-e-inquilinos-sao-forcados-a-economizar\/\",\"name\":\"SALVADOR \u00c9 A TERCEIRA CAPITAL COM MAIOR AUMENTO NO VALOR DO ALUGUEL E INQUILINOS S\u00c3O FOR\u00c7ADOS A ECONOMIZAR - Brasil not\u00edcias\",\"isPartOf\":{\"@id\":\"https:\/\/brasilnoticias.org\/site\/#website\"},\"primaryImageOfPage\":{\"@id\":\"https:\/\/brasilnoticias.org\/site\/salvador-e-a-terceira-capital-com-maior-aumento-no-valor-do-aluguel-e-inquilinos-sao-forcados-a-economizar\/#primaryimage\"},\"image\":{\"@id\":\"https:\/\/brasilnoticias.org\/site\/salvador-e-a-terceira-capital-com-maior-aumento-no-valor-do-aluguel-e-inquilinos-sao-forcados-a-economizar\/#primaryimage\"},\"thumbnailUrl\":\"https:\/\/brasilnoticias.org\/site\/wp-content\/uploads\/2022\/08\/salvador-e-terceira-capital-com-maior-aumento-no-valor-do-aluguel-inquilinos-buscam-economizar_widelg.jpg\",\"datePublished\":\"2022-08-16T13:27:13+00:00\",\"breadcrumb\":{\"@id\":\"https:\/\/brasilnoticias.org\/site\/salvador-e-a-terceira-capital-com-maior-aumento-no-valor-do-aluguel-e-inquilinos-sao-forcados-a-economizar\/#breadcrumb\"},\"inLanguage\":\"pt-PT\",\"potentialAction\":[{\"@type\":\"ReadAction\",\"target\":[\"https:\/\/brasilnoticias.org\/site\/salvador-e-a-terceira-capital-com-maior-aumento-no-valor-do-aluguel-e-inquilinos-sao-forcados-a-economizar\/\"]}]},{\"@type\":\"ImageObject\",\"inLanguage\":\"pt-PT\",\"@id\":\"https:\/\/brasilnoticias.org\/site\/salvador-e-a-terceira-capital-com-maior-aumento-no-valor-do-aluguel-e-inquilinos-sao-forcados-a-economizar\/#primaryimage\",\"url\":\"https:\/\/brasilnoticias.org\/site\/wp-content\/uploads\/2022\/08\/salvador-e-terceira-capital-com-maior-aumento-no-valor-do-aluguel-inquilinos-buscam-economizar_widelg.jpg\",\"contentUrl\":\"https:\/\/brasilnoticias.org\/site\/wp-content\/uploads\/2022\/08\/salvador-e-terceira-capital-com-maior-aumento-no-valor-do-aluguel-inquilinos-buscam-economizar_widelg.jpg\",\"width\":800,\"height\":450},{\"@type\":\"BreadcrumbList\",\"@id\":\"https:\/\/brasilnoticias.org\/site\/salvador-e-a-terceira-capital-com-maior-aumento-no-valor-do-aluguel-e-inquilinos-sao-forcados-a-economizar\/#breadcrumb\",\"itemListElement\":[{\"@type\":\"ListItem\",\"position\":1,\"name\":\"In\u00edcio\",\"item\":\"https:\/\/brasilnoticias.org\/site\/\"},{\"@type\":\"ListItem\",\"position\":2,\"name\":\"SALVADOR \u00c9 A TERCEIRA CAPITAL COM MAIOR AUMENTO NO VALOR DO ALUGUEL E INQUILINOS S\u00c3O FOR\u00c7ADOS A ECONOMIZAR\"}]},{\"@type\":\"WebSite\",\"@id\":\"https:\/\/brasilnoticias.org\/site\/#website\",\"url\":\"https:\/\/brasilnoticias.org\/site\/\",\"name\":\"Brasil not\u00edcias\",\"description\":\"Brasil not\u00edcias\",\"publisher\":{\"@id\":\"https:\/\/brasilnoticias.org\/site\/#organization\"},\"potentialAction\":[{\"@type\":\"SearchAction\",\"target\":{\"@type\":\"EntryPoint\",\"urlTemplate\":\"https:\/\/brasilnoticias.org\/site\/?s={search_term_string}\"},\"query-input\":{\"@type\":\"PropertyValueSpecification\",\"valueRequired\":true,\"valueName\":\"search_term_string\"}}],\"inLanguage\":\"pt-PT\"},{\"@type\":\"Organization\",\"@id\":\"https:\/\/brasilnoticias.org\/site\/#organization\",\"name\":\"Brasil not\u00edcias\",\"url\":\"https:\/\/brasilnoticias.org\/site\/\",\"logo\":{\"@type\":\"ImageObject\",\"inLanguage\":\"pt-PT\",\"@id\":\"https:\/\/brasilnoticias.org\/site\/#\/schema\/logo\/image\/\",\"url\":\"https:\/\/brasilnoticias.org\/site\/wp-content\/uploads\/2022\/05\/cropped-brasilnoticias-mini.jpg\",\"contentUrl\":\"https:\/\/brasilnoticias.org\/site\/wp-content\/uploads\/2022\/05\/cropped-brasilnoticias-mini.jpg\",\"width\":314,\"height\":86,\"caption\":\"Brasil not\u00edcias\"},\"image\":{\"@id\":\"https:\/\/brasilnoticias.org\/site\/#\/schema\/logo\/image\/\"}},{\"@type\":\"Person\",\"@id\":\"https:\/\/brasilnoticias.org\/site\/#\/schema\/person\/f609fa847b5314f1c8b983342f34c798\",\"name\":\"Reda\u00e7\u00e3o\",\"image\":{\"@type\":\"ImageObject\",\"inLanguage\":\"pt-PT\",\"@id\":\"https:\/\/brasilnoticias.org\/site\/#\/schema\/person\/image\/\",\"url\":\"https:\/\/secure.gravatar.com\/avatar\/447284c06c1ad8b46465a36de9cd0d8326b73387a22799b8b1ffb1fbcff2ed0c?s=96&d=mm&r=g\",\"contentUrl\":\"https:\/\/secure.gravatar.com\/avatar\/447284c06c1ad8b46465a36de9cd0d8326b73387a22799b8b1ffb1fbcff2ed0c?s=96&d=mm&r=g\",\"caption\":\"Reda\u00e7\u00e3o\"},\"url\":\"https:\/\/brasilnoticias.org\/site\/author\/redacao\/\"}]}<\/script>\n<!-- \/ Yoast SEO plugin. -->","yoast_head_json":{"title":"SALVADOR \u00c9 A TERCEIRA CAPITAL COM MAIOR AUMENTO NO VALOR DO ALUGUEL E INQUILINOS S\u00c3O FOR\u00c7ADOS A ECONOMIZAR - Brasil not\u00edcias","robots":{"index":"index","follow":"follow","max-snippet":"max-snippet:-1","max-image-preview":"max-image-preview:large","max-video-preview":"max-video-preview:-1"},"canonical":"https:\/\/brasilnoticias.org\/site\/salvador-e-a-terceira-capital-com-maior-aumento-no-valor-do-aluguel-e-inquilinos-sao-forcados-a-economizar\/","og_locale":"pt_PT","og_type":"article","og_title":"SALVADOR \u00c9 A TERCEIRA CAPITAL COM MAIOR AUMENTO NO VALOR DO ALUGUEL E INQUILINOS S\u00c3O FOR\u00c7ADOS A ECONOMIZAR - Brasil not\u00edcias","og_description":"Pagar\u00a0aluguel\u00a0nos \u00faltimos tempos est\u00e1 ficando cada vez mais salgado e um sintoma disso \u00e9 expressado pelos \u00edndices que contabilizam a","og_url":"https:\/\/brasilnoticias.org\/site\/salvador-e-a-terceira-capital-com-maior-aumento-no-valor-do-aluguel-e-inquilinos-sao-forcados-a-economizar\/","og_site_name":"Brasil not\u00edcias","article_published_time":"2022-08-16T13:27:13+00:00","og_image":[{"width":800,"height":450,"url":"https:\/\/brasilnoticias.org\/site\/wp-content\/uploads\/2022\/08\/salvador-e-terceira-capital-com-maior-aumento-no-valor-do-aluguel-inquilinos-buscam-economizar_widelg.jpg","type":"image\/jpeg"}],"author":"Reda\u00e7\u00e3o","twitter_card":"summary_large_image","twitter_misc":{"Escrito por":"Reda\u00e7\u00e3o","Tempo estimado de leitura":"3 minutos"},"schema":{"@context":"https:\/\/schema.org","@graph":[{"@type":"Article","@id":"https:\/\/brasilnoticias.org\/site\/salvador-e-a-terceira-capital-com-maior-aumento-no-valor-do-aluguel-e-inquilinos-sao-forcados-a-economizar\/#article","isPartOf":{"@id":"https:\/\/brasilnoticias.org\/site\/salvador-e-a-terceira-capital-com-maior-aumento-no-valor-do-aluguel-e-inquilinos-sao-forcados-a-economizar\/"},"author":{"name":"Reda\u00e7\u00e3o","@id":"https:\/\/brasilnoticias.org\/site\/#\/schema\/person\/f609fa847b5314f1c8b983342f34c798"},"headline":"SALVADOR \u00c9 A TERCEIRA CAPITAL COM MAIOR AUMENTO NO VALOR DO ALUGUEL E INQUILINOS S\u00c3O FOR\u00c7ADOS A ECONOMIZAR","datePublished":"2022-08-16T13:27:13+00:00","mainEntityOfPage":{"@id":"https:\/\/brasilnoticias.org\/site\/salvador-e-a-terceira-capital-com-maior-aumento-no-valor-do-aluguel-e-inquilinos-sao-forcados-a-economizar\/"},"wordCount":606,"commentCount":0,"publisher":{"@id":"https:\/\/brasilnoticias.org\/site\/#organization"},"image":{"@id":"https:\/\/brasilnoticias.org\/site\/salvador-e-a-terceira-capital-com-maior-aumento-no-valor-do-aluguel-e-inquilinos-sao-forcados-a-economizar\/#primaryimage"},"thumbnailUrl":"https:\/\/brasilnoticias.org\/site\/wp-content\/uploads\/2022\/08\/salvador-e-terceira-capital-com-maior-aumento-no-valor-do-aluguel-inquilinos-buscam-economizar_widelg.jpg","articleSection":["Not\u00edcias","\u00daltimas"],"inLanguage":"pt-PT","potentialAction":[{"@type":"CommentAction","name":"Comment","target":["https:\/\/brasilnoticias.org\/site\/salvador-e-a-terceira-capital-com-maior-aumento-no-valor-do-aluguel-e-inquilinos-sao-forcados-a-economizar\/#respond"]}]},{"@type":"WebPage","@id":"https:\/\/brasilnoticias.org\/site\/salvador-e-a-terceira-capital-com-maior-aumento-no-valor-do-aluguel-e-inquilinos-sao-forcados-a-economizar\/","url":"https:\/\/brasilnoticias.org\/site\/salvador-e-a-terceira-capital-com-maior-aumento-no-valor-do-aluguel-e-inquilinos-sao-forcados-a-economizar\/","name":"SALVADOR \u00c9 A TERCEIRA CAPITAL COM MAIOR AUMENTO NO VALOR DO ALUGUEL E INQUILINOS S\u00c3O FOR\u00c7ADOS A ECONOMIZAR - Brasil not\u00edcias","isPartOf":{"@id":"https:\/\/brasilnoticias.org\/site\/#website"},"primaryImageOfPage":{"@id":"https:\/\/brasilnoticias.org\/site\/salvador-e-a-terceira-capital-com-maior-aumento-no-valor-do-aluguel-e-inquilinos-sao-forcados-a-economizar\/#primaryimage"},"image":{"@id":"https:\/\/brasilnoticias.org\/site\/salvador-e-a-terceira-capital-com-maior-aumento-no-valor-do-aluguel-e-inquilinos-sao-forcados-a-economizar\/#primaryimage"},"thumbnailUrl":"https:\/\/brasilnoticias.org\/site\/wp-content\/uploads\/2022\/08\/salvador-e-terceira-capital-com-maior-aumento-no-valor-do-aluguel-inquilinos-buscam-economizar_widelg.jpg","datePublished":"2022-08-16T13:27:13+00:00","breadcrumb":{"@id":"https:\/\/brasilnoticias.org\/site\/salvador-e-a-terceira-capital-com-maior-aumento-no-valor-do-aluguel-e-inquilinos-sao-forcados-a-economizar\/#breadcrumb"},"inLanguage":"pt-PT","potentialAction":[{"@type":"ReadAction","target":["https:\/\/brasilnoticias.org\/site\/salvador-e-a-terceira-capital-com-maior-aumento-no-valor-do-aluguel-e-inquilinos-sao-forcados-a-economizar\/"]}]},{"@type":"ImageObject","inLanguage":"pt-PT","@id":"https:\/\/brasilnoticias.org\/site\/salvador-e-a-terceira-capital-com-maior-aumento-no-valor-do-aluguel-e-inquilinos-sao-forcados-a-economizar\/#primaryimage","url":"https:\/\/brasilnoticias.org\/site\/wp-content\/uploads\/2022\/08\/salvador-e-terceira-capital-com-maior-aumento-no-valor-do-aluguel-inquilinos-buscam-economizar_widelg.jpg","contentUrl":"https:\/\/brasilnoticias.org\/site\/wp-content\/uploads\/2022\/08\/salvador-e-terceira-capital-com-maior-aumento-no-valor-do-aluguel-inquilinos-buscam-economizar_widelg.jpg","width":800,"height":450},{"@type":"BreadcrumbList","@id":"https:\/\/brasilnoticias.org\/site\/salvador-e-a-terceira-capital-com-maior-aumento-no-valor-do-aluguel-e-inquilinos-sao-forcados-a-economizar\/#breadcrumb","itemListElement":[{"@type":"ListItem","position":1,"name":"In\u00edcio","item":"https:\/\/brasilnoticias.org\/site\/"},{"@type":"ListItem","position":2,"name":"SALVADOR \u00c9 A TERCEIRA CAPITAL COM MAIOR AUMENTO NO VALOR DO ALUGUEL E INQUILINOS S\u00c3O FOR\u00c7ADOS A ECONOMIZAR"}]},{"@type":"WebSite","@id":"https:\/\/brasilnoticias.org\/site\/#website","url":"https:\/\/brasilnoticias.org\/site\/","name":"Brasil not\u00edcias","description":"Brasil not\u00edcias","publisher":{"@id":"https:\/\/brasilnoticias.org\/site\/#organization"},"potentialAction":[{"@type":"SearchAction","target":{"@type":"EntryPoint","urlTemplate":"https:\/\/brasilnoticias.org\/site\/?s={search_term_string}"},"query-input":{"@type":"PropertyValueSpecification","valueRequired":true,"valueName":"search_term_string"}}],"inLanguage":"pt-PT"},{"@type":"Organization","@id":"https:\/\/brasilnoticias.org\/site\/#organization","name":"Brasil not\u00edcias","url":"https:\/\/brasilnoticias.org\/site\/","logo":{"@type":"ImageObject","inLanguage":"pt-PT","@id":"https:\/\/brasilnoticias.org\/site\/#\/schema\/logo\/image\/","url":"https:\/\/brasilnoticias.org\/site\/wp-content\/uploads\/2022\/05\/cropped-brasilnoticias-mini.jpg","contentUrl":"https:\/\/brasilnoticias.org\/site\/wp-content\/uploads\/2022\/05\/cropped-brasilnoticias-mini.jpg","width":314,"height":86,"caption":"Brasil not\u00edcias"},"image":{"@id":"https:\/\/brasilnoticias.org\/site\/#\/schema\/logo\/image\/"}},{"@type":"Person","@id":"https:\/\/brasilnoticias.org\/site\/#\/schema\/person\/f609fa847b5314f1c8b983342f34c798","name":"Reda\u00e7\u00e3o","image":{"@type":"ImageObject","inLanguage":"pt-PT","@id":"https:\/\/brasilnoticias.org\/site\/#\/schema\/person\/image\/","url":"https:\/\/secure.gravatar.com\/avatar\/447284c06c1ad8b46465a36de9cd0d8326b73387a22799b8b1ffb1fbcff2ed0c?s=96&d=mm&r=g","contentUrl":"https:\/\/secure.gravatar.com\/avatar\/447284c06c1ad8b46465a36de9cd0d8326b73387a22799b8b1ffb1fbcff2ed0c?s=96&d=mm&r=g","caption":"Reda\u00e7\u00e3o"},"url":"https:\/\/brasilnoticias.org\/site\/author\/redacao\/"}]}},"_links":{"self":[{"href":"https:\/\/brasilnoticias.org\/site\/wp-json\/wp\/v2\/posts\/1176","targetHints":{"allow":["GET"]}}],"collection":[{"href":"https:\/\/brasilnoticias.org\/site\/wp-json\/wp\/v2\/posts"}],"about":[{"href":"https:\/\/brasilnoticias.org\/site\/wp-json\/wp\/v2\/types\/post"}],"author":[{"embeddable":true,"href":"https:\/\/brasilnoticias.org\/site\/wp-json\/wp\/v2\/users\/2"}],"replies":[{"embeddable":true,"href":"https:\/\/brasilnoticias.org\/site\/wp-json\/wp\/v2\/comments?post=1176"}],"version-history":[{"count":1,"href":"https:\/\/brasilnoticias.org\/site\/wp-json\/wp\/v2\/posts\/1176\/revisions"}],"predecessor-version":[{"id":1178,"href":"https:\/\/brasilnoticias.org\/site\/wp-json\/wp\/v2\/posts\/1176\/revisions\/1178"}],"wp:featuredmedia":[{"embeddable":true,"href":"https:\/\/brasilnoticias.org\/site\/wp-json\/wp\/v2\/media\/1177"}],"wp:attachment":[{"href":"https:\/\/brasilnoticias.org\/site\/wp-json\/wp\/v2\/media?parent=1176"}],"wp:term":[{"taxonomy":"category","embeddable":true,"href":"https:\/\/brasilnoticias.org\/site\/wp-json\/wp\/v2\/categories?post=1176"},{"taxonomy":"post_tag","embeddable":true,"href":"https:\/\/brasilnoticias.org\/site\/wp-json\/wp\/v2\/tags?post=1176"}],"curies":[{"name":"wp","href":"https:\/\/api.w.org\/{rel}","templated":true}]}}