{"id":11768,"date":"2023-12-19T19:30:29","date_gmt":"2023-12-19T22:30:29","guid":{"rendered":"https:\/\/brasilnoticias.org\/site\/?p=11768"},"modified":"2023-12-19T19:30:29","modified_gmt":"2023-12-19T22:30:29","slug":"stf-e-tribunais-superiores-realizam-ultimas-sessoes-de-2023-nesta-terca","status":"publish","type":"post","link":"https:\/\/brasilnoticias.org\/site\/stf-e-tribunais-superiores-realizam-ultimas-sessoes-de-2023-nesta-terca\/","title":{"rendered":"STF e tribunais superiores realizam \u00faltimas sess\u00f5es de 2023 nesta ter\u00e7a"},"content":{"rendered":"<p>O STF (Supremo Tribunal Federal) e os tribunais superiores realizam nesta ter\u00e7a-feira, 19, as \u00faltimas sess\u00f5es de encerramento do Ano do Judici\u00e1rio de 2023. A previs\u00e3o \u00e9 que os presidentes fa\u00e7am um balan\u00e7o dos julgamentos antes do in\u00edcio do recesso, que ser\u00e1 de 20 de dezembro a 6 de janeiro. Contudo, na Suprema Corte, o presidente Lu\u00eds Roberto Barroso convocou sess\u00e3o do Plen\u00e1rio para 11h. Na pauta est\u00e1 o Recurso Extraordin\u00e1rio (RE) 1355208, com repercuss\u00e3o geral (Tema 1184), que discute a possibilidade de a Justi\u00e7a estadual extinguir a execu\u00e7\u00e3o fiscal de baixo valor requerida pela Administra\u00e7\u00e3o P\u00fablica. At\u00e9 o momento, o \u00fanico dos magistrados a votar foi a ministra C\u00e1rmen L\u00facia, relatora da mat\u00e9ria. Ela rejeitou o recurso da Prefeitura de Pomerode, em Santa Catarina, e manteve o entendimento da Justi\u00e7a estadual pela extin\u00e7\u00e3o de d\u00edvidas de pequeno valor. Ap\u00f3s a delibera\u00e7\u00e3o sobre o processo, Barroso far\u00e1 um pronunciamento de encerramento das atividades da Corte e anunciar\u00e1 o in\u00edcio do recesso forense e do regime de plant\u00e3o judici\u00e1rio. Com isso, os prazos processuais ficar\u00e3o suspensos at\u00e9 31 de janeiro.<\/p>\n<p>Na segunda, a Suprema Corte formou maioria para manter o piso da enfermagem em 44 horas semanais e permitir reduzir o piso proporcionalmente \u00e0 redu\u00e7\u00e3o da jornada. Como o site da Jovem Pan mostrou, o Tribunal tamb\u00e9m votou para que o valor m\u00ednimo salarial seja aplicado de maneira regionalizada, respeitando as regras de cada Estado, e por meio da negocia\u00e7\u00e3o entre patr\u00f5es e trabalhadores. Se as conversas n\u00e3o tiverem sucesso, caber\u00e1 diss\u00eddio coletivo. Apesar da maioria dos ministros j\u00e1 terem se posicionado favor\u00e1veis \u00e0 manuten\u00e7\u00e3o do piso, o julgamento continua. O placar est\u00e1 em 6 votos a 3. A maioria dos ministros seguiu de Dias Toffoli, que foi acompanhado por Alexandre de Moraes, Cristiano Zanin, Gilmar Mendes, Dias Toffoli e Nunes Marques. J\u00e1 Roberto Barroso, Edson Fachin e C\u00e1rmen L\u00facia defenderam a redu\u00e7\u00e3o da carga hor\u00e1ria utilizada como refer\u00eancia para o pagamento do piso remunerat\u00f3rio.<\/p>\n<p><\/strong>Informa\u00e7\u00f5es da Jovem Pan \/ Foto: Carlos Moura\/SCO\/STF<strong><\/p>\n","protected":false},"excerpt":{"rendered":"<p>O STF (Supremo Tribunal Federal) e os tribunais superiores realizam nesta ter\u00e7a-feira, 19, as \u00faltimas sess\u00f5es de encerramento do Ano<\/p>\n","protected":false},"author":4,"featured_media":11769,"comment_status":"open","ping_status":"open","sticky":false,"template":"","format":"standard","meta":{"colormag_page_container_layout":"default_layout","colormag_page_sidebar_layout":"default_layout","_FSMCFIC_featured_image_caption":"","_FSMCFIC_featured_image_nocaption":"","_FSMCFIC_featured_image_hide":"","footnotes":""},"categories":[7,1],"tags":[],"class_list":["post-11768","post","type-post","status-publish","format-standard","has-post-thumbnail","hentry","category-justica","category-ultimas"],"yoast_head":"<!-- This site is optimized with the Yoast SEO plugin v27.1.1 - https:\/\/yoast.com\/product\/yoast-seo-wordpress\/ -->\n<title>STF e tribunais superiores realizam \u00faltimas sess\u00f5es de 2023 nesta ter\u00e7a - Brasil not\u00edcias<\/title>\n<meta name=\"robots\" content=\"index, follow, max-snippet:-1, max-image-preview:large, max-video-preview:-1\" \/>\n<link rel=\"canonical\" href=\"https:\/\/brasilnoticias.org\/site\/stf-e-tribunais-superiores-realizam-ultimas-sessoes-de-2023-nesta-terca\/\" \/>\n<meta property=\"og:locale\" content=\"pt_PT\" \/>\n<meta property=\"og:type\" content=\"article\" \/>\n<meta property=\"og:title\" content=\"STF e tribunais superiores realizam \u00faltimas sess\u00f5es de 2023 nesta ter\u00e7a - Brasil not\u00edcias\" \/>\n<meta property=\"og:description\" content=\"O STF (Supremo Tribunal Federal) e os tribunais superiores realizam nesta ter\u00e7a-feira, 19, as \u00faltimas sess\u00f5es de encerramento do Ano\" \/>\n<meta property=\"og:url\" content=\"https:\/\/brasilnoticias.org\/site\/stf-e-tribunais-superiores-realizam-ultimas-sessoes-de-2023-nesta-terca\/\" \/>\n<meta property=\"og:site_name\" content=\"Brasil not\u00edcias\" \/>\n<meta property=\"article:published_time\" content=\"2023-12-19T22:30:29+00:00\" \/>\n<meta property=\"og:image\" content=\"https:\/\/brasilnoticias.org\/site\/wp-content\/uploads\/2023\/12\/IMAGEM_NOTICIA_2.jpg\" \/>\n\t<meta property=\"og:image:width\" content=\"300\" \/>\n\t<meta property=\"og:image:height\" content=\"200\" \/>\n\t<meta property=\"og:image:type\" content=\"image\/jpeg\" \/>\n<meta name=\"author\" content=\"Reda\u00e7\u00e3o\" \/>\n<meta name=\"twitter:card\" content=\"summary_large_image\" \/>\n<meta name=\"twitter:label1\" content=\"Escrito por\" \/>\n\t<meta name=\"twitter:data1\" content=\"Reda\u00e7\u00e3o\" \/>\n\t<meta name=\"twitter:label2\" content=\"Tempo estimado de leitura\" \/>\n\t<meta name=\"twitter:data2\" content=\"1 minuto\" \/>\n<script type=\"application\/ld+json\" class=\"yoast-schema-graph\">{\"@context\":\"https:\/\/schema.org\",\"@graph\":[{\"@type\":\"Article\",\"@id\":\"https:\/\/brasilnoticias.org\/site\/stf-e-tribunais-superiores-realizam-ultimas-sessoes-de-2023-nesta-terca\/#article\",\"isPartOf\":{\"@id\":\"https:\/\/brasilnoticias.org\/site\/stf-e-tribunais-superiores-realizam-ultimas-sessoes-de-2023-nesta-terca\/\"},\"author\":{\"name\":\"Reda\u00e7\u00e3o\",\"@id\":\"https:\/\/brasilnoticias.org\/site\/#\/schema\/person\/03bbbfe6c7634ad18c26444ea39049fa\"},\"headline\":\"STF e tribunais superiores realizam \u00faltimas sess\u00f5es de 2023 nesta ter\u00e7a\",\"datePublished\":\"2023-12-19T22:30:29+00:00\",\"mainEntityOfPage\":{\"@id\":\"https:\/\/brasilnoticias.org\/site\/stf-e-tribunais-superiores-realizam-ultimas-sessoes-de-2023-nesta-terca\/\"},\"wordCount\":376,\"commentCount\":0,\"publisher\":{\"@id\":\"https:\/\/brasilnoticias.org\/site\/#organization\"},\"image\":{\"@id\":\"https:\/\/brasilnoticias.org\/site\/stf-e-tribunais-superiores-realizam-ultimas-sessoes-de-2023-nesta-terca\/#primaryimage\"},\"thumbnailUrl\":\"https:\/\/brasilnoticias.org\/site\/wp-content\/uploads\/2023\/12\/IMAGEM_NOTICIA_2.jpg\",\"articleSection\":[\"Justi\u00e7a\",\"\u00daltimas\"],\"inLanguage\":\"pt-PT\",\"potentialAction\":[{\"@type\":\"CommentAction\",\"name\":\"Comment\",\"target\":[\"https:\/\/brasilnoticias.org\/site\/stf-e-tribunais-superiores-realizam-ultimas-sessoes-de-2023-nesta-terca\/#respond\"]}]},{\"@type\":\"WebPage\",\"@id\":\"https:\/\/brasilnoticias.org\/site\/stf-e-tribunais-superiores-realizam-ultimas-sessoes-de-2023-nesta-terca\/\",\"url\":\"https:\/\/brasilnoticias.org\/site\/stf-e-tribunais-superiores-realizam-ultimas-sessoes-de-2023-nesta-terca\/\",\"name\":\"STF e tribunais superiores realizam \u00faltimas sess\u00f5es de 2023 nesta ter\u00e7a - Brasil not\u00edcias\",\"isPartOf\":{\"@id\":\"https:\/\/brasilnoticias.org\/site\/#website\"},\"primaryImageOfPage\":{\"@id\":\"https:\/\/brasilnoticias.org\/site\/stf-e-tribunais-superiores-realizam-ultimas-sessoes-de-2023-nesta-terca\/#primaryimage\"},\"image\":{\"@id\":\"https:\/\/brasilnoticias.org\/site\/stf-e-tribunais-superiores-realizam-ultimas-sessoes-de-2023-nesta-terca\/#primaryimage\"},\"thumbnailUrl\":\"https:\/\/brasilnoticias.org\/site\/wp-content\/uploads\/2023\/12\/IMAGEM_NOTICIA_2.jpg\",\"datePublished\":\"2023-12-19T22:30:29+00:00\",\"breadcrumb\":{\"@id\":\"https:\/\/brasilnoticias.org\/site\/stf-e-tribunais-superiores-realizam-ultimas-sessoes-de-2023-nesta-terca\/#breadcrumb\"},\"inLanguage\":\"pt-PT\",\"potentialAction\":[{\"@type\":\"ReadAction\",\"target\":[\"https:\/\/brasilnoticias.org\/site\/stf-e-tribunais-superiores-realizam-ultimas-sessoes-de-2023-nesta-terca\/\"]}]},{\"@type\":\"ImageObject\",\"inLanguage\":\"pt-PT\",\"@id\":\"https:\/\/brasilnoticias.org\/site\/stf-e-tribunais-superiores-realizam-ultimas-sessoes-de-2023-nesta-terca\/#primaryimage\",\"url\":\"https:\/\/brasilnoticias.org\/site\/wp-content\/uploads\/2023\/12\/IMAGEM_NOTICIA_2.jpg\",\"contentUrl\":\"https:\/\/brasilnoticias.org\/site\/wp-content\/uploads\/2023\/12\/IMAGEM_NOTICIA_2.jpg\",\"width\":300,\"height\":200},{\"@type\":\"BreadcrumbList\",\"@id\":\"https:\/\/brasilnoticias.org\/site\/stf-e-tribunais-superiores-realizam-ultimas-sessoes-de-2023-nesta-terca\/#breadcrumb\",\"itemListElement\":[{\"@type\":\"ListItem\",\"position\":1,\"name\":\"In\u00edcio\",\"item\":\"https:\/\/brasilnoticias.org\/site\/\"},{\"@type\":\"ListItem\",\"position\":2,\"name\":\"STF e tribunais superiores realizam \u00faltimas sess\u00f5es de 2023 nesta ter\u00e7a\"}]},{\"@type\":\"WebSite\",\"@id\":\"https:\/\/brasilnoticias.org\/site\/#website\",\"url\":\"https:\/\/brasilnoticias.org\/site\/\",\"name\":\"Brasil not\u00edcias\",\"description\":\"Brasil not\u00edcias\",\"publisher\":{\"@id\":\"https:\/\/brasilnoticias.org\/site\/#organization\"},\"potentialAction\":[{\"@type\":\"SearchAction\",\"target\":{\"@type\":\"EntryPoint\",\"urlTemplate\":\"https:\/\/brasilnoticias.org\/site\/?s={search_term_string}\"},\"query-input\":{\"@type\":\"PropertyValueSpecification\",\"valueRequired\":true,\"valueName\":\"search_term_string\"}}],\"inLanguage\":\"pt-PT\"},{\"@type\":\"Organization\",\"@id\":\"https:\/\/brasilnoticias.org\/site\/#organization\",\"name\":\"Brasil not\u00edcias\",\"url\":\"https:\/\/brasilnoticias.org\/site\/\",\"logo\":{\"@type\":\"ImageObject\",\"inLanguage\":\"pt-PT\",\"@id\":\"https:\/\/brasilnoticias.org\/site\/#\/schema\/logo\/image\/\",\"url\":\"https:\/\/brasilnoticias.org\/site\/wp-content\/uploads\/2022\/05\/cropped-brasilnoticias-mini.jpg\",\"contentUrl\":\"https:\/\/brasilnoticias.org\/site\/wp-content\/uploads\/2022\/05\/cropped-brasilnoticias-mini.jpg\",\"width\":314,\"height\":86,\"caption\":\"Brasil not\u00edcias\"},\"image\":{\"@id\":\"https:\/\/brasilnoticias.org\/site\/#\/schema\/logo\/image\/\"}},{\"@type\":\"Person\",\"@id\":\"https:\/\/brasilnoticias.org\/site\/#\/schema\/person\/03bbbfe6c7634ad18c26444ea39049fa\",\"name\":\"Reda\u00e7\u00e3o\",\"image\":{\"@type\":\"ImageObject\",\"inLanguage\":\"pt-PT\",\"@id\":\"https:\/\/brasilnoticias.org\/site\/#\/schema\/person\/image\/\",\"url\":\"https:\/\/secure.gravatar.com\/avatar\/9ecaf7327a696cb23ad926fedded5f1f04d7049de9e445375d55b48c001a6e42?s=96&d=mm&r=g\",\"contentUrl\":\"https:\/\/secure.gravatar.com\/avatar\/9ecaf7327a696cb23ad926fedded5f1f04d7049de9e445375d55b48c001a6e42?s=96&d=mm&r=g\",\"caption\":\"Reda\u00e7\u00e3o\"},\"url\":\"https:\/\/brasilnoticias.org\/site\/author\/henrique\/\"}]}<\/script>\n<!-- \/ Yoast SEO plugin. -->","yoast_head_json":{"title":"STF e tribunais superiores realizam \u00faltimas sess\u00f5es de 2023 nesta ter\u00e7a - Brasil not\u00edcias","robots":{"index":"index","follow":"follow","max-snippet":"max-snippet:-1","max-image-preview":"max-image-preview:large","max-video-preview":"max-video-preview:-1"},"canonical":"https:\/\/brasilnoticias.org\/site\/stf-e-tribunais-superiores-realizam-ultimas-sessoes-de-2023-nesta-terca\/","og_locale":"pt_PT","og_type":"article","og_title":"STF e tribunais superiores realizam \u00faltimas sess\u00f5es de 2023 nesta ter\u00e7a - Brasil not\u00edcias","og_description":"O STF (Supremo Tribunal Federal) e os tribunais superiores realizam nesta ter\u00e7a-feira, 19, as \u00faltimas sess\u00f5es de encerramento do Ano","og_url":"https:\/\/brasilnoticias.org\/site\/stf-e-tribunais-superiores-realizam-ultimas-sessoes-de-2023-nesta-terca\/","og_site_name":"Brasil not\u00edcias","article_published_time":"2023-12-19T22:30:29+00:00","og_image":[{"width":300,"height":200,"url":"https:\/\/brasilnoticias.org\/site\/wp-content\/uploads\/2023\/12\/IMAGEM_NOTICIA_2.jpg","type":"image\/jpeg"}],"author":"Reda\u00e7\u00e3o","twitter_card":"summary_large_image","twitter_misc":{"Escrito por":"Reda\u00e7\u00e3o","Tempo estimado de leitura":"1 minuto"},"schema":{"@context":"https:\/\/schema.org","@graph":[{"@type":"Article","@id":"https:\/\/brasilnoticias.org\/site\/stf-e-tribunais-superiores-realizam-ultimas-sessoes-de-2023-nesta-terca\/#article","isPartOf":{"@id":"https:\/\/brasilnoticias.org\/site\/stf-e-tribunais-superiores-realizam-ultimas-sessoes-de-2023-nesta-terca\/"},"author":{"name":"Reda\u00e7\u00e3o","@id":"https:\/\/brasilnoticias.org\/site\/#\/schema\/person\/03bbbfe6c7634ad18c26444ea39049fa"},"headline":"STF e tribunais superiores realizam \u00faltimas sess\u00f5es de 2023 nesta ter\u00e7a","datePublished":"2023-12-19T22:30:29+00:00","mainEntityOfPage":{"@id":"https:\/\/brasilnoticias.org\/site\/stf-e-tribunais-superiores-realizam-ultimas-sessoes-de-2023-nesta-terca\/"},"wordCount":376,"commentCount":0,"publisher":{"@id":"https:\/\/brasilnoticias.org\/site\/#organization"},"image":{"@id":"https:\/\/brasilnoticias.org\/site\/stf-e-tribunais-superiores-realizam-ultimas-sessoes-de-2023-nesta-terca\/#primaryimage"},"thumbnailUrl":"https:\/\/brasilnoticias.org\/site\/wp-content\/uploads\/2023\/12\/IMAGEM_NOTICIA_2.jpg","articleSection":["Justi\u00e7a","\u00daltimas"],"inLanguage":"pt-PT","potentialAction":[{"@type":"CommentAction","name":"Comment","target":["https:\/\/brasilnoticias.org\/site\/stf-e-tribunais-superiores-realizam-ultimas-sessoes-de-2023-nesta-terca\/#respond"]}]},{"@type":"WebPage","@id":"https:\/\/brasilnoticias.org\/site\/stf-e-tribunais-superiores-realizam-ultimas-sessoes-de-2023-nesta-terca\/","url":"https:\/\/brasilnoticias.org\/site\/stf-e-tribunais-superiores-realizam-ultimas-sessoes-de-2023-nesta-terca\/","name":"STF e tribunais superiores realizam \u00faltimas sess\u00f5es de 2023 nesta ter\u00e7a - Brasil not\u00edcias","isPartOf":{"@id":"https:\/\/brasilnoticias.org\/site\/#website"},"primaryImageOfPage":{"@id":"https:\/\/brasilnoticias.org\/site\/stf-e-tribunais-superiores-realizam-ultimas-sessoes-de-2023-nesta-terca\/#primaryimage"},"image":{"@id":"https:\/\/brasilnoticias.org\/site\/stf-e-tribunais-superiores-realizam-ultimas-sessoes-de-2023-nesta-terca\/#primaryimage"},"thumbnailUrl":"https:\/\/brasilnoticias.org\/site\/wp-content\/uploads\/2023\/12\/IMAGEM_NOTICIA_2.jpg","datePublished":"2023-12-19T22:30:29+00:00","breadcrumb":{"@id":"https:\/\/brasilnoticias.org\/site\/stf-e-tribunais-superiores-realizam-ultimas-sessoes-de-2023-nesta-terca\/#breadcrumb"},"inLanguage":"pt-PT","potentialAction":[{"@type":"ReadAction","target":["https:\/\/brasilnoticias.org\/site\/stf-e-tribunais-superiores-realizam-ultimas-sessoes-de-2023-nesta-terca\/"]}]},{"@type":"ImageObject","inLanguage":"pt-PT","@id":"https:\/\/brasilnoticias.org\/site\/stf-e-tribunais-superiores-realizam-ultimas-sessoes-de-2023-nesta-terca\/#primaryimage","url":"https:\/\/brasilnoticias.org\/site\/wp-content\/uploads\/2023\/12\/IMAGEM_NOTICIA_2.jpg","contentUrl":"https:\/\/brasilnoticias.org\/site\/wp-content\/uploads\/2023\/12\/IMAGEM_NOTICIA_2.jpg","width":300,"height":200},{"@type":"BreadcrumbList","@id":"https:\/\/brasilnoticias.org\/site\/stf-e-tribunais-superiores-realizam-ultimas-sessoes-de-2023-nesta-terca\/#breadcrumb","itemListElement":[{"@type":"ListItem","position":1,"name":"In\u00edcio","item":"https:\/\/brasilnoticias.org\/site\/"},{"@type":"ListItem","position":2,"name":"STF e tribunais superiores realizam \u00faltimas sess\u00f5es de 2023 nesta ter\u00e7a"}]},{"@type":"WebSite","@id":"https:\/\/brasilnoticias.org\/site\/#website","url":"https:\/\/brasilnoticias.org\/site\/","name":"Brasil not\u00edcias","description":"Brasil not\u00edcias","publisher":{"@id":"https:\/\/brasilnoticias.org\/site\/#organization"},"potentialAction":[{"@type":"SearchAction","target":{"@type":"EntryPoint","urlTemplate":"https:\/\/brasilnoticias.org\/site\/?s={search_term_string}"},"query-input":{"@type":"PropertyValueSpecification","valueRequired":true,"valueName":"search_term_string"}}],"inLanguage":"pt-PT"},{"@type":"Organization","@id":"https:\/\/brasilnoticias.org\/site\/#organization","name":"Brasil not\u00edcias","url":"https:\/\/brasilnoticias.org\/site\/","logo":{"@type":"ImageObject","inLanguage":"pt-PT","@id":"https:\/\/brasilnoticias.org\/site\/#\/schema\/logo\/image\/","url":"https:\/\/brasilnoticias.org\/site\/wp-content\/uploads\/2022\/05\/cropped-brasilnoticias-mini.jpg","contentUrl":"https:\/\/brasilnoticias.org\/site\/wp-content\/uploads\/2022\/05\/cropped-brasilnoticias-mini.jpg","width":314,"height":86,"caption":"Brasil not\u00edcias"},"image":{"@id":"https:\/\/brasilnoticias.org\/site\/#\/schema\/logo\/image\/"}},{"@type":"Person","@id":"https:\/\/brasilnoticias.org\/site\/#\/schema\/person\/03bbbfe6c7634ad18c26444ea39049fa","name":"Reda\u00e7\u00e3o","image":{"@type":"ImageObject","inLanguage":"pt-PT","@id":"https:\/\/brasilnoticias.org\/site\/#\/schema\/person\/image\/","url":"https:\/\/secure.gravatar.com\/avatar\/9ecaf7327a696cb23ad926fedded5f1f04d7049de9e445375d55b48c001a6e42?s=96&d=mm&r=g","contentUrl":"https:\/\/secure.gravatar.com\/avatar\/9ecaf7327a696cb23ad926fedded5f1f04d7049de9e445375d55b48c001a6e42?s=96&d=mm&r=g","caption":"Reda\u00e7\u00e3o"},"url":"https:\/\/brasilnoticias.org\/site\/author\/henrique\/"}]}},"_links":{"self":[{"href":"https:\/\/brasilnoticias.org\/site\/wp-json\/wp\/v2\/posts\/11768","targetHints":{"allow":["GET"]}}],"collection":[{"href":"https:\/\/brasilnoticias.org\/site\/wp-json\/wp\/v2\/posts"}],"about":[{"href":"https:\/\/brasilnoticias.org\/site\/wp-json\/wp\/v2\/types\/post"}],"author":[{"embeddable":true,"href":"https:\/\/brasilnoticias.org\/site\/wp-json\/wp\/v2\/users\/4"}],"replies":[{"embeddable":true,"href":"https:\/\/brasilnoticias.org\/site\/wp-json\/wp\/v2\/comments?post=11768"}],"version-history":[{"count":1,"href":"https:\/\/brasilnoticias.org\/site\/wp-json\/wp\/v2\/posts\/11768\/revisions"}],"predecessor-version":[{"id":11770,"href":"https:\/\/brasilnoticias.org\/site\/wp-json\/wp\/v2\/posts\/11768\/revisions\/11770"}],"wp:featuredmedia":[{"embeddable":true,"href":"https:\/\/brasilnoticias.org\/site\/wp-json\/wp\/v2\/media\/11769"}],"wp:attachment":[{"href":"https:\/\/brasilnoticias.org\/site\/wp-json\/wp\/v2\/media?parent=11768"}],"wp:term":[{"taxonomy":"category","embeddable":true,"href":"https:\/\/brasilnoticias.org\/site\/wp-json\/wp\/v2\/categories?post=11768"},{"taxonomy":"post_tag","embeddable":true,"href":"https:\/\/brasilnoticias.org\/site\/wp-json\/wp\/v2\/tags?post=11768"}],"curies":[{"name":"wp","href":"https:\/\/api.w.org\/{rel}","templated":true}]}}