{"id":11771,"date":"2023-12-19T19:34:01","date_gmt":"2023-12-19T22:34:01","guid":{"rendered":"https:\/\/brasilnoticias.org\/site\/?p=11771"},"modified":"2023-12-19T19:34:01","modified_gmt":"2023-12-19T22:34:01","slug":"stf-deve-finalizar-julgamento-de-recursos-sobre-piso-da-enfermagem","status":"publish","type":"post","link":"https:\/\/brasilnoticias.org\/site\/stf-deve-finalizar-julgamento-de-recursos-sobre-piso-da-enfermagem\/","title":{"rendered":"STF deve finalizar julgamento de recursos sobre piso da enfermagem"},"content":{"rendered":"<p>O Supremo Tribunal Federal (STF) deve finalizar na noite desta segunda-feira (18) o julgamento de recursos de diversas entidades sobre a validade do pagamento do piso salarial nacional para os profissionais de enfermagem. A an\u00e1lise do caso ocorre na modalidade virtual e ser\u00e1 finalizada \u00e0s 23h59.<\/p>\n<p>O impasse na vota\u00e7\u00e3o est\u00e1 no pagamento aos profissionais celetistas, que trabalham em hospitais privados. Em decis\u00f5es anteriores, a maioria dos ministros se manifestou para validar o pagamento conforme a lei para os profissionais que s\u00e3o servidores p\u00fablicos da Uni\u00e3o, de autarquias e de funda\u00e7\u00f5es p\u00fablicas federais.<\/p>\n<p>At\u00e9 o momento, por 6 votos a 3, prevalece o voto proferido pelo ministro Dias Toffoli. Para o ministro, a implementa\u00e7\u00e3o do piso para profissionais celetistas dever\u00e1 ser regionalizado mediante negocia\u00e7\u00e3o coletiva, com preval\u00eancia do negociado sobre o legislado. Se a negocia\u00e7\u00e3o avan\u00e7ar, caber\u00e1 diss\u00eddio coletivo.<\/p>\n<p>Pelo voto de Toffoli, remunera\u00e7\u00e3o dos enfermeiros poder\u00e1 ser reduzida no caso de quem faz carga hor\u00e1ria inferior a oito horas por dia ou 44 horas semanais.<\/p>\n<p>O novo piso para enfermeiros contratados sob o regime da Consolida\u00e7\u00e3o das Leis do Trabalho (CLT) \u00e9 de R$ 4.750, conforme definido pela Lei n\u00ba 14.434. T\u00e9cnicos de enfermagem recebem, no m\u00ednimo, 70% desse valor (R$ 3.325) e auxiliares de enfermagem e parteiras, 50% (R$ 2.375). Pela lei, o piso vale para trabalhadores dos setores p\u00fablico e privado.<\/p>\n<p>Em 2022, o pagamento do piso havia sido suspenso pelo STF devido \u00e0 falta de previs\u00e3o de recursos para garantir o pagamento dos profissionais da rede p\u00fablica., mas foi liberado ap\u00f3s o governo federal abrir cr\u00e9dito especial para o repasse de R$ 7,3 bilh\u00f5es para estados e munic\u00edpios pagarem o piso.<\/p>\n<p><\/strong>Informa\u00e7\u00f5e da Ag\u00eancia Brasil \/ Foto: Marcelo Camargo\/Ag\u00eancia Brasil<strong><\/p>\n","protected":false},"excerpt":{"rendered":"<p>O Supremo Tribunal Federal (STF) deve finalizar na noite desta segunda-feira (18) o julgamento de recursos de diversas entidades sobre<\/p>\n","protected":false},"author":4,"featured_media":11772,"comment_status":"open","ping_status":"open","sticky":false,"template":"","format":"standard","meta":{"colormag_page_container_layout":"default_layout","colormag_page_sidebar_layout":"default_layout","_FSMCFIC_featured_image_caption":"","_FSMCFIC_featured_image_nocaption":"","_FSMCFIC_featured_image_hide":"","footnotes":""},"categories":[7,1],"tags":[],"class_list":["post-11771","post","type-post","status-publish","format-standard","has-post-thumbnail","hentry","category-justica","category-ultimas"],"yoast_head":"<!-- This site is optimized with the Yoast SEO plugin v27.1.1 - https:\/\/yoast.com\/product\/yoast-seo-wordpress\/ -->\n<title>STF deve finalizar julgamento de recursos sobre piso da enfermagem - Brasil not\u00edcias<\/title>\n<meta name=\"robots\" content=\"index, follow, max-snippet:-1, max-image-preview:large, max-video-preview:-1\" \/>\n<link rel=\"canonical\" href=\"https:\/\/brasilnoticias.org\/site\/stf-deve-finalizar-julgamento-de-recursos-sobre-piso-da-enfermagem\/\" \/>\n<meta property=\"og:locale\" content=\"pt_PT\" \/>\n<meta property=\"og:type\" content=\"article\" \/>\n<meta property=\"og:title\" content=\"STF deve finalizar julgamento de recursos sobre piso da enfermagem - Brasil not\u00edcias\" \/>\n<meta property=\"og:description\" content=\"O Supremo Tribunal Federal (STF) deve finalizar na noite desta segunda-feira (18) o julgamento de recursos de diversas entidades sobre\" \/>\n<meta property=\"og:url\" content=\"https:\/\/brasilnoticias.org\/site\/stf-deve-finalizar-julgamento-de-recursos-sobre-piso-da-enfermagem\/\" \/>\n<meta property=\"og:site_name\" content=\"Brasil not\u00edcias\" \/>\n<meta property=\"article:published_time\" content=\"2023-12-19T22:34:01+00:00\" \/>\n<meta property=\"og:image\" content=\"https:\/\/brasilnoticias.org\/site\/wp-content\/uploads\/2023\/12\/IMAGEM_NOTICIA_2-1.jpg\" \/>\n\t<meta property=\"og:image:width\" content=\"300\" \/>\n\t<meta property=\"og:image:height\" content=\"200\" \/>\n\t<meta property=\"og:image:type\" content=\"image\/jpeg\" \/>\n<meta name=\"author\" content=\"Reda\u00e7\u00e3o\" \/>\n<meta name=\"twitter:card\" content=\"summary_large_image\" \/>\n<meta name=\"twitter:label1\" content=\"Escrito por\" \/>\n\t<meta name=\"twitter:data1\" content=\"Reda\u00e7\u00e3o\" \/>\n\t<meta name=\"twitter:label2\" content=\"Tempo estimado de leitura\" \/>\n\t<meta name=\"twitter:data2\" content=\"1 minuto\" \/>\n<script type=\"application\/ld+json\" class=\"yoast-schema-graph\">{\"@context\":\"https:\/\/schema.org\",\"@graph\":[{\"@type\":\"Article\",\"@id\":\"https:\/\/brasilnoticias.org\/site\/stf-deve-finalizar-julgamento-de-recursos-sobre-piso-da-enfermagem\/#article\",\"isPartOf\":{\"@id\":\"https:\/\/brasilnoticias.org\/site\/stf-deve-finalizar-julgamento-de-recursos-sobre-piso-da-enfermagem\/\"},\"author\":{\"name\":\"Reda\u00e7\u00e3o\",\"@id\":\"https:\/\/brasilnoticias.org\/site\/#\/schema\/person\/03bbbfe6c7634ad18c26444ea39049fa\"},\"headline\":\"STF deve finalizar julgamento de recursos sobre piso da enfermagem\",\"datePublished\":\"2023-12-19T22:34:01+00:00\",\"mainEntityOfPage\":{\"@id\":\"https:\/\/brasilnoticias.org\/site\/stf-deve-finalizar-julgamento-de-recursos-sobre-piso-da-enfermagem\/\"},\"wordCount\":309,\"commentCount\":0,\"publisher\":{\"@id\":\"https:\/\/brasilnoticias.org\/site\/#organization\"},\"image\":{\"@id\":\"https:\/\/brasilnoticias.org\/site\/stf-deve-finalizar-julgamento-de-recursos-sobre-piso-da-enfermagem\/#primaryimage\"},\"thumbnailUrl\":\"https:\/\/brasilnoticias.org\/site\/wp-content\/uploads\/2023\/12\/IMAGEM_NOTICIA_2-1.jpg\",\"articleSection\":[\"Justi\u00e7a\",\"\u00daltimas\"],\"inLanguage\":\"pt-PT\",\"potentialAction\":[{\"@type\":\"CommentAction\",\"name\":\"Comment\",\"target\":[\"https:\/\/brasilnoticias.org\/site\/stf-deve-finalizar-julgamento-de-recursos-sobre-piso-da-enfermagem\/#respond\"]}]},{\"@type\":\"WebPage\",\"@id\":\"https:\/\/brasilnoticias.org\/site\/stf-deve-finalizar-julgamento-de-recursos-sobre-piso-da-enfermagem\/\",\"url\":\"https:\/\/brasilnoticias.org\/site\/stf-deve-finalizar-julgamento-de-recursos-sobre-piso-da-enfermagem\/\",\"name\":\"STF deve finalizar julgamento de recursos sobre piso da enfermagem - Brasil not\u00edcias\",\"isPartOf\":{\"@id\":\"https:\/\/brasilnoticias.org\/site\/#website\"},\"primaryImageOfPage\":{\"@id\":\"https:\/\/brasilnoticias.org\/site\/stf-deve-finalizar-julgamento-de-recursos-sobre-piso-da-enfermagem\/#primaryimage\"},\"image\":{\"@id\":\"https:\/\/brasilnoticias.org\/site\/stf-deve-finalizar-julgamento-de-recursos-sobre-piso-da-enfermagem\/#primaryimage\"},\"thumbnailUrl\":\"https:\/\/brasilnoticias.org\/site\/wp-content\/uploads\/2023\/12\/IMAGEM_NOTICIA_2-1.jpg\",\"datePublished\":\"2023-12-19T22:34:01+00:00\",\"breadcrumb\":{\"@id\":\"https:\/\/brasilnoticias.org\/site\/stf-deve-finalizar-julgamento-de-recursos-sobre-piso-da-enfermagem\/#breadcrumb\"},\"inLanguage\":\"pt-PT\",\"potentialAction\":[{\"@type\":\"ReadAction\",\"target\":[\"https:\/\/brasilnoticias.org\/site\/stf-deve-finalizar-julgamento-de-recursos-sobre-piso-da-enfermagem\/\"]}]},{\"@type\":\"ImageObject\",\"inLanguage\":\"pt-PT\",\"@id\":\"https:\/\/brasilnoticias.org\/site\/stf-deve-finalizar-julgamento-de-recursos-sobre-piso-da-enfermagem\/#primaryimage\",\"url\":\"https:\/\/brasilnoticias.org\/site\/wp-content\/uploads\/2023\/12\/IMAGEM_NOTICIA_2-1.jpg\",\"contentUrl\":\"https:\/\/brasilnoticias.org\/site\/wp-content\/uploads\/2023\/12\/IMAGEM_NOTICIA_2-1.jpg\",\"width\":300,\"height\":200},{\"@type\":\"BreadcrumbList\",\"@id\":\"https:\/\/brasilnoticias.org\/site\/stf-deve-finalizar-julgamento-de-recursos-sobre-piso-da-enfermagem\/#breadcrumb\",\"itemListElement\":[{\"@type\":\"ListItem\",\"position\":1,\"name\":\"In\u00edcio\",\"item\":\"https:\/\/brasilnoticias.org\/site\/\"},{\"@type\":\"ListItem\",\"position\":2,\"name\":\"STF deve finalizar julgamento de recursos sobre piso da enfermagem\"}]},{\"@type\":\"WebSite\",\"@id\":\"https:\/\/brasilnoticias.org\/site\/#website\",\"url\":\"https:\/\/brasilnoticias.org\/site\/\",\"name\":\"Brasil not\u00edcias\",\"description\":\"Brasil not\u00edcias\",\"publisher\":{\"@id\":\"https:\/\/brasilnoticias.org\/site\/#organization\"},\"potentialAction\":[{\"@type\":\"SearchAction\",\"target\":{\"@type\":\"EntryPoint\",\"urlTemplate\":\"https:\/\/brasilnoticias.org\/site\/?s={search_term_string}\"},\"query-input\":{\"@type\":\"PropertyValueSpecification\",\"valueRequired\":true,\"valueName\":\"search_term_string\"}}],\"inLanguage\":\"pt-PT\"},{\"@type\":\"Organization\",\"@id\":\"https:\/\/brasilnoticias.org\/site\/#organization\",\"name\":\"Brasil not\u00edcias\",\"url\":\"https:\/\/brasilnoticias.org\/site\/\",\"logo\":{\"@type\":\"ImageObject\",\"inLanguage\":\"pt-PT\",\"@id\":\"https:\/\/brasilnoticias.org\/site\/#\/schema\/logo\/image\/\",\"url\":\"https:\/\/brasilnoticias.org\/site\/wp-content\/uploads\/2022\/05\/cropped-brasilnoticias-mini.jpg\",\"contentUrl\":\"https:\/\/brasilnoticias.org\/site\/wp-content\/uploads\/2022\/05\/cropped-brasilnoticias-mini.jpg\",\"width\":314,\"height\":86,\"caption\":\"Brasil not\u00edcias\"},\"image\":{\"@id\":\"https:\/\/brasilnoticias.org\/site\/#\/schema\/logo\/image\/\"}},{\"@type\":\"Person\",\"@id\":\"https:\/\/brasilnoticias.org\/site\/#\/schema\/person\/03bbbfe6c7634ad18c26444ea39049fa\",\"name\":\"Reda\u00e7\u00e3o\",\"image\":{\"@type\":\"ImageObject\",\"inLanguage\":\"pt-PT\",\"@id\":\"https:\/\/brasilnoticias.org\/site\/#\/schema\/person\/image\/\",\"url\":\"https:\/\/secure.gravatar.com\/avatar\/9ecaf7327a696cb23ad926fedded5f1f04d7049de9e445375d55b48c001a6e42?s=96&d=mm&r=g\",\"contentUrl\":\"https:\/\/secure.gravatar.com\/avatar\/9ecaf7327a696cb23ad926fedded5f1f04d7049de9e445375d55b48c001a6e42?s=96&d=mm&r=g\",\"caption\":\"Reda\u00e7\u00e3o\"},\"url\":\"https:\/\/brasilnoticias.org\/site\/author\/henrique\/\"}]}<\/script>\n<!-- \/ Yoast SEO plugin. -->","yoast_head_json":{"title":"STF deve finalizar julgamento de recursos sobre piso da enfermagem - Brasil not\u00edcias","robots":{"index":"index","follow":"follow","max-snippet":"max-snippet:-1","max-image-preview":"max-image-preview:large","max-video-preview":"max-video-preview:-1"},"canonical":"https:\/\/brasilnoticias.org\/site\/stf-deve-finalizar-julgamento-de-recursos-sobre-piso-da-enfermagem\/","og_locale":"pt_PT","og_type":"article","og_title":"STF deve finalizar julgamento de recursos sobre piso da enfermagem - Brasil not\u00edcias","og_description":"O Supremo Tribunal Federal (STF) deve finalizar na noite desta segunda-feira (18) o julgamento de recursos de diversas entidades sobre","og_url":"https:\/\/brasilnoticias.org\/site\/stf-deve-finalizar-julgamento-de-recursos-sobre-piso-da-enfermagem\/","og_site_name":"Brasil not\u00edcias","article_published_time":"2023-12-19T22:34:01+00:00","og_image":[{"width":300,"height":200,"url":"https:\/\/brasilnoticias.org\/site\/wp-content\/uploads\/2023\/12\/IMAGEM_NOTICIA_2-1.jpg","type":"image\/jpeg"}],"author":"Reda\u00e7\u00e3o","twitter_card":"summary_large_image","twitter_misc":{"Escrito por":"Reda\u00e7\u00e3o","Tempo estimado de leitura":"1 minuto"},"schema":{"@context":"https:\/\/schema.org","@graph":[{"@type":"Article","@id":"https:\/\/brasilnoticias.org\/site\/stf-deve-finalizar-julgamento-de-recursos-sobre-piso-da-enfermagem\/#article","isPartOf":{"@id":"https:\/\/brasilnoticias.org\/site\/stf-deve-finalizar-julgamento-de-recursos-sobre-piso-da-enfermagem\/"},"author":{"name":"Reda\u00e7\u00e3o","@id":"https:\/\/brasilnoticias.org\/site\/#\/schema\/person\/03bbbfe6c7634ad18c26444ea39049fa"},"headline":"STF deve finalizar julgamento de recursos sobre piso da enfermagem","datePublished":"2023-12-19T22:34:01+00:00","mainEntityOfPage":{"@id":"https:\/\/brasilnoticias.org\/site\/stf-deve-finalizar-julgamento-de-recursos-sobre-piso-da-enfermagem\/"},"wordCount":309,"commentCount":0,"publisher":{"@id":"https:\/\/brasilnoticias.org\/site\/#organization"},"image":{"@id":"https:\/\/brasilnoticias.org\/site\/stf-deve-finalizar-julgamento-de-recursos-sobre-piso-da-enfermagem\/#primaryimage"},"thumbnailUrl":"https:\/\/brasilnoticias.org\/site\/wp-content\/uploads\/2023\/12\/IMAGEM_NOTICIA_2-1.jpg","articleSection":["Justi\u00e7a","\u00daltimas"],"inLanguage":"pt-PT","potentialAction":[{"@type":"CommentAction","name":"Comment","target":["https:\/\/brasilnoticias.org\/site\/stf-deve-finalizar-julgamento-de-recursos-sobre-piso-da-enfermagem\/#respond"]}]},{"@type":"WebPage","@id":"https:\/\/brasilnoticias.org\/site\/stf-deve-finalizar-julgamento-de-recursos-sobre-piso-da-enfermagem\/","url":"https:\/\/brasilnoticias.org\/site\/stf-deve-finalizar-julgamento-de-recursos-sobre-piso-da-enfermagem\/","name":"STF deve finalizar julgamento de recursos sobre piso da enfermagem - Brasil not\u00edcias","isPartOf":{"@id":"https:\/\/brasilnoticias.org\/site\/#website"},"primaryImageOfPage":{"@id":"https:\/\/brasilnoticias.org\/site\/stf-deve-finalizar-julgamento-de-recursos-sobre-piso-da-enfermagem\/#primaryimage"},"image":{"@id":"https:\/\/brasilnoticias.org\/site\/stf-deve-finalizar-julgamento-de-recursos-sobre-piso-da-enfermagem\/#primaryimage"},"thumbnailUrl":"https:\/\/brasilnoticias.org\/site\/wp-content\/uploads\/2023\/12\/IMAGEM_NOTICIA_2-1.jpg","datePublished":"2023-12-19T22:34:01+00:00","breadcrumb":{"@id":"https:\/\/brasilnoticias.org\/site\/stf-deve-finalizar-julgamento-de-recursos-sobre-piso-da-enfermagem\/#breadcrumb"},"inLanguage":"pt-PT","potentialAction":[{"@type":"ReadAction","target":["https:\/\/brasilnoticias.org\/site\/stf-deve-finalizar-julgamento-de-recursos-sobre-piso-da-enfermagem\/"]}]},{"@type":"ImageObject","inLanguage":"pt-PT","@id":"https:\/\/brasilnoticias.org\/site\/stf-deve-finalizar-julgamento-de-recursos-sobre-piso-da-enfermagem\/#primaryimage","url":"https:\/\/brasilnoticias.org\/site\/wp-content\/uploads\/2023\/12\/IMAGEM_NOTICIA_2-1.jpg","contentUrl":"https:\/\/brasilnoticias.org\/site\/wp-content\/uploads\/2023\/12\/IMAGEM_NOTICIA_2-1.jpg","width":300,"height":200},{"@type":"BreadcrumbList","@id":"https:\/\/brasilnoticias.org\/site\/stf-deve-finalizar-julgamento-de-recursos-sobre-piso-da-enfermagem\/#breadcrumb","itemListElement":[{"@type":"ListItem","position":1,"name":"In\u00edcio","item":"https:\/\/brasilnoticias.org\/site\/"},{"@type":"ListItem","position":2,"name":"STF deve finalizar julgamento de recursos sobre piso da enfermagem"}]},{"@type":"WebSite","@id":"https:\/\/brasilnoticias.org\/site\/#website","url":"https:\/\/brasilnoticias.org\/site\/","name":"Brasil not\u00edcias","description":"Brasil not\u00edcias","publisher":{"@id":"https:\/\/brasilnoticias.org\/site\/#organization"},"potentialAction":[{"@type":"SearchAction","target":{"@type":"EntryPoint","urlTemplate":"https:\/\/brasilnoticias.org\/site\/?s={search_term_string}"},"query-input":{"@type":"PropertyValueSpecification","valueRequired":true,"valueName":"search_term_string"}}],"inLanguage":"pt-PT"},{"@type":"Organization","@id":"https:\/\/brasilnoticias.org\/site\/#organization","name":"Brasil not\u00edcias","url":"https:\/\/brasilnoticias.org\/site\/","logo":{"@type":"ImageObject","inLanguage":"pt-PT","@id":"https:\/\/brasilnoticias.org\/site\/#\/schema\/logo\/image\/","url":"https:\/\/brasilnoticias.org\/site\/wp-content\/uploads\/2022\/05\/cropped-brasilnoticias-mini.jpg","contentUrl":"https:\/\/brasilnoticias.org\/site\/wp-content\/uploads\/2022\/05\/cropped-brasilnoticias-mini.jpg","width":314,"height":86,"caption":"Brasil not\u00edcias"},"image":{"@id":"https:\/\/brasilnoticias.org\/site\/#\/schema\/logo\/image\/"}},{"@type":"Person","@id":"https:\/\/brasilnoticias.org\/site\/#\/schema\/person\/03bbbfe6c7634ad18c26444ea39049fa","name":"Reda\u00e7\u00e3o","image":{"@type":"ImageObject","inLanguage":"pt-PT","@id":"https:\/\/brasilnoticias.org\/site\/#\/schema\/person\/image\/","url":"https:\/\/secure.gravatar.com\/avatar\/9ecaf7327a696cb23ad926fedded5f1f04d7049de9e445375d55b48c001a6e42?s=96&d=mm&r=g","contentUrl":"https:\/\/secure.gravatar.com\/avatar\/9ecaf7327a696cb23ad926fedded5f1f04d7049de9e445375d55b48c001a6e42?s=96&d=mm&r=g","caption":"Reda\u00e7\u00e3o"},"url":"https:\/\/brasilnoticias.org\/site\/author\/henrique\/"}]}},"_links":{"self":[{"href":"https:\/\/brasilnoticias.org\/site\/wp-json\/wp\/v2\/posts\/11771","targetHints":{"allow":["GET"]}}],"collection":[{"href":"https:\/\/brasilnoticias.org\/site\/wp-json\/wp\/v2\/posts"}],"about":[{"href":"https:\/\/brasilnoticias.org\/site\/wp-json\/wp\/v2\/types\/post"}],"author":[{"embeddable":true,"href":"https:\/\/brasilnoticias.org\/site\/wp-json\/wp\/v2\/users\/4"}],"replies":[{"embeddable":true,"href":"https:\/\/brasilnoticias.org\/site\/wp-json\/wp\/v2\/comments?post=11771"}],"version-history":[{"count":1,"href":"https:\/\/brasilnoticias.org\/site\/wp-json\/wp\/v2\/posts\/11771\/revisions"}],"predecessor-version":[{"id":11773,"href":"https:\/\/brasilnoticias.org\/site\/wp-json\/wp\/v2\/posts\/11771\/revisions\/11773"}],"wp:featuredmedia":[{"embeddable":true,"href":"https:\/\/brasilnoticias.org\/site\/wp-json\/wp\/v2\/media\/11772"}],"wp:attachment":[{"href":"https:\/\/brasilnoticias.org\/site\/wp-json\/wp\/v2\/media?parent=11771"}],"wp:term":[{"taxonomy":"category","embeddable":true,"href":"https:\/\/brasilnoticias.org\/site\/wp-json\/wp\/v2\/categories?post=11771"},{"taxonomy":"post_tag","embeddable":true,"href":"https:\/\/brasilnoticias.org\/site\/wp-json\/wp\/v2\/tags?post=11771"}],"curies":[{"name":"wp","href":"https:\/\/api.w.org\/{rel}","templated":true}]}}