{"id":11780,"date":"2023-12-19T19:41:56","date_gmt":"2023-12-19T22:41:56","guid":{"rendered":"https:\/\/brasilnoticias.org\/site\/?p=11780"},"modified":"2023-12-19T19:43:03","modified_gmt":"2023-12-19T22:43:03","slug":"ministerio-publico-da-bahia-mantem-recomendacao-de-torcida-unica-para-ba-vis-de-2024","status":"publish","type":"post","link":"https:\/\/brasilnoticias.org\/site\/ministerio-publico-da-bahia-mantem-recomendacao-de-torcida-unica-para-ba-vis-de-2024\/","title":{"rendered":"Minist\u00e9rio P\u00fablico da Bahia mant\u00e9m recomenda\u00e7\u00e3o de torcida \u00fanica para Ba-Vis de 2024"},"content":{"rendered":"<p>Primeiro cl\u00e1ssico da pr\u00f3xima temporada est\u00e1 marcado para o dia 18 de fevereiro, pelo Campeonato Baiano<\/p>\n<p>Os cl\u00e1ssicos entre Bahia e Vit\u00f3ria devem seguir com apenas uma das torcidas em 2024. Na \u00faltima segunda-feira, o Minist\u00e9rio P\u00fablico da Bahia (MP-BA) expediu uma recomenda\u00e7\u00e3o para a Confedera\u00e7\u00e3o Brasileira de Futebol (CBF) e a Federa\u00e7\u00e3o Bahiana de Futebol (FBF) sugerindo a manuten\u00e7\u00e3o de apenas uma das torcidas nos Ba-Vis que venham a ser realizados na pr\u00f3xima temporada.<\/p>\n<p>O MP-BA afirma que, no \u00faltimo m\u00eas de novembro, foi realizada uma reuni\u00e3o entre representantes dos clubes, FBF e Pol\u00edcia Militar para discutir o assunto. Segundo o Minist\u00e9rio P\u00fablico, todos os envolvidos defenderam que a medida, que acontece desde 2017, continuasse.<\/p>\n<p>Contudo, em entrevista ao ge e Globo Esporte BA no in\u00edcio de dezembro, o presidente F\u00e1bio Mota, do Vit\u00f3ria, garantiu que o Vit\u00f3ria era a favor da volta da torcida mista nos cl\u00e1ssicos.<\/p>\n<p>&#8211; A posi\u00e7\u00e3o nossa sempre foi favor\u00e1vel para ter as duas torcidas, engrandece o cl\u00e1ssico, uma tradi\u00e7\u00e3o. O Vit\u00f3ria sempre defende torcida mista, na Arena Fonte Nova e no Barrad\u00e3o. Mas n\u00e3o depende do Vit\u00f3ria. Estamos \u00e0 disposi\u00e7\u00e3o para fazer tudo que necess\u00e1rio para ter as duas torcidas no cl\u00e1ssico &#8211; disse F\u00e1bio Mota na ocasi\u00e3o.<\/p>\n<p>Na manh\u00e3 desta ter\u00e7a-feira o ge procurou os dois maiores clubes do estado. O Bahia informou que seguiu as orienta\u00e7\u00f5es passadas pela pol\u00edcia e pelo MP na reuni\u00e3o entre as partes. J\u00e1 o Vit\u00f3ria, atrav\u00e9s do vice-presidente Djalma Abreu, disse que n\u00e3o foi consultado pelo Minist\u00e9rio P\u00fablico.<\/p>\n<p>&#8211; Eu, particularmente, n\u00e3o fui consultado para essa decis\u00e3o. Tanto eu como F\u00e1bio Mota sempre discutimos e sentamos para conversar. Sempre fomos a favor da torcida mista. N\u00f3s vamos ter Vit\u00f3ria e Flamengo, Vit\u00f3ria e Corinthians, Vit\u00f3ria e Fluminense no Barrad\u00e3o? Por que n\u00e3o Vit\u00f3ria e Bahia? N\u00e3o vejo porqu\u00ea. Nossa torcida \u00e9 ordeira, nossa popula\u00e7\u00e3o baiana \u00e9 ordeira &#8211; garante Djalma.<\/p>\n<p>J\u00e1 Ricardo Lima, presidente da FBF, destacou que est\u00e1 \u00e0 disposi\u00e7\u00e3o das autoridades para colaborar com a volta da torcida mista. Contudo, o gestor pontua que a decis\u00e3o leva &#8220;em considera\u00e7\u00e3o alguns fatores, como o alinhamento com a Pol\u00edcia Militar e o Minist\u00e9rio P\u00fablico&#8221;.<\/p>\n<p>&#8211; Todos n\u00f3s crescemos e nos acostumamos a ver est\u00e1dios cheios, com festas das duas torcidas, alegria, confraterniza\u00e7\u00e3o. O futebol \u00e9 isso, \u00e9 uni\u00e3o, celebra\u00e7\u00e3o. A presen\u00e7a de torcidas de Bahia e Vit\u00f3ria em um Ba-Vi engrandece o cl\u00e1ssico, fortalece os clubes e o futebol baiano. Mas, todos sabemos que isso exige uma colabora\u00e7\u00e3o de todos, principalmente dos torcedores, para que epis\u00f3dios de viol\u00eancia n\u00e3o manchem nosso esporte. Futebol n\u00e3o combina com viol\u00eancia. A FBF est\u00e1 \u00e0 disposi\u00e7\u00e3o das autoridades para colaborar com o que for preciso na busca pelo entendimento que nos permita voltar a ir a um est\u00e1dio, assistir a um jogo ao lado de um amigo ou um parente que tor\u00e7a para um clube que n\u00e3o seja o mesmo que o meu. Mas precisamos levar em considera\u00e7\u00e3o alguns fatores, como o alinhamento com a Pol\u00edcia Militar e o Minist\u00e9rio P\u00fablico, o que \u00e9 imprescind\u00edvel. Eles t\u00eam a expertise, sabem o que \u00e9 melhor para nossa seguran\u00e7a e como devemos retornar. N\u00e3o devemos ter pressa, pois estamos tratando de vidas &#8211; disse Ricardo Lima.<\/p>\n<p>Em nota, o Minist\u00e9rio P\u00fablico da Bahia informou que &#8220;a torcida \u00fanica \u00e9 uma das medidas de seguran\u00e7a que t\u00eam sido adotadas no pa\u00eds para reduzir conflitos entre torcedores dentro e no entorno dos est\u00e1dios&#8221;. O MP afirma que a &#8220;recomenda\u00e7\u00e3o aponta que, em 2023, houve significativo n\u00famero de relatos e registros de viol\u00eancia durante as partidas&#8221;.<\/p>\n<p><strong>Entenda a hist\u00f3ria<\/strong><\/p>\n<p>Em 2017, a CBF, depois de recomenda\u00e7\u00e3o do Minist\u00e9rio P\u00fablico da Bahia , determinou que os Ba-Vis fossem disputados com torcida \u00fanica por causa de uma confus\u00e3o no cl\u00e1ssico do dia 9 de abril daquele ano. Depois do jogo, uma briga fora da Arena Fonte Nova terminou com um torcedor do Tricolor morto e outro baleado.<\/p>\n<p>No ano seguinte, ap\u00f3s seis jogos com torcida \u00fanica, o cl\u00e1ssico voltou a ter a presen\u00e7a de rubro-negros e tricolores juntos no est\u00e1dio. Este Ba-Vi aconteceu em fevereiro de 2018, mas ficou marcado por uma confus\u00e3o generalizada dentro de campo, com sete jogadores expulsos, cinco deles do Vit\u00f3ria, que foi declarado perdedor por ter um n\u00famero insuficiente de atletas dentro de campo.<\/p>\n<p>Fora de campo, horas antes do cl\u00e1ssico de fevereiro de 2018, a Pol\u00edcia Militar registrou um confronto entre as torcidas dos dois clubes na Baixa dos Sapateiros, regi\u00e3o do Centro de Salvador, distante do Barrad\u00e3o. Diante disso, o MP-BA fez nova recomenda\u00e7\u00e3o de torcida \u00fanica em raz\u00e3o dos atos de viol\u00eancia. E desde ent\u00e3o n\u00e3o foram mais realizados Ba-Vis com rubro-negros e tricolores juntos no est\u00e1dio.<\/p>\n<p>Ao todo, desde 2017, dezenove Ba-Vis foram disputados com torcida \u00fanica.<\/p>\n<p><strong>Foto: Pietro Carpi\/EC Vit\u00f3ria<br \/>\nGe<\/strong><\/p>\n","protected":false},"excerpt":{"rendered":"<p>Primeiro cl\u00e1ssico da pr\u00f3xima temporada est\u00e1 marcado para o dia 18 de fevereiro, pelo Campeonato Baiano Os cl\u00e1ssicos entre Bahia<\/p>\n","protected":false},"author":4,"featured_media":11781,"comment_status":"open","ping_status":"open","sticky":false,"template":"","format":"standard","meta":{"colormag_page_container_layout":"default_layout","colormag_page_sidebar_layout":"default_layout","_FSMCFIC_featured_image_caption":"","_FSMCFIC_featured_image_nocaption":"","_FSMCFIC_featured_image_hide":"","footnotes":""},"categories":[4,1],"tags":[],"class_list":["post-11780","post","type-post","status-publish","format-standard","has-post-thumbnail","hentry","category-esporte","category-ultimas"],"yoast_head":"<!-- This site is optimized with the Yoast SEO plugin v27.1.1 - https:\/\/yoast.com\/product\/yoast-seo-wordpress\/ -->\n<title>Minist\u00e9rio P\u00fablico da Bahia mant\u00e9m recomenda\u00e7\u00e3o de torcida \u00fanica para Ba-Vis de 2024 - Brasil not\u00edcias<\/title>\n<meta name=\"robots\" content=\"index, follow, max-snippet:-1, max-image-preview:large, max-video-preview:-1\" \/>\n<link rel=\"canonical\" href=\"https:\/\/brasilnoticias.org\/site\/ministerio-publico-da-bahia-mantem-recomendacao-de-torcida-unica-para-ba-vis-de-2024\/\" \/>\n<meta property=\"og:locale\" content=\"pt_PT\" \/>\n<meta property=\"og:type\" content=\"article\" \/>\n<meta property=\"og:title\" content=\"Minist\u00e9rio P\u00fablico da Bahia mant\u00e9m recomenda\u00e7\u00e3o de torcida \u00fanica para Ba-Vis de 2024 - Brasil not\u00edcias\" \/>\n<meta property=\"og:description\" content=\"Primeiro cl\u00e1ssico da pr\u00f3xima temporada est\u00e1 marcado para o dia 18 de fevereiro, pelo Campeonato Baiano Os cl\u00e1ssicos entre Bahia\" \/>\n<meta property=\"og:url\" content=\"https:\/\/brasilnoticias.org\/site\/ministerio-publico-da-bahia-mantem-recomendacao-de-torcida-unica-para-ba-vis-de-2024\/\" \/>\n<meta property=\"og:site_name\" content=\"Brasil not\u00edcias\" \/>\n<meta property=\"article:published_time\" content=\"2023-12-19T22:41:56+00:00\" \/>\n<meta property=\"article:modified_time\" content=\"2023-12-19T22:43:03+00:00\" \/>\n<meta property=\"og:image\" content=\"https:\/\/brasilnoticias.org\/site\/wp-content\/uploads\/2023\/12\/whatsapp-image-2023-03-05-at-18.36.57.webp\" \/>\n\t<meta property=\"og:image:width\" content=\"984\" \/>\n\t<meta property=\"og:image:height\" content=\"656\" \/>\n\t<meta property=\"og:image:type\" content=\"image\/webp\" \/>\n<meta name=\"author\" content=\"Reda\u00e7\u00e3o\" \/>\n<meta name=\"twitter:card\" content=\"summary_large_image\" \/>\n<meta name=\"twitter:label1\" content=\"Escrito por\" \/>\n\t<meta name=\"twitter:data1\" content=\"Reda\u00e7\u00e3o\" \/>\n\t<meta name=\"twitter:label2\" content=\"Tempo estimado de leitura\" \/>\n\t<meta name=\"twitter:data2\" content=\"5 minutos\" \/>\n<script type=\"application\/ld+json\" class=\"yoast-schema-graph\">{\"@context\":\"https:\/\/schema.org\",\"@graph\":[{\"@type\":\"Article\",\"@id\":\"https:\/\/brasilnoticias.org\/site\/ministerio-publico-da-bahia-mantem-recomendacao-de-torcida-unica-para-ba-vis-de-2024\/#article\",\"isPartOf\":{\"@id\":\"https:\/\/brasilnoticias.org\/site\/ministerio-publico-da-bahia-mantem-recomendacao-de-torcida-unica-para-ba-vis-de-2024\/\"},\"author\":{\"name\":\"Reda\u00e7\u00e3o\",\"@id\":\"https:\/\/brasilnoticias.org\/site\/#\/schema\/person\/03bbbfe6c7634ad18c26444ea39049fa\"},\"headline\":\"Minist\u00e9rio P\u00fablico da Bahia mant\u00e9m recomenda\u00e7\u00e3o de torcida \u00fanica para Ba-Vis de 2024\",\"datePublished\":\"2023-12-19T22:41:56+00:00\",\"dateModified\":\"2023-12-19T22:43:03+00:00\",\"mainEntityOfPage\":{\"@id\":\"https:\/\/brasilnoticias.org\/site\/ministerio-publico-da-bahia-mantem-recomendacao-de-torcida-unica-para-ba-vis-de-2024\/\"},\"wordCount\":911,\"commentCount\":0,\"publisher\":{\"@id\":\"https:\/\/brasilnoticias.org\/site\/#organization\"},\"image\":{\"@id\":\"https:\/\/brasilnoticias.org\/site\/ministerio-publico-da-bahia-mantem-recomendacao-de-torcida-unica-para-ba-vis-de-2024\/#primaryimage\"},\"thumbnailUrl\":\"https:\/\/brasilnoticias.org\/site\/wp-content\/uploads\/2023\/12\/whatsapp-image-2023-03-05-at-18.36.57.webp\",\"articleSection\":[\"Esporte\",\"\u00daltimas\"],\"inLanguage\":\"pt-PT\",\"potentialAction\":[{\"@type\":\"CommentAction\",\"name\":\"Comment\",\"target\":[\"https:\/\/brasilnoticias.org\/site\/ministerio-publico-da-bahia-mantem-recomendacao-de-torcida-unica-para-ba-vis-de-2024\/#respond\"]}]},{\"@type\":\"WebPage\",\"@id\":\"https:\/\/brasilnoticias.org\/site\/ministerio-publico-da-bahia-mantem-recomendacao-de-torcida-unica-para-ba-vis-de-2024\/\",\"url\":\"https:\/\/brasilnoticias.org\/site\/ministerio-publico-da-bahia-mantem-recomendacao-de-torcida-unica-para-ba-vis-de-2024\/\",\"name\":\"Minist\u00e9rio P\u00fablico da Bahia mant\u00e9m recomenda\u00e7\u00e3o de torcida \u00fanica para Ba-Vis de 2024 - Brasil not\u00edcias\",\"isPartOf\":{\"@id\":\"https:\/\/brasilnoticias.org\/site\/#website\"},\"primaryImageOfPage\":{\"@id\":\"https:\/\/brasilnoticias.org\/site\/ministerio-publico-da-bahia-mantem-recomendacao-de-torcida-unica-para-ba-vis-de-2024\/#primaryimage\"},\"image\":{\"@id\":\"https:\/\/brasilnoticias.org\/site\/ministerio-publico-da-bahia-mantem-recomendacao-de-torcida-unica-para-ba-vis-de-2024\/#primaryimage\"},\"thumbnailUrl\":\"https:\/\/brasilnoticias.org\/site\/wp-content\/uploads\/2023\/12\/whatsapp-image-2023-03-05-at-18.36.57.webp\",\"datePublished\":\"2023-12-19T22:41:56+00:00\",\"dateModified\":\"2023-12-19T22:43:03+00:00\",\"breadcrumb\":{\"@id\":\"https:\/\/brasilnoticias.org\/site\/ministerio-publico-da-bahia-mantem-recomendacao-de-torcida-unica-para-ba-vis-de-2024\/#breadcrumb\"},\"inLanguage\":\"pt-PT\",\"potentialAction\":[{\"@type\":\"ReadAction\",\"target\":[\"https:\/\/brasilnoticias.org\/site\/ministerio-publico-da-bahia-mantem-recomendacao-de-torcida-unica-para-ba-vis-de-2024\/\"]}]},{\"@type\":\"ImageObject\",\"inLanguage\":\"pt-PT\",\"@id\":\"https:\/\/brasilnoticias.org\/site\/ministerio-publico-da-bahia-mantem-recomendacao-de-torcida-unica-para-ba-vis-de-2024\/#primaryimage\",\"url\":\"https:\/\/brasilnoticias.org\/site\/wp-content\/uploads\/2023\/12\/whatsapp-image-2023-03-05-at-18.36.57.webp\",\"contentUrl\":\"https:\/\/brasilnoticias.org\/site\/wp-content\/uploads\/2023\/12\/whatsapp-image-2023-03-05-at-18.36.57.webp\",\"width\":984,\"height\":656},{\"@type\":\"BreadcrumbList\",\"@id\":\"https:\/\/brasilnoticias.org\/site\/ministerio-publico-da-bahia-mantem-recomendacao-de-torcida-unica-para-ba-vis-de-2024\/#breadcrumb\",\"itemListElement\":[{\"@type\":\"ListItem\",\"position\":1,\"name\":\"In\u00edcio\",\"item\":\"https:\/\/brasilnoticias.org\/site\/\"},{\"@type\":\"ListItem\",\"position\":2,\"name\":\"Minist\u00e9rio P\u00fablico da Bahia mant\u00e9m recomenda\u00e7\u00e3o de torcida \u00fanica para Ba-Vis de 2024\"}]},{\"@type\":\"WebSite\",\"@id\":\"https:\/\/brasilnoticias.org\/site\/#website\",\"url\":\"https:\/\/brasilnoticias.org\/site\/\",\"name\":\"Brasil not\u00edcias\",\"description\":\"Brasil not\u00edcias\",\"publisher\":{\"@id\":\"https:\/\/brasilnoticias.org\/site\/#organization\"},\"potentialAction\":[{\"@type\":\"SearchAction\",\"target\":{\"@type\":\"EntryPoint\",\"urlTemplate\":\"https:\/\/brasilnoticias.org\/site\/?s={search_term_string}\"},\"query-input\":{\"@type\":\"PropertyValueSpecification\",\"valueRequired\":true,\"valueName\":\"search_term_string\"}}],\"inLanguage\":\"pt-PT\"},{\"@type\":\"Organization\",\"@id\":\"https:\/\/brasilnoticias.org\/site\/#organization\",\"name\":\"Brasil not\u00edcias\",\"url\":\"https:\/\/brasilnoticias.org\/site\/\",\"logo\":{\"@type\":\"ImageObject\",\"inLanguage\":\"pt-PT\",\"@id\":\"https:\/\/brasilnoticias.org\/site\/#\/schema\/logo\/image\/\",\"url\":\"https:\/\/brasilnoticias.org\/site\/wp-content\/uploads\/2022\/05\/cropped-brasilnoticias-mini.jpg\",\"contentUrl\":\"https:\/\/brasilnoticias.org\/site\/wp-content\/uploads\/2022\/05\/cropped-brasilnoticias-mini.jpg\",\"width\":314,\"height\":86,\"caption\":\"Brasil not\u00edcias\"},\"image\":{\"@id\":\"https:\/\/brasilnoticias.org\/site\/#\/schema\/logo\/image\/\"}},{\"@type\":\"Person\",\"@id\":\"https:\/\/brasilnoticias.org\/site\/#\/schema\/person\/03bbbfe6c7634ad18c26444ea39049fa\",\"name\":\"Reda\u00e7\u00e3o\",\"image\":{\"@type\":\"ImageObject\",\"inLanguage\":\"pt-PT\",\"@id\":\"https:\/\/brasilnoticias.org\/site\/#\/schema\/person\/image\/\",\"url\":\"https:\/\/secure.gravatar.com\/avatar\/9ecaf7327a696cb23ad926fedded5f1f04d7049de9e445375d55b48c001a6e42?s=96&d=mm&r=g\",\"contentUrl\":\"https:\/\/secure.gravatar.com\/avatar\/9ecaf7327a696cb23ad926fedded5f1f04d7049de9e445375d55b48c001a6e42?s=96&d=mm&r=g\",\"caption\":\"Reda\u00e7\u00e3o\"},\"url\":\"https:\/\/brasilnoticias.org\/site\/author\/henrique\/\"}]}<\/script>\n<!-- \/ Yoast SEO plugin. -->","yoast_head_json":{"title":"Minist\u00e9rio P\u00fablico da Bahia mant\u00e9m recomenda\u00e7\u00e3o de torcida \u00fanica para Ba-Vis de 2024 - Brasil not\u00edcias","robots":{"index":"index","follow":"follow","max-snippet":"max-snippet:-1","max-image-preview":"max-image-preview:large","max-video-preview":"max-video-preview:-1"},"canonical":"https:\/\/brasilnoticias.org\/site\/ministerio-publico-da-bahia-mantem-recomendacao-de-torcida-unica-para-ba-vis-de-2024\/","og_locale":"pt_PT","og_type":"article","og_title":"Minist\u00e9rio P\u00fablico da Bahia mant\u00e9m recomenda\u00e7\u00e3o de torcida \u00fanica para Ba-Vis de 2024 - Brasil not\u00edcias","og_description":"Primeiro cl\u00e1ssico da pr\u00f3xima temporada est\u00e1 marcado para o dia 18 de fevereiro, pelo Campeonato Baiano Os cl\u00e1ssicos entre Bahia","og_url":"https:\/\/brasilnoticias.org\/site\/ministerio-publico-da-bahia-mantem-recomendacao-de-torcida-unica-para-ba-vis-de-2024\/","og_site_name":"Brasil not\u00edcias","article_published_time":"2023-12-19T22:41:56+00:00","article_modified_time":"2023-12-19T22:43:03+00:00","og_image":[{"width":984,"height":656,"url":"https:\/\/brasilnoticias.org\/site\/wp-content\/uploads\/2023\/12\/whatsapp-image-2023-03-05-at-18.36.57.webp","type":"image\/webp"}],"author":"Reda\u00e7\u00e3o","twitter_card":"summary_large_image","twitter_misc":{"Escrito por":"Reda\u00e7\u00e3o","Tempo estimado de leitura":"5 minutos"},"schema":{"@context":"https:\/\/schema.org","@graph":[{"@type":"Article","@id":"https:\/\/brasilnoticias.org\/site\/ministerio-publico-da-bahia-mantem-recomendacao-de-torcida-unica-para-ba-vis-de-2024\/#article","isPartOf":{"@id":"https:\/\/brasilnoticias.org\/site\/ministerio-publico-da-bahia-mantem-recomendacao-de-torcida-unica-para-ba-vis-de-2024\/"},"author":{"name":"Reda\u00e7\u00e3o","@id":"https:\/\/brasilnoticias.org\/site\/#\/schema\/person\/03bbbfe6c7634ad18c26444ea39049fa"},"headline":"Minist\u00e9rio P\u00fablico da Bahia mant\u00e9m recomenda\u00e7\u00e3o de torcida \u00fanica para Ba-Vis de 2024","datePublished":"2023-12-19T22:41:56+00:00","dateModified":"2023-12-19T22:43:03+00:00","mainEntityOfPage":{"@id":"https:\/\/brasilnoticias.org\/site\/ministerio-publico-da-bahia-mantem-recomendacao-de-torcida-unica-para-ba-vis-de-2024\/"},"wordCount":911,"commentCount":0,"publisher":{"@id":"https:\/\/brasilnoticias.org\/site\/#organization"},"image":{"@id":"https:\/\/brasilnoticias.org\/site\/ministerio-publico-da-bahia-mantem-recomendacao-de-torcida-unica-para-ba-vis-de-2024\/#primaryimage"},"thumbnailUrl":"https:\/\/brasilnoticias.org\/site\/wp-content\/uploads\/2023\/12\/whatsapp-image-2023-03-05-at-18.36.57.webp","articleSection":["Esporte","\u00daltimas"],"inLanguage":"pt-PT","potentialAction":[{"@type":"CommentAction","name":"Comment","target":["https:\/\/brasilnoticias.org\/site\/ministerio-publico-da-bahia-mantem-recomendacao-de-torcida-unica-para-ba-vis-de-2024\/#respond"]}]},{"@type":"WebPage","@id":"https:\/\/brasilnoticias.org\/site\/ministerio-publico-da-bahia-mantem-recomendacao-de-torcida-unica-para-ba-vis-de-2024\/","url":"https:\/\/brasilnoticias.org\/site\/ministerio-publico-da-bahia-mantem-recomendacao-de-torcida-unica-para-ba-vis-de-2024\/","name":"Minist\u00e9rio P\u00fablico da Bahia mant\u00e9m recomenda\u00e7\u00e3o de torcida \u00fanica para Ba-Vis de 2024 - Brasil not\u00edcias","isPartOf":{"@id":"https:\/\/brasilnoticias.org\/site\/#website"},"primaryImageOfPage":{"@id":"https:\/\/brasilnoticias.org\/site\/ministerio-publico-da-bahia-mantem-recomendacao-de-torcida-unica-para-ba-vis-de-2024\/#primaryimage"},"image":{"@id":"https:\/\/brasilnoticias.org\/site\/ministerio-publico-da-bahia-mantem-recomendacao-de-torcida-unica-para-ba-vis-de-2024\/#primaryimage"},"thumbnailUrl":"https:\/\/brasilnoticias.org\/site\/wp-content\/uploads\/2023\/12\/whatsapp-image-2023-03-05-at-18.36.57.webp","datePublished":"2023-12-19T22:41:56+00:00","dateModified":"2023-12-19T22:43:03+00:00","breadcrumb":{"@id":"https:\/\/brasilnoticias.org\/site\/ministerio-publico-da-bahia-mantem-recomendacao-de-torcida-unica-para-ba-vis-de-2024\/#breadcrumb"},"inLanguage":"pt-PT","potentialAction":[{"@type":"ReadAction","target":["https:\/\/brasilnoticias.org\/site\/ministerio-publico-da-bahia-mantem-recomendacao-de-torcida-unica-para-ba-vis-de-2024\/"]}]},{"@type":"ImageObject","inLanguage":"pt-PT","@id":"https:\/\/brasilnoticias.org\/site\/ministerio-publico-da-bahia-mantem-recomendacao-de-torcida-unica-para-ba-vis-de-2024\/#primaryimage","url":"https:\/\/brasilnoticias.org\/site\/wp-content\/uploads\/2023\/12\/whatsapp-image-2023-03-05-at-18.36.57.webp","contentUrl":"https:\/\/brasilnoticias.org\/site\/wp-content\/uploads\/2023\/12\/whatsapp-image-2023-03-05-at-18.36.57.webp","width":984,"height":656},{"@type":"BreadcrumbList","@id":"https:\/\/brasilnoticias.org\/site\/ministerio-publico-da-bahia-mantem-recomendacao-de-torcida-unica-para-ba-vis-de-2024\/#breadcrumb","itemListElement":[{"@type":"ListItem","position":1,"name":"In\u00edcio","item":"https:\/\/brasilnoticias.org\/site\/"},{"@type":"ListItem","position":2,"name":"Minist\u00e9rio P\u00fablico da Bahia mant\u00e9m recomenda\u00e7\u00e3o de torcida \u00fanica para Ba-Vis de 2024"}]},{"@type":"WebSite","@id":"https:\/\/brasilnoticias.org\/site\/#website","url":"https:\/\/brasilnoticias.org\/site\/","name":"Brasil not\u00edcias","description":"Brasil not\u00edcias","publisher":{"@id":"https:\/\/brasilnoticias.org\/site\/#organization"},"potentialAction":[{"@type":"SearchAction","target":{"@type":"EntryPoint","urlTemplate":"https:\/\/brasilnoticias.org\/site\/?s={search_term_string}"},"query-input":{"@type":"PropertyValueSpecification","valueRequired":true,"valueName":"search_term_string"}}],"inLanguage":"pt-PT"},{"@type":"Organization","@id":"https:\/\/brasilnoticias.org\/site\/#organization","name":"Brasil not\u00edcias","url":"https:\/\/brasilnoticias.org\/site\/","logo":{"@type":"ImageObject","inLanguage":"pt-PT","@id":"https:\/\/brasilnoticias.org\/site\/#\/schema\/logo\/image\/","url":"https:\/\/brasilnoticias.org\/site\/wp-content\/uploads\/2022\/05\/cropped-brasilnoticias-mini.jpg","contentUrl":"https:\/\/brasilnoticias.org\/site\/wp-content\/uploads\/2022\/05\/cropped-brasilnoticias-mini.jpg","width":314,"height":86,"caption":"Brasil not\u00edcias"},"image":{"@id":"https:\/\/brasilnoticias.org\/site\/#\/schema\/logo\/image\/"}},{"@type":"Person","@id":"https:\/\/brasilnoticias.org\/site\/#\/schema\/person\/03bbbfe6c7634ad18c26444ea39049fa","name":"Reda\u00e7\u00e3o","image":{"@type":"ImageObject","inLanguage":"pt-PT","@id":"https:\/\/brasilnoticias.org\/site\/#\/schema\/person\/image\/","url":"https:\/\/secure.gravatar.com\/avatar\/9ecaf7327a696cb23ad926fedded5f1f04d7049de9e445375d55b48c001a6e42?s=96&d=mm&r=g","contentUrl":"https:\/\/secure.gravatar.com\/avatar\/9ecaf7327a696cb23ad926fedded5f1f04d7049de9e445375d55b48c001a6e42?s=96&d=mm&r=g","caption":"Reda\u00e7\u00e3o"},"url":"https:\/\/brasilnoticias.org\/site\/author\/henrique\/"}]}},"_links":{"self":[{"href":"https:\/\/brasilnoticias.org\/site\/wp-json\/wp\/v2\/posts\/11780","targetHints":{"allow":["GET"]}}],"collection":[{"href":"https:\/\/brasilnoticias.org\/site\/wp-json\/wp\/v2\/posts"}],"about":[{"href":"https:\/\/brasilnoticias.org\/site\/wp-json\/wp\/v2\/types\/post"}],"author":[{"embeddable":true,"href":"https:\/\/brasilnoticias.org\/site\/wp-json\/wp\/v2\/users\/4"}],"replies":[{"embeddable":true,"href":"https:\/\/brasilnoticias.org\/site\/wp-json\/wp\/v2\/comments?post=11780"}],"version-history":[{"count":2,"href":"https:\/\/brasilnoticias.org\/site\/wp-json\/wp\/v2\/posts\/11780\/revisions"}],"predecessor-version":[{"id":11783,"href":"https:\/\/brasilnoticias.org\/site\/wp-json\/wp\/v2\/posts\/11780\/revisions\/11783"}],"wp:featuredmedia":[{"embeddable":true,"href":"https:\/\/brasilnoticias.org\/site\/wp-json\/wp\/v2\/media\/11781"}],"wp:attachment":[{"href":"https:\/\/brasilnoticias.org\/site\/wp-json\/wp\/v2\/media?parent=11780"}],"wp:term":[{"taxonomy":"category","embeddable":true,"href":"https:\/\/brasilnoticias.org\/site\/wp-json\/wp\/v2\/categories?post=11780"},{"taxonomy":"post_tag","embeddable":true,"href":"https:\/\/brasilnoticias.org\/site\/wp-json\/wp\/v2\/tags?post=11780"}],"curies":[{"name":"wp","href":"https:\/\/api.w.org\/{rel}","templated":true}]}}