{"id":11784,"date":"2023-12-19T19:44:39","date_gmt":"2023-12-19T22:44:39","guid":{"rendered":"https:\/\/brasilnoticias.org\/site\/?p=11784"},"modified":"2023-12-19T19:44:39","modified_gmt":"2023-12-19T22:44:39","slug":"bellintani-fala-sobre-acordo-com-o-city-e-exalta-redemocratizacao-do-clube","status":"publish","type":"post","link":"https:\/\/brasilnoticias.org\/site\/bellintani-fala-sobre-acordo-com-o-city-e-exalta-redemocratizacao-do-clube\/","title":{"rendered":"Bellintani fala sobre acordo com o City e exalta redemocratiza\u00e7\u00e3o do clube"},"content":{"rendered":"<p>A democratiza\u00e7\u00e3o e a participa\u00e7\u00e3o da torcida foram fundamentais para acordo da SAF<\/p>\n<p>\u201cTer um clube aut\u00f4nomo e que pode desenhar o seu pr\u00f3prio destino\u201d. Com essas palavras, o ex-presidente do Bahia, Guilherme Bellintani, resumiu o que acredita ser o fator principal que fez o Grupo City entrar em acordo com o Tricolor Baiano para a compra da Sociedade An\u00f4nima de Futebol (SAF). Segundo o mandat\u00e1rio, sem um processo de democratiza\u00e7\u00e3o e reaproxima\u00e7\u00e3o com a torcida, n\u00e3o seria poss\u00edvel esta proximidade entre os investidores e a equipe de Salvador.<\/p>\n<p>\u201cEle \u00e9 consequ\u00eancia de todo um processo que come\u00e7ou em 2013 e que agora completa 10 anos, que \u00e9 a democracia do clube, que \u00e9 o clube ter retomado para si e para sua torcida o poder de desenhar o seu futuro, e a transa\u00e7\u00e3o dentro do City representa isso tudo: a valoriza\u00e7\u00e3o do passado e um desenho do futuro. Sem esse processo a gente nunca conseguiria ter o poder que agora vamos ter no futebol brasileiro\u201d, afirmou o dirigente.<\/p>\n<p>Bellintani comandou o Bahia em dois mandatos consecutivos, com in\u00edcio em 2018 at\u00e9 2020 e reelei\u00e7\u00e3o de 2021 a 2023. Em seu lugar, o Bahia ser\u00e1 comandado pelo empres\u00e1rio e ex-jogador Emerson Ferretti. <\/p>\n<p><strong>Foto: Edim\u00e1rio Duplat\/AratuOn<br \/>\nAratu On<\/strong><\/p>\n","protected":false},"excerpt":{"rendered":"<p>A democratiza\u00e7\u00e3o e a participa\u00e7\u00e3o da torcida foram fundamentais para acordo da SAF \u201cTer um clube aut\u00f4nomo e que pode<\/p>\n","protected":false},"author":4,"featured_media":11785,"comment_status":"open","ping_status":"open","sticky":false,"template":"","format":"standard","meta":{"colormag_page_container_layout":"default_layout","colormag_page_sidebar_layout":"default_layout","_FSMCFIC_featured_image_caption":"","_FSMCFIC_featured_image_nocaption":"","_FSMCFIC_featured_image_hide":"","footnotes":""},"categories":[4,1],"tags":[],"class_list":["post-11784","post","type-post","status-publish","format-standard","has-post-thumbnail","hentry","category-esporte","category-ultimas"],"yoast_head":"<!-- This site is optimized with the Yoast SEO plugin v27.1.1 - https:\/\/yoast.com\/product\/yoast-seo-wordpress\/ -->\n<title>Bellintani fala sobre acordo com o City e exalta redemocratiza\u00e7\u00e3o do clube - Brasil not\u00edcias<\/title>\n<meta name=\"robots\" content=\"index, follow, max-snippet:-1, max-image-preview:large, max-video-preview:-1\" \/>\n<link rel=\"canonical\" href=\"https:\/\/brasilnoticias.org\/site\/bellintani-fala-sobre-acordo-com-o-city-e-exalta-redemocratizacao-do-clube\/\" \/>\n<meta property=\"og:locale\" content=\"pt_PT\" \/>\n<meta property=\"og:type\" content=\"article\" \/>\n<meta property=\"og:title\" content=\"Bellintani fala sobre acordo com o City e exalta redemocratiza\u00e7\u00e3o do clube - Brasil not\u00edcias\" \/>\n<meta property=\"og:description\" content=\"A democratiza\u00e7\u00e3o e a participa\u00e7\u00e3o da torcida foram fundamentais para acordo da SAF \u201cTer um clube aut\u00f4nomo e que pode\" \/>\n<meta property=\"og:url\" content=\"https:\/\/brasilnoticias.org\/site\/bellintani-fala-sobre-acordo-com-o-city-e-exalta-redemocratizacao-do-clube\/\" \/>\n<meta property=\"og:site_name\" content=\"Brasil not\u00edcias\" \/>\n<meta property=\"article:published_time\" content=\"2023-12-19T22:44:39+00:00\" \/>\n<meta property=\"og:image\" content=\"https:\/\/brasilnoticias.org\/site\/wp-content\/uploads\/2023\/12\/WhatsApp-Image-2023-12-19-at-16.00.01-e1703012506639-740x470-1.jpeg\" \/>\n\t<meta property=\"og:image:width\" content=\"740\" \/>\n\t<meta property=\"og:image:height\" content=\"470\" \/>\n\t<meta property=\"og:image:type\" content=\"image\/jpeg\" \/>\n<meta name=\"author\" content=\"Reda\u00e7\u00e3o\" \/>\n<meta name=\"twitter:card\" content=\"summary_large_image\" \/>\n<meta name=\"twitter:label1\" content=\"Escrito por\" \/>\n\t<meta name=\"twitter:data1\" content=\"Reda\u00e7\u00e3o\" \/>\n\t<meta name=\"twitter:label2\" content=\"Tempo estimado de leitura\" \/>\n\t<meta name=\"twitter:data2\" content=\"1 minuto\" \/>\n<script type=\"application\/ld+json\" class=\"yoast-schema-graph\">{\"@context\":\"https:\/\/schema.org\",\"@graph\":[{\"@type\":\"Article\",\"@id\":\"https:\/\/brasilnoticias.org\/site\/bellintani-fala-sobre-acordo-com-o-city-e-exalta-redemocratizacao-do-clube\/#article\",\"isPartOf\":{\"@id\":\"https:\/\/brasilnoticias.org\/site\/bellintani-fala-sobre-acordo-com-o-city-e-exalta-redemocratizacao-do-clube\/\"},\"author\":{\"name\":\"Reda\u00e7\u00e3o\",\"@id\":\"https:\/\/brasilnoticias.org\/site\/#\/schema\/person\/03bbbfe6c7634ad18c26444ea39049fa\"},\"headline\":\"Bellintani fala sobre acordo com o City e exalta redemocratiza\u00e7\u00e3o do clube\",\"datePublished\":\"2023-12-19T22:44:39+00:00\",\"mainEntityOfPage\":{\"@id\":\"https:\/\/brasilnoticias.org\/site\/bellintani-fala-sobre-acordo-com-o-city-e-exalta-redemocratizacao-do-clube\/\"},\"wordCount\":230,\"commentCount\":0,\"publisher\":{\"@id\":\"https:\/\/brasilnoticias.org\/site\/#organization\"},\"image\":{\"@id\":\"https:\/\/brasilnoticias.org\/site\/bellintani-fala-sobre-acordo-com-o-city-e-exalta-redemocratizacao-do-clube\/#primaryimage\"},\"thumbnailUrl\":\"https:\/\/brasilnoticias.org\/site\/wp-content\/uploads\/2023\/12\/WhatsApp-Image-2023-12-19-at-16.00.01-e1703012506639-740x470-1.jpeg\",\"articleSection\":[\"Esporte\",\"\u00daltimas\"],\"inLanguage\":\"pt-PT\",\"potentialAction\":[{\"@type\":\"CommentAction\",\"name\":\"Comment\",\"target\":[\"https:\/\/brasilnoticias.org\/site\/bellintani-fala-sobre-acordo-com-o-city-e-exalta-redemocratizacao-do-clube\/#respond\"]}]},{\"@type\":\"WebPage\",\"@id\":\"https:\/\/brasilnoticias.org\/site\/bellintani-fala-sobre-acordo-com-o-city-e-exalta-redemocratizacao-do-clube\/\",\"url\":\"https:\/\/brasilnoticias.org\/site\/bellintani-fala-sobre-acordo-com-o-city-e-exalta-redemocratizacao-do-clube\/\",\"name\":\"Bellintani fala sobre acordo com o City e exalta redemocratiza\u00e7\u00e3o do clube - Brasil not\u00edcias\",\"isPartOf\":{\"@id\":\"https:\/\/brasilnoticias.org\/site\/#website\"},\"primaryImageOfPage\":{\"@id\":\"https:\/\/brasilnoticias.org\/site\/bellintani-fala-sobre-acordo-com-o-city-e-exalta-redemocratizacao-do-clube\/#primaryimage\"},\"image\":{\"@id\":\"https:\/\/brasilnoticias.org\/site\/bellintani-fala-sobre-acordo-com-o-city-e-exalta-redemocratizacao-do-clube\/#primaryimage\"},\"thumbnailUrl\":\"https:\/\/brasilnoticias.org\/site\/wp-content\/uploads\/2023\/12\/WhatsApp-Image-2023-12-19-at-16.00.01-e1703012506639-740x470-1.jpeg\",\"datePublished\":\"2023-12-19T22:44:39+00:00\",\"breadcrumb\":{\"@id\":\"https:\/\/brasilnoticias.org\/site\/bellintani-fala-sobre-acordo-com-o-city-e-exalta-redemocratizacao-do-clube\/#breadcrumb\"},\"inLanguage\":\"pt-PT\",\"potentialAction\":[{\"@type\":\"ReadAction\",\"target\":[\"https:\/\/brasilnoticias.org\/site\/bellintani-fala-sobre-acordo-com-o-city-e-exalta-redemocratizacao-do-clube\/\"]}]},{\"@type\":\"ImageObject\",\"inLanguage\":\"pt-PT\",\"@id\":\"https:\/\/brasilnoticias.org\/site\/bellintani-fala-sobre-acordo-com-o-city-e-exalta-redemocratizacao-do-clube\/#primaryimage\",\"url\":\"https:\/\/brasilnoticias.org\/site\/wp-content\/uploads\/2023\/12\/WhatsApp-Image-2023-12-19-at-16.00.01-e1703012506639-740x470-1.jpeg\",\"contentUrl\":\"https:\/\/brasilnoticias.org\/site\/wp-content\/uploads\/2023\/12\/WhatsApp-Image-2023-12-19-at-16.00.01-e1703012506639-740x470-1.jpeg\",\"width\":740,\"height\":470},{\"@type\":\"BreadcrumbList\",\"@id\":\"https:\/\/brasilnoticias.org\/site\/bellintani-fala-sobre-acordo-com-o-city-e-exalta-redemocratizacao-do-clube\/#breadcrumb\",\"itemListElement\":[{\"@type\":\"ListItem\",\"position\":1,\"name\":\"In\u00edcio\",\"item\":\"https:\/\/brasilnoticias.org\/site\/\"},{\"@type\":\"ListItem\",\"position\":2,\"name\":\"Bellintani fala sobre acordo com o City e exalta redemocratiza\u00e7\u00e3o do clube\"}]},{\"@type\":\"WebSite\",\"@id\":\"https:\/\/brasilnoticias.org\/site\/#website\",\"url\":\"https:\/\/brasilnoticias.org\/site\/\",\"name\":\"Brasil not\u00edcias\",\"description\":\"Brasil not\u00edcias\",\"publisher\":{\"@id\":\"https:\/\/brasilnoticias.org\/site\/#organization\"},\"potentialAction\":[{\"@type\":\"SearchAction\",\"target\":{\"@type\":\"EntryPoint\",\"urlTemplate\":\"https:\/\/brasilnoticias.org\/site\/?s={search_term_string}\"},\"query-input\":{\"@type\":\"PropertyValueSpecification\",\"valueRequired\":true,\"valueName\":\"search_term_string\"}}],\"inLanguage\":\"pt-PT\"},{\"@type\":\"Organization\",\"@id\":\"https:\/\/brasilnoticias.org\/site\/#organization\",\"name\":\"Brasil not\u00edcias\",\"url\":\"https:\/\/brasilnoticias.org\/site\/\",\"logo\":{\"@type\":\"ImageObject\",\"inLanguage\":\"pt-PT\",\"@id\":\"https:\/\/brasilnoticias.org\/site\/#\/schema\/logo\/image\/\",\"url\":\"https:\/\/brasilnoticias.org\/site\/wp-content\/uploads\/2022\/05\/cropped-brasilnoticias-mini.jpg\",\"contentUrl\":\"https:\/\/brasilnoticias.org\/site\/wp-content\/uploads\/2022\/05\/cropped-brasilnoticias-mini.jpg\",\"width\":314,\"height\":86,\"caption\":\"Brasil not\u00edcias\"},\"image\":{\"@id\":\"https:\/\/brasilnoticias.org\/site\/#\/schema\/logo\/image\/\"}},{\"@type\":\"Person\",\"@id\":\"https:\/\/brasilnoticias.org\/site\/#\/schema\/person\/03bbbfe6c7634ad18c26444ea39049fa\",\"name\":\"Reda\u00e7\u00e3o\",\"image\":{\"@type\":\"ImageObject\",\"inLanguage\":\"pt-PT\",\"@id\":\"https:\/\/brasilnoticias.org\/site\/#\/schema\/person\/image\/\",\"url\":\"https:\/\/secure.gravatar.com\/avatar\/9ecaf7327a696cb23ad926fedded5f1f04d7049de9e445375d55b48c001a6e42?s=96&d=mm&r=g\",\"contentUrl\":\"https:\/\/secure.gravatar.com\/avatar\/9ecaf7327a696cb23ad926fedded5f1f04d7049de9e445375d55b48c001a6e42?s=96&d=mm&r=g\",\"caption\":\"Reda\u00e7\u00e3o\"},\"url\":\"https:\/\/brasilnoticias.org\/site\/author\/henrique\/\"}]}<\/script>\n<!-- \/ Yoast SEO plugin. -->","yoast_head_json":{"title":"Bellintani fala sobre acordo com o City e exalta redemocratiza\u00e7\u00e3o do clube - Brasil not\u00edcias","robots":{"index":"index","follow":"follow","max-snippet":"max-snippet:-1","max-image-preview":"max-image-preview:large","max-video-preview":"max-video-preview:-1"},"canonical":"https:\/\/brasilnoticias.org\/site\/bellintani-fala-sobre-acordo-com-o-city-e-exalta-redemocratizacao-do-clube\/","og_locale":"pt_PT","og_type":"article","og_title":"Bellintani fala sobre acordo com o City e exalta redemocratiza\u00e7\u00e3o do clube - Brasil not\u00edcias","og_description":"A democratiza\u00e7\u00e3o e a participa\u00e7\u00e3o da torcida foram fundamentais para acordo da SAF \u201cTer um clube aut\u00f4nomo e que pode","og_url":"https:\/\/brasilnoticias.org\/site\/bellintani-fala-sobre-acordo-com-o-city-e-exalta-redemocratizacao-do-clube\/","og_site_name":"Brasil not\u00edcias","article_published_time":"2023-12-19T22:44:39+00:00","og_image":[{"width":740,"height":470,"url":"https:\/\/brasilnoticias.org\/site\/wp-content\/uploads\/2023\/12\/WhatsApp-Image-2023-12-19-at-16.00.01-e1703012506639-740x470-1.jpeg","type":"image\/jpeg"}],"author":"Reda\u00e7\u00e3o","twitter_card":"summary_large_image","twitter_misc":{"Escrito por":"Reda\u00e7\u00e3o","Tempo estimado de leitura":"1 minuto"},"schema":{"@context":"https:\/\/schema.org","@graph":[{"@type":"Article","@id":"https:\/\/brasilnoticias.org\/site\/bellintani-fala-sobre-acordo-com-o-city-e-exalta-redemocratizacao-do-clube\/#article","isPartOf":{"@id":"https:\/\/brasilnoticias.org\/site\/bellintani-fala-sobre-acordo-com-o-city-e-exalta-redemocratizacao-do-clube\/"},"author":{"name":"Reda\u00e7\u00e3o","@id":"https:\/\/brasilnoticias.org\/site\/#\/schema\/person\/03bbbfe6c7634ad18c26444ea39049fa"},"headline":"Bellintani fala sobre acordo com o City e exalta redemocratiza\u00e7\u00e3o do clube","datePublished":"2023-12-19T22:44:39+00:00","mainEntityOfPage":{"@id":"https:\/\/brasilnoticias.org\/site\/bellintani-fala-sobre-acordo-com-o-city-e-exalta-redemocratizacao-do-clube\/"},"wordCount":230,"commentCount":0,"publisher":{"@id":"https:\/\/brasilnoticias.org\/site\/#organization"},"image":{"@id":"https:\/\/brasilnoticias.org\/site\/bellintani-fala-sobre-acordo-com-o-city-e-exalta-redemocratizacao-do-clube\/#primaryimage"},"thumbnailUrl":"https:\/\/brasilnoticias.org\/site\/wp-content\/uploads\/2023\/12\/WhatsApp-Image-2023-12-19-at-16.00.01-e1703012506639-740x470-1.jpeg","articleSection":["Esporte","\u00daltimas"],"inLanguage":"pt-PT","potentialAction":[{"@type":"CommentAction","name":"Comment","target":["https:\/\/brasilnoticias.org\/site\/bellintani-fala-sobre-acordo-com-o-city-e-exalta-redemocratizacao-do-clube\/#respond"]}]},{"@type":"WebPage","@id":"https:\/\/brasilnoticias.org\/site\/bellintani-fala-sobre-acordo-com-o-city-e-exalta-redemocratizacao-do-clube\/","url":"https:\/\/brasilnoticias.org\/site\/bellintani-fala-sobre-acordo-com-o-city-e-exalta-redemocratizacao-do-clube\/","name":"Bellintani fala sobre acordo com o City e exalta redemocratiza\u00e7\u00e3o do clube - Brasil not\u00edcias","isPartOf":{"@id":"https:\/\/brasilnoticias.org\/site\/#website"},"primaryImageOfPage":{"@id":"https:\/\/brasilnoticias.org\/site\/bellintani-fala-sobre-acordo-com-o-city-e-exalta-redemocratizacao-do-clube\/#primaryimage"},"image":{"@id":"https:\/\/brasilnoticias.org\/site\/bellintani-fala-sobre-acordo-com-o-city-e-exalta-redemocratizacao-do-clube\/#primaryimage"},"thumbnailUrl":"https:\/\/brasilnoticias.org\/site\/wp-content\/uploads\/2023\/12\/WhatsApp-Image-2023-12-19-at-16.00.01-e1703012506639-740x470-1.jpeg","datePublished":"2023-12-19T22:44:39+00:00","breadcrumb":{"@id":"https:\/\/brasilnoticias.org\/site\/bellintani-fala-sobre-acordo-com-o-city-e-exalta-redemocratizacao-do-clube\/#breadcrumb"},"inLanguage":"pt-PT","potentialAction":[{"@type":"ReadAction","target":["https:\/\/brasilnoticias.org\/site\/bellintani-fala-sobre-acordo-com-o-city-e-exalta-redemocratizacao-do-clube\/"]}]},{"@type":"ImageObject","inLanguage":"pt-PT","@id":"https:\/\/brasilnoticias.org\/site\/bellintani-fala-sobre-acordo-com-o-city-e-exalta-redemocratizacao-do-clube\/#primaryimage","url":"https:\/\/brasilnoticias.org\/site\/wp-content\/uploads\/2023\/12\/WhatsApp-Image-2023-12-19-at-16.00.01-e1703012506639-740x470-1.jpeg","contentUrl":"https:\/\/brasilnoticias.org\/site\/wp-content\/uploads\/2023\/12\/WhatsApp-Image-2023-12-19-at-16.00.01-e1703012506639-740x470-1.jpeg","width":740,"height":470},{"@type":"BreadcrumbList","@id":"https:\/\/brasilnoticias.org\/site\/bellintani-fala-sobre-acordo-com-o-city-e-exalta-redemocratizacao-do-clube\/#breadcrumb","itemListElement":[{"@type":"ListItem","position":1,"name":"In\u00edcio","item":"https:\/\/brasilnoticias.org\/site\/"},{"@type":"ListItem","position":2,"name":"Bellintani fala sobre acordo com o City e exalta redemocratiza\u00e7\u00e3o do clube"}]},{"@type":"WebSite","@id":"https:\/\/brasilnoticias.org\/site\/#website","url":"https:\/\/brasilnoticias.org\/site\/","name":"Brasil not\u00edcias","description":"Brasil not\u00edcias","publisher":{"@id":"https:\/\/brasilnoticias.org\/site\/#organization"},"potentialAction":[{"@type":"SearchAction","target":{"@type":"EntryPoint","urlTemplate":"https:\/\/brasilnoticias.org\/site\/?s={search_term_string}"},"query-input":{"@type":"PropertyValueSpecification","valueRequired":true,"valueName":"search_term_string"}}],"inLanguage":"pt-PT"},{"@type":"Organization","@id":"https:\/\/brasilnoticias.org\/site\/#organization","name":"Brasil not\u00edcias","url":"https:\/\/brasilnoticias.org\/site\/","logo":{"@type":"ImageObject","inLanguage":"pt-PT","@id":"https:\/\/brasilnoticias.org\/site\/#\/schema\/logo\/image\/","url":"https:\/\/brasilnoticias.org\/site\/wp-content\/uploads\/2022\/05\/cropped-brasilnoticias-mini.jpg","contentUrl":"https:\/\/brasilnoticias.org\/site\/wp-content\/uploads\/2022\/05\/cropped-brasilnoticias-mini.jpg","width":314,"height":86,"caption":"Brasil not\u00edcias"},"image":{"@id":"https:\/\/brasilnoticias.org\/site\/#\/schema\/logo\/image\/"}},{"@type":"Person","@id":"https:\/\/brasilnoticias.org\/site\/#\/schema\/person\/03bbbfe6c7634ad18c26444ea39049fa","name":"Reda\u00e7\u00e3o","image":{"@type":"ImageObject","inLanguage":"pt-PT","@id":"https:\/\/brasilnoticias.org\/site\/#\/schema\/person\/image\/","url":"https:\/\/secure.gravatar.com\/avatar\/9ecaf7327a696cb23ad926fedded5f1f04d7049de9e445375d55b48c001a6e42?s=96&d=mm&r=g","contentUrl":"https:\/\/secure.gravatar.com\/avatar\/9ecaf7327a696cb23ad926fedded5f1f04d7049de9e445375d55b48c001a6e42?s=96&d=mm&r=g","caption":"Reda\u00e7\u00e3o"},"url":"https:\/\/brasilnoticias.org\/site\/author\/henrique\/"}]}},"_links":{"self":[{"href":"https:\/\/brasilnoticias.org\/site\/wp-json\/wp\/v2\/posts\/11784","targetHints":{"allow":["GET"]}}],"collection":[{"href":"https:\/\/brasilnoticias.org\/site\/wp-json\/wp\/v2\/posts"}],"about":[{"href":"https:\/\/brasilnoticias.org\/site\/wp-json\/wp\/v2\/types\/post"}],"author":[{"embeddable":true,"href":"https:\/\/brasilnoticias.org\/site\/wp-json\/wp\/v2\/users\/4"}],"replies":[{"embeddable":true,"href":"https:\/\/brasilnoticias.org\/site\/wp-json\/wp\/v2\/comments?post=11784"}],"version-history":[{"count":1,"href":"https:\/\/brasilnoticias.org\/site\/wp-json\/wp\/v2\/posts\/11784\/revisions"}],"predecessor-version":[{"id":11786,"href":"https:\/\/brasilnoticias.org\/site\/wp-json\/wp\/v2\/posts\/11784\/revisions\/11786"}],"wp:featuredmedia":[{"embeddable":true,"href":"https:\/\/brasilnoticias.org\/site\/wp-json\/wp\/v2\/media\/11785"}],"wp:attachment":[{"href":"https:\/\/brasilnoticias.org\/site\/wp-json\/wp\/v2\/media?parent=11784"}],"wp:term":[{"taxonomy":"category","embeddable":true,"href":"https:\/\/brasilnoticias.org\/site\/wp-json\/wp\/v2\/categories?post=11784"},{"taxonomy":"post_tag","embeddable":true,"href":"https:\/\/brasilnoticias.org\/site\/wp-json\/wp\/v2\/tags?post=11784"}],"curies":[{"name":"wp","href":"https:\/\/api.w.org\/{rel}","templated":true}]}}