{"id":11794,"date":"2023-12-20T05:00:02","date_gmt":"2023-12-20T08:00:02","guid":{"rendered":"https:\/\/brasilnoticias.org\/site\/?p=11794"},"modified":"2023-12-19T19:51:37","modified_gmt":"2023-12-19T22:51:37","slug":"sob-protestos-de-moradores-camara-de-salvador-adia-votacao-sobre-proposta-de-venda-de-terrenos","status":"publish","type":"post","link":"https:\/\/brasilnoticias.org\/site\/sob-protestos-de-moradores-camara-de-salvador-adia-votacao-sobre-proposta-de-venda-de-terrenos\/","title":{"rendered":"Sob protestos de moradores, C\u00e2mara de Salvador adia vota\u00e7\u00e3o sobre proposta de venda de terrenos"},"content":{"rendered":"<p>A vota\u00e7\u00e3o agora est\u00e1 prevista para ocorrer na tarde desta quarta-feira (20)<\/p>\n<p>A C\u00e2mara de Salvador (CMS) suspendeu, nesta ter\u00e7a-feira (19), a sess\u00e3o em que votaria o projeto do Executivo que autoriza a prefeitura a vender 44 terrenos, incluindo 17 \u00e1reas verdes. A vota\u00e7\u00e3o agora est\u00e1 prevista para ocorrer na tarde desta quarta-feira (20). <\/p>\n<p>A sess\u00e3o plen\u00e1ria desta ter\u00e7a-feira foi marcada pela manifesta\u00e7\u00e3o de moradores de diversos bairros soteropolitanos. O grupo, que \u00e9 contr\u00e1rio ao projeto, levou cartazes ao Plen\u00e1rio Cosme de Farias e passou boa parte da sess\u00e3o gritando pela retirada da proposta da pauta de vota\u00e7\u00e3o. <\/p>\n<p>Diante da movimenta\u00e7\u00e3o, o segundo vice-presidente da Casa, vereador Isnard Ara\u00fajo (PL), pediu repetidamente para que os manifestantes fizessem sil\u00eancio, o que n\u00e3o foi acatado.<\/p>\n<p>&#8220;Voc\u00eas est\u00e3o sendo respeitados, mas n\u00e3o est\u00e3o respeitando quem est\u00e1 na tribuna. Pe\u00e7o que se mantenham dentro do crit\u00e9rio de respeito desta Casa. Se voc\u00eas continuarem com essa animosidade, vou fazer uso do poder da Mesa&#8221;, disse o parlamentar. Mesmo assim, os moradores permaneceram at\u00e9 o final da sess\u00e3o plen\u00e1ria.<\/p>\n<p><strong>Foto: Reprodu\u00e7\u00e3o\/CMS\/YouTube<br \/>\nPor: Metro1<\/strong><\/p>\n","protected":false},"excerpt":{"rendered":"<p>A vota\u00e7\u00e3o agora est\u00e1 prevista para ocorrer na tarde desta quarta-feira (20) A C\u00e2mara de Salvador (CMS) suspendeu, nesta ter\u00e7a-feira<\/p>\n","protected":false},"author":4,"featured_media":11795,"comment_status":"open","ping_status":"open","sticky":false,"template":"","format":"standard","meta":{"colormag_page_container_layout":"default_layout","colormag_page_sidebar_layout":"default_layout","_FSMCFIC_featured_image_caption":"","_FSMCFIC_featured_image_nocaption":"","_FSMCFIC_featured_image_hide":"","footnotes":""},"categories":[5,1],"tags":[],"class_list":["post-11794","post","type-post","status-publish","format-standard","has-post-thumbnail","hentry","category-politica","category-ultimas"],"yoast_head":"<!-- This site is optimized with the Yoast SEO plugin v27.1.1 - https:\/\/yoast.com\/product\/yoast-seo-wordpress\/ -->\n<title>Sob protestos de moradores, C\u00e2mara de Salvador adia vota\u00e7\u00e3o sobre proposta de venda de terrenos - Brasil not\u00edcias<\/title>\n<meta name=\"robots\" content=\"index, follow, max-snippet:-1, max-image-preview:large, max-video-preview:-1\" \/>\n<link rel=\"canonical\" href=\"https:\/\/brasilnoticias.org\/site\/sob-protestos-de-moradores-camara-de-salvador-adia-votacao-sobre-proposta-de-venda-de-terrenos\/\" \/>\n<meta property=\"og:locale\" content=\"pt_PT\" \/>\n<meta property=\"og:type\" content=\"article\" \/>\n<meta property=\"og:title\" content=\"Sob protestos de moradores, C\u00e2mara de Salvador adia vota\u00e7\u00e3o sobre proposta de venda de terrenos - Brasil not\u00edcias\" \/>\n<meta property=\"og:description\" content=\"A vota\u00e7\u00e3o agora est\u00e1 prevista para ocorrer na tarde desta quarta-feira (20) A C\u00e2mara de Salvador (CMS) suspendeu, nesta ter\u00e7a-feira\" \/>\n<meta property=\"og:url\" content=\"https:\/\/brasilnoticias.org\/site\/sob-protestos-de-moradores-camara-de-salvador-adia-votacao-sobre-proposta-de-venda-de-terrenos\/\" \/>\n<meta property=\"og:site_name\" content=\"Brasil not\u00edcias\" \/>\n<meta property=\"article:published_time\" content=\"2023-12-20T08:00:02+00:00\" \/>\n<meta property=\"og:image\" content=\"https:\/\/brasilnoticias.org\/site\/wp-content\/uploads\/2023\/12\/144412sob-protestos-de-moradores-camara-de-salvador-adia-votacao-sobre-proposta-de-venda-de-terrenos-3.jpg\" \/>\n\t<meta property=\"og:image:width\" content=\"1600\" \/>\n\t<meta property=\"og:image:height\" content=\"752\" \/>\n\t<meta property=\"og:image:type\" content=\"image\/jpeg\" \/>\n<meta name=\"author\" content=\"Reda\u00e7\u00e3o\" \/>\n<meta name=\"twitter:card\" content=\"summary_large_image\" \/>\n<meta name=\"twitter:label1\" content=\"Escrito por\" \/>\n\t<meta name=\"twitter:data1\" content=\"Reda\u00e7\u00e3o\" \/>\n\t<meta name=\"twitter:label2\" content=\"Tempo estimado de leitura\" \/>\n\t<meta name=\"twitter:data2\" content=\"1 minuto\" \/>\n<script type=\"application\/ld+json\" class=\"yoast-schema-graph\">{\"@context\":\"https:\/\/schema.org\",\"@graph\":[{\"@type\":\"Article\",\"@id\":\"https:\/\/brasilnoticias.org\/site\/sob-protestos-de-moradores-camara-de-salvador-adia-votacao-sobre-proposta-de-venda-de-terrenos\/#article\",\"isPartOf\":{\"@id\":\"https:\/\/brasilnoticias.org\/site\/sob-protestos-de-moradores-camara-de-salvador-adia-votacao-sobre-proposta-de-venda-de-terrenos\/\"},\"author\":{\"name\":\"Reda\u00e7\u00e3o\",\"@id\":\"https:\/\/brasilnoticias.org\/site\/#\/schema\/person\/03bbbfe6c7634ad18c26444ea39049fa\"},\"headline\":\"Sob protestos de moradores, C\u00e2mara de Salvador adia vota\u00e7\u00e3o sobre proposta de venda de terrenos\",\"datePublished\":\"2023-12-20T08:00:02+00:00\",\"mainEntityOfPage\":{\"@id\":\"https:\/\/brasilnoticias.org\/site\/sob-protestos-de-moradores-camara-de-salvador-adia-votacao-sobre-proposta-de-venda-de-terrenos\/\"},\"wordCount\":217,\"commentCount\":0,\"publisher\":{\"@id\":\"https:\/\/brasilnoticias.org\/site\/#organization\"},\"image\":{\"@id\":\"https:\/\/brasilnoticias.org\/site\/sob-protestos-de-moradores-camara-de-salvador-adia-votacao-sobre-proposta-de-venda-de-terrenos\/#primaryimage\"},\"thumbnailUrl\":\"https:\/\/brasilnoticias.org\/site\/wp-content\/uploads\/2023\/12\/144412sob-protestos-de-moradores-camara-de-salvador-adia-votacao-sobre-proposta-de-venda-de-terrenos-3.jpg\",\"articleSection\":[\"Pol\u00edtica\",\"\u00daltimas\"],\"inLanguage\":\"pt-PT\",\"potentialAction\":[{\"@type\":\"CommentAction\",\"name\":\"Comment\",\"target\":[\"https:\/\/brasilnoticias.org\/site\/sob-protestos-de-moradores-camara-de-salvador-adia-votacao-sobre-proposta-de-venda-de-terrenos\/#respond\"]}]},{\"@type\":\"WebPage\",\"@id\":\"https:\/\/brasilnoticias.org\/site\/sob-protestos-de-moradores-camara-de-salvador-adia-votacao-sobre-proposta-de-venda-de-terrenos\/\",\"url\":\"https:\/\/brasilnoticias.org\/site\/sob-protestos-de-moradores-camara-de-salvador-adia-votacao-sobre-proposta-de-venda-de-terrenos\/\",\"name\":\"Sob protestos de moradores, C\u00e2mara de Salvador adia vota\u00e7\u00e3o sobre proposta de venda de terrenos - Brasil not\u00edcias\",\"isPartOf\":{\"@id\":\"https:\/\/brasilnoticias.org\/site\/#website\"},\"primaryImageOfPage\":{\"@id\":\"https:\/\/brasilnoticias.org\/site\/sob-protestos-de-moradores-camara-de-salvador-adia-votacao-sobre-proposta-de-venda-de-terrenos\/#primaryimage\"},\"image\":{\"@id\":\"https:\/\/brasilnoticias.org\/site\/sob-protestos-de-moradores-camara-de-salvador-adia-votacao-sobre-proposta-de-venda-de-terrenos\/#primaryimage\"},\"thumbnailUrl\":\"https:\/\/brasilnoticias.org\/site\/wp-content\/uploads\/2023\/12\/144412sob-protestos-de-moradores-camara-de-salvador-adia-votacao-sobre-proposta-de-venda-de-terrenos-3.jpg\",\"datePublished\":\"2023-12-20T08:00:02+00:00\",\"breadcrumb\":{\"@id\":\"https:\/\/brasilnoticias.org\/site\/sob-protestos-de-moradores-camara-de-salvador-adia-votacao-sobre-proposta-de-venda-de-terrenos\/#breadcrumb\"},\"inLanguage\":\"pt-PT\",\"potentialAction\":[{\"@type\":\"ReadAction\",\"target\":[\"https:\/\/brasilnoticias.org\/site\/sob-protestos-de-moradores-camara-de-salvador-adia-votacao-sobre-proposta-de-venda-de-terrenos\/\"]}]},{\"@type\":\"ImageObject\",\"inLanguage\":\"pt-PT\",\"@id\":\"https:\/\/brasilnoticias.org\/site\/sob-protestos-de-moradores-camara-de-salvador-adia-votacao-sobre-proposta-de-venda-de-terrenos\/#primaryimage\",\"url\":\"https:\/\/brasilnoticias.org\/site\/wp-content\/uploads\/2023\/12\/144412sob-protestos-de-moradores-camara-de-salvador-adia-votacao-sobre-proposta-de-venda-de-terrenos-3.jpg\",\"contentUrl\":\"https:\/\/brasilnoticias.org\/site\/wp-content\/uploads\/2023\/12\/144412sob-protestos-de-moradores-camara-de-salvador-adia-votacao-sobre-proposta-de-venda-de-terrenos-3.jpg\",\"width\":1600,\"height\":752},{\"@type\":\"BreadcrumbList\",\"@id\":\"https:\/\/brasilnoticias.org\/site\/sob-protestos-de-moradores-camara-de-salvador-adia-votacao-sobre-proposta-de-venda-de-terrenos\/#breadcrumb\",\"itemListElement\":[{\"@type\":\"ListItem\",\"position\":1,\"name\":\"In\u00edcio\",\"item\":\"https:\/\/brasilnoticias.org\/site\/\"},{\"@type\":\"ListItem\",\"position\":2,\"name\":\"Sob protestos de moradores, C\u00e2mara de Salvador adia vota\u00e7\u00e3o sobre proposta de venda de terrenos\"}]},{\"@type\":\"WebSite\",\"@id\":\"https:\/\/brasilnoticias.org\/site\/#website\",\"url\":\"https:\/\/brasilnoticias.org\/site\/\",\"name\":\"Brasil not\u00edcias\",\"description\":\"Brasil not\u00edcias\",\"publisher\":{\"@id\":\"https:\/\/brasilnoticias.org\/site\/#organization\"},\"potentialAction\":[{\"@type\":\"SearchAction\",\"target\":{\"@type\":\"EntryPoint\",\"urlTemplate\":\"https:\/\/brasilnoticias.org\/site\/?s={search_term_string}\"},\"query-input\":{\"@type\":\"PropertyValueSpecification\",\"valueRequired\":true,\"valueName\":\"search_term_string\"}}],\"inLanguage\":\"pt-PT\"},{\"@type\":\"Organization\",\"@id\":\"https:\/\/brasilnoticias.org\/site\/#organization\",\"name\":\"Brasil not\u00edcias\",\"url\":\"https:\/\/brasilnoticias.org\/site\/\",\"logo\":{\"@type\":\"ImageObject\",\"inLanguage\":\"pt-PT\",\"@id\":\"https:\/\/brasilnoticias.org\/site\/#\/schema\/logo\/image\/\",\"url\":\"https:\/\/brasilnoticias.org\/site\/wp-content\/uploads\/2022\/05\/cropped-brasilnoticias-mini.jpg\",\"contentUrl\":\"https:\/\/brasilnoticias.org\/site\/wp-content\/uploads\/2022\/05\/cropped-brasilnoticias-mini.jpg\",\"width\":314,\"height\":86,\"caption\":\"Brasil not\u00edcias\"},\"image\":{\"@id\":\"https:\/\/brasilnoticias.org\/site\/#\/schema\/logo\/image\/\"}},{\"@type\":\"Person\",\"@id\":\"https:\/\/brasilnoticias.org\/site\/#\/schema\/person\/03bbbfe6c7634ad18c26444ea39049fa\",\"name\":\"Reda\u00e7\u00e3o\",\"image\":{\"@type\":\"ImageObject\",\"inLanguage\":\"pt-PT\",\"@id\":\"https:\/\/brasilnoticias.org\/site\/#\/schema\/person\/image\/\",\"url\":\"https:\/\/secure.gravatar.com\/avatar\/9ecaf7327a696cb23ad926fedded5f1f04d7049de9e445375d55b48c001a6e42?s=96&d=mm&r=g\",\"contentUrl\":\"https:\/\/secure.gravatar.com\/avatar\/9ecaf7327a696cb23ad926fedded5f1f04d7049de9e445375d55b48c001a6e42?s=96&d=mm&r=g\",\"caption\":\"Reda\u00e7\u00e3o\"},\"url\":\"https:\/\/brasilnoticias.org\/site\/author\/henrique\/\"}]}<\/script>\n<!-- \/ Yoast SEO plugin. -->","yoast_head_json":{"title":"Sob protestos de moradores, C\u00e2mara de Salvador adia vota\u00e7\u00e3o sobre proposta de venda de terrenos - Brasil not\u00edcias","robots":{"index":"index","follow":"follow","max-snippet":"max-snippet:-1","max-image-preview":"max-image-preview:large","max-video-preview":"max-video-preview:-1"},"canonical":"https:\/\/brasilnoticias.org\/site\/sob-protestos-de-moradores-camara-de-salvador-adia-votacao-sobre-proposta-de-venda-de-terrenos\/","og_locale":"pt_PT","og_type":"article","og_title":"Sob protestos de moradores, C\u00e2mara de Salvador adia vota\u00e7\u00e3o sobre proposta de venda de terrenos - Brasil not\u00edcias","og_description":"A vota\u00e7\u00e3o agora est\u00e1 prevista para ocorrer na tarde desta quarta-feira (20) A C\u00e2mara de Salvador (CMS) suspendeu, nesta ter\u00e7a-feira","og_url":"https:\/\/brasilnoticias.org\/site\/sob-protestos-de-moradores-camara-de-salvador-adia-votacao-sobre-proposta-de-venda-de-terrenos\/","og_site_name":"Brasil not\u00edcias","article_published_time":"2023-12-20T08:00:02+00:00","og_image":[{"width":1600,"height":752,"url":"https:\/\/brasilnoticias.org\/site\/wp-content\/uploads\/2023\/12\/144412sob-protestos-de-moradores-camara-de-salvador-adia-votacao-sobre-proposta-de-venda-de-terrenos-3.jpg","type":"image\/jpeg"}],"author":"Reda\u00e7\u00e3o","twitter_card":"summary_large_image","twitter_misc":{"Escrito por":"Reda\u00e7\u00e3o","Tempo estimado de leitura":"1 minuto"},"schema":{"@context":"https:\/\/schema.org","@graph":[{"@type":"Article","@id":"https:\/\/brasilnoticias.org\/site\/sob-protestos-de-moradores-camara-de-salvador-adia-votacao-sobre-proposta-de-venda-de-terrenos\/#article","isPartOf":{"@id":"https:\/\/brasilnoticias.org\/site\/sob-protestos-de-moradores-camara-de-salvador-adia-votacao-sobre-proposta-de-venda-de-terrenos\/"},"author":{"name":"Reda\u00e7\u00e3o","@id":"https:\/\/brasilnoticias.org\/site\/#\/schema\/person\/03bbbfe6c7634ad18c26444ea39049fa"},"headline":"Sob protestos de moradores, C\u00e2mara de Salvador adia vota\u00e7\u00e3o sobre proposta de venda de terrenos","datePublished":"2023-12-20T08:00:02+00:00","mainEntityOfPage":{"@id":"https:\/\/brasilnoticias.org\/site\/sob-protestos-de-moradores-camara-de-salvador-adia-votacao-sobre-proposta-de-venda-de-terrenos\/"},"wordCount":217,"commentCount":0,"publisher":{"@id":"https:\/\/brasilnoticias.org\/site\/#organization"},"image":{"@id":"https:\/\/brasilnoticias.org\/site\/sob-protestos-de-moradores-camara-de-salvador-adia-votacao-sobre-proposta-de-venda-de-terrenos\/#primaryimage"},"thumbnailUrl":"https:\/\/brasilnoticias.org\/site\/wp-content\/uploads\/2023\/12\/144412sob-protestos-de-moradores-camara-de-salvador-adia-votacao-sobre-proposta-de-venda-de-terrenos-3.jpg","articleSection":["Pol\u00edtica","\u00daltimas"],"inLanguage":"pt-PT","potentialAction":[{"@type":"CommentAction","name":"Comment","target":["https:\/\/brasilnoticias.org\/site\/sob-protestos-de-moradores-camara-de-salvador-adia-votacao-sobre-proposta-de-venda-de-terrenos\/#respond"]}]},{"@type":"WebPage","@id":"https:\/\/brasilnoticias.org\/site\/sob-protestos-de-moradores-camara-de-salvador-adia-votacao-sobre-proposta-de-venda-de-terrenos\/","url":"https:\/\/brasilnoticias.org\/site\/sob-protestos-de-moradores-camara-de-salvador-adia-votacao-sobre-proposta-de-venda-de-terrenos\/","name":"Sob protestos de moradores, C\u00e2mara de Salvador adia vota\u00e7\u00e3o sobre proposta de venda de terrenos - Brasil not\u00edcias","isPartOf":{"@id":"https:\/\/brasilnoticias.org\/site\/#website"},"primaryImageOfPage":{"@id":"https:\/\/brasilnoticias.org\/site\/sob-protestos-de-moradores-camara-de-salvador-adia-votacao-sobre-proposta-de-venda-de-terrenos\/#primaryimage"},"image":{"@id":"https:\/\/brasilnoticias.org\/site\/sob-protestos-de-moradores-camara-de-salvador-adia-votacao-sobre-proposta-de-venda-de-terrenos\/#primaryimage"},"thumbnailUrl":"https:\/\/brasilnoticias.org\/site\/wp-content\/uploads\/2023\/12\/144412sob-protestos-de-moradores-camara-de-salvador-adia-votacao-sobre-proposta-de-venda-de-terrenos-3.jpg","datePublished":"2023-12-20T08:00:02+00:00","breadcrumb":{"@id":"https:\/\/brasilnoticias.org\/site\/sob-protestos-de-moradores-camara-de-salvador-adia-votacao-sobre-proposta-de-venda-de-terrenos\/#breadcrumb"},"inLanguage":"pt-PT","potentialAction":[{"@type":"ReadAction","target":["https:\/\/brasilnoticias.org\/site\/sob-protestos-de-moradores-camara-de-salvador-adia-votacao-sobre-proposta-de-venda-de-terrenos\/"]}]},{"@type":"ImageObject","inLanguage":"pt-PT","@id":"https:\/\/brasilnoticias.org\/site\/sob-protestos-de-moradores-camara-de-salvador-adia-votacao-sobre-proposta-de-venda-de-terrenos\/#primaryimage","url":"https:\/\/brasilnoticias.org\/site\/wp-content\/uploads\/2023\/12\/144412sob-protestos-de-moradores-camara-de-salvador-adia-votacao-sobre-proposta-de-venda-de-terrenos-3.jpg","contentUrl":"https:\/\/brasilnoticias.org\/site\/wp-content\/uploads\/2023\/12\/144412sob-protestos-de-moradores-camara-de-salvador-adia-votacao-sobre-proposta-de-venda-de-terrenos-3.jpg","width":1600,"height":752},{"@type":"BreadcrumbList","@id":"https:\/\/brasilnoticias.org\/site\/sob-protestos-de-moradores-camara-de-salvador-adia-votacao-sobre-proposta-de-venda-de-terrenos\/#breadcrumb","itemListElement":[{"@type":"ListItem","position":1,"name":"In\u00edcio","item":"https:\/\/brasilnoticias.org\/site\/"},{"@type":"ListItem","position":2,"name":"Sob protestos de moradores, C\u00e2mara de Salvador adia vota\u00e7\u00e3o sobre proposta de venda de terrenos"}]},{"@type":"WebSite","@id":"https:\/\/brasilnoticias.org\/site\/#website","url":"https:\/\/brasilnoticias.org\/site\/","name":"Brasil not\u00edcias","description":"Brasil not\u00edcias","publisher":{"@id":"https:\/\/brasilnoticias.org\/site\/#organization"},"potentialAction":[{"@type":"SearchAction","target":{"@type":"EntryPoint","urlTemplate":"https:\/\/brasilnoticias.org\/site\/?s={search_term_string}"},"query-input":{"@type":"PropertyValueSpecification","valueRequired":true,"valueName":"search_term_string"}}],"inLanguage":"pt-PT"},{"@type":"Organization","@id":"https:\/\/brasilnoticias.org\/site\/#organization","name":"Brasil not\u00edcias","url":"https:\/\/brasilnoticias.org\/site\/","logo":{"@type":"ImageObject","inLanguage":"pt-PT","@id":"https:\/\/brasilnoticias.org\/site\/#\/schema\/logo\/image\/","url":"https:\/\/brasilnoticias.org\/site\/wp-content\/uploads\/2022\/05\/cropped-brasilnoticias-mini.jpg","contentUrl":"https:\/\/brasilnoticias.org\/site\/wp-content\/uploads\/2022\/05\/cropped-brasilnoticias-mini.jpg","width":314,"height":86,"caption":"Brasil not\u00edcias"},"image":{"@id":"https:\/\/brasilnoticias.org\/site\/#\/schema\/logo\/image\/"}},{"@type":"Person","@id":"https:\/\/brasilnoticias.org\/site\/#\/schema\/person\/03bbbfe6c7634ad18c26444ea39049fa","name":"Reda\u00e7\u00e3o","image":{"@type":"ImageObject","inLanguage":"pt-PT","@id":"https:\/\/brasilnoticias.org\/site\/#\/schema\/person\/image\/","url":"https:\/\/secure.gravatar.com\/avatar\/9ecaf7327a696cb23ad926fedded5f1f04d7049de9e445375d55b48c001a6e42?s=96&d=mm&r=g","contentUrl":"https:\/\/secure.gravatar.com\/avatar\/9ecaf7327a696cb23ad926fedded5f1f04d7049de9e445375d55b48c001a6e42?s=96&d=mm&r=g","caption":"Reda\u00e7\u00e3o"},"url":"https:\/\/brasilnoticias.org\/site\/author\/henrique\/"}]}},"_links":{"self":[{"href":"https:\/\/brasilnoticias.org\/site\/wp-json\/wp\/v2\/posts\/11794","targetHints":{"allow":["GET"]}}],"collection":[{"href":"https:\/\/brasilnoticias.org\/site\/wp-json\/wp\/v2\/posts"}],"about":[{"href":"https:\/\/brasilnoticias.org\/site\/wp-json\/wp\/v2\/types\/post"}],"author":[{"embeddable":true,"href":"https:\/\/brasilnoticias.org\/site\/wp-json\/wp\/v2\/users\/4"}],"replies":[{"embeddable":true,"href":"https:\/\/brasilnoticias.org\/site\/wp-json\/wp\/v2\/comments?post=11794"}],"version-history":[{"count":1,"href":"https:\/\/brasilnoticias.org\/site\/wp-json\/wp\/v2\/posts\/11794\/revisions"}],"predecessor-version":[{"id":11796,"href":"https:\/\/brasilnoticias.org\/site\/wp-json\/wp\/v2\/posts\/11794\/revisions\/11796"}],"wp:featuredmedia":[{"embeddable":true,"href":"https:\/\/brasilnoticias.org\/site\/wp-json\/wp\/v2\/media\/11795"}],"wp:attachment":[{"href":"https:\/\/brasilnoticias.org\/site\/wp-json\/wp\/v2\/media?parent=11794"}],"wp:term":[{"taxonomy":"category","embeddable":true,"href":"https:\/\/brasilnoticias.org\/site\/wp-json\/wp\/v2\/categories?post=11794"},{"taxonomy":"post_tag","embeddable":true,"href":"https:\/\/brasilnoticias.org\/site\/wp-json\/wp\/v2\/tags?post=11794"}],"curies":[{"name":"wp","href":"https:\/\/api.w.org\/{rel}","templated":true}]}}