{"id":1182,"date":"2022-08-16T10:29:37","date_gmt":"2022-08-16T13:29:37","guid":{"rendered":"https:\/\/brasilnoticias.org\/site\/?p=1182"},"modified":"2022-08-16T10:29:37","modified_gmt":"2022-08-16T13:29:37","slug":"delegado-da-pf-pediu-busca-e-apreensao-contra-aras-e-paulo-guedes","status":"publish","type":"post","link":"https:\/\/brasilnoticias.org\/site\/delegado-da-pf-pediu-busca-e-apreensao-contra-aras-e-paulo-guedes\/","title":{"rendered":"DELEGADO DA PF PEDIU BUSCA E APREENS\u00c3O CONTRA ARAS E PAULO GUEDES"},"content":{"rendered":"<p>O delegado da Pol\u00edcia Federal Bruno Calandrini pediu ao STF (Supremo Tribunal Federal) a realiza\u00e7\u00e3o de busca e apreens\u00e3o em endere\u00e7os do procurador-geral da Rep\u00fablica, Augusto Aras, do ministro da Economia, Paulo Guedes, e de seu advogado Ticiano Figueiredo.<\/p>\n<p>O pedido e outras solicita\u00e7\u00f5es feitas pelo delegado foram negados pelo ministro Luis Roberto Barroso, relator do inqu\u00e9rito no STF (Supremo Tribunal Federal).<\/p>\n<p>A requisi\u00e7\u00e3o foi feita no \u00e2mbito de um inqu\u00e9rito que investiga o senador Renan Calheiros (MDB-AL) por supostos desvios no Postalis, fundo de pens\u00e3o dos Correios.<\/p>\n<p>Em maio, ap\u00f3s o delegado pedir para ouvir Guedes, o advogado do ministro tentou marcar uma reuni\u00e3o fora da agenda com Aras, para tentar evitar o depoimento \u00e0 PF.<\/p>\n<p>O pedido de reuni\u00e3o foi divulgado pelo pr\u00f3prio Aras, que em um ato falho publicou em seu status no WhatsApp um texto de um auxiliar que deveria ser enviado em uma mensagem particular.<\/p>\n<p>A conversa vazada foi o motivo utilizado pelo delegado para solicitar a busca e apreens\u00e3o e, tamb\u00e9m, uma per\u00edcia no celular de Aras.<\/p>\n<p>Apesar de Guedes n\u00e3o ser investigado no inqu\u00e9rito que mira Calheiros, a PF pediu o depoimento do ministro como declarante \u2013ou seja, n\u00e3o investigado.<\/p>\n<p>\u201cSeria poss\u00edvel receber o advogado do Paulo Guedes, o Dr. Ticiano Figueiredo, por cinco minutos? Assunto: poss\u00edvel dispensa de Paulo Guedes, junto \u00e0 PF, em processo investigativo contra Renan Calheiros, onde Guedes n\u00e3o \u00e9 parte\u201d, dizia a mensagem divulgada por Aras por engano.<\/p>\n<p>\u201cSim. Falaremos por celular e ajustaremos\u201d, respondeu Aras ao auxiliar. Os textos foram exclu\u00eddos pelo procurador-Geral minutos ap\u00f3s a publica\u00e7\u00e3o.<\/p>\n<p>Cinco dias ap\u00f3s Aras divulgar erroneamente o pedido de reuni\u00e3o, a PGR (Procuradoria-Geral da Rep\u00fablica) se manifestou no inqu\u00e9rito contra o depoimento de Guedes. O ministro Lu\u00eds Roberto Barroso decidiu em 31 de maio seguir a posi\u00e7\u00e3o de Aras e negar o pedido da PF para ouvir Guedes.<\/p>\n<p>A investiga\u00e7\u00e3o que mira Calheiros tem origem no acordo de colabora\u00e7\u00e3o premiada de um ex-executivo da Hypermarcas, atual Hypera Pharma. O acordo foi assinado pela PGR na gest\u00e3o do ent\u00e3o procurador-geral Rodrigo Janot.<\/p>\n<p>A apura\u00e7\u00e3o foi aberta em 2017 e mira a rela\u00e7\u00e3o do senador com Milton Lyra, apontado pelos investigadores como lobista de integrantes do MDB no Postalis.<\/p>\n<p>Em nota sobre o pedido feito pela PF, o advogado Ticiano Figueiredo diz que o ato do delegado \u201cse revela autorit\u00e1rio, odioso e destoa do trabalho relevante dos delegados da Pol\u00edcia Federal\u201d.<\/p>\n<p>Segundo ele, o direito de defesa \u201c\u00e9 um dos pilares do Estado Democr\u00e1tico de Direito e n\u00e3o pode, jamais, ser criminalizado por quem quer que seja\u201d.<\/p>\n<p>Calandrini, o delegado que conduz o caso e pediu a busca contra Aras e Guedes, \u00e9 o mesmo respons\u00e1vel pelo inqu\u00e9rito que investiga o ex-ministro da Educa\u00e7\u00e3o Milton Ribeiro.<\/p>\n<p>No dia da opera\u00e7\u00e3o contra o ex-ministro, ele acusou a dire\u00e7\u00e3o da PF de interfer\u00eancia ap\u00f3s receber uma negativa da c\u00fapula do \u00f3rg\u00e3o para transferir Ribeiro de S\u00e3o Paulo para Bras\u00edlia.<\/p>\n<p>Como mostrou a Folha de S.Paulo, a c\u00fapula da PF havia alegado risco de seguran\u00e7a e restri\u00e7\u00f5es or\u00e7ament\u00e1rias para justificar a perman\u00eancia do ex-ministro na capital paulista.<\/p>\n<p>Calandrini, por sua vez, afirmou na mensagem aos colega que a a\u00e7\u00e3o da dire\u00e7\u00e3o do \u00f3rg\u00e3o para supostamente evitar o translado demonstra a interfer\u00eancia e acarreta em falta de autonomia para que ele conduza a apura\u00e7\u00e3o com independ\u00eancia e seguran\u00e7a institucional.<\/p>\n<p>O deslocamento de Milton para a carceragem da PF em SP \u00e9 demonstra\u00e7\u00e3o de interfer\u00eancia na condu\u00e7\u00e3o da investiga\u00e7\u00e3o, por isso, afirmo n\u00e3o ter autonomia investigativa e administrativa para conduzir o inqu\u00e9rito policial deste caso com independ\u00eancia e seguran\u00e7a institucional\u201d, diz trecho da mensagem.<\/p>\n<p>&nbsp;<\/p>\n<p>&nbsp;<\/p>\n<p>&nbsp;<\/p>\n<p>Bnews<\/p>\n","protected":false},"excerpt":{"rendered":"<p>O delegado da Pol\u00edcia Federal Bruno Calandrini pediu ao STF (Supremo Tribunal Federal) a realiza\u00e7\u00e3o de busca e apreens\u00e3o em<\/p>\n","protected":false},"author":2,"featured_media":0,"comment_status":"open","ping_status":"open","sticky":false,"template":"","format":"standard","meta":{"colormag_page_container_layout":"default_layout","colormag_page_sidebar_layout":"default_layout","_FSMCFIC_featured_image_caption":"","_FSMCFIC_featured_image_nocaption":"","_FSMCFIC_featured_image_hide":"","footnotes":""},"categories":[7,1],"tags":[],"class_list":["post-1182","post","type-post","status-publish","format-standard","hentry","category-justica","category-ultimas"],"yoast_head":"<!-- This site is optimized with the Yoast SEO plugin v27.1.1 - https:\/\/yoast.com\/product\/yoast-seo-wordpress\/ -->\n<title>DELEGADO DA PF PEDIU BUSCA E APREENS\u00c3O CONTRA ARAS E PAULO GUEDES - Brasil not\u00edcias<\/title>\n<meta name=\"robots\" content=\"index, follow, max-snippet:-1, max-image-preview:large, max-video-preview:-1\" \/>\n<link rel=\"canonical\" href=\"https:\/\/brasilnoticias.org\/site\/delegado-da-pf-pediu-busca-e-apreensao-contra-aras-e-paulo-guedes\/\" \/>\n<meta property=\"og:locale\" content=\"pt_PT\" \/>\n<meta property=\"og:type\" content=\"article\" \/>\n<meta property=\"og:title\" content=\"DELEGADO DA PF PEDIU BUSCA E APREENS\u00c3O CONTRA ARAS E PAULO GUEDES - Brasil not\u00edcias\" \/>\n<meta property=\"og:description\" content=\"O delegado da Pol\u00edcia Federal Bruno Calandrini pediu ao STF (Supremo Tribunal Federal) a realiza\u00e7\u00e3o de busca e apreens\u00e3o em\" \/>\n<meta property=\"og:url\" content=\"https:\/\/brasilnoticias.org\/site\/delegado-da-pf-pediu-busca-e-apreensao-contra-aras-e-paulo-guedes\/\" \/>\n<meta property=\"og:site_name\" content=\"Brasil not\u00edcias\" \/>\n<meta property=\"article:published_time\" content=\"2022-08-16T13:29:37+00:00\" \/>\n<meta name=\"author\" content=\"Reda\u00e7\u00e3o\" \/>\n<meta name=\"twitter:card\" content=\"summary_large_image\" \/>\n<meta name=\"twitter:label1\" content=\"Escrito por\" \/>\n\t<meta name=\"twitter:data1\" content=\"Reda\u00e7\u00e3o\" \/>\n\t<meta name=\"twitter:label2\" content=\"Tempo estimado de leitura\" \/>\n\t<meta name=\"twitter:data2\" content=\"3 minutos\" \/>\n<script type=\"application\/ld+json\" class=\"yoast-schema-graph\">{\"@context\":\"https:\/\/schema.org\",\"@graph\":[{\"@type\":\"Article\",\"@id\":\"https:\/\/brasilnoticias.org\/site\/delegado-da-pf-pediu-busca-e-apreensao-contra-aras-e-paulo-guedes\/#article\",\"isPartOf\":{\"@id\":\"https:\/\/brasilnoticias.org\/site\/delegado-da-pf-pediu-busca-e-apreensao-contra-aras-e-paulo-guedes\/\"},\"author\":{\"name\":\"Reda\u00e7\u00e3o\",\"@id\":\"https:\/\/brasilnoticias.org\/site\/#\/schema\/person\/f609fa847b5314f1c8b983342f34c798\"},\"headline\":\"DELEGADO DA PF PEDIU BUSCA E APREENS\u00c3O CONTRA ARAS E PAULO GUEDES\",\"datePublished\":\"2022-08-16T13:29:37+00:00\",\"mainEntityOfPage\":{\"@id\":\"https:\/\/brasilnoticias.org\/site\/delegado-da-pf-pediu-busca-e-apreensao-contra-aras-e-paulo-guedes\/\"},\"wordCount\":681,\"commentCount\":0,\"publisher\":{\"@id\":\"https:\/\/brasilnoticias.org\/site\/#organization\"},\"articleSection\":[\"Justi\u00e7a\",\"\u00daltimas\"],\"inLanguage\":\"pt-PT\",\"potentialAction\":[{\"@type\":\"CommentAction\",\"name\":\"Comment\",\"target\":[\"https:\/\/brasilnoticias.org\/site\/delegado-da-pf-pediu-busca-e-apreensao-contra-aras-e-paulo-guedes\/#respond\"]}]},{\"@type\":\"WebPage\",\"@id\":\"https:\/\/brasilnoticias.org\/site\/delegado-da-pf-pediu-busca-e-apreensao-contra-aras-e-paulo-guedes\/\",\"url\":\"https:\/\/brasilnoticias.org\/site\/delegado-da-pf-pediu-busca-e-apreensao-contra-aras-e-paulo-guedes\/\",\"name\":\"DELEGADO DA PF PEDIU BUSCA E APREENS\u00c3O CONTRA ARAS E PAULO GUEDES - Brasil not\u00edcias\",\"isPartOf\":{\"@id\":\"https:\/\/brasilnoticias.org\/site\/#website\"},\"datePublished\":\"2022-08-16T13:29:37+00:00\",\"breadcrumb\":{\"@id\":\"https:\/\/brasilnoticias.org\/site\/delegado-da-pf-pediu-busca-e-apreensao-contra-aras-e-paulo-guedes\/#breadcrumb\"},\"inLanguage\":\"pt-PT\",\"potentialAction\":[{\"@type\":\"ReadAction\",\"target\":[\"https:\/\/brasilnoticias.org\/site\/delegado-da-pf-pediu-busca-e-apreensao-contra-aras-e-paulo-guedes\/\"]}]},{\"@type\":\"BreadcrumbList\",\"@id\":\"https:\/\/brasilnoticias.org\/site\/delegado-da-pf-pediu-busca-e-apreensao-contra-aras-e-paulo-guedes\/#breadcrumb\",\"itemListElement\":[{\"@type\":\"ListItem\",\"position\":1,\"name\":\"In\u00edcio\",\"item\":\"https:\/\/brasilnoticias.org\/site\/\"},{\"@type\":\"ListItem\",\"position\":2,\"name\":\"DELEGADO DA PF PEDIU BUSCA E APREENS\u00c3O CONTRA ARAS E PAULO GUEDES\"}]},{\"@type\":\"WebSite\",\"@id\":\"https:\/\/brasilnoticias.org\/site\/#website\",\"url\":\"https:\/\/brasilnoticias.org\/site\/\",\"name\":\"Brasil not\u00edcias\",\"description\":\"Brasil not\u00edcias\",\"publisher\":{\"@id\":\"https:\/\/brasilnoticias.org\/site\/#organization\"},\"potentialAction\":[{\"@type\":\"SearchAction\",\"target\":{\"@type\":\"EntryPoint\",\"urlTemplate\":\"https:\/\/brasilnoticias.org\/site\/?s={search_term_string}\"},\"query-input\":{\"@type\":\"PropertyValueSpecification\",\"valueRequired\":true,\"valueName\":\"search_term_string\"}}],\"inLanguage\":\"pt-PT\"},{\"@type\":\"Organization\",\"@id\":\"https:\/\/brasilnoticias.org\/site\/#organization\",\"name\":\"Brasil not\u00edcias\",\"url\":\"https:\/\/brasilnoticias.org\/site\/\",\"logo\":{\"@type\":\"ImageObject\",\"inLanguage\":\"pt-PT\",\"@id\":\"https:\/\/brasilnoticias.org\/site\/#\/schema\/logo\/image\/\",\"url\":\"https:\/\/brasilnoticias.org\/site\/wp-content\/uploads\/2022\/05\/cropped-brasilnoticias-mini.jpg\",\"contentUrl\":\"https:\/\/brasilnoticias.org\/site\/wp-content\/uploads\/2022\/05\/cropped-brasilnoticias-mini.jpg\",\"width\":314,\"height\":86,\"caption\":\"Brasil not\u00edcias\"},\"image\":{\"@id\":\"https:\/\/brasilnoticias.org\/site\/#\/schema\/logo\/image\/\"}},{\"@type\":\"Person\",\"@id\":\"https:\/\/brasilnoticias.org\/site\/#\/schema\/person\/f609fa847b5314f1c8b983342f34c798\",\"name\":\"Reda\u00e7\u00e3o\",\"image\":{\"@type\":\"ImageObject\",\"inLanguage\":\"pt-PT\",\"@id\":\"https:\/\/brasilnoticias.org\/site\/#\/schema\/person\/image\/\",\"url\":\"https:\/\/secure.gravatar.com\/avatar\/447284c06c1ad8b46465a36de9cd0d8326b73387a22799b8b1ffb1fbcff2ed0c?s=96&d=mm&r=g\",\"contentUrl\":\"https:\/\/secure.gravatar.com\/avatar\/447284c06c1ad8b46465a36de9cd0d8326b73387a22799b8b1ffb1fbcff2ed0c?s=96&d=mm&r=g\",\"caption\":\"Reda\u00e7\u00e3o\"},\"url\":\"https:\/\/brasilnoticias.org\/site\/author\/redacao\/\"}]}<\/script>\n<!-- \/ Yoast SEO plugin. -->","yoast_head_json":{"title":"DELEGADO DA PF PEDIU BUSCA E APREENS\u00c3O CONTRA ARAS E PAULO GUEDES - Brasil not\u00edcias","robots":{"index":"index","follow":"follow","max-snippet":"max-snippet:-1","max-image-preview":"max-image-preview:large","max-video-preview":"max-video-preview:-1"},"canonical":"https:\/\/brasilnoticias.org\/site\/delegado-da-pf-pediu-busca-e-apreensao-contra-aras-e-paulo-guedes\/","og_locale":"pt_PT","og_type":"article","og_title":"DELEGADO DA PF PEDIU BUSCA E APREENS\u00c3O CONTRA ARAS E PAULO GUEDES - Brasil not\u00edcias","og_description":"O delegado da Pol\u00edcia Federal Bruno Calandrini pediu ao STF (Supremo Tribunal Federal) a realiza\u00e7\u00e3o de busca e apreens\u00e3o em","og_url":"https:\/\/brasilnoticias.org\/site\/delegado-da-pf-pediu-busca-e-apreensao-contra-aras-e-paulo-guedes\/","og_site_name":"Brasil not\u00edcias","article_published_time":"2022-08-16T13:29:37+00:00","author":"Reda\u00e7\u00e3o","twitter_card":"summary_large_image","twitter_misc":{"Escrito por":"Reda\u00e7\u00e3o","Tempo estimado de leitura":"3 minutos"},"schema":{"@context":"https:\/\/schema.org","@graph":[{"@type":"Article","@id":"https:\/\/brasilnoticias.org\/site\/delegado-da-pf-pediu-busca-e-apreensao-contra-aras-e-paulo-guedes\/#article","isPartOf":{"@id":"https:\/\/brasilnoticias.org\/site\/delegado-da-pf-pediu-busca-e-apreensao-contra-aras-e-paulo-guedes\/"},"author":{"name":"Reda\u00e7\u00e3o","@id":"https:\/\/brasilnoticias.org\/site\/#\/schema\/person\/f609fa847b5314f1c8b983342f34c798"},"headline":"DELEGADO DA PF PEDIU BUSCA E APREENS\u00c3O CONTRA ARAS E PAULO GUEDES","datePublished":"2022-08-16T13:29:37+00:00","mainEntityOfPage":{"@id":"https:\/\/brasilnoticias.org\/site\/delegado-da-pf-pediu-busca-e-apreensao-contra-aras-e-paulo-guedes\/"},"wordCount":681,"commentCount":0,"publisher":{"@id":"https:\/\/brasilnoticias.org\/site\/#organization"},"articleSection":["Justi\u00e7a","\u00daltimas"],"inLanguage":"pt-PT","potentialAction":[{"@type":"CommentAction","name":"Comment","target":["https:\/\/brasilnoticias.org\/site\/delegado-da-pf-pediu-busca-e-apreensao-contra-aras-e-paulo-guedes\/#respond"]}]},{"@type":"WebPage","@id":"https:\/\/brasilnoticias.org\/site\/delegado-da-pf-pediu-busca-e-apreensao-contra-aras-e-paulo-guedes\/","url":"https:\/\/brasilnoticias.org\/site\/delegado-da-pf-pediu-busca-e-apreensao-contra-aras-e-paulo-guedes\/","name":"DELEGADO DA PF PEDIU BUSCA E APREENS\u00c3O CONTRA ARAS E PAULO GUEDES - Brasil not\u00edcias","isPartOf":{"@id":"https:\/\/brasilnoticias.org\/site\/#website"},"datePublished":"2022-08-16T13:29:37+00:00","breadcrumb":{"@id":"https:\/\/brasilnoticias.org\/site\/delegado-da-pf-pediu-busca-e-apreensao-contra-aras-e-paulo-guedes\/#breadcrumb"},"inLanguage":"pt-PT","potentialAction":[{"@type":"ReadAction","target":["https:\/\/brasilnoticias.org\/site\/delegado-da-pf-pediu-busca-e-apreensao-contra-aras-e-paulo-guedes\/"]}]},{"@type":"BreadcrumbList","@id":"https:\/\/brasilnoticias.org\/site\/delegado-da-pf-pediu-busca-e-apreensao-contra-aras-e-paulo-guedes\/#breadcrumb","itemListElement":[{"@type":"ListItem","position":1,"name":"In\u00edcio","item":"https:\/\/brasilnoticias.org\/site\/"},{"@type":"ListItem","position":2,"name":"DELEGADO DA PF PEDIU BUSCA E APREENS\u00c3O CONTRA ARAS E PAULO GUEDES"}]},{"@type":"WebSite","@id":"https:\/\/brasilnoticias.org\/site\/#website","url":"https:\/\/brasilnoticias.org\/site\/","name":"Brasil not\u00edcias","description":"Brasil not\u00edcias","publisher":{"@id":"https:\/\/brasilnoticias.org\/site\/#organization"},"potentialAction":[{"@type":"SearchAction","target":{"@type":"EntryPoint","urlTemplate":"https:\/\/brasilnoticias.org\/site\/?s={search_term_string}"},"query-input":{"@type":"PropertyValueSpecification","valueRequired":true,"valueName":"search_term_string"}}],"inLanguage":"pt-PT"},{"@type":"Organization","@id":"https:\/\/brasilnoticias.org\/site\/#organization","name":"Brasil not\u00edcias","url":"https:\/\/brasilnoticias.org\/site\/","logo":{"@type":"ImageObject","inLanguage":"pt-PT","@id":"https:\/\/brasilnoticias.org\/site\/#\/schema\/logo\/image\/","url":"https:\/\/brasilnoticias.org\/site\/wp-content\/uploads\/2022\/05\/cropped-brasilnoticias-mini.jpg","contentUrl":"https:\/\/brasilnoticias.org\/site\/wp-content\/uploads\/2022\/05\/cropped-brasilnoticias-mini.jpg","width":314,"height":86,"caption":"Brasil not\u00edcias"},"image":{"@id":"https:\/\/brasilnoticias.org\/site\/#\/schema\/logo\/image\/"}},{"@type":"Person","@id":"https:\/\/brasilnoticias.org\/site\/#\/schema\/person\/f609fa847b5314f1c8b983342f34c798","name":"Reda\u00e7\u00e3o","image":{"@type":"ImageObject","inLanguage":"pt-PT","@id":"https:\/\/brasilnoticias.org\/site\/#\/schema\/person\/image\/","url":"https:\/\/secure.gravatar.com\/avatar\/447284c06c1ad8b46465a36de9cd0d8326b73387a22799b8b1ffb1fbcff2ed0c?s=96&d=mm&r=g","contentUrl":"https:\/\/secure.gravatar.com\/avatar\/447284c06c1ad8b46465a36de9cd0d8326b73387a22799b8b1ffb1fbcff2ed0c?s=96&d=mm&r=g","caption":"Reda\u00e7\u00e3o"},"url":"https:\/\/brasilnoticias.org\/site\/author\/redacao\/"}]}},"_links":{"self":[{"href":"https:\/\/brasilnoticias.org\/site\/wp-json\/wp\/v2\/posts\/1182","targetHints":{"allow":["GET"]}}],"collection":[{"href":"https:\/\/brasilnoticias.org\/site\/wp-json\/wp\/v2\/posts"}],"about":[{"href":"https:\/\/brasilnoticias.org\/site\/wp-json\/wp\/v2\/types\/post"}],"author":[{"embeddable":true,"href":"https:\/\/brasilnoticias.org\/site\/wp-json\/wp\/v2\/users\/2"}],"replies":[{"embeddable":true,"href":"https:\/\/brasilnoticias.org\/site\/wp-json\/wp\/v2\/comments?post=1182"}],"version-history":[{"count":1,"href":"https:\/\/brasilnoticias.org\/site\/wp-json\/wp\/v2\/posts\/1182\/revisions"}],"predecessor-version":[{"id":1183,"href":"https:\/\/brasilnoticias.org\/site\/wp-json\/wp\/v2\/posts\/1182\/revisions\/1183"}],"wp:attachment":[{"href":"https:\/\/brasilnoticias.org\/site\/wp-json\/wp\/v2\/media?parent=1182"}],"wp:term":[{"taxonomy":"category","embeddable":true,"href":"https:\/\/brasilnoticias.org\/site\/wp-json\/wp\/v2\/categories?post=1182"},{"taxonomy":"post_tag","embeddable":true,"href":"https:\/\/brasilnoticias.org\/site\/wp-json\/wp\/v2\/tags?post=1182"}],"curies":[{"name":"wp","href":"https:\/\/api.w.org\/{rel}","templated":true}]}}