{"id":11823,"date":"2023-12-21T21:46:30","date_gmt":"2023-12-22T00:46:30","guid":{"rendered":"https:\/\/brasilnoticias.org\/site\/?p=11823"},"modified":"2023-12-21T21:46:30","modified_gmt":"2023-12-22T00:46:30","slug":"pacheco-se-irrita-com-possibilidade-do-fundo-eleitoral-de-2024-chegar-a-cerca-de-r-5-bilhoes","status":"publish","type":"post","link":"https:\/\/brasilnoticias.org\/site\/pacheco-se-irrita-com-possibilidade-do-fundo-eleitoral-de-2024-chegar-a-cerca-de-r-5-bilhoes\/","title":{"rendered":"Pacheco se irrita com possibilidade do fundo eleitoral de 2024 chegar a cerca de R$ 5 bilh\u00f5es"},"content":{"rendered":"<p>Pacheco disse a l\u00edderes da Casa que defende o mesmo valor da elei\u00e7\u00e3o municipal de 2020 (R$ 2 bilh\u00f5es), corrigido pela infla\u00e7\u00e3o<\/p>\n<p>O presidente do Senado, Rodrigo Pacheco (PSD-MG), tem demonstrado irrita\u00e7\u00e3o com a possibilidade do fundo eleitoral de 2024 chegar a cerca de R$ 5 bilh\u00f5es, mesmo valor da elei\u00e7\u00e3o do ano passado.<\/p>\n<p>Pacheco disse a l\u00edderes da Casa que defende o mesmo valor da elei\u00e7\u00e3o municipal de 2020 (R$ 2 bilh\u00f5es), corrigido pela infla\u00e7\u00e3o. O argumento \u00e9 que as elei\u00e7\u00f5es municipal e nacional s\u00e3o diferentes, e que por isso os gastos n\u00e3o podem ser iguais. Ele tem alertado l\u00edderes que se a C\u00e2mara mantiver o valor maior, o texto poder\u00e1 n\u00e3o ser votado pelo Senado.<\/p>\n<p>H\u00e1 tr\u00eas anos, nas elei\u00e7\u00f5es de 2020, o Fundo Eleitoral foi de R$ 2 bilh\u00f5es, menos da metade do valor em debate no Congresso Nacional. Como em 2022, o Fundo Eleitoral foi de R$ 4,9 bilh\u00f5es, pol\u00edticos ficam reticentes a ter um valor menor em 2024, apesar das elei\u00e7\u00f5es municipais exigirem menos recursos log\u00edsticos do que as elei\u00e7\u00f5es gerais nacionais, como foi o caso do ano passado.<\/p>\n<p>Foto: Fabio Rodrigues Pozzebom\/Ag\u00eancia Brasil<br \/>\nPor: Metro1<\/p>\n","protected":false},"excerpt":{"rendered":"<p>Pacheco disse a l\u00edderes da Casa que defende o mesmo valor da elei\u00e7\u00e3o municipal de 2020 (R$ 2 bilh\u00f5es), corrigido<\/p>\n","protected":false},"author":4,"featured_media":11824,"comment_status":"open","ping_status":"open","sticky":false,"template":"","format":"standard","meta":{"colormag_page_container_layout":"default_layout","colormag_page_sidebar_layout":"default_layout","_FSMCFIC_featured_image_caption":"","_FSMCFIC_featured_image_nocaption":"","_FSMCFIC_featured_image_hide":"","footnotes":""},"categories":[5,1],"tags":[],"class_list":["post-11823","post","type-post","status-publish","format-standard","has-post-thumbnail","hentry","category-politica","category-ultimas"],"yoast_head":"<!-- This site is optimized with the Yoast SEO plugin v27.1.1 - https:\/\/yoast.com\/product\/yoast-seo-wordpress\/ -->\n<title>Pacheco se irrita com possibilidade do fundo eleitoral de 2024 chegar a cerca de R$ 5 bilh\u00f5es - Brasil not\u00edcias<\/title>\n<meta name=\"robots\" content=\"index, follow, max-snippet:-1, max-image-preview:large, max-video-preview:-1\" \/>\n<link rel=\"canonical\" href=\"https:\/\/brasilnoticias.org\/site\/pacheco-se-irrita-com-possibilidade-do-fundo-eleitoral-de-2024-chegar-a-cerca-de-r-5-bilhoes\/\" \/>\n<meta property=\"og:locale\" content=\"pt_PT\" \/>\n<meta property=\"og:type\" content=\"article\" \/>\n<meta property=\"og:title\" content=\"Pacheco se irrita com possibilidade do fundo eleitoral de 2024 chegar a cerca de R$ 5 bilh\u00f5es - Brasil not\u00edcias\" \/>\n<meta property=\"og:description\" content=\"Pacheco disse a l\u00edderes da Casa que defende o mesmo valor da elei\u00e7\u00e3o municipal de 2020 (R$ 2 bilh\u00f5es), corrigido\" \/>\n<meta property=\"og:url\" content=\"https:\/\/brasilnoticias.org\/site\/pacheco-se-irrita-com-possibilidade-do-fundo-eleitoral-de-2024-chegar-a-cerca-de-r-5-bilhoes\/\" \/>\n<meta property=\"og:site_name\" content=\"Brasil not\u00edcias\" \/>\n<meta property=\"article:published_time\" content=\"2023-12-22T00:46:30+00:00\" \/>\n<meta property=\"og:image\" content=\"https:\/\/brasilnoticias.org\/site\/wp-content\/uploads\/2023\/12\/144480pacheco-se-irrita-com-possibilidade-do-fundo-eleitoral-de-2024-chegar-a-cerca-de-r-5-bilhoes-3.jpg\" \/>\n\t<meta property=\"og:image:width\" content=\"1600\" \/>\n\t<meta property=\"og:image:height\" content=\"752\" \/>\n\t<meta property=\"og:image:type\" content=\"image\/jpeg\" \/>\n<meta name=\"author\" content=\"Reda\u00e7\u00e3o\" \/>\n<meta name=\"twitter:card\" content=\"summary_large_image\" \/>\n<meta name=\"twitter:label1\" content=\"Escrito por\" \/>\n\t<meta name=\"twitter:data1\" content=\"Reda\u00e7\u00e3o\" \/>\n\t<meta name=\"twitter:label2\" content=\"Tempo estimado de leitura\" \/>\n\t<meta name=\"twitter:data2\" content=\"1 minuto\" \/>\n<script type=\"application\/ld+json\" class=\"yoast-schema-graph\">{\"@context\":\"https:\/\/schema.org\",\"@graph\":[{\"@type\":\"Article\",\"@id\":\"https:\/\/brasilnoticias.org\/site\/pacheco-se-irrita-com-possibilidade-do-fundo-eleitoral-de-2024-chegar-a-cerca-de-r-5-bilhoes\/#article\",\"isPartOf\":{\"@id\":\"https:\/\/brasilnoticias.org\/site\/pacheco-se-irrita-com-possibilidade-do-fundo-eleitoral-de-2024-chegar-a-cerca-de-r-5-bilhoes\/\"},\"author\":{\"name\":\"Reda\u00e7\u00e3o\",\"@id\":\"https:\/\/brasilnoticias.org\/site\/#\/schema\/person\/03bbbfe6c7634ad18c26444ea39049fa\"},\"headline\":\"Pacheco se irrita com possibilidade do fundo eleitoral de 2024 chegar a cerca de R$ 5 bilh\u00f5es\",\"datePublished\":\"2023-12-22T00:46:30+00:00\",\"mainEntityOfPage\":{\"@id\":\"https:\/\/brasilnoticias.org\/site\/pacheco-se-irrita-com-possibilidade-do-fundo-eleitoral-de-2024-chegar-a-cerca-de-r-5-bilhoes\/\"},\"wordCount\":222,\"commentCount\":0,\"publisher\":{\"@id\":\"https:\/\/brasilnoticias.org\/site\/#organization\"},\"image\":{\"@id\":\"https:\/\/brasilnoticias.org\/site\/pacheco-se-irrita-com-possibilidade-do-fundo-eleitoral-de-2024-chegar-a-cerca-de-r-5-bilhoes\/#primaryimage\"},\"thumbnailUrl\":\"https:\/\/brasilnoticias.org\/site\/wp-content\/uploads\/2023\/12\/144480pacheco-se-irrita-com-possibilidade-do-fundo-eleitoral-de-2024-chegar-a-cerca-de-r-5-bilhoes-3.jpg\",\"articleSection\":[\"Pol\u00edtica\",\"\u00daltimas\"],\"inLanguage\":\"pt-PT\",\"potentialAction\":[{\"@type\":\"CommentAction\",\"name\":\"Comment\",\"target\":[\"https:\/\/brasilnoticias.org\/site\/pacheco-se-irrita-com-possibilidade-do-fundo-eleitoral-de-2024-chegar-a-cerca-de-r-5-bilhoes\/#respond\"]}]},{\"@type\":\"WebPage\",\"@id\":\"https:\/\/brasilnoticias.org\/site\/pacheco-se-irrita-com-possibilidade-do-fundo-eleitoral-de-2024-chegar-a-cerca-de-r-5-bilhoes\/\",\"url\":\"https:\/\/brasilnoticias.org\/site\/pacheco-se-irrita-com-possibilidade-do-fundo-eleitoral-de-2024-chegar-a-cerca-de-r-5-bilhoes\/\",\"name\":\"Pacheco se irrita com possibilidade do fundo eleitoral de 2024 chegar a cerca de R$ 5 bilh\u00f5es - Brasil not\u00edcias\",\"isPartOf\":{\"@id\":\"https:\/\/brasilnoticias.org\/site\/#website\"},\"primaryImageOfPage\":{\"@id\":\"https:\/\/brasilnoticias.org\/site\/pacheco-se-irrita-com-possibilidade-do-fundo-eleitoral-de-2024-chegar-a-cerca-de-r-5-bilhoes\/#primaryimage\"},\"image\":{\"@id\":\"https:\/\/brasilnoticias.org\/site\/pacheco-se-irrita-com-possibilidade-do-fundo-eleitoral-de-2024-chegar-a-cerca-de-r-5-bilhoes\/#primaryimage\"},\"thumbnailUrl\":\"https:\/\/brasilnoticias.org\/site\/wp-content\/uploads\/2023\/12\/144480pacheco-se-irrita-com-possibilidade-do-fundo-eleitoral-de-2024-chegar-a-cerca-de-r-5-bilhoes-3.jpg\",\"datePublished\":\"2023-12-22T00:46:30+00:00\",\"breadcrumb\":{\"@id\":\"https:\/\/brasilnoticias.org\/site\/pacheco-se-irrita-com-possibilidade-do-fundo-eleitoral-de-2024-chegar-a-cerca-de-r-5-bilhoes\/#breadcrumb\"},\"inLanguage\":\"pt-PT\",\"potentialAction\":[{\"@type\":\"ReadAction\",\"target\":[\"https:\/\/brasilnoticias.org\/site\/pacheco-se-irrita-com-possibilidade-do-fundo-eleitoral-de-2024-chegar-a-cerca-de-r-5-bilhoes\/\"]}]},{\"@type\":\"ImageObject\",\"inLanguage\":\"pt-PT\",\"@id\":\"https:\/\/brasilnoticias.org\/site\/pacheco-se-irrita-com-possibilidade-do-fundo-eleitoral-de-2024-chegar-a-cerca-de-r-5-bilhoes\/#primaryimage\",\"url\":\"https:\/\/brasilnoticias.org\/site\/wp-content\/uploads\/2023\/12\/144480pacheco-se-irrita-com-possibilidade-do-fundo-eleitoral-de-2024-chegar-a-cerca-de-r-5-bilhoes-3.jpg\",\"contentUrl\":\"https:\/\/brasilnoticias.org\/site\/wp-content\/uploads\/2023\/12\/144480pacheco-se-irrita-com-possibilidade-do-fundo-eleitoral-de-2024-chegar-a-cerca-de-r-5-bilhoes-3.jpg\",\"width\":1600,\"height\":752},{\"@type\":\"BreadcrumbList\",\"@id\":\"https:\/\/brasilnoticias.org\/site\/pacheco-se-irrita-com-possibilidade-do-fundo-eleitoral-de-2024-chegar-a-cerca-de-r-5-bilhoes\/#breadcrumb\",\"itemListElement\":[{\"@type\":\"ListItem\",\"position\":1,\"name\":\"In\u00edcio\",\"item\":\"https:\/\/brasilnoticias.org\/site\/\"},{\"@type\":\"ListItem\",\"position\":2,\"name\":\"Pacheco se irrita com possibilidade do fundo eleitoral de 2024 chegar a cerca de R$ 5 bilh\u00f5es\"}]},{\"@type\":\"WebSite\",\"@id\":\"https:\/\/brasilnoticias.org\/site\/#website\",\"url\":\"https:\/\/brasilnoticias.org\/site\/\",\"name\":\"Brasil not\u00edcias\",\"description\":\"Brasil not\u00edcias\",\"publisher\":{\"@id\":\"https:\/\/brasilnoticias.org\/site\/#organization\"},\"potentialAction\":[{\"@type\":\"SearchAction\",\"target\":{\"@type\":\"EntryPoint\",\"urlTemplate\":\"https:\/\/brasilnoticias.org\/site\/?s={search_term_string}\"},\"query-input\":{\"@type\":\"PropertyValueSpecification\",\"valueRequired\":true,\"valueName\":\"search_term_string\"}}],\"inLanguage\":\"pt-PT\"},{\"@type\":\"Organization\",\"@id\":\"https:\/\/brasilnoticias.org\/site\/#organization\",\"name\":\"Brasil not\u00edcias\",\"url\":\"https:\/\/brasilnoticias.org\/site\/\",\"logo\":{\"@type\":\"ImageObject\",\"inLanguage\":\"pt-PT\",\"@id\":\"https:\/\/brasilnoticias.org\/site\/#\/schema\/logo\/image\/\",\"url\":\"https:\/\/brasilnoticias.org\/site\/wp-content\/uploads\/2022\/05\/cropped-brasilnoticias-mini.jpg\",\"contentUrl\":\"https:\/\/brasilnoticias.org\/site\/wp-content\/uploads\/2022\/05\/cropped-brasilnoticias-mini.jpg\",\"width\":314,\"height\":86,\"caption\":\"Brasil not\u00edcias\"},\"image\":{\"@id\":\"https:\/\/brasilnoticias.org\/site\/#\/schema\/logo\/image\/\"}},{\"@type\":\"Person\",\"@id\":\"https:\/\/brasilnoticias.org\/site\/#\/schema\/person\/03bbbfe6c7634ad18c26444ea39049fa\",\"name\":\"Reda\u00e7\u00e3o\",\"image\":{\"@type\":\"ImageObject\",\"inLanguage\":\"pt-PT\",\"@id\":\"https:\/\/brasilnoticias.org\/site\/#\/schema\/person\/image\/\",\"url\":\"https:\/\/secure.gravatar.com\/avatar\/9ecaf7327a696cb23ad926fedded5f1f04d7049de9e445375d55b48c001a6e42?s=96&d=mm&r=g\",\"contentUrl\":\"https:\/\/secure.gravatar.com\/avatar\/9ecaf7327a696cb23ad926fedded5f1f04d7049de9e445375d55b48c001a6e42?s=96&d=mm&r=g\",\"caption\":\"Reda\u00e7\u00e3o\"},\"url\":\"https:\/\/brasilnoticias.org\/site\/author\/henrique\/\"}]}<\/script>\n<!-- \/ Yoast SEO plugin. -->","yoast_head_json":{"title":"Pacheco se irrita com possibilidade do fundo eleitoral de 2024 chegar a cerca de R$ 5 bilh\u00f5es - Brasil not\u00edcias","robots":{"index":"index","follow":"follow","max-snippet":"max-snippet:-1","max-image-preview":"max-image-preview:large","max-video-preview":"max-video-preview:-1"},"canonical":"https:\/\/brasilnoticias.org\/site\/pacheco-se-irrita-com-possibilidade-do-fundo-eleitoral-de-2024-chegar-a-cerca-de-r-5-bilhoes\/","og_locale":"pt_PT","og_type":"article","og_title":"Pacheco se irrita com possibilidade do fundo eleitoral de 2024 chegar a cerca de R$ 5 bilh\u00f5es - Brasil not\u00edcias","og_description":"Pacheco disse a l\u00edderes da Casa que defende o mesmo valor da elei\u00e7\u00e3o municipal de 2020 (R$ 2 bilh\u00f5es), corrigido","og_url":"https:\/\/brasilnoticias.org\/site\/pacheco-se-irrita-com-possibilidade-do-fundo-eleitoral-de-2024-chegar-a-cerca-de-r-5-bilhoes\/","og_site_name":"Brasil not\u00edcias","article_published_time":"2023-12-22T00:46:30+00:00","og_image":[{"width":1600,"height":752,"url":"https:\/\/brasilnoticias.org\/site\/wp-content\/uploads\/2023\/12\/144480pacheco-se-irrita-com-possibilidade-do-fundo-eleitoral-de-2024-chegar-a-cerca-de-r-5-bilhoes-3.jpg","type":"image\/jpeg"}],"author":"Reda\u00e7\u00e3o","twitter_card":"summary_large_image","twitter_misc":{"Escrito por":"Reda\u00e7\u00e3o","Tempo estimado de leitura":"1 minuto"},"schema":{"@context":"https:\/\/schema.org","@graph":[{"@type":"Article","@id":"https:\/\/brasilnoticias.org\/site\/pacheco-se-irrita-com-possibilidade-do-fundo-eleitoral-de-2024-chegar-a-cerca-de-r-5-bilhoes\/#article","isPartOf":{"@id":"https:\/\/brasilnoticias.org\/site\/pacheco-se-irrita-com-possibilidade-do-fundo-eleitoral-de-2024-chegar-a-cerca-de-r-5-bilhoes\/"},"author":{"name":"Reda\u00e7\u00e3o","@id":"https:\/\/brasilnoticias.org\/site\/#\/schema\/person\/03bbbfe6c7634ad18c26444ea39049fa"},"headline":"Pacheco se irrita com possibilidade do fundo eleitoral de 2024 chegar a cerca de R$ 5 bilh\u00f5es","datePublished":"2023-12-22T00:46:30+00:00","mainEntityOfPage":{"@id":"https:\/\/brasilnoticias.org\/site\/pacheco-se-irrita-com-possibilidade-do-fundo-eleitoral-de-2024-chegar-a-cerca-de-r-5-bilhoes\/"},"wordCount":222,"commentCount":0,"publisher":{"@id":"https:\/\/brasilnoticias.org\/site\/#organization"},"image":{"@id":"https:\/\/brasilnoticias.org\/site\/pacheco-se-irrita-com-possibilidade-do-fundo-eleitoral-de-2024-chegar-a-cerca-de-r-5-bilhoes\/#primaryimage"},"thumbnailUrl":"https:\/\/brasilnoticias.org\/site\/wp-content\/uploads\/2023\/12\/144480pacheco-se-irrita-com-possibilidade-do-fundo-eleitoral-de-2024-chegar-a-cerca-de-r-5-bilhoes-3.jpg","articleSection":["Pol\u00edtica","\u00daltimas"],"inLanguage":"pt-PT","potentialAction":[{"@type":"CommentAction","name":"Comment","target":["https:\/\/brasilnoticias.org\/site\/pacheco-se-irrita-com-possibilidade-do-fundo-eleitoral-de-2024-chegar-a-cerca-de-r-5-bilhoes\/#respond"]}]},{"@type":"WebPage","@id":"https:\/\/brasilnoticias.org\/site\/pacheco-se-irrita-com-possibilidade-do-fundo-eleitoral-de-2024-chegar-a-cerca-de-r-5-bilhoes\/","url":"https:\/\/brasilnoticias.org\/site\/pacheco-se-irrita-com-possibilidade-do-fundo-eleitoral-de-2024-chegar-a-cerca-de-r-5-bilhoes\/","name":"Pacheco se irrita com possibilidade do fundo eleitoral de 2024 chegar a cerca de R$ 5 bilh\u00f5es - Brasil not\u00edcias","isPartOf":{"@id":"https:\/\/brasilnoticias.org\/site\/#website"},"primaryImageOfPage":{"@id":"https:\/\/brasilnoticias.org\/site\/pacheco-se-irrita-com-possibilidade-do-fundo-eleitoral-de-2024-chegar-a-cerca-de-r-5-bilhoes\/#primaryimage"},"image":{"@id":"https:\/\/brasilnoticias.org\/site\/pacheco-se-irrita-com-possibilidade-do-fundo-eleitoral-de-2024-chegar-a-cerca-de-r-5-bilhoes\/#primaryimage"},"thumbnailUrl":"https:\/\/brasilnoticias.org\/site\/wp-content\/uploads\/2023\/12\/144480pacheco-se-irrita-com-possibilidade-do-fundo-eleitoral-de-2024-chegar-a-cerca-de-r-5-bilhoes-3.jpg","datePublished":"2023-12-22T00:46:30+00:00","breadcrumb":{"@id":"https:\/\/brasilnoticias.org\/site\/pacheco-se-irrita-com-possibilidade-do-fundo-eleitoral-de-2024-chegar-a-cerca-de-r-5-bilhoes\/#breadcrumb"},"inLanguage":"pt-PT","potentialAction":[{"@type":"ReadAction","target":["https:\/\/brasilnoticias.org\/site\/pacheco-se-irrita-com-possibilidade-do-fundo-eleitoral-de-2024-chegar-a-cerca-de-r-5-bilhoes\/"]}]},{"@type":"ImageObject","inLanguage":"pt-PT","@id":"https:\/\/brasilnoticias.org\/site\/pacheco-se-irrita-com-possibilidade-do-fundo-eleitoral-de-2024-chegar-a-cerca-de-r-5-bilhoes\/#primaryimage","url":"https:\/\/brasilnoticias.org\/site\/wp-content\/uploads\/2023\/12\/144480pacheco-se-irrita-com-possibilidade-do-fundo-eleitoral-de-2024-chegar-a-cerca-de-r-5-bilhoes-3.jpg","contentUrl":"https:\/\/brasilnoticias.org\/site\/wp-content\/uploads\/2023\/12\/144480pacheco-se-irrita-com-possibilidade-do-fundo-eleitoral-de-2024-chegar-a-cerca-de-r-5-bilhoes-3.jpg","width":1600,"height":752},{"@type":"BreadcrumbList","@id":"https:\/\/brasilnoticias.org\/site\/pacheco-se-irrita-com-possibilidade-do-fundo-eleitoral-de-2024-chegar-a-cerca-de-r-5-bilhoes\/#breadcrumb","itemListElement":[{"@type":"ListItem","position":1,"name":"In\u00edcio","item":"https:\/\/brasilnoticias.org\/site\/"},{"@type":"ListItem","position":2,"name":"Pacheco se irrita com possibilidade do fundo eleitoral de 2024 chegar a cerca de R$ 5 bilh\u00f5es"}]},{"@type":"WebSite","@id":"https:\/\/brasilnoticias.org\/site\/#website","url":"https:\/\/brasilnoticias.org\/site\/","name":"Brasil not\u00edcias","description":"Brasil not\u00edcias","publisher":{"@id":"https:\/\/brasilnoticias.org\/site\/#organization"},"potentialAction":[{"@type":"SearchAction","target":{"@type":"EntryPoint","urlTemplate":"https:\/\/brasilnoticias.org\/site\/?s={search_term_string}"},"query-input":{"@type":"PropertyValueSpecification","valueRequired":true,"valueName":"search_term_string"}}],"inLanguage":"pt-PT"},{"@type":"Organization","@id":"https:\/\/brasilnoticias.org\/site\/#organization","name":"Brasil not\u00edcias","url":"https:\/\/brasilnoticias.org\/site\/","logo":{"@type":"ImageObject","inLanguage":"pt-PT","@id":"https:\/\/brasilnoticias.org\/site\/#\/schema\/logo\/image\/","url":"https:\/\/brasilnoticias.org\/site\/wp-content\/uploads\/2022\/05\/cropped-brasilnoticias-mini.jpg","contentUrl":"https:\/\/brasilnoticias.org\/site\/wp-content\/uploads\/2022\/05\/cropped-brasilnoticias-mini.jpg","width":314,"height":86,"caption":"Brasil not\u00edcias"},"image":{"@id":"https:\/\/brasilnoticias.org\/site\/#\/schema\/logo\/image\/"}},{"@type":"Person","@id":"https:\/\/brasilnoticias.org\/site\/#\/schema\/person\/03bbbfe6c7634ad18c26444ea39049fa","name":"Reda\u00e7\u00e3o","image":{"@type":"ImageObject","inLanguage":"pt-PT","@id":"https:\/\/brasilnoticias.org\/site\/#\/schema\/person\/image\/","url":"https:\/\/secure.gravatar.com\/avatar\/9ecaf7327a696cb23ad926fedded5f1f04d7049de9e445375d55b48c001a6e42?s=96&d=mm&r=g","contentUrl":"https:\/\/secure.gravatar.com\/avatar\/9ecaf7327a696cb23ad926fedded5f1f04d7049de9e445375d55b48c001a6e42?s=96&d=mm&r=g","caption":"Reda\u00e7\u00e3o"},"url":"https:\/\/brasilnoticias.org\/site\/author\/henrique\/"}]}},"_links":{"self":[{"href":"https:\/\/brasilnoticias.org\/site\/wp-json\/wp\/v2\/posts\/11823","targetHints":{"allow":["GET"]}}],"collection":[{"href":"https:\/\/brasilnoticias.org\/site\/wp-json\/wp\/v2\/posts"}],"about":[{"href":"https:\/\/brasilnoticias.org\/site\/wp-json\/wp\/v2\/types\/post"}],"author":[{"embeddable":true,"href":"https:\/\/brasilnoticias.org\/site\/wp-json\/wp\/v2\/users\/4"}],"replies":[{"embeddable":true,"href":"https:\/\/brasilnoticias.org\/site\/wp-json\/wp\/v2\/comments?post=11823"}],"version-history":[{"count":1,"href":"https:\/\/brasilnoticias.org\/site\/wp-json\/wp\/v2\/posts\/11823\/revisions"}],"predecessor-version":[{"id":11825,"href":"https:\/\/brasilnoticias.org\/site\/wp-json\/wp\/v2\/posts\/11823\/revisions\/11825"}],"wp:featuredmedia":[{"embeddable":true,"href":"https:\/\/brasilnoticias.org\/site\/wp-json\/wp\/v2\/media\/11824"}],"wp:attachment":[{"href":"https:\/\/brasilnoticias.org\/site\/wp-json\/wp\/v2\/media?parent=11823"}],"wp:term":[{"taxonomy":"category","embeddable":true,"href":"https:\/\/brasilnoticias.org\/site\/wp-json\/wp\/v2\/categories?post=11823"},{"taxonomy":"post_tag","embeddable":true,"href":"https:\/\/brasilnoticias.org\/site\/wp-json\/wp\/v2\/tags?post=11823"}],"curies":[{"name":"wp","href":"https:\/\/api.w.org\/{rel}","templated":true}]}}