{"id":11826,"date":"2023-12-22T20:30:02","date_gmt":"2023-12-22T23:30:02","guid":{"rendered":"https:\/\/brasilnoticias.org\/site\/?p=11826"},"modified":"2023-12-22T20:30:02","modified_gmt":"2023-12-22T23:30:02","slug":"vai-sair-de-salvador-confira-fluxo-nas-estradas-e-tempo-de-espera-para-ferry-boat","status":"publish","type":"post","link":"https:\/\/brasilnoticias.org\/site\/vai-sair-de-salvador-confira-fluxo-nas-estradas-e-tempo-de-espera-para-ferry-boat\/","title":{"rendered":"Vai sair de Salvador? Confira fluxo nas estradas e tempo de espera para ferry boat"},"content":{"rendered":"<p>Movimento nas vias que saem da cidade \u00e9 intenso; ferry est\u00e1 com tempo de espera estimado em 30 a 60 minutos<\/p>\n<p>Quem for sair de Salvador em dire\u00e7\u00e3o \u00e0s cidades do interior atrav\u00e9s das estradas que cortam o estado vai precisar de um pouco de paci\u00eancia, especialmente quem for nesta sexta-feira (22\/12) e tamb\u00e9m na manh\u00e3 deste s\u00e1bado (23\/12), segundo as concession\u00e1rias que administram as principais vias.<\/p>\n<p>Segundo a Via Bahia, respons\u00e1vel pelas BRs 324 e 116, o movimento nas vias \u00e9 intenso no final da tarde de hoje, bem como h\u00e1 previs\u00e3o de ser nas primeiras horas do s\u00e1bado. J\u00e1 o trecho da Estrada do Coco (BA 099), que perpassa cidades da Linha Verde, sob a responsabilidade da Concession\u00e1ria Litoral Norte (CLN), informou que espera-se mais de 36 mil ve\u00edculos atravessando a rodovia nesta sexta e outros 35 mil no sentido de volta, na ter\u00e7a-feira (26).<\/p>\n<p>Por sua vez, a Bahia Norte, que administra o Sistema BA 093, informou que o fluxo de reten\u00e7\u00e3o \u00e9 maior nas pra\u00e7as de ped\u00e1gio, mas que n\u00e3o h\u00e1 grandes reten\u00e7\u00f5es nos trechos sob sua responsabilidade, como a Via Metropolitana.<\/p>\n<p>Todas as concession\u00e1rias informaram que ter\u00e3o equipes de plant\u00e3o para eventuais situa\u00e7\u00f5es, durante 24 horas. Confira os n\u00fameros de emerg\u00eancia:<\/p>\n<p>ViaBahia \u2013 0800 6000 324 (BR 324) \/ 0800 6000 116 (BR 116)<\/p>\n<p>Litoral Norte \u2013 0800 071 3233<\/p>\n<p>Bahia Norte \u2013 0800 600 0093<\/p>\n<p>FERRY-BOAT<\/p>\n<p>Quem vai cruzar a Bahia-de-todos os Santos com o Ferry-Boat, ter\u00e1 esquema especial de opera\u00e7\u00e3o, de acordo com a Internacional Travessias, respons\u00e1vel pelo sistema. Atualmente, cinco ferrys (Ivete Sangalo, Rio Paragua\u00e7u, Pinheiro, Zumbi dos Palmares, Maria Beth\u00e2nia) fazem o trajeto S\u00e3o Joaquim \u2013 Bom Despacho, com sa\u00eddas de hora em hora.<\/p>\n<p>Dados do fil\u00f4metro, que monitora o fluxo de passageiros, atualizado \u00e0s 18h34, mostram que o movimento em Salvador \u00e9 de \u201cpouca fila\u201d, com previs\u00e3o de 30 a 60 minutos de espera.<\/p>\n<p>Foto: divulga\u00e7\u00e3o CLN e Carol Garcia\/GovBA<br \/>\nAratu On<\/p>\n","protected":false},"excerpt":{"rendered":"<p>Movimento nas vias que saem da cidade \u00e9 intenso; ferry est\u00e1 com tempo de espera estimado em 30 a 60<\/p>\n","protected":false},"author":4,"featured_media":11827,"comment_status":"open","ping_status":"open","sticky":false,"template":"","format":"standard","meta":{"colormag_page_container_layout":"default_layout","colormag_page_sidebar_layout":"default_layout","_FSMCFIC_featured_image_caption":"","_FSMCFIC_featured_image_nocaption":"","_FSMCFIC_featured_image_hide":"","footnotes":""},"categories":[2,1],"tags":[],"class_list":["post-11826","post","type-post","status-publish","format-standard","has-post-thumbnail","hentry","category-noticias","category-ultimas"],"yoast_head":"<!-- This site is optimized with the Yoast SEO plugin v27.1.1 - https:\/\/yoast.com\/product\/yoast-seo-wordpress\/ -->\n<title>Vai sair de Salvador? Confira fluxo nas estradas e tempo de espera para ferry boat - Brasil not\u00edcias<\/title>\n<meta name=\"robots\" content=\"index, follow, max-snippet:-1, max-image-preview:large, max-video-preview:-1\" \/>\n<link rel=\"canonical\" href=\"https:\/\/brasilnoticias.org\/site\/vai-sair-de-salvador-confira-fluxo-nas-estradas-e-tempo-de-espera-para-ferry-boat\/\" \/>\n<meta property=\"og:locale\" content=\"pt_PT\" \/>\n<meta property=\"og:type\" content=\"article\" \/>\n<meta property=\"og:title\" content=\"Vai sair de Salvador? Confira fluxo nas estradas e tempo de espera para ferry boat - Brasil not\u00edcias\" \/>\n<meta property=\"og:description\" content=\"Movimento nas vias que saem da cidade \u00e9 intenso; ferry est\u00e1 com tempo de espera estimado em 30 a 60\" \/>\n<meta property=\"og:url\" content=\"https:\/\/brasilnoticias.org\/site\/vai-sair-de-salvador-confira-fluxo-nas-estradas-e-tempo-de-espera-para-ferry-boat\/\" \/>\n<meta property=\"og:site_name\" content=\"Brasil not\u00edcias\" \/>\n<meta property=\"article:published_time\" content=\"2023-12-22T23:30:02+00:00\" \/>\n<meta property=\"og:image\" content=\"https:\/\/brasilnoticias.org\/site\/wp-content\/uploads\/2023\/12\/page-24.jpg\" \/>\n\t<meta property=\"og:image:width\" content=\"741\" \/>\n\t<meta property=\"og:image:height\" content=\"471\" \/>\n\t<meta property=\"og:image:type\" content=\"image\/jpeg\" \/>\n<meta name=\"author\" content=\"Reda\u00e7\u00e3o\" \/>\n<meta name=\"twitter:card\" content=\"summary_large_image\" \/>\n<meta name=\"twitter:label1\" content=\"Escrito por\" \/>\n\t<meta name=\"twitter:data1\" content=\"Reda\u00e7\u00e3o\" \/>\n\t<meta name=\"twitter:label2\" content=\"Tempo estimado de leitura\" \/>\n\t<meta name=\"twitter:data2\" content=\"1 minuto\" \/>\n<script type=\"application\/ld+json\" class=\"yoast-schema-graph\">{\"@context\":\"https:\/\/schema.org\",\"@graph\":[{\"@type\":\"Article\",\"@id\":\"https:\/\/brasilnoticias.org\/site\/vai-sair-de-salvador-confira-fluxo-nas-estradas-e-tempo-de-espera-para-ferry-boat\/#article\",\"isPartOf\":{\"@id\":\"https:\/\/brasilnoticias.org\/site\/vai-sair-de-salvador-confira-fluxo-nas-estradas-e-tempo-de-espera-para-ferry-boat\/\"},\"author\":{\"name\":\"Reda\u00e7\u00e3o\",\"@id\":\"https:\/\/brasilnoticias.org\/site\/#\/schema\/person\/03bbbfe6c7634ad18c26444ea39049fa\"},\"headline\":\"Vai sair de Salvador? Confira fluxo nas estradas e tempo de espera para ferry boat\",\"datePublished\":\"2023-12-22T23:30:02+00:00\",\"mainEntityOfPage\":{\"@id\":\"https:\/\/brasilnoticias.org\/site\/vai-sair-de-salvador-confira-fluxo-nas-estradas-e-tempo-de-espera-para-ferry-boat\/\"},\"wordCount\":333,\"commentCount\":0,\"publisher\":{\"@id\":\"https:\/\/brasilnoticias.org\/site\/#organization\"},\"image\":{\"@id\":\"https:\/\/brasilnoticias.org\/site\/vai-sair-de-salvador-confira-fluxo-nas-estradas-e-tempo-de-espera-para-ferry-boat\/#primaryimage\"},\"thumbnailUrl\":\"https:\/\/brasilnoticias.org\/site\/wp-content\/uploads\/2023\/12\/page-24.jpg\",\"articleSection\":[\"Not\u00edcias\",\"\u00daltimas\"],\"inLanguage\":\"pt-PT\",\"potentialAction\":[{\"@type\":\"CommentAction\",\"name\":\"Comment\",\"target\":[\"https:\/\/brasilnoticias.org\/site\/vai-sair-de-salvador-confira-fluxo-nas-estradas-e-tempo-de-espera-para-ferry-boat\/#respond\"]}]},{\"@type\":\"WebPage\",\"@id\":\"https:\/\/brasilnoticias.org\/site\/vai-sair-de-salvador-confira-fluxo-nas-estradas-e-tempo-de-espera-para-ferry-boat\/\",\"url\":\"https:\/\/brasilnoticias.org\/site\/vai-sair-de-salvador-confira-fluxo-nas-estradas-e-tempo-de-espera-para-ferry-boat\/\",\"name\":\"Vai sair de Salvador? Confira fluxo nas estradas e tempo de espera para ferry boat - Brasil not\u00edcias\",\"isPartOf\":{\"@id\":\"https:\/\/brasilnoticias.org\/site\/#website\"},\"primaryImageOfPage\":{\"@id\":\"https:\/\/brasilnoticias.org\/site\/vai-sair-de-salvador-confira-fluxo-nas-estradas-e-tempo-de-espera-para-ferry-boat\/#primaryimage\"},\"image\":{\"@id\":\"https:\/\/brasilnoticias.org\/site\/vai-sair-de-salvador-confira-fluxo-nas-estradas-e-tempo-de-espera-para-ferry-boat\/#primaryimage\"},\"thumbnailUrl\":\"https:\/\/brasilnoticias.org\/site\/wp-content\/uploads\/2023\/12\/page-24.jpg\",\"datePublished\":\"2023-12-22T23:30:02+00:00\",\"breadcrumb\":{\"@id\":\"https:\/\/brasilnoticias.org\/site\/vai-sair-de-salvador-confira-fluxo-nas-estradas-e-tempo-de-espera-para-ferry-boat\/#breadcrumb\"},\"inLanguage\":\"pt-PT\",\"potentialAction\":[{\"@type\":\"ReadAction\",\"target\":[\"https:\/\/brasilnoticias.org\/site\/vai-sair-de-salvador-confira-fluxo-nas-estradas-e-tempo-de-espera-para-ferry-boat\/\"]}]},{\"@type\":\"ImageObject\",\"inLanguage\":\"pt-PT\",\"@id\":\"https:\/\/brasilnoticias.org\/site\/vai-sair-de-salvador-confira-fluxo-nas-estradas-e-tempo-de-espera-para-ferry-boat\/#primaryimage\",\"url\":\"https:\/\/brasilnoticias.org\/site\/wp-content\/uploads\/2023\/12\/page-24.jpg\",\"contentUrl\":\"https:\/\/brasilnoticias.org\/site\/wp-content\/uploads\/2023\/12\/page-24.jpg\",\"width\":741,\"height\":471},{\"@type\":\"BreadcrumbList\",\"@id\":\"https:\/\/brasilnoticias.org\/site\/vai-sair-de-salvador-confira-fluxo-nas-estradas-e-tempo-de-espera-para-ferry-boat\/#breadcrumb\",\"itemListElement\":[{\"@type\":\"ListItem\",\"position\":1,\"name\":\"In\u00edcio\",\"item\":\"https:\/\/brasilnoticias.org\/site\/\"},{\"@type\":\"ListItem\",\"position\":2,\"name\":\"Vai sair de Salvador? Confira fluxo nas estradas e tempo de espera para ferry boat\"}]},{\"@type\":\"WebSite\",\"@id\":\"https:\/\/brasilnoticias.org\/site\/#website\",\"url\":\"https:\/\/brasilnoticias.org\/site\/\",\"name\":\"Brasil not\u00edcias\",\"description\":\"Brasil not\u00edcias\",\"publisher\":{\"@id\":\"https:\/\/brasilnoticias.org\/site\/#organization\"},\"potentialAction\":[{\"@type\":\"SearchAction\",\"target\":{\"@type\":\"EntryPoint\",\"urlTemplate\":\"https:\/\/brasilnoticias.org\/site\/?s={search_term_string}\"},\"query-input\":{\"@type\":\"PropertyValueSpecification\",\"valueRequired\":true,\"valueName\":\"search_term_string\"}}],\"inLanguage\":\"pt-PT\"},{\"@type\":\"Organization\",\"@id\":\"https:\/\/brasilnoticias.org\/site\/#organization\",\"name\":\"Brasil not\u00edcias\",\"url\":\"https:\/\/brasilnoticias.org\/site\/\",\"logo\":{\"@type\":\"ImageObject\",\"inLanguage\":\"pt-PT\",\"@id\":\"https:\/\/brasilnoticias.org\/site\/#\/schema\/logo\/image\/\",\"url\":\"https:\/\/brasilnoticias.org\/site\/wp-content\/uploads\/2022\/05\/cropped-brasilnoticias-mini.jpg\",\"contentUrl\":\"https:\/\/brasilnoticias.org\/site\/wp-content\/uploads\/2022\/05\/cropped-brasilnoticias-mini.jpg\",\"width\":314,\"height\":86,\"caption\":\"Brasil not\u00edcias\"},\"image\":{\"@id\":\"https:\/\/brasilnoticias.org\/site\/#\/schema\/logo\/image\/\"}},{\"@type\":\"Person\",\"@id\":\"https:\/\/brasilnoticias.org\/site\/#\/schema\/person\/03bbbfe6c7634ad18c26444ea39049fa\",\"name\":\"Reda\u00e7\u00e3o\",\"image\":{\"@type\":\"ImageObject\",\"inLanguage\":\"pt-PT\",\"@id\":\"https:\/\/brasilnoticias.org\/site\/#\/schema\/person\/image\/\",\"url\":\"https:\/\/secure.gravatar.com\/avatar\/9ecaf7327a696cb23ad926fedded5f1f04d7049de9e445375d55b48c001a6e42?s=96&d=mm&r=g\",\"contentUrl\":\"https:\/\/secure.gravatar.com\/avatar\/9ecaf7327a696cb23ad926fedded5f1f04d7049de9e445375d55b48c001a6e42?s=96&d=mm&r=g\",\"caption\":\"Reda\u00e7\u00e3o\"},\"url\":\"https:\/\/brasilnoticias.org\/site\/author\/henrique\/\"}]}<\/script>\n<!-- \/ Yoast SEO plugin. -->","yoast_head_json":{"title":"Vai sair de Salvador? Confira fluxo nas estradas e tempo de espera para ferry boat - Brasil not\u00edcias","robots":{"index":"index","follow":"follow","max-snippet":"max-snippet:-1","max-image-preview":"max-image-preview:large","max-video-preview":"max-video-preview:-1"},"canonical":"https:\/\/brasilnoticias.org\/site\/vai-sair-de-salvador-confira-fluxo-nas-estradas-e-tempo-de-espera-para-ferry-boat\/","og_locale":"pt_PT","og_type":"article","og_title":"Vai sair de Salvador? Confira fluxo nas estradas e tempo de espera para ferry boat - Brasil not\u00edcias","og_description":"Movimento nas vias que saem da cidade \u00e9 intenso; ferry est\u00e1 com tempo de espera estimado em 30 a 60","og_url":"https:\/\/brasilnoticias.org\/site\/vai-sair-de-salvador-confira-fluxo-nas-estradas-e-tempo-de-espera-para-ferry-boat\/","og_site_name":"Brasil not\u00edcias","article_published_time":"2023-12-22T23:30:02+00:00","og_image":[{"width":741,"height":471,"url":"https:\/\/brasilnoticias.org\/site\/wp-content\/uploads\/2023\/12\/page-24.jpg","type":"image\/jpeg"}],"author":"Reda\u00e7\u00e3o","twitter_card":"summary_large_image","twitter_misc":{"Escrito por":"Reda\u00e7\u00e3o","Tempo estimado de leitura":"1 minuto"},"schema":{"@context":"https:\/\/schema.org","@graph":[{"@type":"Article","@id":"https:\/\/brasilnoticias.org\/site\/vai-sair-de-salvador-confira-fluxo-nas-estradas-e-tempo-de-espera-para-ferry-boat\/#article","isPartOf":{"@id":"https:\/\/brasilnoticias.org\/site\/vai-sair-de-salvador-confira-fluxo-nas-estradas-e-tempo-de-espera-para-ferry-boat\/"},"author":{"name":"Reda\u00e7\u00e3o","@id":"https:\/\/brasilnoticias.org\/site\/#\/schema\/person\/03bbbfe6c7634ad18c26444ea39049fa"},"headline":"Vai sair de Salvador? Confira fluxo nas estradas e tempo de espera para ferry boat","datePublished":"2023-12-22T23:30:02+00:00","mainEntityOfPage":{"@id":"https:\/\/brasilnoticias.org\/site\/vai-sair-de-salvador-confira-fluxo-nas-estradas-e-tempo-de-espera-para-ferry-boat\/"},"wordCount":333,"commentCount":0,"publisher":{"@id":"https:\/\/brasilnoticias.org\/site\/#organization"},"image":{"@id":"https:\/\/brasilnoticias.org\/site\/vai-sair-de-salvador-confira-fluxo-nas-estradas-e-tempo-de-espera-para-ferry-boat\/#primaryimage"},"thumbnailUrl":"https:\/\/brasilnoticias.org\/site\/wp-content\/uploads\/2023\/12\/page-24.jpg","articleSection":["Not\u00edcias","\u00daltimas"],"inLanguage":"pt-PT","potentialAction":[{"@type":"CommentAction","name":"Comment","target":["https:\/\/brasilnoticias.org\/site\/vai-sair-de-salvador-confira-fluxo-nas-estradas-e-tempo-de-espera-para-ferry-boat\/#respond"]}]},{"@type":"WebPage","@id":"https:\/\/brasilnoticias.org\/site\/vai-sair-de-salvador-confira-fluxo-nas-estradas-e-tempo-de-espera-para-ferry-boat\/","url":"https:\/\/brasilnoticias.org\/site\/vai-sair-de-salvador-confira-fluxo-nas-estradas-e-tempo-de-espera-para-ferry-boat\/","name":"Vai sair de Salvador? Confira fluxo nas estradas e tempo de espera para ferry boat - Brasil not\u00edcias","isPartOf":{"@id":"https:\/\/brasilnoticias.org\/site\/#website"},"primaryImageOfPage":{"@id":"https:\/\/brasilnoticias.org\/site\/vai-sair-de-salvador-confira-fluxo-nas-estradas-e-tempo-de-espera-para-ferry-boat\/#primaryimage"},"image":{"@id":"https:\/\/brasilnoticias.org\/site\/vai-sair-de-salvador-confira-fluxo-nas-estradas-e-tempo-de-espera-para-ferry-boat\/#primaryimage"},"thumbnailUrl":"https:\/\/brasilnoticias.org\/site\/wp-content\/uploads\/2023\/12\/page-24.jpg","datePublished":"2023-12-22T23:30:02+00:00","breadcrumb":{"@id":"https:\/\/brasilnoticias.org\/site\/vai-sair-de-salvador-confira-fluxo-nas-estradas-e-tempo-de-espera-para-ferry-boat\/#breadcrumb"},"inLanguage":"pt-PT","potentialAction":[{"@type":"ReadAction","target":["https:\/\/brasilnoticias.org\/site\/vai-sair-de-salvador-confira-fluxo-nas-estradas-e-tempo-de-espera-para-ferry-boat\/"]}]},{"@type":"ImageObject","inLanguage":"pt-PT","@id":"https:\/\/brasilnoticias.org\/site\/vai-sair-de-salvador-confira-fluxo-nas-estradas-e-tempo-de-espera-para-ferry-boat\/#primaryimage","url":"https:\/\/brasilnoticias.org\/site\/wp-content\/uploads\/2023\/12\/page-24.jpg","contentUrl":"https:\/\/brasilnoticias.org\/site\/wp-content\/uploads\/2023\/12\/page-24.jpg","width":741,"height":471},{"@type":"BreadcrumbList","@id":"https:\/\/brasilnoticias.org\/site\/vai-sair-de-salvador-confira-fluxo-nas-estradas-e-tempo-de-espera-para-ferry-boat\/#breadcrumb","itemListElement":[{"@type":"ListItem","position":1,"name":"In\u00edcio","item":"https:\/\/brasilnoticias.org\/site\/"},{"@type":"ListItem","position":2,"name":"Vai sair de Salvador? Confira fluxo nas estradas e tempo de espera para ferry boat"}]},{"@type":"WebSite","@id":"https:\/\/brasilnoticias.org\/site\/#website","url":"https:\/\/brasilnoticias.org\/site\/","name":"Brasil not\u00edcias","description":"Brasil not\u00edcias","publisher":{"@id":"https:\/\/brasilnoticias.org\/site\/#organization"},"potentialAction":[{"@type":"SearchAction","target":{"@type":"EntryPoint","urlTemplate":"https:\/\/brasilnoticias.org\/site\/?s={search_term_string}"},"query-input":{"@type":"PropertyValueSpecification","valueRequired":true,"valueName":"search_term_string"}}],"inLanguage":"pt-PT"},{"@type":"Organization","@id":"https:\/\/brasilnoticias.org\/site\/#organization","name":"Brasil not\u00edcias","url":"https:\/\/brasilnoticias.org\/site\/","logo":{"@type":"ImageObject","inLanguage":"pt-PT","@id":"https:\/\/brasilnoticias.org\/site\/#\/schema\/logo\/image\/","url":"https:\/\/brasilnoticias.org\/site\/wp-content\/uploads\/2022\/05\/cropped-brasilnoticias-mini.jpg","contentUrl":"https:\/\/brasilnoticias.org\/site\/wp-content\/uploads\/2022\/05\/cropped-brasilnoticias-mini.jpg","width":314,"height":86,"caption":"Brasil not\u00edcias"},"image":{"@id":"https:\/\/brasilnoticias.org\/site\/#\/schema\/logo\/image\/"}},{"@type":"Person","@id":"https:\/\/brasilnoticias.org\/site\/#\/schema\/person\/03bbbfe6c7634ad18c26444ea39049fa","name":"Reda\u00e7\u00e3o","image":{"@type":"ImageObject","inLanguage":"pt-PT","@id":"https:\/\/brasilnoticias.org\/site\/#\/schema\/person\/image\/","url":"https:\/\/secure.gravatar.com\/avatar\/9ecaf7327a696cb23ad926fedded5f1f04d7049de9e445375d55b48c001a6e42?s=96&d=mm&r=g","contentUrl":"https:\/\/secure.gravatar.com\/avatar\/9ecaf7327a696cb23ad926fedded5f1f04d7049de9e445375d55b48c001a6e42?s=96&d=mm&r=g","caption":"Reda\u00e7\u00e3o"},"url":"https:\/\/brasilnoticias.org\/site\/author\/henrique\/"}]}},"_links":{"self":[{"href":"https:\/\/brasilnoticias.org\/site\/wp-json\/wp\/v2\/posts\/11826","targetHints":{"allow":["GET"]}}],"collection":[{"href":"https:\/\/brasilnoticias.org\/site\/wp-json\/wp\/v2\/posts"}],"about":[{"href":"https:\/\/brasilnoticias.org\/site\/wp-json\/wp\/v2\/types\/post"}],"author":[{"embeddable":true,"href":"https:\/\/brasilnoticias.org\/site\/wp-json\/wp\/v2\/users\/4"}],"replies":[{"embeddable":true,"href":"https:\/\/brasilnoticias.org\/site\/wp-json\/wp\/v2\/comments?post=11826"}],"version-history":[{"count":1,"href":"https:\/\/brasilnoticias.org\/site\/wp-json\/wp\/v2\/posts\/11826\/revisions"}],"predecessor-version":[{"id":11828,"href":"https:\/\/brasilnoticias.org\/site\/wp-json\/wp\/v2\/posts\/11826\/revisions\/11828"}],"wp:featuredmedia":[{"embeddable":true,"href":"https:\/\/brasilnoticias.org\/site\/wp-json\/wp\/v2\/media\/11827"}],"wp:attachment":[{"href":"https:\/\/brasilnoticias.org\/site\/wp-json\/wp\/v2\/media?parent=11826"}],"wp:term":[{"taxonomy":"category","embeddable":true,"href":"https:\/\/brasilnoticias.org\/site\/wp-json\/wp\/v2\/categories?post=11826"},{"taxonomy":"post_tag","embeddable":true,"href":"https:\/\/brasilnoticias.org\/site\/wp-json\/wp\/v2\/tags?post=11826"}],"curies":[{"name":"wp","href":"https:\/\/api.w.org\/{rel}","templated":true}]}}