{"id":11838,"date":"2023-12-22T20:45:53","date_gmt":"2023-12-22T23:45:53","guid":{"rendered":"https:\/\/brasilnoticias.org\/site\/?p=11838"},"modified":"2023-12-22T20:45:53","modified_gmt":"2023-12-22T23:45:53","slug":"reveillon-destino-festa-de-ano-novo-gera-criticas-por-impacto-ambiental-em-praia-de-camacari","status":"publish","type":"post","link":"https:\/\/brasilnoticias.org\/site\/reveillon-destino-festa-de-ano-novo-gera-criticas-por-impacto-ambiental-em-praia-de-camacari\/","title":{"rendered":"R\u00e9veillon Destino: Festa de Ano Novo gera cr\u00edticas por impacto ambiental em praia de Cama\u00e7ari"},"content":{"rendered":"<p>A prefeitura de Cama\u00e7ari, por meio da Sedur, informou que est\u00e1 ciente da realiza\u00e7\u00e3o da festa e que o licenciamento foi concedido<\/p>\n<p>A festa R\u00e9veillon Destino, que vai acontecer entre os dias 27 e 31 de dezembro na Praia de Itacimirim (distrito de Cama\u00e7ari), tem gerado cr\u00edticas por poss\u00edvel impacto ambiental no local. A praia tem selo Bandeira Azul e \u00e9 local de desova de tartarugas marinhas.<\/p>\n<p>Morador de Itacimirim, Luiz Fernando Mathia disse ao Metro1 que j\u00e1 houve representa\u00e7\u00e3o ao Minist\u00e9rio P\u00fablico da Bahia (MP-BA)  para denunciar o evento e pedir provid\u00eancias. No of\u00edcio, s\u00edndicos de condom\u00ednios da regi\u00e3o manifestaram preocupa\u00e7\u00e3o com os impactos para a vizinhan\u00e7a e o meio ambiente.<\/p>\n<p>&#8220;Um amigo falou com algu\u00e9m ligado \u00e0 Sedur [Secretaria do Desenvolvimento Urbano e Meio Ambiente de Cama\u00e7ari] e essa pessoa, estranhamente, respondeu de imediato que o evento tinha apoio da prefeitura. J\u00e1 tinham sido vendidos convites para todo o Brasil, e nada poderia ser feito. Ser\u00e3o quatro dias de festas, iniciando \u00e0s 21h at\u00e9 7h da manh\u00e3. Pela altura do palco, imagine o volume do som, que, sem d\u00favida, ultrapassar\u00e1 muito os 60 decib\u00e9is, permitido pela Lei do Munic\u00edpio&#8221;, denunciou. <\/p>\n<p>Ao Metro1, a prefeitura de Cama\u00e7ari, por meio da Sedur, informou que est\u00e1 ciente da realiza\u00e7\u00e3o da festa e que o licenciamento foi concedido ap\u00f3s \u201ctodos os documentos solicitados serem apresentados e analisados\u201d.  Conforme a pasta, as licen\u00e7as espec\u00edficas para a montagem de estruturas e instala\u00e7\u00f5es el\u00e9tricas, o estudo de impacto sonoro, os detalhes do Auto de Vistoria do Corpo de Bombeiros (AVCB), o contrato para servi\u00e7os de sa\u00fade privada, e a observ\u00e2ncia &#8220;rigorosa&#8221; das legisla\u00e7\u00f5es referentes ao ru\u00eddo, ao planejamento de tr\u00e2nsito, \u00e0 coleta de res\u00edduos e \u00e0 seguran\u00e7a privada foram concedidas.<\/p>\n<p>A prefeitura ressaltou ainda que, mesmo com as autoriza\u00e7\u00f5es, acompanhar\u00e1 de perto o evento. O Metro1 procurou a TAJ, produtora respons\u00e1vel pelo evento, e o Minist\u00e9rio P\u00fablico da Bahia (MP-BA) sobre a den\u00fancia apresentada pelos moradores, e aguarda posicionamento de ambos.<\/p>\n<p>Foto: Reprodu\u00e7\u00e3o\/Redes Sociais<br \/>\nPor: Metro1<\/p>\n","protected":false},"excerpt":{"rendered":"<p>A prefeitura de Cama\u00e7ari, por meio da Sedur, informou que est\u00e1 ciente da realiza\u00e7\u00e3o da festa e que o licenciamento<\/p>\n","protected":false},"author":4,"featured_media":11839,"comment_status":"open","ping_status":"open","sticky":false,"template":"","format":"standard","meta":{"colormag_page_container_layout":"default_layout","colormag_page_sidebar_layout":"default_layout","_FSMCFIC_featured_image_caption":"","_FSMCFIC_featured_image_nocaption":"","_FSMCFIC_featured_image_hide":"","footnotes":""},"categories":[2,1],"tags":[],"class_list":["post-11838","post","type-post","status-publish","format-standard","has-post-thumbnail","hentry","category-noticias","category-ultimas"],"yoast_head":"<!-- This site is optimized with the Yoast SEO plugin v27.1.1 - https:\/\/yoast.com\/product\/yoast-seo-wordpress\/ -->\n<title>R\u00e9veillon Destino: Festa de Ano Novo gera cr\u00edticas por impacto ambiental em praia de Cama\u00e7ari - Brasil not\u00edcias<\/title>\n<meta name=\"robots\" content=\"index, follow, max-snippet:-1, max-image-preview:large, max-video-preview:-1\" \/>\n<link rel=\"canonical\" href=\"https:\/\/brasilnoticias.org\/site\/reveillon-destino-festa-de-ano-novo-gera-criticas-por-impacto-ambiental-em-praia-de-camacari\/\" \/>\n<meta property=\"og:locale\" content=\"pt_PT\" \/>\n<meta property=\"og:type\" content=\"article\" \/>\n<meta property=\"og:title\" content=\"R\u00e9veillon Destino: Festa de Ano Novo gera cr\u00edticas por impacto ambiental em praia de Cama\u00e7ari - Brasil not\u00edcias\" \/>\n<meta property=\"og:description\" content=\"A prefeitura de Cama\u00e7ari, por meio da Sedur, informou que est\u00e1 ciente da realiza\u00e7\u00e3o da festa e que o licenciamento\" \/>\n<meta property=\"og:url\" content=\"https:\/\/brasilnoticias.org\/site\/reveillon-destino-festa-de-ano-novo-gera-criticas-por-impacto-ambiental-em-praia-de-camacari\/\" \/>\n<meta property=\"og:site_name\" content=\"Brasil not\u00edcias\" \/>\n<meta property=\"article:published_time\" content=\"2023-12-22T23:45:53+00:00\" \/>\n<meta property=\"og:image\" content=\"https:\/\/brasilnoticias.org\/site\/wp-content\/uploads\/2023\/12\/144529reveillon-destino-festa-de-ano-novo-gera-criticas-por-impacto-ambiental-em-praia-de-camacari-3.jpg\" \/>\n\t<meta property=\"og:image:width\" content=\"1600\" \/>\n\t<meta property=\"og:image:height\" content=\"752\" \/>\n\t<meta property=\"og:image:type\" content=\"image\/jpeg\" \/>\n<meta name=\"author\" content=\"Reda\u00e7\u00e3o\" \/>\n<meta name=\"twitter:card\" content=\"summary_large_image\" \/>\n<meta name=\"twitter:label1\" content=\"Escrito por\" \/>\n\t<meta name=\"twitter:data1\" content=\"Reda\u00e7\u00e3o\" \/>\n\t<meta name=\"twitter:label2\" content=\"Tempo estimado de leitura\" \/>\n\t<meta name=\"twitter:data2\" content=\"1 minuto\" \/>\n<script type=\"application\/ld+json\" class=\"yoast-schema-graph\">{\"@context\":\"https:\/\/schema.org\",\"@graph\":[{\"@type\":\"Article\",\"@id\":\"https:\/\/brasilnoticias.org\/site\/reveillon-destino-festa-de-ano-novo-gera-criticas-por-impacto-ambiental-em-praia-de-camacari\/#article\",\"isPartOf\":{\"@id\":\"https:\/\/brasilnoticias.org\/site\/reveillon-destino-festa-de-ano-novo-gera-criticas-por-impacto-ambiental-em-praia-de-camacari\/\"},\"author\":{\"name\":\"Reda\u00e7\u00e3o\",\"@id\":\"https:\/\/brasilnoticias.org\/site\/#\/schema\/person\/03bbbfe6c7634ad18c26444ea39049fa\"},\"headline\":\"R\u00e9veillon Destino: Festa de Ano Novo gera cr\u00edticas por impacto ambiental em praia de Cama\u00e7ari\",\"datePublished\":\"2023-12-22T23:45:53+00:00\",\"mainEntityOfPage\":{\"@id\":\"https:\/\/brasilnoticias.org\/site\/reveillon-destino-festa-de-ano-novo-gera-criticas-por-impacto-ambiental-em-praia-de-camacari\/\"},\"wordCount\":386,\"commentCount\":0,\"publisher\":{\"@id\":\"https:\/\/brasilnoticias.org\/site\/#organization\"},\"image\":{\"@id\":\"https:\/\/brasilnoticias.org\/site\/reveillon-destino-festa-de-ano-novo-gera-criticas-por-impacto-ambiental-em-praia-de-camacari\/#primaryimage\"},\"thumbnailUrl\":\"https:\/\/brasilnoticias.org\/site\/wp-content\/uploads\/2023\/12\/144529reveillon-destino-festa-de-ano-novo-gera-criticas-por-impacto-ambiental-em-praia-de-camacari-3.jpg\",\"articleSection\":[\"Not\u00edcias\",\"\u00daltimas\"],\"inLanguage\":\"pt-PT\",\"potentialAction\":[{\"@type\":\"CommentAction\",\"name\":\"Comment\",\"target\":[\"https:\/\/brasilnoticias.org\/site\/reveillon-destino-festa-de-ano-novo-gera-criticas-por-impacto-ambiental-em-praia-de-camacari\/#respond\"]}]},{\"@type\":\"WebPage\",\"@id\":\"https:\/\/brasilnoticias.org\/site\/reveillon-destino-festa-de-ano-novo-gera-criticas-por-impacto-ambiental-em-praia-de-camacari\/\",\"url\":\"https:\/\/brasilnoticias.org\/site\/reveillon-destino-festa-de-ano-novo-gera-criticas-por-impacto-ambiental-em-praia-de-camacari\/\",\"name\":\"R\u00e9veillon Destino: Festa de Ano Novo gera cr\u00edticas por impacto ambiental em praia de Cama\u00e7ari - Brasil not\u00edcias\",\"isPartOf\":{\"@id\":\"https:\/\/brasilnoticias.org\/site\/#website\"},\"primaryImageOfPage\":{\"@id\":\"https:\/\/brasilnoticias.org\/site\/reveillon-destino-festa-de-ano-novo-gera-criticas-por-impacto-ambiental-em-praia-de-camacari\/#primaryimage\"},\"image\":{\"@id\":\"https:\/\/brasilnoticias.org\/site\/reveillon-destino-festa-de-ano-novo-gera-criticas-por-impacto-ambiental-em-praia-de-camacari\/#primaryimage\"},\"thumbnailUrl\":\"https:\/\/brasilnoticias.org\/site\/wp-content\/uploads\/2023\/12\/144529reveillon-destino-festa-de-ano-novo-gera-criticas-por-impacto-ambiental-em-praia-de-camacari-3.jpg\",\"datePublished\":\"2023-12-22T23:45:53+00:00\",\"breadcrumb\":{\"@id\":\"https:\/\/brasilnoticias.org\/site\/reveillon-destino-festa-de-ano-novo-gera-criticas-por-impacto-ambiental-em-praia-de-camacari\/#breadcrumb\"},\"inLanguage\":\"pt-PT\",\"potentialAction\":[{\"@type\":\"ReadAction\",\"target\":[\"https:\/\/brasilnoticias.org\/site\/reveillon-destino-festa-de-ano-novo-gera-criticas-por-impacto-ambiental-em-praia-de-camacari\/\"]}]},{\"@type\":\"ImageObject\",\"inLanguage\":\"pt-PT\",\"@id\":\"https:\/\/brasilnoticias.org\/site\/reveillon-destino-festa-de-ano-novo-gera-criticas-por-impacto-ambiental-em-praia-de-camacari\/#primaryimage\",\"url\":\"https:\/\/brasilnoticias.org\/site\/wp-content\/uploads\/2023\/12\/144529reveillon-destino-festa-de-ano-novo-gera-criticas-por-impacto-ambiental-em-praia-de-camacari-3.jpg\",\"contentUrl\":\"https:\/\/brasilnoticias.org\/site\/wp-content\/uploads\/2023\/12\/144529reveillon-destino-festa-de-ano-novo-gera-criticas-por-impacto-ambiental-em-praia-de-camacari-3.jpg\",\"width\":1600,\"height\":752},{\"@type\":\"BreadcrumbList\",\"@id\":\"https:\/\/brasilnoticias.org\/site\/reveillon-destino-festa-de-ano-novo-gera-criticas-por-impacto-ambiental-em-praia-de-camacari\/#breadcrumb\",\"itemListElement\":[{\"@type\":\"ListItem\",\"position\":1,\"name\":\"In\u00edcio\",\"item\":\"https:\/\/brasilnoticias.org\/site\/\"},{\"@type\":\"ListItem\",\"position\":2,\"name\":\"R\u00e9veillon Destino: Festa de Ano Novo gera cr\u00edticas por impacto ambiental em praia de Cama\u00e7ari\"}]},{\"@type\":\"WebSite\",\"@id\":\"https:\/\/brasilnoticias.org\/site\/#website\",\"url\":\"https:\/\/brasilnoticias.org\/site\/\",\"name\":\"Brasil not\u00edcias\",\"description\":\"Brasil not\u00edcias\",\"publisher\":{\"@id\":\"https:\/\/brasilnoticias.org\/site\/#organization\"},\"potentialAction\":[{\"@type\":\"SearchAction\",\"target\":{\"@type\":\"EntryPoint\",\"urlTemplate\":\"https:\/\/brasilnoticias.org\/site\/?s={search_term_string}\"},\"query-input\":{\"@type\":\"PropertyValueSpecification\",\"valueRequired\":true,\"valueName\":\"search_term_string\"}}],\"inLanguage\":\"pt-PT\"},{\"@type\":\"Organization\",\"@id\":\"https:\/\/brasilnoticias.org\/site\/#organization\",\"name\":\"Brasil not\u00edcias\",\"url\":\"https:\/\/brasilnoticias.org\/site\/\",\"logo\":{\"@type\":\"ImageObject\",\"inLanguage\":\"pt-PT\",\"@id\":\"https:\/\/brasilnoticias.org\/site\/#\/schema\/logo\/image\/\",\"url\":\"https:\/\/brasilnoticias.org\/site\/wp-content\/uploads\/2022\/05\/cropped-brasilnoticias-mini.jpg\",\"contentUrl\":\"https:\/\/brasilnoticias.org\/site\/wp-content\/uploads\/2022\/05\/cropped-brasilnoticias-mini.jpg\",\"width\":314,\"height\":86,\"caption\":\"Brasil not\u00edcias\"},\"image\":{\"@id\":\"https:\/\/brasilnoticias.org\/site\/#\/schema\/logo\/image\/\"}},{\"@type\":\"Person\",\"@id\":\"https:\/\/brasilnoticias.org\/site\/#\/schema\/person\/03bbbfe6c7634ad18c26444ea39049fa\",\"name\":\"Reda\u00e7\u00e3o\",\"image\":{\"@type\":\"ImageObject\",\"inLanguage\":\"pt-PT\",\"@id\":\"https:\/\/brasilnoticias.org\/site\/#\/schema\/person\/image\/\",\"url\":\"https:\/\/secure.gravatar.com\/avatar\/9ecaf7327a696cb23ad926fedded5f1f04d7049de9e445375d55b48c001a6e42?s=96&d=mm&r=g\",\"contentUrl\":\"https:\/\/secure.gravatar.com\/avatar\/9ecaf7327a696cb23ad926fedded5f1f04d7049de9e445375d55b48c001a6e42?s=96&d=mm&r=g\",\"caption\":\"Reda\u00e7\u00e3o\"},\"url\":\"https:\/\/brasilnoticias.org\/site\/author\/henrique\/\"}]}<\/script>\n<!-- \/ Yoast SEO plugin. -->","yoast_head_json":{"title":"R\u00e9veillon Destino: Festa de Ano Novo gera cr\u00edticas por impacto ambiental em praia de Cama\u00e7ari - Brasil not\u00edcias","robots":{"index":"index","follow":"follow","max-snippet":"max-snippet:-1","max-image-preview":"max-image-preview:large","max-video-preview":"max-video-preview:-1"},"canonical":"https:\/\/brasilnoticias.org\/site\/reveillon-destino-festa-de-ano-novo-gera-criticas-por-impacto-ambiental-em-praia-de-camacari\/","og_locale":"pt_PT","og_type":"article","og_title":"R\u00e9veillon Destino: Festa de Ano Novo gera cr\u00edticas por impacto ambiental em praia de Cama\u00e7ari - Brasil not\u00edcias","og_description":"A prefeitura de Cama\u00e7ari, por meio da Sedur, informou que est\u00e1 ciente da realiza\u00e7\u00e3o da festa e que o licenciamento","og_url":"https:\/\/brasilnoticias.org\/site\/reveillon-destino-festa-de-ano-novo-gera-criticas-por-impacto-ambiental-em-praia-de-camacari\/","og_site_name":"Brasil not\u00edcias","article_published_time":"2023-12-22T23:45:53+00:00","og_image":[{"width":1600,"height":752,"url":"https:\/\/brasilnoticias.org\/site\/wp-content\/uploads\/2023\/12\/144529reveillon-destino-festa-de-ano-novo-gera-criticas-por-impacto-ambiental-em-praia-de-camacari-3.jpg","type":"image\/jpeg"}],"author":"Reda\u00e7\u00e3o","twitter_card":"summary_large_image","twitter_misc":{"Escrito por":"Reda\u00e7\u00e3o","Tempo estimado de leitura":"1 minuto"},"schema":{"@context":"https:\/\/schema.org","@graph":[{"@type":"Article","@id":"https:\/\/brasilnoticias.org\/site\/reveillon-destino-festa-de-ano-novo-gera-criticas-por-impacto-ambiental-em-praia-de-camacari\/#article","isPartOf":{"@id":"https:\/\/brasilnoticias.org\/site\/reveillon-destino-festa-de-ano-novo-gera-criticas-por-impacto-ambiental-em-praia-de-camacari\/"},"author":{"name":"Reda\u00e7\u00e3o","@id":"https:\/\/brasilnoticias.org\/site\/#\/schema\/person\/03bbbfe6c7634ad18c26444ea39049fa"},"headline":"R\u00e9veillon Destino: Festa de Ano Novo gera cr\u00edticas por impacto ambiental em praia de Cama\u00e7ari","datePublished":"2023-12-22T23:45:53+00:00","mainEntityOfPage":{"@id":"https:\/\/brasilnoticias.org\/site\/reveillon-destino-festa-de-ano-novo-gera-criticas-por-impacto-ambiental-em-praia-de-camacari\/"},"wordCount":386,"commentCount":0,"publisher":{"@id":"https:\/\/brasilnoticias.org\/site\/#organization"},"image":{"@id":"https:\/\/brasilnoticias.org\/site\/reveillon-destino-festa-de-ano-novo-gera-criticas-por-impacto-ambiental-em-praia-de-camacari\/#primaryimage"},"thumbnailUrl":"https:\/\/brasilnoticias.org\/site\/wp-content\/uploads\/2023\/12\/144529reveillon-destino-festa-de-ano-novo-gera-criticas-por-impacto-ambiental-em-praia-de-camacari-3.jpg","articleSection":["Not\u00edcias","\u00daltimas"],"inLanguage":"pt-PT","potentialAction":[{"@type":"CommentAction","name":"Comment","target":["https:\/\/brasilnoticias.org\/site\/reveillon-destino-festa-de-ano-novo-gera-criticas-por-impacto-ambiental-em-praia-de-camacari\/#respond"]}]},{"@type":"WebPage","@id":"https:\/\/brasilnoticias.org\/site\/reveillon-destino-festa-de-ano-novo-gera-criticas-por-impacto-ambiental-em-praia-de-camacari\/","url":"https:\/\/brasilnoticias.org\/site\/reveillon-destino-festa-de-ano-novo-gera-criticas-por-impacto-ambiental-em-praia-de-camacari\/","name":"R\u00e9veillon Destino: Festa de Ano Novo gera cr\u00edticas por impacto ambiental em praia de Cama\u00e7ari - Brasil not\u00edcias","isPartOf":{"@id":"https:\/\/brasilnoticias.org\/site\/#website"},"primaryImageOfPage":{"@id":"https:\/\/brasilnoticias.org\/site\/reveillon-destino-festa-de-ano-novo-gera-criticas-por-impacto-ambiental-em-praia-de-camacari\/#primaryimage"},"image":{"@id":"https:\/\/brasilnoticias.org\/site\/reveillon-destino-festa-de-ano-novo-gera-criticas-por-impacto-ambiental-em-praia-de-camacari\/#primaryimage"},"thumbnailUrl":"https:\/\/brasilnoticias.org\/site\/wp-content\/uploads\/2023\/12\/144529reveillon-destino-festa-de-ano-novo-gera-criticas-por-impacto-ambiental-em-praia-de-camacari-3.jpg","datePublished":"2023-12-22T23:45:53+00:00","breadcrumb":{"@id":"https:\/\/brasilnoticias.org\/site\/reveillon-destino-festa-de-ano-novo-gera-criticas-por-impacto-ambiental-em-praia-de-camacari\/#breadcrumb"},"inLanguage":"pt-PT","potentialAction":[{"@type":"ReadAction","target":["https:\/\/brasilnoticias.org\/site\/reveillon-destino-festa-de-ano-novo-gera-criticas-por-impacto-ambiental-em-praia-de-camacari\/"]}]},{"@type":"ImageObject","inLanguage":"pt-PT","@id":"https:\/\/brasilnoticias.org\/site\/reveillon-destino-festa-de-ano-novo-gera-criticas-por-impacto-ambiental-em-praia-de-camacari\/#primaryimage","url":"https:\/\/brasilnoticias.org\/site\/wp-content\/uploads\/2023\/12\/144529reveillon-destino-festa-de-ano-novo-gera-criticas-por-impacto-ambiental-em-praia-de-camacari-3.jpg","contentUrl":"https:\/\/brasilnoticias.org\/site\/wp-content\/uploads\/2023\/12\/144529reveillon-destino-festa-de-ano-novo-gera-criticas-por-impacto-ambiental-em-praia-de-camacari-3.jpg","width":1600,"height":752},{"@type":"BreadcrumbList","@id":"https:\/\/brasilnoticias.org\/site\/reveillon-destino-festa-de-ano-novo-gera-criticas-por-impacto-ambiental-em-praia-de-camacari\/#breadcrumb","itemListElement":[{"@type":"ListItem","position":1,"name":"In\u00edcio","item":"https:\/\/brasilnoticias.org\/site\/"},{"@type":"ListItem","position":2,"name":"R\u00e9veillon Destino: Festa de Ano Novo gera cr\u00edticas por impacto ambiental em praia de Cama\u00e7ari"}]},{"@type":"WebSite","@id":"https:\/\/brasilnoticias.org\/site\/#website","url":"https:\/\/brasilnoticias.org\/site\/","name":"Brasil not\u00edcias","description":"Brasil not\u00edcias","publisher":{"@id":"https:\/\/brasilnoticias.org\/site\/#organization"},"potentialAction":[{"@type":"SearchAction","target":{"@type":"EntryPoint","urlTemplate":"https:\/\/brasilnoticias.org\/site\/?s={search_term_string}"},"query-input":{"@type":"PropertyValueSpecification","valueRequired":true,"valueName":"search_term_string"}}],"inLanguage":"pt-PT"},{"@type":"Organization","@id":"https:\/\/brasilnoticias.org\/site\/#organization","name":"Brasil not\u00edcias","url":"https:\/\/brasilnoticias.org\/site\/","logo":{"@type":"ImageObject","inLanguage":"pt-PT","@id":"https:\/\/brasilnoticias.org\/site\/#\/schema\/logo\/image\/","url":"https:\/\/brasilnoticias.org\/site\/wp-content\/uploads\/2022\/05\/cropped-brasilnoticias-mini.jpg","contentUrl":"https:\/\/brasilnoticias.org\/site\/wp-content\/uploads\/2022\/05\/cropped-brasilnoticias-mini.jpg","width":314,"height":86,"caption":"Brasil not\u00edcias"},"image":{"@id":"https:\/\/brasilnoticias.org\/site\/#\/schema\/logo\/image\/"}},{"@type":"Person","@id":"https:\/\/brasilnoticias.org\/site\/#\/schema\/person\/03bbbfe6c7634ad18c26444ea39049fa","name":"Reda\u00e7\u00e3o","image":{"@type":"ImageObject","inLanguage":"pt-PT","@id":"https:\/\/brasilnoticias.org\/site\/#\/schema\/person\/image\/","url":"https:\/\/secure.gravatar.com\/avatar\/9ecaf7327a696cb23ad926fedded5f1f04d7049de9e445375d55b48c001a6e42?s=96&d=mm&r=g","contentUrl":"https:\/\/secure.gravatar.com\/avatar\/9ecaf7327a696cb23ad926fedded5f1f04d7049de9e445375d55b48c001a6e42?s=96&d=mm&r=g","caption":"Reda\u00e7\u00e3o"},"url":"https:\/\/brasilnoticias.org\/site\/author\/henrique\/"}]}},"_links":{"self":[{"href":"https:\/\/brasilnoticias.org\/site\/wp-json\/wp\/v2\/posts\/11838","targetHints":{"allow":["GET"]}}],"collection":[{"href":"https:\/\/brasilnoticias.org\/site\/wp-json\/wp\/v2\/posts"}],"about":[{"href":"https:\/\/brasilnoticias.org\/site\/wp-json\/wp\/v2\/types\/post"}],"author":[{"embeddable":true,"href":"https:\/\/brasilnoticias.org\/site\/wp-json\/wp\/v2\/users\/4"}],"replies":[{"embeddable":true,"href":"https:\/\/brasilnoticias.org\/site\/wp-json\/wp\/v2\/comments?post=11838"}],"version-history":[{"count":1,"href":"https:\/\/brasilnoticias.org\/site\/wp-json\/wp\/v2\/posts\/11838\/revisions"}],"predecessor-version":[{"id":11840,"href":"https:\/\/brasilnoticias.org\/site\/wp-json\/wp\/v2\/posts\/11838\/revisions\/11840"}],"wp:featuredmedia":[{"embeddable":true,"href":"https:\/\/brasilnoticias.org\/site\/wp-json\/wp\/v2\/media\/11839"}],"wp:attachment":[{"href":"https:\/\/brasilnoticias.org\/site\/wp-json\/wp\/v2\/media?parent=11838"}],"wp:term":[{"taxonomy":"category","embeddable":true,"href":"https:\/\/brasilnoticias.org\/site\/wp-json\/wp\/v2\/categories?post=11838"},{"taxonomy":"post_tag","embeddable":true,"href":"https:\/\/brasilnoticias.org\/site\/wp-json\/wp\/v2\/tags?post=11838"}],"curies":[{"name":"wp","href":"https:\/\/api.w.org\/{rel}","templated":true}]}}