{"id":11841,"date":"2023-12-22T20:47:29","date_gmt":"2023-12-22T23:47:29","guid":{"rendered":"https:\/\/brasilnoticias.org\/site\/?p=11841"},"modified":"2023-12-22T20:50:40","modified_gmt":"2023-12-22T23:50:40","slug":"congresso-aprova-orcamento-de-2024-com-corte-no-pac-e-recorde-para-emendas","status":"publish","type":"post","link":"https:\/\/brasilnoticias.org\/site\/congresso-aprova-orcamento-de-2024-com-corte-no-pac-e-recorde-para-emendas\/","title":{"rendered":"Congresso aprova Or\u00e7amento de 2024 com corte no PAC e recorde para emendas"},"content":{"rendered":"<p>Texto apresenta ainda mais recursos para fundo eleitoral<\/p>\n<p>O Congresso Nacional aprovou nesta sexta-feira (22) o Or\u00e7amento de 2024, com a estimativa de arrecada\u00e7\u00e3o para o pr\u00f3ximo ano e limites para gastos p\u00fablicos. <\/p>\n<p>A aprova\u00e7\u00e3o aconteceu no \u00faltimo dia do ano legislativo. O texto contempla um valor recorde para emendas parlamentares, que, segundo informa\u00e7\u00f5es da Comiss\u00e3o Mista de Or\u00e7amento (CMO), somar\u00e3o R$ 53 bilh\u00f5es. Este ano, o valor foi de R$ 37,3 bilh\u00f5es.<\/p>\n<p>Os valores previstos para o fundo eleitoral em 2024 foram inflados para R$ 4,96 bilh\u00f5es. O recurso, que deve financiar as campanhas nas elei\u00e7\u00f5es municipais, \u00e9 igual ao das elei\u00e7\u00f5es de 2022 (presidente, governador, senador e deputado federal). O governo tinha proposto uma dota\u00e7\u00e3o menor, de R$ 940 milh\u00f5es. O aumento foi de R$ 4 bilh\u00f5es.<\/p>\n<p>J\u00e1 o novo Programa de Acelera\u00e7\u00e3o do Crescimento (Pac), teve valor reduzido para cerca de R$ 55 bilh\u00f5es em 2024, segundo informa\u00e7\u00f5es da Comiss\u00e3o de Or\u00e7amento, R$ 7,3 bilh\u00f5es menor do que os R$ 61,3 bilh\u00f5es propostos pelo governo.<\/p>\n<p>O Or\u00e7amento aprovado n\u00e3o traz um valor para o sal\u00e1rio m\u00ednimo. A proposta do governo contemplava R$ 1.421. Entretanto, com base nas regras definidas em lei, tende a recuar para R$ 1.412. Um decreto presidencial fixar\u00e1 o valor at\u00e9 o fim do ano.<\/p>\n<p>Foto: Geraldo Magela\/Ag\u00eancia Senado<br \/>\nPor: Metro1<\/p>\n","protected":false},"excerpt":{"rendered":"<p>Texto apresenta ainda mais recursos para fundo eleitoral O Congresso Nacional aprovou nesta sexta-feira (22) o Or\u00e7amento de 2024, com<\/p>\n","protected":false},"author":4,"featured_media":11842,"comment_status":"open","ping_status":"open","sticky":false,"template":"","format":"standard","meta":{"colormag_page_container_layout":"default_layout","colormag_page_sidebar_layout":"default_layout","_FSMCFIC_featured_image_caption":"","_FSMCFIC_featured_image_nocaption":"","_FSMCFIC_featured_image_hide":"","footnotes":""},"categories":[5,1],"tags":[],"class_list":["post-11841","post","type-post","status-publish","format-standard","has-post-thumbnail","hentry","category-politica","category-ultimas"],"yoast_head":"<!-- This site is optimized with the Yoast SEO plugin v27.1.1 - https:\/\/yoast.com\/product\/yoast-seo-wordpress\/ -->\n<title>Congresso aprova Or\u00e7amento de 2024 com corte no PAC e recorde para emendas - Brasil not\u00edcias<\/title>\n<meta name=\"robots\" content=\"index, follow, max-snippet:-1, max-image-preview:large, max-video-preview:-1\" \/>\n<link rel=\"canonical\" href=\"https:\/\/brasilnoticias.org\/site\/congresso-aprova-orcamento-de-2024-com-corte-no-pac-e-recorde-para-emendas\/\" \/>\n<meta property=\"og:locale\" content=\"pt_PT\" \/>\n<meta property=\"og:type\" content=\"article\" \/>\n<meta property=\"og:title\" content=\"Congresso aprova Or\u00e7amento de 2024 com corte no PAC e recorde para emendas - Brasil not\u00edcias\" \/>\n<meta property=\"og:description\" content=\"Texto apresenta ainda mais recursos para fundo eleitoral O Congresso Nacional aprovou nesta sexta-feira (22) o Or\u00e7amento de 2024, com\" \/>\n<meta property=\"og:url\" content=\"https:\/\/brasilnoticias.org\/site\/congresso-aprova-orcamento-de-2024-com-corte-no-pac-e-recorde-para-emendas\/\" \/>\n<meta property=\"og:site_name\" content=\"Brasil not\u00edcias\" \/>\n<meta property=\"article:published_time\" content=\"2023-12-22T23:47:29+00:00\" \/>\n<meta property=\"article:modified_time\" content=\"2023-12-22T23:50:40+00:00\" \/>\n<meta property=\"og:image\" content=\"https:\/\/brasilnoticias.org\/site\/wp-content\/uploads\/2023\/12\/144524congresso-aprova-orcamento-de-2024-com-corte-no-pac-e-recorde-para-emendas-3.jpg\" \/>\n\t<meta property=\"og:image:width\" content=\"1600\" \/>\n\t<meta property=\"og:image:height\" content=\"752\" \/>\n\t<meta property=\"og:image:type\" content=\"image\/jpeg\" \/>\n<meta name=\"author\" content=\"Reda\u00e7\u00e3o\" \/>\n<meta name=\"twitter:card\" content=\"summary_large_image\" \/>\n<meta name=\"twitter:label1\" content=\"Escrito por\" \/>\n\t<meta name=\"twitter:data1\" content=\"Reda\u00e7\u00e3o\" \/>\n\t<meta name=\"twitter:label2\" content=\"Tempo estimado de leitura\" \/>\n\t<meta name=\"twitter:data2\" content=\"2 minutos\" \/>\n<script type=\"application\/ld+json\" class=\"yoast-schema-graph\">{\"@context\":\"https:\/\/schema.org\",\"@graph\":[{\"@type\":\"Article\",\"@id\":\"https:\/\/brasilnoticias.org\/site\/congresso-aprova-orcamento-de-2024-com-corte-no-pac-e-recorde-para-emendas\/#article\",\"isPartOf\":{\"@id\":\"https:\/\/brasilnoticias.org\/site\/congresso-aprova-orcamento-de-2024-com-corte-no-pac-e-recorde-para-emendas\/\"},\"author\":{\"name\":\"Reda\u00e7\u00e3o\",\"@id\":\"https:\/\/brasilnoticias.org\/site\/#\/schema\/person\/03bbbfe6c7634ad18c26444ea39049fa\"},\"headline\":\"Congresso aprova Or\u00e7amento de 2024 com corte no PAC e recorde para emendas\",\"datePublished\":\"2023-12-22T23:47:29+00:00\",\"dateModified\":\"2023-12-22T23:50:40+00:00\",\"mainEntityOfPage\":{\"@id\":\"https:\/\/brasilnoticias.org\/site\/congresso-aprova-orcamento-de-2024-com-corte-no-pac-e-recorde-para-emendas\/\"},\"wordCount\":244,\"commentCount\":0,\"publisher\":{\"@id\":\"https:\/\/brasilnoticias.org\/site\/#organization\"},\"image\":{\"@id\":\"https:\/\/brasilnoticias.org\/site\/congresso-aprova-orcamento-de-2024-com-corte-no-pac-e-recorde-para-emendas\/#primaryimage\"},\"thumbnailUrl\":\"https:\/\/brasilnoticias.org\/site\/wp-content\/uploads\/2023\/12\/144524congresso-aprova-orcamento-de-2024-com-corte-no-pac-e-recorde-para-emendas-3.jpg\",\"articleSection\":[\"Pol\u00edtica\",\"\u00daltimas\"],\"inLanguage\":\"pt-PT\",\"potentialAction\":[{\"@type\":\"CommentAction\",\"name\":\"Comment\",\"target\":[\"https:\/\/brasilnoticias.org\/site\/congresso-aprova-orcamento-de-2024-com-corte-no-pac-e-recorde-para-emendas\/#respond\"]}]},{\"@type\":\"WebPage\",\"@id\":\"https:\/\/brasilnoticias.org\/site\/congresso-aprova-orcamento-de-2024-com-corte-no-pac-e-recorde-para-emendas\/\",\"url\":\"https:\/\/brasilnoticias.org\/site\/congresso-aprova-orcamento-de-2024-com-corte-no-pac-e-recorde-para-emendas\/\",\"name\":\"Congresso aprova Or\u00e7amento de 2024 com corte no PAC e recorde para emendas - Brasil not\u00edcias\",\"isPartOf\":{\"@id\":\"https:\/\/brasilnoticias.org\/site\/#website\"},\"primaryImageOfPage\":{\"@id\":\"https:\/\/brasilnoticias.org\/site\/congresso-aprova-orcamento-de-2024-com-corte-no-pac-e-recorde-para-emendas\/#primaryimage\"},\"image\":{\"@id\":\"https:\/\/brasilnoticias.org\/site\/congresso-aprova-orcamento-de-2024-com-corte-no-pac-e-recorde-para-emendas\/#primaryimage\"},\"thumbnailUrl\":\"https:\/\/brasilnoticias.org\/site\/wp-content\/uploads\/2023\/12\/144524congresso-aprova-orcamento-de-2024-com-corte-no-pac-e-recorde-para-emendas-3.jpg\",\"datePublished\":\"2023-12-22T23:47:29+00:00\",\"dateModified\":\"2023-12-22T23:50:40+00:00\",\"breadcrumb\":{\"@id\":\"https:\/\/brasilnoticias.org\/site\/congresso-aprova-orcamento-de-2024-com-corte-no-pac-e-recorde-para-emendas\/#breadcrumb\"},\"inLanguage\":\"pt-PT\",\"potentialAction\":[{\"@type\":\"ReadAction\",\"target\":[\"https:\/\/brasilnoticias.org\/site\/congresso-aprova-orcamento-de-2024-com-corte-no-pac-e-recorde-para-emendas\/\"]}]},{\"@type\":\"ImageObject\",\"inLanguage\":\"pt-PT\",\"@id\":\"https:\/\/brasilnoticias.org\/site\/congresso-aprova-orcamento-de-2024-com-corte-no-pac-e-recorde-para-emendas\/#primaryimage\",\"url\":\"https:\/\/brasilnoticias.org\/site\/wp-content\/uploads\/2023\/12\/144524congresso-aprova-orcamento-de-2024-com-corte-no-pac-e-recorde-para-emendas-3.jpg\",\"contentUrl\":\"https:\/\/brasilnoticias.org\/site\/wp-content\/uploads\/2023\/12\/144524congresso-aprova-orcamento-de-2024-com-corte-no-pac-e-recorde-para-emendas-3.jpg\",\"width\":1600,\"height\":752},{\"@type\":\"BreadcrumbList\",\"@id\":\"https:\/\/brasilnoticias.org\/site\/congresso-aprova-orcamento-de-2024-com-corte-no-pac-e-recorde-para-emendas\/#breadcrumb\",\"itemListElement\":[{\"@type\":\"ListItem\",\"position\":1,\"name\":\"In\u00edcio\",\"item\":\"https:\/\/brasilnoticias.org\/site\/\"},{\"@type\":\"ListItem\",\"position\":2,\"name\":\"Congresso aprova Or\u00e7amento de 2024 com corte no PAC e recorde para emendas\"}]},{\"@type\":\"WebSite\",\"@id\":\"https:\/\/brasilnoticias.org\/site\/#website\",\"url\":\"https:\/\/brasilnoticias.org\/site\/\",\"name\":\"Brasil not\u00edcias\",\"description\":\"Brasil not\u00edcias\",\"publisher\":{\"@id\":\"https:\/\/brasilnoticias.org\/site\/#organization\"},\"potentialAction\":[{\"@type\":\"SearchAction\",\"target\":{\"@type\":\"EntryPoint\",\"urlTemplate\":\"https:\/\/brasilnoticias.org\/site\/?s={search_term_string}\"},\"query-input\":{\"@type\":\"PropertyValueSpecification\",\"valueRequired\":true,\"valueName\":\"search_term_string\"}}],\"inLanguage\":\"pt-PT\"},{\"@type\":\"Organization\",\"@id\":\"https:\/\/brasilnoticias.org\/site\/#organization\",\"name\":\"Brasil not\u00edcias\",\"url\":\"https:\/\/brasilnoticias.org\/site\/\",\"logo\":{\"@type\":\"ImageObject\",\"inLanguage\":\"pt-PT\",\"@id\":\"https:\/\/brasilnoticias.org\/site\/#\/schema\/logo\/image\/\",\"url\":\"https:\/\/brasilnoticias.org\/site\/wp-content\/uploads\/2022\/05\/cropped-brasilnoticias-mini.jpg\",\"contentUrl\":\"https:\/\/brasilnoticias.org\/site\/wp-content\/uploads\/2022\/05\/cropped-brasilnoticias-mini.jpg\",\"width\":314,\"height\":86,\"caption\":\"Brasil not\u00edcias\"},\"image\":{\"@id\":\"https:\/\/brasilnoticias.org\/site\/#\/schema\/logo\/image\/\"}},{\"@type\":\"Person\",\"@id\":\"https:\/\/brasilnoticias.org\/site\/#\/schema\/person\/03bbbfe6c7634ad18c26444ea39049fa\",\"name\":\"Reda\u00e7\u00e3o\",\"image\":{\"@type\":\"ImageObject\",\"inLanguage\":\"pt-PT\",\"@id\":\"https:\/\/brasilnoticias.org\/site\/#\/schema\/person\/image\/\",\"url\":\"https:\/\/secure.gravatar.com\/avatar\/9ecaf7327a696cb23ad926fedded5f1f04d7049de9e445375d55b48c001a6e42?s=96&d=mm&r=g\",\"contentUrl\":\"https:\/\/secure.gravatar.com\/avatar\/9ecaf7327a696cb23ad926fedded5f1f04d7049de9e445375d55b48c001a6e42?s=96&d=mm&r=g\",\"caption\":\"Reda\u00e7\u00e3o\"},\"url\":\"https:\/\/brasilnoticias.org\/site\/author\/henrique\/\"}]}<\/script>\n<!-- \/ Yoast SEO plugin. -->","yoast_head_json":{"title":"Congresso aprova Or\u00e7amento de 2024 com corte no PAC e recorde para emendas - Brasil not\u00edcias","robots":{"index":"index","follow":"follow","max-snippet":"max-snippet:-1","max-image-preview":"max-image-preview:large","max-video-preview":"max-video-preview:-1"},"canonical":"https:\/\/brasilnoticias.org\/site\/congresso-aprova-orcamento-de-2024-com-corte-no-pac-e-recorde-para-emendas\/","og_locale":"pt_PT","og_type":"article","og_title":"Congresso aprova Or\u00e7amento de 2024 com corte no PAC e recorde para emendas - Brasil not\u00edcias","og_description":"Texto apresenta ainda mais recursos para fundo eleitoral O Congresso Nacional aprovou nesta sexta-feira (22) o Or\u00e7amento de 2024, com","og_url":"https:\/\/brasilnoticias.org\/site\/congresso-aprova-orcamento-de-2024-com-corte-no-pac-e-recorde-para-emendas\/","og_site_name":"Brasil not\u00edcias","article_published_time":"2023-12-22T23:47:29+00:00","article_modified_time":"2023-12-22T23:50:40+00:00","og_image":[{"width":1600,"height":752,"url":"https:\/\/brasilnoticias.org\/site\/wp-content\/uploads\/2023\/12\/144524congresso-aprova-orcamento-de-2024-com-corte-no-pac-e-recorde-para-emendas-3.jpg","type":"image\/jpeg"}],"author":"Reda\u00e7\u00e3o","twitter_card":"summary_large_image","twitter_misc":{"Escrito por":"Reda\u00e7\u00e3o","Tempo estimado de leitura":"2 minutos"},"schema":{"@context":"https:\/\/schema.org","@graph":[{"@type":"Article","@id":"https:\/\/brasilnoticias.org\/site\/congresso-aprova-orcamento-de-2024-com-corte-no-pac-e-recorde-para-emendas\/#article","isPartOf":{"@id":"https:\/\/brasilnoticias.org\/site\/congresso-aprova-orcamento-de-2024-com-corte-no-pac-e-recorde-para-emendas\/"},"author":{"name":"Reda\u00e7\u00e3o","@id":"https:\/\/brasilnoticias.org\/site\/#\/schema\/person\/03bbbfe6c7634ad18c26444ea39049fa"},"headline":"Congresso aprova Or\u00e7amento de 2024 com corte no PAC e recorde para emendas","datePublished":"2023-12-22T23:47:29+00:00","dateModified":"2023-12-22T23:50:40+00:00","mainEntityOfPage":{"@id":"https:\/\/brasilnoticias.org\/site\/congresso-aprova-orcamento-de-2024-com-corte-no-pac-e-recorde-para-emendas\/"},"wordCount":244,"commentCount":0,"publisher":{"@id":"https:\/\/brasilnoticias.org\/site\/#organization"},"image":{"@id":"https:\/\/brasilnoticias.org\/site\/congresso-aprova-orcamento-de-2024-com-corte-no-pac-e-recorde-para-emendas\/#primaryimage"},"thumbnailUrl":"https:\/\/brasilnoticias.org\/site\/wp-content\/uploads\/2023\/12\/144524congresso-aprova-orcamento-de-2024-com-corte-no-pac-e-recorde-para-emendas-3.jpg","articleSection":["Pol\u00edtica","\u00daltimas"],"inLanguage":"pt-PT","potentialAction":[{"@type":"CommentAction","name":"Comment","target":["https:\/\/brasilnoticias.org\/site\/congresso-aprova-orcamento-de-2024-com-corte-no-pac-e-recorde-para-emendas\/#respond"]}]},{"@type":"WebPage","@id":"https:\/\/brasilnoticias.org\/site\/congresso-aprova-orcamento-de-2024-com-corte-no-pac-e-recorde-para-emendas\/","url":"https:\/\/brasilnoticias.org\/site\/congresso-aprova-orcamento-de-2024-com-corte-no-pac-e-recorde-para-emendas\/","name":"Congresso aprova Or\u00e7amento de 2024 com corte no PAC e recorde para emendas - Brasil not\u00edcias","isPartOf":{"@id":"https:\/\/brasilnoticias.org\/site\/#website"},"primaryImageOfPage":{"@id":"https:\/\/brasilnoticias.org\/site\/congresso-aprova-orcamento-de-2024-com-corte-no-pac-e-recorde-para-emendas\/#primaryimage"},"image":{"@id":"https:\/\/brasilnoticias.org\/site\/congresso-aprova-orcamento-de-2024-com-corte-no-pac-e-recorde-para-emendas\/#primaryimage"},"thumbnailUrl":"https:\/\/brasilnoticias.org\/site\/wp-content\/uploads\/2023\/12\/144524congresso-aprova-orcamento-de-2024-com-corte-no-pac-e-recorde-para-emendas-3.jpg","datePublished":"2023-12-22T23:47:29+00:00","dateModified":"2023-12-22T23:50:40+00:00","breadcrumb":{"@id":"https:\/\/brasilnoticias.org\/site\/congresso-aprova-orcamento-de-2024-com-corte-no-pac-e-recorde-para-emendas\/#breadcrumb"},"inLanguage":"pt-PT","potentialAction":[{"@type":"ReadAction","target":["https:\/\/brasilnoticias.org\/site\/congresso-aprova-orcamento-de-2024-com-corte-no-pac-e-recorde-para-emendas\/"]}]},{"@type":"ImageObject","inLanguage":"pt-PT","@id":"https:\/\/brasilnoticias.org\/site\/congresso-aprova-orcamento-de-2024-com-corte-no-pac-e-recorde-para-emendas\/#primaryimage","url":"https:\/\/brasilnoticias.org\/site\/wp-content\/uploads\/2023\/12\/144524congresso-aprova-orcamento-de-2024-com-corte-no-pac-e-recorde-para-emendas-3.jpg","contentUrl":"https:\/\/brasilnoticias.org\/site\/wp-content\/uploads\/2023\/12\/144524congresso-aprova-orcamento-de-2024-com-corte-no-pac-e-recorde-para-emendas-3.jpg","width":1600,"height":752},{"@type":"BreadcrumbList","@id":"https:\/\/brasilnoticias.org\/site\/congresso-aprova-orcamento-de-2024-com-corte-no-pac-e-recorde-para-emendas\/#breadcrumb","itemListElement":[{"@type":"ListItem","position":1,"name":"In\u00edcio","item":"https:\/\/brasilnoticias.org\/site\/"},{"@type":"ListItem","position":2,"name":"Congresso aprova Or\u00e7amento de 2024 com corte no PAC e recorde para emendas"}]},{"@type":"WebSite","@id":"https:\/\/brasilnoticias.org\/site\/#website","url":"https:\/\/brasilnoticias.org\/site\/","name":"Brasil not\u00edcias","description":"Brasil not\u00edcias","publisher":{"@id":"https:\/\/brasilnoticias.org\/site\/#organization"},"potentialAction":[{"@type":"SearchAction","target":{"@type":"EntryPoint","urlTemplate":"https:\/\/brasilnoticias.org\/site\/?s={search_term_string}"},"query-input":{"@type":"PropertyValueSpecification","valueRequired":true,"valueName":"search_term_string"}}],"inLanguage":"pt-PT"},{"@type":"Organization","@id":"https:\/\/brasilnoticias.org\/site\/#organization","name":"Brasil not\u00edcias","url":"https:\/\/brasilnoticias.org\/site\/","logo":{"@type":"ImageObject","inLanguage":"pt-PT","@id":"https:\/\/brasilnoticias.org\/site\/#\/schema\/logo\/image\/","url":"https:\/\/brasilnoticias.org\/site\/wp-content\/uploads\/2022\/05\/cropped-brasilnoticias-mini.jpg","contentUrl":"https:\/\/brasilnoticias.org\/site\/wp-content\/uploads\/2022\/05\/cropped-brasilnoticias-mini.jpg","width":314,"height":86,"caption":"Brasil not\u00edcias"},"image":{"@id":"https:\/\/brasilnoticias.org\/site\/#\/schema\/logo\/image\/"}},{"@type":"Person","@id":"https:\/\/brasilnoticias.org\/site\/#\/schema\/person\/03bbbfe6c7634ad18c26444ea39049fa","name":"Reda\u00e7\u00e3o","image":{"@type":"ImageObject","inLanguage":"pt-PT","@id":"https:\/\/brasilnoticias.org\/site\/#\/schema\/person\/image\/","url":"https:\/\/secure.gravatar.com\/avatar\/9ecaf7327a696cb23ad926fedded5f1f04d7049de9e445375d55b48c001a6e42?s=96&d=mm&r=g","contentUrl":"https:\/\/secure.gravatar.com\/avatar\/9ecaf7327a696cb23ad926fedded5f1f04d7049de9e445375d55b48c001a6e42?s=96&d=mm&r=g","caption":"Reda\u00e7\u00e3o"},"url":"https:\/\/brasilnoticias.org\/site\/author\/henrique\/"}]}},"_links":{"self":[{"href":"https:\/\/brasilnoticias.org\/site\/wp-json\/wp\/v2\/posts\/11841","targetHints":{"allow":["GET"]}}],"collection":[{"href":"https:\/\/brasilnoticias.org\/site\/wp-json\/wp\/v2\/posts"}],"about":[{"href":"https:\/\/brasilnoticias.org\/site\/wp-json\/wp\/v2\/types\/post"}],"author":[{"embeddable":true,"href":"https:\/\/brasilnoticias.org\/site\/wp-json\/wp\/v2\/users\/4"}],"replies":[{"embeddable":true,"href":"https:\/\/brasilnoticias.org\/site\/wp-json\/wp\/v2\/comments?post=11841"}],"version-history":[{"count":1,"href":"https:\/\/brasilnoticias.org\/site\/wp-json\/wp\/v2\/posts\/11841\/revisions"}],"predecessor-version":[{"id":11843,"href":"https:\/\/brasilnoticias.org\/site\/wp-json\/wp\/v2\/posts\/11841\/revisions\/11843"}],"wp:featuredmedia":[{"embeddable":true,"href":"https:\/\/brasilnoticias.org\/site\/wp-json\/wp\/v2\/media\/11842"}],"wp:attachment":[{"href":"https:\/\/brasilnoticias.org\/site\/wp-json\/wp\/v2\/media?parent=11841"}],"wp:term":[{"taxonomy":"category","embeddable":true,"href":"https:\/\/brasilnoticias.org\/site\/wp-json\/wp\/v2\/categories?post=11841"},{"taxonomy":"post_tag","embeddable":true,"href":"https:\/\/brasilnoticias.org\/site\/wp-json\/wp\/v2\/tags?post=11841"}],"curies":[{"name":"wp","href":"https:\/\/api.w.org\/{rel}","templated":true}]}}