{"id":11857,"date":"2023-12-23T05:00:02","date_gmt":"2023-12-23T08:00:02","guid":{"rendered":"https:\/\/brasilnoticias.org\/site\/?p=11857"},"modified":"2023-12-22T21:03:50","modified_gmt":"2023-12-23T00:03:50","slug":"viagens-de-lula-no-primeiro-ano-equivalem-a-seis-voltas-ao-mundo","status":"publish","type":"post","link":"https:\/\/brasilnoticias.org\/site\/viagens-de-lula-no-primeiro-ano-equivalem-a-seis-voltas-ao-mundo\/","title":{"rendered":"Viagens de Lula no primeiro ano equivalem a seis voltas ao mundo"},"content":{"rendered":"<p>Com carimbo de 22 pa\u00edses no passaporte s\u00f3 neste primeiro ano do terceiro mandato, o presidente Lula acumula mais de 240.000 quil\u00f4metros percorridos em viagens ao exterior. Os trechos atravessados pelo presidente durante as viagens, custeadas pelo pagador de impostos, seriam suficientes para Lula completar seis voltas ao redor da terra. A coluna considerou a quilometragem, em linha reta, entre os aeroportos que Lula, Janja e suas numerosas comitivas desembarcaram.<\/p>\n<p>Tour global<\/p>\n<p>A primeira \u201cvolta ao mundo\u201d de Lula foi em abril, m\u00eas em que esteve duas vezes no Emirados \u00c1rabes Unidos, na China, Portugal e Espanha.<\/p>\n<p>Free shop<\/p>\n<p>As viagens, com gastan\u00e7a desenfreada, renderam o apelido de \u201cEsbanja\u201d \u00e0 primeira-dama Janja, flagrada em p\u00e9riplo por lojas de luxo em Portugal.<\/p>\n<p>Interc\u00e2mbio<\/p>\n<p>Sempre hospedado no bem-bom de hot\u00e9is suntuosos mundo afora, em doze meses, Lula passou impressionantes 62 dias fora do Brasil.<\/p>\n<p>S\u00f3 com ordem m\u00e9dica<\/p>\n<p>Ele s\u00f3 ficou de molho no Brasil em mar\u00e7o, outubro e novembro, quando ficou de repouso m\u00e9dico ap\u00f3s cirurgia no quadril e pl\u00e1stica nos olhos.<\/p>\n<p><\/strong>Informa\u00e7\u00f5es do Di\u00e1rio do Poder \/ Foto: Ricardo Stuckert<strong><\/p>\n","protected":false},"excerpt":{"rendered":"<p>Com carimbo de 22 pa\u00edses no passaporte s\u00f3 neste primeiro ano do terceiro mandato, o presidente Lula acumula mais de<\/p>\n","protected":false},"author":4,"featured_media":11858,"comment_status":"open","ping_status":"open","sticky":false,"template":"","format":"standard","meta":{"colormag_page_container_layout":"default_layout","colormag_page_sidebar_layout":"default_layout","_FSMCFIC_featured_image_caption":"","_FSMCFIC_featured_image_nocaption":"","_FSMCFIC_featured_image_hide":"","footnotes":""},"categories":[5,1],"tags":[],"class_list":["post-11857","post","type-post","status-publish","format-standard","has-post-thumbnail","hentry","category-politica","category-ultimas"],"yoast_head":"<!-- This site is optimized with the Yoast SEO plugin v27.1.1 - https:\/\/yoast.com\/product\/yoast-seo-wordpress\/ -->\n<title>Viagens de Lula no primeiro ano equivalem a seis voltas ao mundo - Brasil not\u00edcias<\/title>\n<meta name=\"robots\" content=\"index, follow, max-snippet:-1, max-image-preview:large, max-video-preview:-1\" \/>\n<link rel=\"canonical\" href=\"https:\/\/brasilnoticias.org\/site\/viagens-de-lula-no-primeiro-ano-equivalem-a-seis-voltas-ao-mundo\/\" \/>\n<meta property=\"og:locale\" content=\"pt_PT\" \/>\n<meta property=\"og:type\" content=\"article\" \/>\n<meta property=\"og:title\" content=\"Viagens de Lula no primeiro ano equivalem a seis voltas ao mundo - Brasil not\u00edcias\" \/>\n<meta property=\"og:description\" content=\"Com carimbo de 22 pa\u00edses no passaporte s\u00f3 neste primeiro ano do terceiro mandato, o presidente Lula acumula mais de\" \/>\n<meta property=\"og:url\" content=\"https:\/\/brasilnoticias.org\/site\/viagens-de-lula-no-primeiro-ano-equivalem-a-seis-voltas-ao-mundo\/\" \/>\n<meta property=\"og:site_name\" content=\"Brasil not\u00edcias\" \/>\n<meta property=\"article:published_time\" content=\"2023-12-23T08:00:02+00:00\" \/>\n<meta property=\"og:image\" content=\"https:\/\/brasilnoticias.org\/site\/wp-content\/uploads\/2023\/12\/IMAGEM_NOTICIA_2-4.jpg\" \/>\n\t<meta property=\"og:image:width\" content=\"300\" \/>\n\t<meta property=\"og:image:height\" content=\"200\" \/>\n\t<meta property=\"og:image:type\" content=\"image\/jpeg\" \/>\n<meta name=\"author\" content=\"Reda\u00e7\u00e3o\" \/>\n<meta name=\"twitter:card\" content=\"summary_large_image\" \/>\n<meta name=\"twitter:label1\" content=\"Escrito por\" \/>\n\t<meta name=\"twitter:data1\" content=\"Reda\u00e7\u00e3o\" \/>\n\t<meta name=\"twitter:label2\" content=\"Tempo estimado de leitura\" \/>\n\t<meta name=\"twitter:data2\" content=\"1 minuto\" \/>\n<script type=\"application\/ld+json\" class=\"yoast-schema-graph\">{\"@context\":\"https:\/\/schema.org\",\"@graph\":[{\"@type\":\"Article\",\"@id\":\"https:\/\/brasilnoticias.org\/site\/viagens-de-lula-no-primeiro-ano-equivalem-a-seis-voltas-ao-mundo\/#article\",\"isPartOf\":{\"@id\":\"https:\/\/brasilnoticias.org\/site\/viagens-de-lula-no-primeiro-ano-equivalem-a-seis-voltas-ao-mundo\/\"},\"author\":{\"name\":\"Reda\u00e7\u00e3o\",\"@id\":\"https:\/\/brasilnoticias.org\/site\/#\/schema\/person\/03bbbfe6c7634ad18c26444ea39049fa\"},\"headline\":\"Viagens de Lula no primeiro ano equivalem a seis voltas ao mundo\",\"datePublished\":\"2023-12-23T08:00:02+00:00\",\"mainEntityOfPage\":{\"@id\":\"https:\/\/brasilnoticias.org\/site\/viagens-de-lula-no-primeiro-ano-equivalem-a-seis-voltas-ao-mundo\/\"},\"wordCount\":201,\"commentCount\":0,\"publisher\":{\"@id\":\"https:\/\/brasilnoticias.org\/site\/#organization\"},\"image\":{\"@id\":\"https:\/\/brasilnoticias.org\/site\/viagens-de-lula-no-primeiro-ano-equivalem-a-seis-voltas-ao-mundo\/#primaryimage\"},\"thumbnailUrl\":\"https:\/\/brasilnoticias.org\/site\/wp-content\/uploads\/2023\/12\/IMAGEM_NOTICIA_2-4.jpg\",\"articleSection\":[\"Pol\u00edtica\",\"\u00daltimas\"],\"inLanguage\":\"pt-PT\",\"potentialAction\":[{\"@type\":\"CommentAction\",\"name\":\"Comment\",\"target\":[\"https:\/\/brasilnoticias.org\/site\/viagens-de-lula-no-primeiro-ano-equivalem-a-seis-voltas-ao-mundo\/#respond\"]}]},{\"@type\":\"WebPage\",\"@id\":\"https:\/\/brasilnoticias.org\/site\/viagens-de-lula-no-primeiro-ano-equivalem-a-seis-voltas-ao-mundo\/\",\"url\":\"https:\/\/brasilnoticias.org\/site\/viagens-de-lula-no-primeiro-ano-equivalem-a-seis-voltas-ao-mundo\/\",\"name\":\"Viagens de Lula no primeiro ano equivalem a seis voltas ao mundo - Brasil not\u00edcias\",\"isPartOf\":{\"@id\":\"https:\/\/brasilnoticias.org\/site\/#website\"},\"primaryImageOfPage\":{\"@id\":\"https:\/\/brasilnoticias.org\/site\/viagens-de-lula-no-primeiro-ano-equivalem-a-seis-voltas-ao-mundo\/#primaryimage\"},\"image\":{\"@id\":\"https:\/\/brasilnoticias.org\/site\/viagens-de-lula-no-primeiro-ano-equivalem-a-seis-voltas-ao-mundo\/#primaryimage\"},\"thumbnailUrl\":\"https:\/\/brasilnoticias.org\/site\/wp-content\/uploads\/2023\/12\/IMAGEM_NOTICIA_2-4.jpg\",\"datePublished\":\"2023-12-23T08:00:02+00:00\",\"breadcrumb\":{\"@id\":\"https:\/\/brasilnoticias.org\/site\/viagens-de-lula-no-primeiro-ano-equivalem-a-seis-voltas-ao-mundo\/#breadcrumb\"},\"inLanguage\":\"pt-PT\",\"potentialAction\":[{\"@type\":\"ReadAction\",\"target\":[\"https:\/\/brasilnoticias.org\/site\/viagens-de-lula-no-primeiro-ano-equivalem-a-seis-voltas-ao-mundo\/\"]}]},{\"@type\":\"ImageObject\",\"inLanguage\":\"pt-PT\",\"@id\":\"https:\/\/brasilnoticias.org\/site\/viagens-de-lula-no-primeiro-ano-equivalem-a-seis-voltas-ao-mundo\/#primaryimage\",\"url\":\"https:\/\/brasilnoticias.org\/site\/wp-content\/uploads\/2023\/12\/IMAGEM_NOTICIA_2-4.jpg\",\"contentUrl\":\"https:\/\/brasilnoticias.org\/site\/wp-content\/uploads\/2023\/12\/IMAGEM_NOTICIA_2-4.jpg\",\"width\":300,\"height\":200},{\"@type\":\"BreadcrumbList\",\"@id\":\"https:\/\/brasilnoticias.org\/site\/viagens-de-lula-no-primeiro-ano-equivalem-a-seis-voltas-ao-mundo\/#breadcrumb\",\"itemListElement\":[{\"@type\":\"ListItem\",\"position\":1,\"name\":\"In\u00edcio\",\"item\":\"https:\/\/brasilnoticias.org\/site\/\"},{\"@type\":\"ListItem\",\"position\":2,\"name\":\"Viagens de Lula no primeiro ano equivalem a seis voltas ao mundo\"}]},{\"@type\":\"WebSite\",\"@id\":\"https:\/\/brasilnoticias.org\/site\/#website\",\"url\":\"https:\/\/brasilnoticias.org\/site\/\",\"name\":\"Brasil not\u00edcias\",\"description\":\"Brasil not\u00edcias\",\"publisher\":{\"@id\":\"https:\/\/brasilnoticias.org\/site\/#organization\"},\"potentialAction\":[{\"@type\":\"SearchAction\",\"target\":{\"@type\":\"EntryPoint\",\"urlTemplate\":\"https:\/\/brasilnoticias.org\/site\/?s={search_term_string}\"},\"query-input\":{\"@type\":\"PropertyValueSpecification\",\"valueRequired\":true,\"valueName\":\"search_term_string\"}}],\"inLanguage\":\"pt-PT\"},{\"@type\":\"Organization\",\"@id\":\"https:\/\/brasilnoticias.org\/site\/#organization\",\"name\":\"Brasil not\u00edcias\",\"url\":\"https:\/\/brasilnoticias.org\/site\/\",\"logo\":{\"@type\":\"ImageObject\",\"inLanguage\":\"pt-PT\",\"@id\":\"https:\/\/brasilnoticias.org\/site\/#\/schema\/logo\/image\/\",\"url\":\"https:\/\/brasilnoticias.org\/site\/wp-content\/uploads\/2022\/05\/cropped-brasilnoticias-mini.jpg\",\"contentUrl\":\"https:\/\/brasilnoticias.org\/site\/wp-content\/uploads\/2022\/05\/cropped-brasilnoticias-mini.jpg\",\"width\":314,\"height\":86,\"caption\":\"Brasil not\u00edcias\"},\"image\":{\"@id\":\"https:\/\/brasilnoticias.org\/site\/#\/schema\/logo\/image\/\"}},{\"@type\":\"Person\",\"@id\":\"https:\/\/brasilnoticias.org\/site\/#\/schema\/person\/03bbbfe6c7634ad18c26444ea39049fa\",\"name\":\"Reda\u00e7\u00e3o\",\"image\":{\"@type\":\"ImageObject\",\"inLanguage\":\"pt-PT\",\"@id\":\"https:\/\/brasilnoticias.org\/site\/#\/schema\/person\/image\/\",\"url\":\"https:\/\/secure.gravatar.com\/avatar\/9ecaf7327a696cb23ad926fedded5f1f04d7049de9e445375d55b48c001a6e42?s=96&d=mm&r=g\",\"contentUrl\":\"https:\/\/secure.gravatar.com\/avatar\/9ecaf7327a696cb23ad926fedded5f1f04d7049de9e445375d55b48c001a6e42?s=96&d=mm&r=g\",\"caption\":\"Reda\u00e7\u00e3o\"},\"url\":\"https:\/\/brasilnoticias.org\/site\/author\/henrique\/\"}]}<\/script>\n<!-- \/ Yoast SEO plugin. -->","yoast_head_json":{"title":"Viagens de Lula no primeiro ano equivalem a seis voltas ao mundo - Brasil not\u00edcias","robots":{"index":"index","follow":"follow","max-snippet":"max-snippet:-1","max-image-preview":"max-image-preview:large","max-video-preview":"max-video-preview:-1"},"canonical":"https:\/\/brasilnoticias.org\/site\/viagens-de-lula-no-primeiro-ano-equivalem-a-seis-voltas-ao-mundo\/","og_locale":"pt_PT","og_type":"article","og_title":"Viagens de Lula no primeiro ano equivalem a seis voltas ao mundo - Brasil not\u00edcias","og_description":"Com carimbo de 22 pa\u00edses no passaporte s\u00f3 neste primeiro ano do terceiro mandato, o presidente Lula acumula mais de","og_url":"https:\/\/brasilnoticias.org\/site\/viagens-de-lula-no-primeiro-ano-equivalem-a-seis-voltas-ao-mundo\/","og_site_name":"Brasil not\u00edcias","article_published_time":"2023-12-23T08:00:02+00:00","og_image":[{"width":300,"height":200,"url":"https:\/\/brasilnoticias.org\/site\/wp-content\/uploads\/2023\/12\/IMAGEM_NOTICIA_2-4.jpg","type":"image\/jpeg"}],"author":"Reda\u00e7\u00e3o","twitter_card":"summary_large_image","twitter_misc":{"Escrito por":"Reda\u00e7\u00e3o","Tempo estimado de leitura":"1 minuto"},"schema":{"@context":"https:\/\/schema.org","@graph":[{"@type":"Article","@id":"https:\/\/brasilnoticias.org\/site\/viagens-de-lula-no-primeiro-ano-equivalem-a-seis-voltas-ao-mundo\/#article","isPartOf":{"@id":"https:\/\/brasilnoticias.org\/site\/viagens-de-lula-no-primeiro-ano-equivalem-a-seis-voltas-ao-mundo\/"},"author":{"name":"Reda\u00e7\u00e3o","@id":"https:\/\/brasilnoticias.org\/site\/#\/schema\/person\/03bbbfe6c7634ad18c26444ea39049fa"},"headline":"Viagens de Lula no primeiro ano equivalem a seis voltas ao mundo","datePublished":"2023-12-23T08:00:02+00:00","mainEntityOfPage":{"@id":"https:\/\/brasilnoticias.org\/site\/viagens-de-lula-no-primeiro-ano-equivalem-a-seis-voltas-ao-mundo\/"},"wordCount":201,"commentCount":0,"publisher":{"@id":"https:\/\/brasilnoticias.org\/site\/#organization"},"image":{"@id":"https:\/\/brasilnoticias.org\/site\/viagens-de-lula-no-primeiro-ano-equivalem-a-seis-voltas-ao-mundo\/#primaryimage"},"thumbnailUrl":"https:\/\/brasilnoticias.org\/site\/wp-content\/uploads\/2023\/12\/IMAGEM_NOTICIA_2-4.jpg","articleSection":["Pol\u00edtica","\u00daltimas"],"inLanguage":"pt-PT","potentialAction":[{"@type":"CommentAction","name":"Comment","target":["https:\/\/brasilnoticias.org\/site\/viagens-de-lula-no-primeiro-ano-equivalem-a-seis-voltas-ao-mundo\/#respond"]}]},{"@type":"WebPage","@id":"https:\/\/brasilnoticias.org\/site\/viagens-de-lula-no-primeiro-ano-equivalem-a-seis-voltas-ao-mundo\/","url":"https:\/\/brasilnoticias.org\/site\/viagens-de-lula-no-primeiro-ano-equivalem-a-seis-voltas-ao-mundo\/","name":"Viagens de Lula no primeiro ano equivalem a seis voltas ao mundo - Brasil not\u00edcias","isPartOf":{"@id":"https:\/\/brasilnoticias.org\/site\/#website"},"primaryImageOfPage":{"@id":"https:\/\/brasilnoticias.org\/site\/viagens-de-lula-no-primeiro-ano-equivalem-a-seis-voltas-ao-mundo\/#primaryimage"},"image":{"@id":"https:\/\/brasilnoticias.org\/site\/viagens-de-lula-no-primeiro-ano-equivalem-a-seis-voltas-ao-mundo\/#primaryimage"},"thumbnailUrl":"https:\/\/brasilnoticias.org\/site\/wp-content\/uploads\/2023\/12\/IMAGEM_NOTICIA_2-4.jpg","datePublished":"2023-12-23T08:00:02+00:00","breadcrumb":{"@id":"https:\/\/brasilnoticias.org\/site\/viagens-de-lula-no-primeiro-ano-equivalem-a-seis-voltas-ao-mundo\/#breadcrumb"},"inLanguage":"pt-PT","potentialAction":[{"@type":"ReadAction","target":["https:\/\/brasilnoticias.org\/site\/viagens-de-lula-no-primeiro-ano-equivalem-a-seis-voltas-ao-mundo\/"]}]},{"@type":"ImageObject","inLanguage":"pt-PT","@id":"https:\/\/brasilnoticias.org\/site\/viagens-de-lula-no-primeiro-ano-equivalem-a-seis-voltas-ao-mundo\/#primaryimage","url":"https:\/\/brasilnoticias.org\/site\/wp-content\/uploads\/2023\/12\/IMAGEM_NOTICIA_2-4.jpg","contentUrl":"https:\/\/brasilnoticias.org\/site\/wp-content\/uploads\/2023\/12\/IMAGEM_NOTICIA_2-4.jpg","width":300,"height":200},{"@type":"BreadcrumbList","@id":"https:\/\/brasilnoticias.org\/site\/viagens-de-lula-no-primeiro-ano-equivalem-a-seis-voltas-ao-mundo\/#breadcrumb","itemListElement":[{"@type":"ListItem","position":1,"name":"In\u00edcio","item":"https:\/\/brasilnoticias.org\/site\/"},{"@type":"ListItem","position":2,"name":"Viagens de Lula no primeiro ano equivalem a seis voltas ao mundo"}]},{"@type":"WebSite","@id":"https:\/\/brasilnoticias.org\/site\/#website","url":"https:\/\/brasilnoticias.org\/site\/","name":"Brasil not\u00edcias","description":"Brasil not\u00edcias","publisher":{"@id":"https:\/\/brasilnoticias.org\/site\/#organization"},"potentialAction":[{"@type":"SearchAction","target":{"@type":"EntryPoint","urlTemplate":"https:\/\/brasilnoticias.org\/site\/?s={search_term_string}"},"query-input":{"@type":"PropertyValueSpecification","valueRequired":true,"valueName":"search_term_string"}}],"inLanguage":"pt-PT"},{"@type":"Organization","@id":"https:\/\/brasilnoticias.org\/site\/#organization","name":"Brasil not\u00edcias","url":"https:\/\/brasilnoticias.org\/site\/","logo":{"@type":"ImageObject","inLanguage":"pt-PT","@id":"https:\/\/brasilnoticias.org\/site\/#\/schema\/logo\/image\/","url":"https:\/\/brasilnoticias.org\/site\/wp-content\/uploads\/2022\/05\/cropped-brasilnoticias-mini.jpg","contentUrl":"https:\/\/brasilnoticias.org\/site\/wp-content\/uploads\/2022\/05\/cropped-brasilnoticias-mini.jpg","width":314,"height":86,"caption":"Brasil not\u00edcias"},"image":{"@id":"https:\/\/brasilnoticias.org\/site\/#\/schema\/logo\/image\/"}},{"@type":"Person","@id":"https:\/\/brasilnoticias.org\/site\/#\/schema\/person\/03bbbfe6c7634ad18c26444ea39049fa","name":"Reda\u00e7\u00e3o","image":{"@type":"ImageObject","inLanguage":"pt-PT","@id":"https:\/\/brasilnoticias.org\/site\/#\/schema\/person\/image\/","url":"https:\/\/secure.gravatar.com\/avatar\/9ecaf7327a696cb23ad926fedded5f1f04d7049de9e445375d55b48c001a6e42?s=96&d=mm&r=g","contentUrl":"https:\/\/secure.gravatar.com\/avatar\/9ecaf7327a696cb23ad926fedded5f1f04d7049de9e445375d55b48c001a6e42?s=96&d=mm&r=g","caption":"Reda\u00e7\u00e3o"},"url":"https:\/\/brasilnoticias.org\/site\/author\/henrique\/"}]}},"_links":{"self":[{"href":"https:\/\/brasilnoticias.org\/site\/wp-json\/wp\/v2\/posts\/11857","targetHints":{"allow":["GET"]}}],"collection":[{"href":"https:\/\/brasilnoticias.org\/site\/wp-json\/wp\/v2\/posts"}],"about":[{"href":"https:\/\/brasilnoticias.org\/site\/wp-json\/wp\/v2\/types\/post"}],"author":[{"embeddable":true,"href":"https:\/\/brasilnoticias.org\/site\/wp-json\/wp\/v2\/users\/4"}],"replies":[{"embeddable":true,"href":"https:\/\/brasilnoticias.org\/site\/wp-json\/wp\/v2\/comments?post=11857"}],"version-history":[{"count":1,"href":"https:\/\/brasilnoticias.org\/site\/wp-json\/wp\/v2\/posts\/11857\/revisions"}],"predecessor-version":[{"id":11859,"href":"https:\/\/brasilnoticias.org\/site\/wp-json\/wp\/v2\/posts\/11857\/revisions\/11859"}],"wp:featuredmedia":[{"embeddable":true,"href":"https:\/\/brasilnoticias.org\/site\/wp-json\/wp\/v2\/media\/11858"}],"wp:attachment":[{"href":"https:\/\/brasilnoticias.org\/site\/wp-json\/wp\/v2\/media?parent=11857"}],"wp:term":[{"taxonomy":"category","embeddable":true,"href":"https:\/\/brasilnoticias.org\/site\/wp-json\/wp\/v2\/categories?post=11857"},{"taxonomy":"post_tag","embeddable":true,"href":"https:\/\/brasilnoticias.org\/site\/wp-json\/wp\/v2\/tags?post=11857"}],"curies":[{"name":"wp","href":"https:\/\/api.w.org\/{rel}","templated":true}]}}