{"id":11860,"date":"2023-12-22T21:05:52","date_gmt":"2023-12-23T00:05:52","guid":{"rendered":"https:\/\/brasilnoticias.org\/site\/?p=11860"},"modified":"2023-12-22T21:05:52","modified_gmt":"2023-12-23T00:05:52","slug":"sinjorba-se-solidariza-com-cintia-kelly-e-defende-liberdade-da-imprensa","status":"publish","type":"post","link":"https:\/\/brasilnoticias.org\/site\/sinjorba-se-solidariza-com-cintia-kelly-e-defende-liberdade-da-imprensa\/","title":{"rendered":"Sinjorba se solidariza com Cintia Kelly e defende liberdade da imprensa"},"content":{"rendered":"<p>O Sindicato dos Jornalistas da Bahia (Sinjorba) se solidariza com a colega Cintia Kelly, que nessa quinta-feira (21) foi, por duas vezes, tratada rispidamente, na a\u00e7\u00e3o de exerc\u00edcio profissional, enquanto entrevistava o governador Jer\u00f4nimo Rodrigues (PT). O fato ocorreu durante an\u00fancio da candidatura de Geraldo Junior (MDB) \u00e0 Prefeitura de Salvador, em 2024, como representante da base governista.<\/p>\n<p>Nas duas situa\u00e7\u00f5es, o chefe do executivo baiano mostrou irrita\u00e7\u00e3o com as perguntas da rep\u00f3rter, que simplesmente buscava apurar se havia desgaste ou aresta com a escolha de Geraldo Junior, uma vez que alguns pr\u00e9-candidatos de outros partidos da base n\u00e3o estavam participando do referido an\u00fancio. Perguntas normais da cobertura pol\u00edtica.<\/p>\n<p>Para o Sinjorba, n\u00e3o cabe ao entrevistado definir o que um rep\u00f3rter deve perguntar. O exerc\u00edcio do poder, na esfera que for, exige do representante pol\u00edtico a serenidade e paci\u00eancia necess\u00e1rias para lidar com o contradit\u00f3rio e com questionamentos que n\u00e3o o agradem. Mas h\u00e1 diversas maneiras de agir nessas situa\u00e7\u00f5es e o governador escolheu a pior delas.<\/p>\n<p>O Brasil vive um momento de afirma\u00e7\u00e3o do ambiente democr\u00e1tico e da possibilidade de a imprensa cumprir seu papel constitucional sem filtros pol\u00edticos e sem medo. Trabalhamos sob a \u00e9gide de um r\u00edgido c\u00f3digo de \u00e9tica, que exige do jornalista responsabilidade e compromisso com a verdade e a imparcialidade. Por nossa vez, exigimos dos representantes pol\u00edticos cuidado com a liberdade de imprensa, aten\u00e7\u00e3o \u00e0s suas obriga\u00e7\u00f5es de transpar\u00eancia para com o p\u00fablico e respeito para com os profissionais.<\/p>\n","protected":false},"excerpt":{"rendered":"<p>O Sindicato dos Jornalistas da Bahia (Sinjorba) se solidariza com a colega Cintia Kelly, que nessa quinta-feira (21) foi, por<\/p>\n","protected":false},"author":4,"featured_media":11861,"comment_status":"open","ping_status":"open","sticky":false,"template":"","format":"standard","meta":{"colormag_page_container_layout":"default_layout","colormag_page_sidebar_layout":"default_layout","_FSMCFIC_featured_image_caption":"","_FSMCFIC_featured_image_nocaption":"","_FSMCFIC_featured_image_hide":"","footnotes":""},"categories":[5,1],"tags":[],"class_list":["post-11860","post","type-post","status-publish","format-standard","has-post-thumbnail","hentry","category-politica","category-ultimas"],"yoast_head":"<!-- This site is optimized with the Yoast SEO plugin v27.1.1 - https:\/\/yoast.com\/product\/yoast-seo-wordpress\/ -->\n<title>Sinjorba se solidariza com Cintia Kelly e defende liberdade da imprensa - Brasil not\u00edcias<\/title>\n<meta name=\"robots\" content=\"index, follow, max-snippet:-1, max-image-preview:large, max-video-preview:-1\" \/>\n<link rel=\"canonical\" href=\"https:\/\/brasilnoticias.org\/site\/sinjorba-se-solidariza-com-cintia-kelly-e-defende-liberdade-da-imprensa\/\" \/>\n<meta property=\"og:locale\" content=\"pt_PT\" \/>\n<meta property=\"og:type\" content=\"article\" \/>\n<meta property=\"og:title\" content=\"Sinjorba se solidariza com Cintia Kelly e defende liberdade da imprensa - Brasil not\u00edcias\" \/>\n<meta property=\"og:description\" content=\"O Sindicato dos Jornalistas da Bahia (Sinjorba) se solidariza com a colega Cintia Kelly, que nessa quinta-feira (21) foi, por\" \/>\n<meta property=\"og:url\" content=\"https:\/\/brasilnoticias.org\/site\/sinjorba-se-solidariza-com-cintia-kelly-e-defende-liberdade-da-imprensa\/\" \/>\n<meta property=\"og:site_name\" content=\"Brasil not\u00edcias\" \/>\n<meta property=\"article:published_time\" content=\"2023-12-23T00:05:52+00:00\" \/>\n<meta property=\"og:image\" content=\"https:\/\/brasilnoticias.org\/site\/wp-content\/uploads\/2023\/12\/IMAGEM_NOTICIA_2-1-1.jpg\" \/>\n\t<meta property=\"og:image:width\" content=\"300\" \/>\n\t<meta property=\"og:image:height\" content=\"200\" \/>\n\t<meta property=\"og:image:type\" content=\"image\/jpeg\" \/>\n<meta name=\"author\" content=\"Reda\u00e7\u00e3o\" \/>\n<meta name=\"twitter:card\" content=\"summary_large_image\" \/>\n<meta name=\"twitter:label1\" content=\"Escrito por\" \/>\n\t<meta name=\"twitter:data1\" content=\"Reda\u00e7\u00e3o\" \/>\n\t<meta name=\"twitter:label2\" content=\"Tempo estimado de leitura\" \/>\n\t<meta name=\"twitter:data2\" content=\"1 minuto\" \/>\n<script type=\"application\/ld+json\" class=\"yoast-schema-graph\">{\"@context\":\"https:\/\/schema.org\",\"@graph\":[{\"@type\":\"Article\",\"@id\":\"https:\/\/brasilnoticias.org\/site\/sinjorba-se-solidariza-com-cintia-kelly-e-defende-liberdade-da-imprensa\/#article\",\"isPartOf\":{\"@id\":\"https:\/\/brasilnoticias.org\/site\/sinjorba-se-solidariza-com-cintia-kelly-e-defende-liberdade-da-imprensa\/\"},\"author\":{\"name\":\"Reda\u00e7\u00e3o\",\"@id\":\"https:\/\/brasilnoticias.org\/site\/#\/schema\/person\/03bbbfe6c7634ad18c26444ea39049fa\"},\"headline\":\"Sinjorba se solidariza com Cintia Kelly e defende liberdade da imprensa\",\"datePublished\":\"2023-12-23T00:05:52+00:00\",\"mainEntityOfPage\":{\"@id\":\"https:\/\/brasilnoticias.org\/site\/sinjorba-se-solidariza-com-cintia-kelly-e-defende-liberdade-da-imprensa\/\"},\"wordCount\":283,\"commentCount\":0,\"publisher\":{\"@id\":\"https:\/\/brasilnoticias.org\/site\/#organization\"},\"image\":{\"@id\":\"https:\/\/brasilnoticias.org\/site\/sinjorba-se-solidariza-com-cintia-kelly-e-defende-liberdade-da-imprensa\/#primaryimage\"},\"thumbnailUrl\":\"https:\/\/brasilnoticias.org\/site\/wp-content\/uploads\/2023\/12\/IMAGEM_NOTICIA_2-1-1.jpg\",\"articleSection\":[\"Pol\u00edtica\",\"\u00daltimas\"],\"inLanguage\":\"pt-PT\",\"potentialAction\":[{\"@type\":\"CommentAction\",\"name\":\"Comment\",\"target\":[\"https:\/\/brasilnoticias.org\/site\/sinjorba-se-solidariza-com-cintia-kelly-e-defende-liberdade-da-imprensa\/#respond\"]}]},{\"@type\":\"WebPage\",\"@id\":\"https:\/\/brasilnoticias.org\/site\/sinjorba-se-solidariza-com-cintia-kelly-e-defende-liberdade-da-imprensa\/\",\"url\":\"https:\/\/brasilnoticias.org\/site\/sinjorba-se-solidariza-com-cintia-kelly-e-defende-liberdade-da-imprensa\/\",\"name\":\"Sinjorba se solidariza com Cintia Kelly e defende liberdade da imprensa - Brasil not\u00edcias\",\"isPartOf\":{\"@id\":\"https:\/\/brasilnoticias.org\/site\/#website\"},\"primaryImageOfPage\":{\"@id\":\"https:\/\/brasilnoticias.org\/site\/sinjorba-se-solidariza-com-cintia-kelly-e-defende-liberdade-da-imprensa\/#primaryimage\"},\"image\":{\"@id\":\"https:\/\/brasilnoticias.org\/site\/sinjorba-se-solidariza-com-cintia-kelly-e-defende-liberdade-da-imprensa\/#primaryimage\"},\"thumbnailUrl\":\"https:\/\/brasilnoticias.org\/site\/wp-content\/uploads\/2023\/12\/IMAGEM_NOTICIA_2-1-1.jpg\",\"datePublished\":\"2023-12-23T00:05:52+00:00\",\"breadcrumb\":{\"@id\":\"https:\/\/brasilnoticias.org\/site\/sinjorba-se-solidariza-com-cintia-kelly-e-defende-liberdade-da-imprensa\/#breadcrumb\"},\"inLanguage\":\"pt-PT\",\"potentialAction\":[{\"@type\":\"ReadAction\",\"target\":[\"https:\/\/brasilnoticias.org\/site\/sinjorba-se-solidariza-com-cintia-kelly-e-defende-liberdade-da-imprensa\/\"]}]},{\"@type\":\"ImageObject\",\"inLanguage\":\"pt-PT\",\"@id\":\"https:\/\/brasilnoticias.org\/site\/sinjorba-se-solidariza-com-cintia-kelly-e-defende-liberdade-da-imprensa\/#primaryimage\",\"url\":\"https:\/\/brasilnoticias.org\/site\/wp-content\/uploads\/2023\/12\/IMAGEM_NOTICIA_2-1-1.jpg\",\"contentUrl\":\"https:\/\/brasilnoticias.org\/site\/wp-content\/uploads\/2023\/12\/IMAGEM_NOTICIA_2-1-1.jpg\",\"width\":300,\"height\":200},{\"@type\":\"BreadcrumbList\",\"@id\":\"https:\/\/brasilnoticias.org\/site\/sinjorba-se-solidariza-com-cintia-kelly-e-defende-liberdade-da-imprensa\/#breadcrumb\",\"itemListElement\":[{\"@type\":\"ListItem\",\"position\":1,\"name\":\"In\u00edcio\",\"item\":\"https:\/\/brasilnoticias.org\/site\/\"},{\"@type\":\"ListItem\",\"position\":2,\"name\":\"Sinjorba se solidariza com Cintia Kelly e defende liberdade da imprensa\"}]},{\"@type\":\"WebSite\",\"@id\":\"https:\/\/brasilnoticias.org\/site\/#website\",\"url\":\"https:\/\/brasilnoticias.org\/site\/\",\"name\":\"Brasil not\u00edcias\",\"description\":\"Brasil not\u00edcias\",\"publisher\":{\"@id\":\"https:\/\/brasilnoticias.org\/site\/#organization\"},\"potentialAction\":[{\"@type\":\"SearchAction\",\"target\":{\"@type\":\"EntryPoint\",\"urlTemplate\":\"https:\/\/brasilnoticias.org\/site\/?s={search_term_string}\"},\"query-input\":{\"@type\":\"PropertyValueSpecification\",\"valueRequired\":true,\"valueName\":\"search_term_string\"}}],\"inLanguage\":\"pt-PT\"},{\"@type\":\"Organization\",\"@id\":\"https:\/\/brasilnoticias.org\/site\/#organization\",\"name\":\"Brasil not\u00edcias\",\"url\":\"https:\/\/brasilnoticias.org\/site\/\",\"logo\":{\"@type\":\"ImageObject\",\"inLanguage\":\"pt-PT\",\"@id\":\"https:\/\/brasilnoticias.org\/site\/#\/schema\/logo\/image\/\",\"url\":\"https:\/\/brasilnoticias.org\/site\/wp-content\/uploads\/2022\/05\/cropped-brasilnoticias-mini.jpg\",\"contentUrl\":\"https:\/\/brasilnoticias.org\/site\/wp-content\/uploads\/2022\/05\/cropped-brasilnoticias-mini.jpg\",\"width\":314,\"height\":86,\"caption\":\"Brasil not\u00edcias\"},\"image\":{\"@id\":\"https:\/\/brasilnoticias.org\/site\/#\/schema\/logo\/image\/\"}},{\"@type\":\"Person\",\"@id\":\"https:\/\/brasilnoticias.org\/site\/#\/schema\/person\/03bbbfe6c7634ad18c26444ea39049fa\",\"name\":\"Reda\u00e7\u00e3o\",\"image\":{\"@type\":\"ImageObject\",\"inLanguage\":\"pt-PT\",\"@id\":\"https:\/\/brasilnoticias.org\/site\/#\/schema\/person\/image\/\",\"url\":\"https:\/\/secure.gravatar.com\/avatar\/9ecaf7327a696cb23ad926fedded5f1f04d7049de9e445375d55b48c001a6e42?s=96&d=mm&r=g\",\"contentUrl\":\"https:\/\/secure.gravatar.com\/avatar\/9ecaf7327a696cb23ad926fedded5f1f04d7049de9e445375d55b48c001a6e42?s=96&d=mm&r=g\",\"caption\":\"Reda\u00e7\u00e3o\"},\"url\":\"https:\/\/brasilnoticias.org\/site\/author\/henrique\/\"}]}<\/script>\n<!-- \/ Yoast SEO plugin. -->","yoast_head_json":{"title":"Sinjorba se solidariza com Cintia Kelly e defende liberdade da imprensa - Brasil not\u00edcias","robots":{"index":"index","follow":"follow","max-snippet":"max-snippet:-1","max-image-preview":"max-image-preview:large","max-video-preview":"max-video-preview:-1"},"canonical":"https:\/\/brasilnoticias.org\/site\/sinjorba-se-solidariza-com-cintia-kelly-e-defende-liberdade-da-imprensa\/","og_locale":"pt_PT","og_type":"article","og_title":"Sinjorba se solidariza com Cintia Kelly e defende liberdade da imprensa - Brasil not\u00edcias","og_description":"O Sindicato dos Jornalistas da Bahia (Sinjorba) se solidariza com a colega Cintia Kelly, que nessa quinta-feira (21) foi, por","og_url":"https:\/\/brasilnoticias.org\/site\/sinjorba-se-solidariza-com-cintia-kelly-e-defende-liberdade-da-imprensa\/","og_site_name":"Brasil not\u00edcias","article_published_time":"2023-12-23T00:05:52+00:00","og_image":[{"width":300,"height":200,"url":"https:\/\/brasilnoticias.org\/site\/wp-content\/uploads\/2023\/12\/IMAGEM_NOTICIA_2-1-1.jpg","type":"image\/jpeg"}],"author":"Reda\u00e7\u00e3o","twitter_card":"summary_large_image","twitter_misc":{"Escrito por":"Reda\u00e7\u00e3o","Tempo estimado de leitura":"1 minuto"},"schema":{"@context":"https:\/\/schema.org","@graph":[{"@type":"Article","@id":"https:\/\/brasilnoticias.org\/site\/sinjorba-se-solidariza-com-cintia-kelly-e-defende-liberdade-da-imprensa\/#article","isPartOf":{"@id":"https:\/\/brasilnoticias.org\/site\/sinjorba-se-solidariza-com-cintia-kelly-e-defende-liberdade-da-imprensa\/"},"author":{"name":"Reda\u00e7\u00e3o","@id":"https:\/\/brasilnoticias.org\/site\/#\/schema\/person\/03bbbfe6c7634ad18c26444ea39049fa"},"headline":"Sinjorba se solidariza com Cintia Kelly e defende liberdade da imprensa","datePublished":"2023-12-23T00:05:52+00:00","mainEntityOfPage":{"@id":"https:\/\/brasilnoticias.org\/site\/sinjorba-se-solidariza-com-cintia-kelly-e-defende-liberdade-da-imprensa\/"},"wordCount":283,"commentCount":0,"publisher":{"@id":"https:\/\/brasilnoticias.org\/site\/#organization"},"image":{"@id":"https:\/\/brasilnoticias.org\/site\/sinjorba-se-solidariza-com-cintia-kelly-e-defende-liberdade-da-imprensa\/#primaryimage"},"thumbnailUrl":"https:\/\/brasilnoticias.org\/site\/wp-content\/uploads\/2023\/12\/IMAGEM_NOTICIA_2-1-1.jpg","articleSection":["Pol\u00edtica","\u00daltimas"],"inLanguage":"pt-PT","potentialAction":[{"@type":"CommentAction","name":"Comment","target":["https:\/\/brasilnoticias.org\/site\/sinjorba-se-solidariza-com-cintia-kelly-e-defende-liberdade-da-imprensa\/#respond"]}]},{"@type":"WebPage","@id":"https:\/\/brasilnoticias.org\/site\/sinjorba-se-solidariza-com-cintia-kelly-e-defende-liberdade-da-imprensa\/","url":"https:\/\/brasilnoticias.org\/site\/sinjorba-se-solidariza-com-cintia-kelly-e-defende-liberdade-da-imprensa\/","name":"Sinjorba se solidariza com Cintia Kelly e defende liberdade da imprensa - Brasil not\u00edcias","isPartOf":{"@id":"https:\/\/brasilnoticias.org\/site\/#website"},"primaryImageOfPage":{"@id":"https:\/\/brasilnoticias.org\/site\/sinjorba-se-solidariza-com-cintia-kelly-e-defende-liberdade-da-imprensa\/#primaryimage"},"image":{"@id":"https:\/\/brasilnoticias.org\/site\/sinjorba-se-solidariza-com-cintia-kelly-e-defende-liberdade-da-imprensa\/#primaryimage"},"thumbnailUrl":"https:\/\/brasilnoticias.org\/site\/wp-content\/uploads\/2023\/12\/IMAGEM_NOTICIA_2-1-1.jpg","datePublished":"2023-12-23T00:05:52+00:00","breadcrumb":{"@id":"https:\/\/brasilnoticias.org\/site\/sinjorba-se-solidariza-com-cintia-kelly-e-defende-liberdade-da-imprensa\/#breadcrumb"},"inLanguage":"pt-PT","potentialAction":[{"@type":"ReadAction","target":["https:\/\/brasilnoticias.org\/site\/sinjorba-se-solidariza-com-cintia-kelly-e-defende-liberdade-da-imprensa\/"]}]},{"@type":"ImageObject","inLanguage":"pt-PT","@id":"https:\/\/brasilnoticias.org\/site\/sinjorba-se-solidariza-com-cintia-kelly-e-defende-liberdade-da-imprensa\/#primaryimage","url":"https:\/\/brasilnoticias.org\/site\/wp-content\/uploads\/2023\/12\/IMAGEM_NOTICIA_2-1-1.jpg","contentUrl":"https:\/\/brasilnoticias.org\/site\/wp-content\/uploads\/2023\/12\/IMAGEM_NOTICIA_2-1-1.jpg","width":300,"height":200},{"@type":"BreadcrumbList","@id":"https:\/\/brasilnoticias.org\/site\/sinjorba-se-solidariza-com-cintia-kelly-e-defende-liberdade-da-imprensa\/#breadcrumb","itemListElement":[{"@type":"ListItem","position":1,"name":"In\u00edcio","item":"https:\/\/brasilnoticias.org\/site\/"},{"@type":"ListItem","position":2,"name":"Sinjorba se solidariza com Cintia Kelly e defende liberdade da imprensa"}]},{"@type":"WebSite","@id":"https:\/\/brasilnoticias.org\/site\/#website","url":"https:\/\/brasilnoticias.org\/site\/","name":"Brasil not\u00edcias","description":"Brasil not\u00edcias","publisher":{"@id":"https:\/\/brasilnoticias.org\/site\/#organization"},"potentialAction":[{"@type":"SearchAction","target":{"@type":"EntryPoint","urlTemplate":"https:\/\/brasilnoticias.org\/site\/?s={search_term_string}"},"query-input":{"@type":"PropertyValueSpecification","valueRequired":true,"valueName":"search_term_string"}}],"inLanguage":"pt-PT"},{"@type":"Organization","@id":"https:\/\/brasilnoticias.org\/site\/#organization","name":"Brasil not\u00edcias","url":"https:\/\/brasilnoticias.org\/site\/","logo":{"@type":"ImageObject","inLanguage":"pt-PT","@id":"https:\/\/brasilnoticias.org\/site\/#\/schema\/logo\/image\/","url":"https:\/\/brasilnoticias.org\/site\/wp-content\/uploads\/2022\/05\/cropped-brasilnoticias-mini.jpg","contentUrl":"https:\/\/brasilnoticias.org\/site\/wp-content\/uploads\/2022\/05\/cropped-brasilnoticias-mini.jpg","width":314,"height":86,"caption":"Brasil not\u00edcias"},"image":{"@id":"https:\/\/brasilnoticias.org\/site\/#\/schema\/logo\/image\/"}},{"@type":"Person","@id":"https:\/\/brasilnoticias.org\/site\/#\/schema\/person\/03bbbfe6c7634ad18c26444ea39049fa","name":"Reda\u00e7\u00e3o","image":{"@type":"ImageObject","inLanguage":"pt-PT","@id":"https:\/\/brasilnoticias.org\/site\/#\/schema\/person\/image\/","url":"https:\/\/secure.gravatar.com\/avatar\/9ecaf7327a696cb23ad926fedded5f1f04d7049de9e445375d55b48c001a6e42?s=96&d=mm&r=g","contentUrl":"https:\/\/secure.gravatar.com\/avatar\/9ecaf7327a696cb23ad926fedded5f1f04d7049de9e445375d55b48c001a6e42?s=96&d=mm&r=g","caption":"Reda\u00e7\u00e3o"},"url":"https:\/\/brasilnoticias.org\/site\/author\/henrique\/"}]}},"_links":{"self":[{"href":"https:\/\/brasilnoticias.org\/site\/wp-json\/wp\/v2\/posts\/11860","targetHints":{"allow":["GET"]}}],"collection":[{"href":"https:\/\/brasilnoticias.org\/site\/wp-json\/wp\/v2\/posts"}],"about":[{"href":"https:\/\/brasilnoticias.org\/site\/wp-json\/wp\/v2\/types\/post"}],"author":[{"embeddable":true,"href":"https:\/\/brasilnoticias.org\/site\/wp-json\/wp\/v2\/users\/4"}],"replies":[{"embeddable":true,"href":"https:\/\/brasilnoticias.org\/site\/wp-json\/wp\/v2\/comments?post=11860"}],"version-history":[{"count":1,"href":"https:\/\/brasilnoticias.org\/site\/wp-json\/wp\/v2\/posts\/11860\/revisions"}],"predecessor-version":[{"id":11862,"href":"https:\/\/brasilnoticias.org\/site\/wp-json\/wp\/v2\/posts\/11860\/revisions\/11862"}],"wp:featuredmedia":[{"embeddable":true,"href":"https:\/\/brasilnoticias.org\/site\/wp-json\/wp\/v2\/media\/11861"}],"wp:attachment":[{"href":"https:\/\/brasilnoticias.org\/site\/wp-json\/wp\/v2\/media?parent=11860"}],"wp:term":[{"taxonomy":"category","embeddable":true,"href":"https:\/\/brasilnoticias.org\/site\/wp-json\/wp\/v2\/categories?post=11860"},{"taxonomy":"post_tag","embeddable":true,"href":"https:\/\/brasilnoticias.org\/site\/wp-json\/wp\/v2\/tags?post=11860"}],"curies":[{"name":"wp","href":"https:\/\/api.w.org\/{rel}","templated":true}]}}