{"id":11891,"date":"2023-12-27T10:24:43","date_gmt":"2023-12-27T13:24:43","guid":{"rendered":"https:\/\/brasilnoticias.org\/site\/?p=11891"},"modified":"2023-12-27T10:24:43","modified_gmt":"2023-12-27T13:24:43","slug":"ministro-da-defesa-de-israel-diz-que-guerra-e-travada-em-seis-frentes-alem-de-gaza","status":"publish","type":"post","link":"https:\/\/brasilnoticias.org\/site\/ministro-da-defesa-de-israel-diz-que-guerra-e-travada-em-seis-frentes-alem-de-gaza\/","title":{"rendered":"Ministro da Defesa de Israel diz que guerra \u00e9 travada em seis frentes al\u00e9m de Gaza"},"content":{"rendered":"<p>Ir\u00e3, I\u00eamen, S\u00edria, Cisjord\u00e2nia, Iraque e L\u00edbano, foram citados como &#8220;alvo potencial&#8221;<\/p>\n<p>O ministro da Defesa de Israel, Yoav Gallant, declarou que o pa\u00eds luta em sete frentes e que, at\u00e9 agora, respondeu a ataques em seis delas.<\/p>\n<p>A afirma\u00e7\u00e3o foi feita nesta ter\u00e7a-feira (26), durante a Comiss\u00e3o de Defesa do Parlamento, oitenta e dois dias ap\u00f3s a intensifica\u00e7\u00e3o do conflito entre Israel e o grupo Hamas, na Faixa de Gaza.<\/p>\n<p>Al\u00e9m de Gaza, onde j\u00e1 morreram quase 21 mil pessoas, e da Cisjord\u00e2nia, a qual Gallant referiu como \u201cJudeia e Samaria\u201d, as hostilidades estenderam-se, segundo o ministro, ao Ir\u00e3, I\u00eamen , S\u00edria, L\u00edbano e Iraque.<\/p>\n<p>\u201cEstamos numa guerra multi-arena, estamos a ser atacados por sete setores diferentes. J\u00e1 respondemos e agimos em seis desses decretos, e digo aqui da forma mais expl\u00edcita: quem age contra n\u00f3s \u00e9 um alvo potencial. N\u00e3o h\u00e1 imunidade para ningu\u00e9m\u201d, disse Gallant.<\/p>\n<p>At\u00e9 segunda-feira, os combates de Israel para al\u00e9m das suas fronteiras e dos territ\u00f3rios ocupados limitavam-se a atores secund\u00e1rios aliados do Ir\u00e3, como o Hezbollah no L\u00edbano. No entanto, Teer\u00e3 acusou as For\u00e7as Armadas de Israel de terem matado o general da Guarda Revolucion\u00e1ria Iraniana, Razi Mousavi, e tr\u00eas outros, ao lan\u00e7ar v\u00e1rios m\u00edsseis enquanto ele estava em Sayida Zeinab, um bairro a sul de Damasco, a capital da S\u00edria. <\/p>\n<p>Israel, n\u00e3o confirmou o seu envolvimento no ataque. A televis\u00e3o p\u00fablica iraniana interrompeu a sua transmiss\u00e3o para dar a not\u00edcia. O presidente do pa\u00eds, Ebrahim Raisi, garantiu que o ataque foi \u201cum sinal da frustra\u00e7\u00e3o e fraqueza do regime sionista, pelo qual certamente pagar\u00e1 um pre\u00e7o\u201d.<\/p>\n<p>Os coment\u00e1rios de Gallant seguem-se \u00e0s declara\u00e7\u00f5es do primeiro-ministro Benjamin Netanyahu na segunda-feira (25), de que a guerra est\u00e1 longe de terminar.<\/p>\n<p>Foto: Al-Jazeera\/Reprodu\u00e7\u00e3o<br \/>\nPor: Metro1<\/p>\n","protected":false},"excerpt":{"rendered":"<p>Ir\u00e3, I\u00eamen, S\u00edria, Cisjord\u00e2nia, Iraque e L\u00edbano, foram citados como &#8220;alvo potencial&#8221; O ministro da Defesa de Israel, Yoav Gallant,<\/p>\n","protected":false},"author":4,"featured_media":11892,"comment_status":"open","ping_status":"open","sticky":false,"template":"","format":"standard","meta":{"colormag_page_container_layout":"default_layout","colormag_page_sidebar_layout":"default_layout","_FSMCFIC_featured_image_caption":"","_FSMCFIC_featured_image_nocaption":"","_FSMCFIC_featured_image_hide":"","footnotes":""},"categories":[6,1],"tags":[],"class_list":["post-11891","post","type-post","status-publish","format-standard","has-post-thumbnail","hentry","category-mundo","category-ultimas"],"yoast_head":"<!-- This site is optimized with the Yoast SEO plugin v27.1.1 - https:\/\/yoast.com\/product\/yoast-seo-wordpress\/ -->\n<title>Ministro da Defesa de Israel diz que guerra \u00e9 travada em seis frentes al\u00e9m de Gaza - Brasil not\u00edcias<\/title>\n<meta name=\"robots\" content=\"index, follow, max-snippet:-1, max-image-preview:large, max-video-preview:-1\" \/>\n<link rel=\"canonical\" href=\"https:\/\/brasilnoticias.org\/site\/ministro-da-defesa-de-israel-diz-que-guerra-e-travada-em-seis-frentes-alem-de-gaza\/\" \/>\n<meta property=\"og:locale\" content=\"pt_PT\" \/>\n<meta property=\"og:type\" content=\"article\" \/>\n<meta property=\"og:title\" content=\"Ministro da Defesa de Israel diz que guerra \u00e9 travada em seis frentes al\u00e9m de Gaza - Brasil not\u00edcias\" \/>\n<meta property=\"og:description\" content=\"Ir\u00e3, I\u00eamen, S\u00edria, Cisjord\u00e2nia, Iraque e L\u00edbano, foram citados como &#8220;alvo potencial&#8221; O ministro da Defesa de Israel, Yoav Gallant,\" \/>\n<meta property=\"og:url\" content=\"https:\/\/brasilnoticias.org\/site\/ministro-da-defesa-de-israel-diz-que-guerra-e-travada-em-seis-frentes-alem-de-gaza\/\" \/>\n<meta property=\"og:site_name\" content=\"Brasil not\u00edcias\" \/>\n<meta property=\"article:published_time\" content=\"2023-12-27T13:24:43+00:00\" \/>\n<meta property=\"og:image\" content=\"https:\/\/brasilnoticias.org\/site\/wp-content\/uploads\/2023\/12\/144640ministro-da-defesa-de-israel-diz-que-guerra-e-travada-em-seis-frentes-alem-de-gaza-3.jpg\" \/>\n\t<meta property=\"og:image:width\" content=\"1600\" \/>\n\t<meta property=\"og:image:height\" content=\"752\" \/>\n\t<meta property=\"og:image:type\" content=\"image\/jpeg\" \/>\n<meta name=\"author\" content=\"Reda\u00e7\u00e3o\" \/>\n<meta name=\"twitter:card\" content=\"summary_large_image\" \/>\n<meta name=\"twitter:label1\" content=\"Escrito por\" \/>\n\t<meta name=\"twitter:data1\" content=\"Reda\u00e7\u00e3o\" \/>\n\t<meta name=\"twitter:label2\" content=\"Tempo estimado de leitura\" \/>\n\t<meta name=\"twitter:data2\" content=\"1 minuto\" \/>\n<script type=\"application\/ld+json\" class=\"yoast-schema-graph\">{\"@context\":\"https:\/\/schema.org\",\"@graph\":[{\"@type\":\"Article\",\"@id\":\"https:\/\/brasilnoticias.org\/site\/ministro-da-defesa-de-israel-diz-que-guerra-e-travada-em-seis-frentes-alem-de-gaza\/#article\",\"isPartOf\":{\"@id\":\"https:\/\/brasilnoticias.org\/site\/ministro-da-defesa-de-israel-diz-que-guerra-e-travada-em-seis-frentes-alem-de-gaza\/\"},\"author\":{\"name\":\"Reda\u00e7\u00e3o\",\"@id\":\"https:\/\/brasilnoticias.org\/site\/#\/schema\/person\/03bbbfe6c7634ad18c26444ea39049fa\"},\"headline\":\"Ministro da Defesa de Israel diz que guerra \u00e9 travada em seis frentes al\u00e9m de Gaza\",\"datePublished\":\"2023-12-27T13:24:43+00:00\",\"mainEntityOfPage\":{\"@id\":\"https:\/\/brasilnoticias.org\/site\/ministro-da-defesa-de-israel-diz-que-guerra-e-travada-em-seis-frentes-alem-de-gaza\/\"},\"wordCount\":343,\"commentCount\":0,\"publisher\":{\"@id\":\"https:\/\/brasilnoticias.org\/site\/#organization\"},\"image\":{\"@id\":\"https:\/\/brasilnoticias.org\/site\/ministro-da-defesa-de-israel-diz-que-guerra-e-travada-em-seis-frentes-alem-de-gaza\/#primaryimage\"},\"thumbnailUrl\":\"https:\/\/brasilnoticias.org\/site\/wp-content\/uploads\/2023\/12\/144640ministro-da-defesa-de-israel-diz-que-guerra-e-travada-em-seis-frentes-alem-de-gaza-3.jpg\",\"articleSection\":[\"Mundo\",\"\u00daltimas\"],\"inLanguage\":\"pt-PT\",\"potentialAction\":[{\"@type\":\"CommentAction\",\"name\":\"Comment\",\"target\":[\"https:\/\/brasilnoticias.org\/site\/ministro-da-defesa-de-israel-diz-que-guerra-e-travada-em-seis-frentes-alem-de-gaza\/#respond\"]}]},{\"@type\":\"WebPage\",\"@id\":\"https:\/\/brasilnoticias.org\/site\/ministro-da-defesa-de-israel-diz-que-guerra-e-travada-em-seis-frentes-alem-de-gaza\/\",\"url\":\"https:\/\/brasilnoticias.org\/site\/ministro-da-defesa-de-israel-diz-que-guerra-e-travada-em-seis-frentes-alem-de-gaza\/\",\"name\":\"Ministro da Defesa de Israel diz que guerra \u00e9 travada em seis frentes al\u00e9m de Gaza - Brasil not\u00edcias\",\"isPartOf\":{\"@id\":\"https:\/\/brasilnoticias.org\/site\/#website\"},\"primaryImageOfPage\":{\"@id\":\"https:\/\/brasilnoticias.org\/site\/ministro-da-defesa-de-israel-diz-que-guerra-e-travada-em-seis-frentes-alem-de-gaza\/#primaryimage\"},\"image\":{\"@id\":\"https:\/\/brasilnoticias.org\/site\/ministro-da-defesa-de-israel-diz-que-guerra-e-travada-em-seis-frentes-alem-de-gaza\/#primaryimage\"},\"thumbnailUrl\":\"https:\/\/brasilnoticias.org\/site\/wp-content\/uploads\/2023\/12\/144640ministro-da-defesa-de-israel-diz-que-guerra-e-travada-em-seis-frentes-alem-de-gaza-3.jpg\",\"datePublished\":\"2023-12-27T13:24:43+00:00\",\"breadcrumb\":{\"@id\":\"https:\/\/brasilnoticias.org\/site\/ministro-da-defesa-de-israel-diz-que-guerra-e-travada-em-seis-frentes-alem-de-gaza\/#breadcrumb\"},\"inLanguage\":\"pt-PT\",\"potentialAction\":[{\"@type\":\"ReadAction\",\"target\":[\"https:\/\/brasilnoticias.org\/site\/ministro-da-defesa-de-israel-diz-que-guerra-e-travada-em-seis-frentes-alem-de-gaza\/\"]}]},{\"@type\":\"ImageObject\",\"inLanguage\":\"pt-PT\",\"@id\":\"https:\/\/brasilnoticias.org\/site\/ministro-da-defesa-de-israel-diz-que-guerra-e-travada-em-seis-frentes-alem-de-gaza\/#primaryimage\",\"url\":\"https:\/\/brasilnoticias.org\/site\/wp-content\/uploads\/2023\/12\/144640ministro-da-defesa-de-israel-diz-que-guerra-e-travada-em-seis-frentes-alem-de-gaza-3.jpg\",\"contentUrl\":\"https:\/\/brasilnoticias.org\/site\/wp-content\/uploads\/2023\/12\/144640ministro-da-defesa-de-israel-diz-que-guerra-e-travada-em-seis-frentes-alem-de-gaza-3.jpg\",\"width\":1600,\"height\":752},{\"@type\":\"BreadcrumbList\",\"@id\":\"https:\/\/brasilnoticias.org\/site\/ministro-da-defesa-de-israel-diz-que-guerra-e-travada-em-seis-frentes-alem-de-gaza\/#breadcrumb\",\"itemListElement\":[{\"@type\":\"ListItem\",\"position\":1,\"name\":\"In\u00edcio\",\"item\":\"https:\/\/brasilnoticias.org\/site\/\"},{\"@type\":\"ListItem\",\"position\":2,\"name\":\"Ministro da Defesa de Israel diz que guerra \u00e9 travada em seis frentes al\u00e9m de Gaza\"}]},{\"@type\":\"WebSite\",\"@id\":\"https:\/\/brasilnoticias.org\/site\/#website\",\"url\":\"https:\/\/brasilnoticias.org\/site\/\",\"name\":\"Brasil not\u00edcias\",\"description\":\"Brasil not\u00edcias\",\"publisher\":{\"@id\":\"https:\/\/brasilnoticias.org\/site\/#organization\"},\"potentialAction\":[{\"@type\":\"SearchAction\",\"target\":{\"@type\":\"EntryPoint\",\"urlTemplate\":\"https:\/\/brasilnoticias.org\/site\/?s={search_term_string}\"},\"query-input\":{\"@type\":\"PropertyValueSpecification\",\"valueRequired\":true,\"valueName\":\"search_term_string\"}}],\"inLanguage\":\"pt-PT\"},{\"@type\":\"Organization\",\"@id\":\"https:\/\/brasilnoticias.org\/site\/#organization\",\"name\":\"Brasil not\u00edcias\",\"url\":\"https:\/\/brasilnoticias.org\/site\/\",\"logo\":{\"@type\":\"ImageObject\",\"inLanguage\":\"pt-PT\",\"@id\":\"https:\/\/brasilnoticias.org\/site\/#\/schema\/logo\/image\/\",\"url\":\"https:\/\/brasilnoticias.org\/site\/wp-content\/uploads\/2022\/05\/cropped-brasilnoticias-mini.jpg\",\"contentUrl\":\"https:\/\/brasilnoticias.org\/site\/wp-content\/uploads\/2022\/05\/cropped-brasilnoticias-mini.jpg\",\"width\":314,\"height\":86,\"caption\":\"Brasil not\u00edcias\"},\"image\":{\"@id\":\"https:\/\/brasilnoticias.org\/site\/#\/schema\/logo\/image\/\"}},{\"@type\":\"Person\",\"@id\":\"https:\/\/brasilnoticias.org\/site\/#\/schema\/person\/03bbbfe6c7634ad18c26444ea39049fa\",\"name\":\"Reda\u00e7\u00e3o\",\"image\":{\"@type\":\"ImageObject\",\"inLanguage\":\"pt-PT\",\"@id\":\"https:\/\/brasilnoticias.org\/site\/#\/schema\/person\/image\/\",\"url\":\"https:\/\/secure.gravatar.com\/avatar\/9ecaf7327a696cb23ad926fedded5f1f04d7049de9e445375d55b48c001a6e42?s=96&d=mm&r=g\",\"contentUrl\":\"https:\/\/secure.gravatar.com\/avatar\/9ecaf7327a696cb23ad926fedded5f1f04d7049de9e445375d55b48c001a6e42?s=96&d=mm&r=g\",\"caption\":\"Reda\u00e7\u00e3o\"},\"url\":\"https:\/\/brasilnoticias.org\/site\/author\/henrique\/\"}]}<\/script>\n<!-- \/ Yoast SEO plugin. -->","yoast_head_json":{"title":"Ministro da Defesa de Israel diz que guerra \u00e9 travada em seis frentes al\u00e9m de Gaza - Brasil not\u00edcias","robots":{"index":"index","follow":"follow","max-snippet":"max-snippet:-1","max-image-preview":"max-image-preview:large","max-video-preview":"max-video-preview:-1"},"canonical":"https:\/\/brasilnoticias.org\/site\/ministro-da-defesa-de-israel-diz-que-guerra-e-travada-em-seis-frentes-alem-de-gaza\/","og_locale":"pt_PT","og_type":"article","og_title":"Ministro da Defesa de Israel diz que guerra \u00e9 travada em seis frentes al\u00e9m de Gaza - Brasil not\u00edcias","og_description":"Ir\u00e3, I\u00eamen, S\u00edria, Cisjord\u00e2nia, Iraque e L\u00edbano, foram citados como &#8220;alvo potencial&#8221; O ministro da Defesa de Israel, Yoav Gallant,","og_url":"https:\/\/brasilnoticias.org\/site\/ministro-da-defesa-de-israel-diz-que-guerra-e-travada-em-seis-frentes-alem-de-gaza\/","og_site_name":"Brasil not\u00edcias","article_published_time":"2023-12-27T13:24:43+00:00","og_image":[{"width":1600,"height":752,"url":"https:\/\/brasilnoticias.org\/site\/wp-content\/uploads\/2023\/12\/144640ministro-da-defesa-de-israel-diz-que-guerra-e-travada-em-seis-frentes-alem-de-gaza-3.jpg","type":"image\/jpeg"}],"author":"Reda\u00e7\u00e3o","twitter_card":"summary_large_image","twitter_misc":{"Escrito por":"Reda\u00e7\u00e3o","Tempo estimado de leitura":"1 minuto"},"schema":{"@context":"https:\/\/schema.org","@graph":[{"@type":"Article","@id":"https:\/\/brasilnoticias.org\/site\/ministro-da-defesa-de-israel-diz-que-guerra-e-travada-em-seis-frentes-alem-de-gaza\/#article","isPartOf":{"@id":"https:\/\/brasilnoticias.org\/site\/ministro-da-defesa-de-israel-diz-que-guerra-e-travada-em-seis-frentes-alem-de-gaza\/"},"author":{"name":"Reda\u00e7\u00e3o","@id":"https:\/\/brasilnoticias.org\/site\/#\/schema\/person\/03bbbfe6c7634ad18c26444ea39049fa"},"headline":"Ministro da Defesa de Israel diz que guerra \u00e9 travada em seis frentes al\u00e9m de Gaza","datePublished":"2023-12-27T13:24:43+00:00","mainEntityOfPage":{"@id":"https:\/\/brasilnoticias.org\/site\/ministro-da-defesa-de-israel-diz-que-guerra-e-travada-em-seis-frentes-alem-de-gaza\/"},"wordCount":343,"commentCount":0,"publisher":{"@id":"https:\/\/brasilnoticias.org\/site\/#organization"},"image":{"@id":"https:\/\/brasilnoticias.org\/site\/ministro-da-defesa-de-israel-diz-que-guerra-e-travada-em-seis-frentes-alem-de-gaza\/#primaryimage"},"thumbnailUrl":"https:\/\/brasilnoticias.org\/site\/wp-content\/uploads\/2023\/12\/144640ministro-da-defesa-de-israel-diz-que-guerra-e-travada-em-seis-frentes-alem-de-gaza-3.jpg","articleSection":["Mundo","\u00daltimas"],"inLanguage":"pt-PT","potentialAction":[{"@type":"CommentAction","name":"Comment","target":["https:\/\/brasilnoticias.org\/site\/ministro-da-defesa-de-israel-diz-que-guerra-e-travada-em-seis-frentes-alem-de-gaza\/#respond"]}]},{"@type":"WebPage","@id":"https:\/\/brasilnoticias.org\/site\/ministro-da-defesa-de-israel-diz-que-guerra-e-travada-em-seis-frentes-alem-de-gaza\/","url":"https:\/\/brasilnoticias.org\/site\/ministro-da-defesa-de-israel-diz-que-guerra-e-travada-em-seis-frentes-alem-de-gaza\/","name":"Ministro da Defesa de Israel diz que guerra \u00e9 travada em seis frentes al\u00e9m de Gaza - Brasil not\u00edcias","isPartOf":{"@id":"https:\/\/brasilnoticias.org\/site\/#website"},"primaryImageOfPage":{"@id":"https:\/\/brasilnoticias.org\/site\/ministro-da-defesa-de-israel-diz-que-guerra-e-travada-em-seis-frentes-alem-de-gaza\/#primaryimage"},"image":{"@id":"https:\/\/brasilnoticias.org\/site\/ministro-da-defesa-de-israel-diz-que-guerra-e-travada-em-seis-frentes-alem-de-gaza\/#primaryimage"},"thumbnailUrl":"https:\/\/brasilnoticias.org\/site\/wp-content\/uploads\/2023\/12\/144640ministro-da-defesa-de-israel-diz-que-guerra-e-travada-em-seis-frentes-alem-de-gaza-3.jpg","datePublished":"2023-12-27T13:24:43+00:00","breadcrumb":{"@id":"https:\/\/brasilnoticias.org\/site\/ministro-da-defesa-de-israel-diz-que-guerra-e-travada-em-seis-frentes-alem-de-gaza\/#breadcrumb"},"inLanguage":"pt-PT","potentialAction":[{"@type":"ReadAction","target":["https:\/\/brasilnoticias.org\/site\/ministro-da-defesa-de-israel-diz-que-guerra-e-travada-em-seis-frentes-alem-de-gaza\/"]}]},{"@type":"ImageObject","inLanguage":"pt-PT","@id":"https:\/\/brasilnoticias.org\/site\/ministro-da-defesa-de-israel-diz-que-guerra-e-travada-em-seis-frentes-alem-de-gaza\/#primaryimage","url":"https:\/\/brasilnoticias.org\/site\/wp-content\/uploads\/2023\/12\/144640ministro-da-defesa-de-israel-diz-que-guerra-e-travada-em-seis-frentes-alem-de-gaza-3.jpg","contentUrl":"https:\/\/brasilnoticias.org\/site\/wp-content\/uploads\/2023\/12\/144640ministro-da-defesa-de-israel-diz-que-guerra-e-travada-em-seis-frentes-alem-de-gaza-3.jpg","width":1600,"height":752},{"@type":"BreadcrumbList","@id":"https:\/\/brasilnoticias.org\/site\/ministro-da-defesa-de-israel-diz-que-guerra-e-travada-em-seis-frentes-alem-de-gaza\/#breadcrumb","itemListElement":[{"@type":"ListItem","position":1,"name":"In\u00edcio","item":"https:\/\/brasilnoticias.org\/site\/"},{"@type":"ListItem","position":2,"name":"Ministro da Defesa de Israel diz que guerra \u00e9 travada em seis frentes al\u00e9m de Gaza"}]},{"@type":"WebSite","@id":"https:\/\/brasilnoticias.org\/site\/#website","url":"https:\/\/brasilnoticias.org\/site\/","name":"Brasil not\u00edcias","description":"Brasil not\u00edcias","publisher":{"@id":"https:\/\/brasilnoticias.org\/site\/#organization"},"potentialAction":[{"@type":"SearchAction","target":{"@type":"EntryPoint","urlTemplate":"https:\/\/brasilnoticias.org\/site\/?s={search_term_string}"},"query-input":{"@type":"PropertyValueSpecification","valueRequired":true,"valueName":"search_term_string"}}],"inLanguage":"pt-PT"},{"@type":"Organization","@id":"https:\/\/brasilnoticias.org\/site\/#organization","name":"Brasil not\u00edcias","url":"https:\/\/brasilnoticias.org\/site\/","logo":{"@type":"ImageObject","inLanguage":"pt-PT","@id":"https:\/\/brasilnoticias.org\/site\/#\/schema\/logo\/image\/","url":"https:\/\/brasilnoticias.org\/site\/wp-content\/uploads\/2022\/05\/cropped-brasilnoticias-mini.jpg","contentUrl":"https:\/\/brasilnoticias.org\/site\/wp-content\/uploads\/2022\/05\/cropped-brasilnoticias-mini.jpg","width":314,"height":86,"caption":"Brasil not\u00edcias"},"image":{"@id":"https:\/\/brasilnoticias.org\/site\/#\/schema\/logo\/image\/"}},{"@type":"Person","@id":"https:\/\/brasilnoticias.org\/site\/#\/schema\/person\/03bbbfe6c7634ad18c26444ea39049fa","name":"Reda\u00e7\u00e3o","image":{"@type":"ImageObject","inLanguage":"pt-PT","@id":"https:\/\/brasilnoticias.org\/site\/#\/schema\/person\/image\/","url":"https:\/\/secure.gravatar.com\/avatar\/9ecaf7327a696cb23ad926fedded5f1f04d7049de9e445375d55b48c001a6e42?s=96&d=mm&r=g","contentUrl":"https:\/\/secure.gravatar.com\/avatar\/9ecaf7327a696cb23ad926fedded5f1f04d7049de9e445375d55b48c001a6e42?s=96&d=mm&r=g","caption":"Reda\u00e7\u00e3o"},"url":"https:\/\/brasilnoticias.org\/site\/author\/henrique\/"}]}},"_links":{"self":[{"href":"https:\/\/brasilnoticias.org\/site\/wp-json\/wp\/v2\/posts\/11891","targetHints":{"allow":["GET"]}}],"collection":[{"href":"https:\/\/brasilnoticias.org\/site\/wp-json\/wp\/v2\/posts"}],"about":[{"href":"https:\/\/brasilnoticias.org\/site\/wp-json\/wp\/v2\/types\/post"}],"author":[{"embeddable":true,"href":"https:\/\/brasilnoticias.org\/site\/wp-json\/wp\/v2\/users\/4"}],"replies":[{"embeddable":true,"href":"https:\/\/brasilnoticias.org\/site\/wp-json\/wp\/v2\/comments?post=11891"}],"version-history":[{"count":1,"href":"https:\/\/brasilnoticias.org\/site\/wp-json\/wp\/v2\/posts\/11891\/revisions"}],"predecessor-version":[{"id":11893,"href":"https:\/\/brasilnoticias.org\/site\/wp-json\/wp\/v2\/posts\/11891\/revisions\/11893"}],"wp:featuredmedia":[{"embeddable":true,"href":"https:\/\/brasilnoticias.org\/site\/wp-json\/wp\/v2\/media\/11892"}],"wp:attachment":[{"href":"https:\/\/brasilnoticias.org\/site\/wp-json\/wp\/v2\/media?parent=11891"}],"wp:term":[{"taxonomy":"category","embeddable":true,"href":"https:\/\/brasilnoticias.org\/site\/wp-json\/wp\/v2\/categories?post=11891"},{"taxonomy":"post_tag","embeddable":true,"href":"https:\/\/brasilnoticias.org\/site\/wp-json\/wp\/v2\/tags?post=11891"}],"curies":[{"name":"wp","href":"https:\/\/api.w.org\/{rel}","templated":true}]}}