{"id":11900,"date":"2023-12-27T10:29:00","date_gmt":"2023-12-27T13:29:00","guid":{"rendered":"https:\/\/brasilnoticias.org\/site\/?p=11900"},"modified":"2023-12-27T10:29:00","modified_gmt":"2023-12-27T13:29:00","slug":"dirigentes-do-tce-ba-sao-reeleitos-por-aclamacao","status":"publish","type":"post","link":"https:\/\/brasilnoticias.org\/site\/dirigentes-do-tce-ba-sao-reeleitos-por-aclamacao\/","title":{"rendered":"Dirigentes do TCE\/BA s\u00e3o reeleitos por aclama\u00e7\u00e3o"},"content":{"rendered":"<p>Em sess\u00e3o plen\u00e1ria desta ter\u00e7a-feira (19.12), foram reconduzidos aos cargos, para o bi\u00eanio 2024-2025, todos os integrantes da Mesa Diretora do Tribunal de Contas do Estado da Bahia (TCE\/BA), o presidente Marcus Presidio, o vice-presidente Antonio Honorato de Castro Neto e o corregedor Gild\u00e1sio Penedo Filho. Em fato in\u00e9dito na hist\u00f3ria do TCE\/BA, a elei\u00e7\u00e3o foi feita por aclama\u00e7\u00e3o, e tamb\u00e9m foram reeleitos o ouvidor-geral Pedro Henrique Lino de Souza e o diretor da Escola de Contas Conselheiro Jos\u00e9 Borba Pedreira Lapa, Inaldo da Paix\u00e3o Santos Ara\u00fajo, al\u00e9m dos presidentes da 1\u00aa C\u00e2mara, Carolina Matos, e da 2\u00aa C\u00e2mara, Jos\u00e9 Evil\u00e1sio Bonfim<\/p>\n<p>Em outro fato in\u00e9dito, a posse dos eleitos foi realizada de imediato, em sess\u00e3o especial, logo ap\u00f3s o encerramento da sess\u00e3o ordin\u00e1ria, numa cerim\u00f4nia simples, mas carregada de muita emo\u00e7\u00e3o e representatividade, uma vez que contou com a presen\u00e7a de in\u00fameras autoridades dos poderes Judici\u00e1rio, Legislativo e Executivo. Estiveram presentes o presidente do Tribunal de Contas dos Munic\u00edpios da Bahia (TCM\/BA), Francisco de Carvalho Neto, a atual procuradora-geral de Justi\u00e7a, Norma Ang\u00e9lica Cavalcanti, o futuro ocupante do mesmo cargo, o procurador Pedro Maia, o secret\u00e1rio estadual da Fazenda, Manoel Vit\u00f3rio, al\u00e9m de deputados e outros representantes do Poder Legislativo<\/p>\n<p>O presidente reeleito foi saudado pelos conselheiros Gild\u00e1sio Penedo Filho e Antonio Honorato, que lembraram sua trajet\u00f3ria na vida p\u00fablica e ressaltaram o trabalho que ele fez \u00e0 frente da Corte de Contas nestes dois anos de sua gest\u00e3o. Gild\u00e1sio Penedo elogiou sua persist\u00eancia, compet\u00eancia e capacidade, al\u00e9m de ter imprimido um esp\u00edrito democr\u00e1tico e firme na condu\u00e7\u00e3o dos trabalhos, enquanto Antonio Honorato, al\u00e9m de repetir os elogios, observou que os fatos falam mais alto e que foi isto, reunido, que proporcionou a recondu\u00e7\u00e3o do presidente sob aclama\u00e7\u00e3o e unanimidade dos conselheiros<\/p>\n<p>EMO\u00c7\u00c3O E SURPRES<\/p>\n<p>Em seu primeiro pronunciamento como presidente reeleito, o conselheiro Marcus Presidio, al\u00e9m de saudar as autoridades presentes e os servidores do TCE\/BA, fez agradecimentos especiais aos membros da sua fam\u00edlia ali presentes, sua mulher Alice, sua filha Nicole, suas enteadas Valentina e Elisa, seu irm\u00e3o Jorge Augusto, a quem fez uma men\u00e7\u00e3o especial lembrando do seu pai, o jornalista Fernando Presidio. Tamb\u00e9m agradeceu a duas figuras que considera essenciais na sua vida p\u00fablica e pessoal, o deputado, falecido, Lu\u00eds Eduardo Magalh\u00e3es, e o conselheiro Antonio Honorato<\/p>\n<p>E fez quest\u00e3o de salientar que sua gest\u00e3o n\u00e3o poderia ter alcan\u00e7ado os \u00eaxitos que obteve sem a participa\u00e7\u00e3o e o apoio de todos os conselheiros e de todos os servidores da Corte de Contas. E observando que o controle n\u00e3o existe como um fim em si mesmo e sim com o objetivo de bem servir \u00e0 sociedade, destacou a preocupa\u00e7\u00e3o de aprofundar as parcerias com as institui\u00e7\u00f5es parceiras, citando a colabora\u00e7\u00e3o e o apoio que sempre recebeu do TCM\/BA, do Minist\u00e9rio P\u00fablico do Estado e da Assembleia Legislativa, entre outros.<\/p>\n<p>Por fim, destacou que tem o firme prop\u00f3sito de continuar a fazer com que o trabalho do Tribunal n\u00e3o seja apenas punitivo, mas tamb\u00e9m buscando a preven\u00e7\u00e3o e a orienta\u00e7\u00e3o dos jurisdicionados, ressaltando a import\u00e2ncia deste trabalho pedag\u00f3gico.  <\/p>\n","protected":false},"excerpt":{"rendered":"<p>Em sess\u00e3o plen\u00e1ria desta ter\u00e7a-feira (19.12), foram reconduzidos aos cargos, para o bi\u00eanio 2024-2025, todos os integrantes da Mesa Diretora<\/p>\n","protected":false},"author":4,"featured_media":11901,"comment_status":"open","ping_status":"open","sticky":false,"template":"","format":"standard","meta":{"colormag_page_container_layout":"default_layout","colormag_page_sidebar_layout":"default_layout","_FSMCFIC_featured_image_caption":"","_FSMCFIC_featured_image_nocaption":"","_FSMCFIC_featured_image_hide":"","footnotes":""},"categories":[7,1],"tags":[],"class_list":["post-11900","post","type-post","status-publish","format-standard","has-post-thumbnail","hentry","category-justica","category-ultimas"],"yoast_head":"<!-- This site is optimized with the Yoast SEO plugin v27.1.1 - https:\/\/yoast.com\/product\/yoast-seo-wordpress\/ -->\n<title>Dirigentes do TCE\/BA s\u00e3o reeleitos por aclama\u00e7\u00e3o - Brasil not\u00edcias<\/title>\n<meta name=\"robots\" content=\"index, follow, max-snippet:-1, max-image-preview:large, max-video-preview:-1\" \/>\n<link rel=\"canonical\" href=\"https:\/\/brasilnoticias.org\/site\/dirigentes-do-tce-ba-sao-reeleitos-por-aclamacao\/\" \/>\n<meta property=\"og:locale\" content=\"pt_PT\" \/>\n<meta property=\"og:type\" content=\"article\" \/>\n<meta property=\"og:title\" content=\"Dirigentes do TCE\/BA s\u00e3o reeleitos por aclama\u00e7\u00e3o - Brasil not\u00edcias\" \/>\n<meta property=\"og:description\" content=\"Em sess\u00e3o plen\u00e1ria desta ter\u00e7a-feira (19.12), foram reconduzidos aos cargos, para o bi\u00eanio 2024-2025, todos os integrantes da Mesa Diretora\" \/>\n<meta property=\"og:url\" content=\"https:\/\/brasilnoticias.org\/site\/dirigentes-do-tce-ba-sao-reeleitos-por-aclamacao\/\" \/>\n<meta property=\"og:site_name\" content=\"Brasil not\u00edcias\" \/>\n<meta property=\"article:published_time\" content=\"2023-12-27T13:29:00+00:00\" \/>\n<meta property=\"og:image\" content=\"https:\/\/brasilnoticias.org\/site\/wp-content\/uploads\/2023\/12\/IMAGEM_NOTICIA_2-5.jpg\" \/>\n\t<meta property=\"og:image:width\" content=\"300\" \/>\n\t<meta property=\"og:image:height\" content=\"200\" \/>\n\t<meta property=\"og:image:type\" content=\"image\/jpeg\" \/>\n<meta name=\"author\" content=\"Reda\u00e7\u00e3o\" \/>\n<meta name=\"twitter:card\" content=\"summary_large_image\" \/>\n<meta name=\"twitter:label1\" content=\"Escrito por\" \/>\n\t<meta name=\"twitter:data1\" content=\"Reda\u00e7\u00e3o\" \/>\n\t<meta name=\"twitter:label2\" content=\"Tempo estimado de leitura\" \/>\n\t<meta name=\"twitter:data2\" content=\"1 minuto\" \/>\n<script type=\"application\/ld+json\" class=\"yoast-schema-graph\">{\"@context\":\"https:\/\/schema.org\",\"@graph\":[{\"@type\":\"Article\",\"@id\":\"https:\/\/brasilnoticias.org\/site\/dirigentes-do-tce-ba-sao-reeleitos-por-aclamacao\/#article\",\"isPartOf\":{\"@id\":\"https:\/\/brasilnoticias.org\/site\/dirigentes-do-tce-ba-sao-reeleitos-por-aclamacao\/\"},\"author\":{\"name\":\"Reda\u00e7\u00e3o\",\"@id\":\"https:\/\/brasilnoticias.org\/site\/#\/schema\/person\/03bbbfe6c7634ad18c26444ea39049fa\"},\"headline\":\"Dirigentes do TCE\/BA s\u00e3o reeleitos por aclama\u00e7\u00e3o\",\"datePublished\":\"2023-12-27T13:29:00+00:00\",\"mainEntityOfPage\":{\"@id\":\"https:\/\/brasilnoticias.org\/site\/dirigentes-do-tce-ba-sao-reeleitos-por-aclamacao\/\"},\"wordCount\":594,\"commentCount\":0,\"publisher\":{\"@id\":\"https:\/\/brasilnoticias.org\/site\/#organization\"},\"image\":{\"@id\":\"https:\/\/brasilnoticias.org\/site\/dirigentes-do-tce-ba-sao-reeleitos-por-aclamacao\/#primaryimage\"},\"thumbnailUrl\":\"https:\/\/brasilnoticias.org\/site\/wp-content\/uploads\/2023\/12\/IMAGEM_NOTICIA_2-5.jpg\",\"articleSection\":[\"Justi\u00e7a\",\"\u00daltimas\"],\"inLanguage\":\"pt-PT\",\"potentialAction\":[{\"@type\":\"CommentAction\",\"name\":\"Comment\",\"target\":[\"https:\/\/brasilnoticias.org\/site\/dirigentes-do-tce-ba-sao-reeleitos-por-aclamacao\/#respond\"]}]},{\"@type\":\"WebPage\",\"@id\":\"https:\/\/brasilnoticias.org\/site\/dirigentes-do-tce-ba-sao-reeleitos-por-aclamacao\/\",\"url\":\"https:\/\/brasilnoticias.org\/site\/dirigentes-do-tce-ba-sao-reeleitos-por-aclamacao\/\",\"name\":\"Dirigentes do TCE\/BA s\u00e3o reeleitos por aclama\u00e7\u00e3o - Brasil not\u00edcias\",\"isPartOf\":{\"@id\":\"https:\/\/brasilnoticias.org\/site\/#website\"},\"primaryImageOfPage\":{\"@id\":\"https:\/\/brasilnoticias.org\/site\/dirigentes-do-tce-ba-sao-reeleitos-por-aclamacao\/#primaryimage\"},\"image\":{\"@id\":\"https:\/\/brasilnoticias.org\/site\/dirigentes-do-tce-ba-sao-reeleitos-por-aclamacao\/#primaryimage\"},\"thumbnailUrl\":\"https:\/\/brasilnoticias.org\/site\/wp-content\/uploads\/2023\/12\/IMAGEM_NOTICIA_2-5.jpg\",\"datePublished\":\"2023-12-27T13:29:00+00:00\",\"breadcrumb\":{\"@id\":\"https:\/\/brasilnoticias.org\/site\/dirigentes-do-tce-ba-sao-reeleitos-por-aclamacao\/#breadcrumb\"},\"inLanguage\":\"pt-PT\",\"potentialAction\":[{\"@type\":\"ReadAction\",\"target\":[\"https:\/\/brasilnoticias.org\/site\/dirigentes-do-tce-ba-sao-reeleitos-por-aclamacao\/\"]}]},{\"@type\":\"ImageObject\",\"inLanguage\":\"pt-PT\",\"@id\":\"https:\/\/brasilnoticias.org\/site\/dirigentes-do-tce-ba-sao-reeleitos-por-aclamacao\/#primaryimage\",\"url\":\"https:\/\/brasilnoticias.org\/site\/wp-content\/uploads\/2023\/12\/IMAGEM_NOTICIA_2-5.jpg\",\"contentUrl\":\"https:\/\/brasilnoticias.org\/site\/wp-content\/uploads\/2023\/12\/IMAGEM_NOTICIA_2-5.jpg\",\"width\":300,\"height\":200},{\"@type\":\"BreadcrumbList\",\"@id\":\"https:\/\/brasilnoticias.org\/site\/dirigentes-do-tce-ba-sao-reeleitos-por-aclamacao\/#breadcrumb\",\"itemListElement\":[{\"@type\":\"ListItem\",\"position\":1,\"name\":\"In\u00edcio\",\"item\":\"https:\/\/brasilnoticias.org\/site\/\"},{\"@type\":\"ListItem\",\"position\":2,\"name\":\"Dirigentes do TCE\/BA s\u00e3o reeleitos por aclama\u00e7\u00e3o\"}]},{\"@type\":\"WebSite\",\"@id\":\"https:\/\/brasilnoticias.org\/site\/#website\",\"url\":\"https:\/\/brasilnoticias.org\/site\/\",\"name\":\"Brasil not\u00edcias\",\"description\":\"Brasil not\u00edcias\",\"publisher\":{\"@id\":\"https:\/\/brasilnoticias.org\/site\/#organization\"},\"potentialAction\":[{\"@type\":\"SearchAction\",\"target\":{\"@type\":\"EntryPoint\",\"urlTemplate\":\"https:\/\/brasilnoticias.org\/site\/?s={search_term_string}\"},\"query-input\":{\"@type\":\"PropertyValueSpecification\",\"valueRequired\":true,\"valueName\":\"search_term_string\"}}],\"inLanguage\":\"pt-PT\"},{\"@type\":\"Organization\",\"@id\":\"https:\/\/brasilnoticias.org\/site\/#organization\",\"name\":\"Brasil not\u00edcias\",\"url\":\"https:\/\/brasilnoticias.org\/site\/\",\"logo\":{\"@type\":\"ImageObject\",\"inLanguage\":\"pt-PT\",\"@id\":\"https:\/\/brasilnoticias.org\/site\/#\/schema\/logo\/image\/\",\"url\":\"https:\/\/brasilnoticias.org\/site\/wp-content\/uploads\/2022\/05\/cropped-brasilnoticias-mini.jpg\",\"contentUrl\":\"https:\/\/brasilnoticias.org\/site\/wp-content\/uploads\/2022\/05\/cropped-brasilnoticias-mini.jpg\",\"width\":314,\"height\":86,\"caption\":\"Brasil not\u00edcias\"},\"image\":{\"@id\":\"https:\/\/brasilnoticias.org\/site\/#\/schema\/logo\/image\/\"}},{\"@type\":\"Person\",\"@id\":\"https:\/\/brasilnoticias.org\/site\/#\/schema\/person\/03bbbfe6c7634ad18c26444ea39049fa\",\"name\":\"Reda\u00e7\u00e3o\",\"image\":{\"@type\":\"ImageObject\",\"inLanguage\":\"pt-PT\",\"@id\":\"https:\/\/brasilnoticias.org\/site\/#\/schema\/person\/image\/\",\"url\":\"https:\/\/secure.gravatar.com\/avatar\/9ecaf7327a696cb23ad926fedded5f1f04d7049de9e445375d55b48c001a6e42?s=96&d=mm&r=g\",\"contentUrl\":\"https:\/\/secure.gravatar.com\/avatar\/9ecaf7327a696cb23ad926fedded5f1f04d7049de9e445375d55b48c001a6e42?s=96&d=mm&r=g\",\"caption\":\"Reda\u00e7\u00e3o\"},\"url\":\"https:\/\/brasilnoticias.org\/site\/author\/henrique\/\"}]}<\/script>\n<!-- \/ Yoast SEO plugin. -->","yoast_head_json":{"title":"Dirigentes do TCE\/BA s\u00e3o reeleitos por aclama\u00e7\u00e3o - Brasil not\u00edcias","robots":{"index":"index","follow":"follow","max-snippet":"max-snippet:-1","max-image-preview":"max-image-preview:large","max-video-preview":"max-video-preview:-1"},"canonical":"https:\/\/brasilnoticias.org\/site\/dirigentes-do-tce-ba-sao-reeleitos-por-aclamacao\/","og_locale":"pt_PT","og_type":"article","og_title":"Dirigentes do TCE\/BA s\u00e3o reeleitos por aclama\u00e7\u00e3o - Brasil not\u00edcias","og_description":"Em sess\u00e3o plen\u00e1ria desta ter\u00e7a-feira (19.12), foram reconduzidos aos cargos, para o bi\u00eanio 2024-2025, todos os integrantes da Mesa Diretora","og_url":"https:\/\/brasilnoticias.org\/site\/dirigentes-do-tce-ba-sao-reeleitos-por-aclamacao\/","og_site_name":"Brasil not\u00edcias","article_published_time":"2023-12-27T13:29:00+00:00","og_image":[{"width":300,"height":200,"url":"https:\/\/brasilnoticias.org\/site\/wp-content\/uploads\/2023\/12\/IMAGEM_NOTICIA_2-5.jpg","type":"image\/jpeg"}],"author":"Reda\u00e7\u00e3o","twitter_card":"summary_large_image","twitter_misc":{"Escrito por":"Reda\u00e7\u00e3o","Tempo estimado de leitura":"1 minuto"},"schema":{"@context":"https:\/\/schema.org","@graph":[{"@type":"Article","@id":"https:\/\/brasilnoticias.org\/site\/dirigentes-do-tce-ba-sao-reeleitos-por-aclamacao\/#article","isPartOf":{"@id":"https:\/\/brasilnoticias.org\/site\/dirigentes-do-tce-ba-sao-reeleitos-por-aclamacao\/"},"author":{"name":"Reda\u00e7\u00e3o","@id":"https:\/\/brasilnoticias.org\/site\/#\/schema\/person\/03bbbfe6c7634ad18c26444ea39049fa"},"headline":"Dirigentes do TCE\/BA s\u00e3o reeleitos por aclama\u00e7\u00e3o","datePublished":"2023-12-27T13:29:00+00:00","mainEntityOfPage":{"@id":"https:\/\/brasilnoticias.org\/site\/dirigentes-do-tce-ba-sao-reeleitos-por-aclamacao\/"},"wordCount":594,"commentCount":0,"publisher":{"@id":"https:\/\/brasilnoticias.org\/site\/#organization"},"image":{"@id":"https:\/\/brasilnoticias.org\/site\/dirigentes-do-tce-ba-sao-reeleitos-por-aclamacao\/#primaryimage"},"thumbnailUrl":"https:\/\/brasilnoticias.org\/site\/wp-content\/uploads\/2023\/12\/IMAGEM_NOTICIA_2-5.jpg","articleSection":["Justi\u00e7a","\u00daltimas"],"inLanguage":"pt-PT","potentialAction":[{"@type":"CommentAction","name":"Comment","target":["https:\/\/brasilnoticias.org\/site\/dirigentes-do-tce-ba-sao-reeleitos-por-aclamacao\/#respond"]}]},{"@type":"WebPage","@id":"https:\/\/brasilnoticias.org\/site\/dirigentes-do-tce-ba-sao-reeleitos-por-aclamacao\/","url":"https:\/\/brasilnoticias.org\/site\/dirigentes-do-tce-ba-sao-reeleitos-por-aclamacao\/","name":"Dirigentes do TCE\/BA s\u00e3o reeleitos por aclama\u00e7\u00e3o - Brasil not\u00edcias","isPartOf":{"@id":"https:\/\/brasilnoticias.org\/site\/#website"},"primaryImageOfPage":{"@id":"https:\/\/brasilnoticias.org\/site\/dirigentes-do-tce-ba-sao-reeleitos-por-aclamacao\/#primaryimage"},"image":{"@id":"https:\/\/brasilnoticias.org\/site\/dirigentes-do-tce-ba-sao-reeleitos-por-aclamacao\/#primaryimage"},"thumbnailUrl":"https:\/\/brasilnoticias.org\/site\/wp-content\/uploads\/2023\/12\/IMAGEM_NOTICIA_2-5.jpg","datePublished":"2023-12-27T13:29:00+00:00","breadcrumb":{"@id":"https:\/\/brasilnoticias.org\/site\/dirigentes-do-tce-ba-sao-reeleitos-por-aclamacao\/#breadcrumb"},"inLanguage":"pt-PT","potentialAction":[{"@type":"ReadAction","target":["https:\/\/brasilnoticias.org\/site\/dirigentes-do-tce-ba-sao-reeleitos-por-aclamacao\/"]}]},{"@type":"ImageObject","inLanguage":"pt-PT","@id":"https:\/\/brasilnoticias.org\/site\/dirigentes-do-tce-ba-sao-reeleitos-por-aclamacao\/#primaryimage","url":"https:\/\/brasilnoticias.org\/site\/wp-content\/uploads\/2023\/12\/IMAGEM_NOTICIA_2-5.jpg","contentUrl":"https:\/\/brasilnoticias.org\/site\/wp-content\/uploads\/2023\/12\/IMAGEM_NOTICIA_2-5.jpg","width":300,"height":200},{"@type":"BreadcrumbList","@id":"https:\/\/brasilnoticias.org\/site\/dirigentes-do-tce-ba-sao-reeleitos-por-aclamacao\/#breadcrumb","itemListElement":[{"@type":"ListItem","position":1,"name":"In\u00edcio","item":"https:\/\/brasilnoticias.org\/site\/"},{"@type":"ListItem","position":2,"name":"Dirigentes do TCE\/BA s\u00e3o reeleitos por aclama\u00e7\u00e3o"}]},{"@type":"WebSite","@id":"https:\/\/brasilnoticias.org\/site\/#website","url":"https:\/\/brasilnoticias.org\/site\/","name":"Brasil not\u00edcias","description":"Brasil not\u00edcias","publisher":{"@id":"https:\/\/brasilnoticias.org\/site\/#organization"},"potentialAction":[{"@type":"SearchAction","target":{"@type":"EntryPoint","urlTemplate":"https:\/\/brasilnoticias.org\/site\/?s={search_term_string}"},"query-input":{"@type":"PropertyValueSpecification","valueRequired":true,"valueName":"search_term_string"}}],"inLanguage":"pt-PT"},{"@type":"Organization","@id":"https:\/\/brasilnoticias.org\/site\/#organization","name":"Brasil not\u00edcias","url":"https:\/\/brasilnoticias.org\/site\/","logo":{"@type":"ImageObject","inLanguage":"pt-PT","@id":"https:\/\/brasilnoticias.org\/site\/#\/schema\/logo\/image\/","url":"https:\/\/brasilnoticias.org\/site\/wp-content\/uploads\/2022\/05\/cropped-brasilnoticias-mini.jpg","contentUrl":"https:\/\/brasilnoticias.org\/site\/wp-content\/uploads\/2022\/05\/cropped-brasilnoticias-mini.jpg","width":314,"height":86,"caption":"Brasil not\u00edcias"},"image":{"@id":"https:\/\/brasilnoticias.org\/site\/#\/schema\/logo\/image\/"}},{"@type":"Person","@id":"https:\/\/brasilnoticias.org\/site\/#\/schema\/person\/03bbbfe6c7634ad18c26444ea39049fa","name":"Reda\u00e7\u00e3o","image":{"@type":"ImageObject","inLanguage":"pt-PT","@id":"https:\/\/brasilnoticias.org\/site\/#\/schema\/person\/image\/","url":"https:\/\/secure.gravatar.com\/avatar\/9ecaf7327a696cb23ad926fedded5f1f04d7049de9e445375d55b48c001a6e42?s=96&d=mm&r=g","contentUrl":"https:\/\/secure.gravatar.com\/avatar\/9ecaf7327a696cb23ad926fedded5f1f04d7049de9e445375d55b48c001a6e42?s=96&d=mm&r=g","caption":"Reda\u00e7\u00e3o"},"url":"https:\/\/brasilnoticias.org\/site\/author\/henrique\/"}]}},"_links":{"self":[{"href":"https:\/\/brasilnoticias.org\/site\/wp-json\/wp\/v2\/posts\/11900","targetHints":{"allow":["GET"]}}],"collection":[{"href":"https:\/\/brasilnoticias.org\/site\/wp-json\/wp\/v2\/posts"}],"about":[{"href":"https:\/\/brasilnoticias.org\/site\/wp-json\/wp\/v2\/types\/post"}],"author":[{"embeddable":true,"href":"https:\/\/brasilnoticias.org\/site\/wp-json\/wp\/v2\/users\/4"}],"replies":[{"embeddable":true,"href":"https:\/\/brasilnoticias.org\/site\/wp-json\/wp\/v2\/comments?post=11900"}],"version-history":[{"count":1,"href":"https:\/\/brasilnoticias.org\/site\/wp-json\/wp\/v2\/posts\/11900\/revisions"}],"predecessor-version":[{"id":11902,"href":"https:\/\/brasilnoticias.org\/site\/wp-json\/wp\/v2\/posts\/11900\/revisions\/11902"}],"wp:featuredmedia":[{"embeddable":true,"href":"https:\/\/brasilnoticias.org\/site\/wp-json\/wp\/v2\/media\/11901"}],"wp:attachment":[{"href":"https:\/\/brasilnoticias.org\/site\/wp-json\/wp\/v2\/media?parent=11900"}],"wp:term":[{"taxonomy":"category","embeddable":true,"href":"https:\/\/brasilnoticias.org\/site\/wp-json\/wp\/v2\/categories?post=11900"},{"taxonomy":"post_tag","embeddable":true,"href":"https:\/\/brasilnoticias.org\/site\/wp-json\/wp\/v2\/tags?post=11900"}],"curies":[{"name":"wp","href":"https:\/\/api.w.org\/{rel}","templated":true}]}}