{"id":11903,"date":"2023-12-27T10:30:19","date_gmt":"2023-12-27T13:30:19","guid":{"rendered":"https:\/\/brasilnoticias.org\/site\/?p=11903"},"modified":"2023-12-27T10:30:19","modified_gmt":"2023-12-27T13:30:19","slug":"stf-nega-pedido-de-anulacao-de-afastamento-de-presidente-da-cbf","status":"publish","type":"post","link":"https:\/\/brasilnoticias.org\/site\/stf-nega-pedido-de-anulacao-de-afastamento-de-presidente-da-cbf\/","title":{"rendered":"STF nega pedido de anula\u00e7\u00e3o de afastamento de presidente da CBF"},"content":{"rendered":"<p>O ministro do Supremo Tribunal Federal (STF) Andr\u00e9 Mendon\u00e7a negou, na \u00faltima sexta-feira (22), um pedido de liminar para anular a decis\u00e3o do Tribunal de Justi\u00e7a do Rio de Janeiro (TJ-RJ) que levou \u00e0 retirada do dirigente Ednaldo Rodrigues do cargo de presidente da Confedera\u00e7\u00e3o Brasileira de Futebol (CBF) no dia 7 de dezembro.<\/p>\n<p>O pedido da medida de urg\u00eancia feita ao STF, no dia 18 de dezembro, \u00e9 de autoria do Partido Social Democr\u00e1tico (PSD), que argumentou que a decis\u00e3o do TJ-RJ teria anulado o termo de ajustamento de conduta estabelecido entre o Minist\u00e9rio P\u00fablico do RJ (MP-RJ) e a CBF e determinado o afastamento de dirigentes e a nomea\u00e7\u00e3o de um interventor alheio \u00e0s atribui\u00e7\u00f5es da CBF. Segundo o PSD, a decis\u00e3o judicial tamb\u00e9m coloca em \u201crisco concreto a organiza\u00e7\u00e3o do futebol no pa\u00eds e toda a sua cadeia econ\u00f4mica\u201d.<\/p>\n<p>No entanto, o ministro Andr\u00e9 Mendon\u00e7a justificou a sua decis\u00e3o afirmando que o \u201cprocesso transcorreu &#8211; por mais de seis anos &#8211; sem a vig\u00eancia de qualquer medida de urg\u00eancia\u201d e que agora n\u00e3o v\u00ea caracterizada a presen\u00e7a dos requisitos capazes de justificar a concess\u00e3o de uma liminar.<\/p>\n<p>Al\u00e9m disso, o magistrado solicitou mais informa\u00e7\u00f5es ao TJ-RJ, no prazo de dez dias, e pede a manifesta\u00e7\u00e3o tanto do Advogado-Geral da Uni\u00e3o como do Procurador-Geral da Rep\u00fablica sobre o caso.<\/p>\n<p>Destitui\u00e7\u00e3o de Ednaldo Rodrigues<\/p>\n<p>O TJ-RJ retirou Ednaldo Rodrigues do cargo de presidente da CBF no dia 7 de dezembro, oportunidade na qual informou que \u201ca institui\u00e7\u00e3o ter\u00e1 de realizar nova elei\u00e7\u00e3o no prazo de 30 dias e, at\u00e9 l\u00e1, o presidente do Superior Tribunal de Justi\u00e7a Desportiva [STJD] ficar\u00e1 respons\u00e1vel pela rotina administrativa da CBF\u201d.<\/p>\n<p>A justificativa para tal decis\u00e3o foi o fato de a 21\u00aa C\u00e2mara de Direito Privado do TJ-RJ julgar, por unanimidade, extinta a A\u00e7\u00e3o Civil P\u00fablica movida pelo Minist\u00e9rio P\u00fablico (MP) contra elei\u00e7\u00f5es que teriam sido realizadas irregularmente pela CBF em 2017. Foi ap\u00f3s esta A\u00e7\u00e3o Civil P\u00fablica que a entidade m\u00e1xima do futebol brasileiro aceitou assinar em 2022 um Termo de Ajustamento de Conduta (TAC), que, entre outras coisas, estabeleceu a realiza\u00e7\u00e3o de uma nova elei\u00e7\u00e3o, da qual Ednaldo Rodrigues saiu vencedor.<\/p>\n<p>A decis\u00e3o de retirar Ednaldo Rodrigues da CBF foi tomada atendendo a um pedido de ex-vices-presidentes da entidade que perderam seus cargos no \u00e2mbito do TAC de 2022. Agora, na decis\u00e3o desta quinta-feira, o TJ-RJ afirma que o TAC assinado entre o MP e a CBF \u00e9 ilegal.<\/p>\n<p>Hist\u00f3rico<\/p>\n<p>Na a\u00e7\u00e3o civil p\u00fablica de 2017, o MP sustenta que a CBF fez uma \u201cmanobra\u201d para aprovar um novo estatuto na assembleia de 23 de mar\u00e7o daquele ano, \u201csem respeitar a convoca\u00e7\u00e3o obrigat\u00f3ria dos representantes dos clubes da S\u00e9rie A\u201d, o que estaria em desacordo com a Lei Pel\u00e9. O estatuto votado, segundo o Minist\u00e9rio P\u00fablico fluminense, teria \u201ccrit\u00e9rio diferenciado de valora\u00e7\u00e3o de votos, que impede os clubes de constitu\u00edrem maioria nas elei\u00e7\u00f5es\u201d.<\/p>\n<p>As 27 federa\u00e7\u00f5es, \u00fanicas a participarem daquela reuni\u00e3o, tiveram o peso dos votos triplicado, podendo chegar a 81 sufr\u00e1gios juntas. Os 20 clubes da primeira divis\u00e3o (peso dois) e os 20 da segunda divis\u00e3o (peso um) atingiriam somente 60 votos. Em 2018, baseado no estatuto aprovado em mar\u00e7o, Rog\u00e9rio Caboclo foi eleito presidente da CBF, em pleito questionado pelo MP-RJ. O dirigente, por\u00e9m, foi suspenso do cargo definitivamente em 24 de fevereiro de 2022, devido \u00e0 acusa\u00e7\u00e3o de ass\u00e9dio sexual que j\u00e1 o tinha afastado em setembro de 2021.<\/p>\n<p>No dia 25 de fevereiro de 2022, o pr\u00f3prio juiz M\u00e1rio Cunha Olinto Filho suspendeu o processo que apura a elei\u00e7\u00e3o de 2018, atendendo a uma solicita\u00e7\u00e3o da CBF e do Minist\u00e9rio P\u00fablico fluminense. Segundo o TJ-RJ, o requerimento foi peticionado ap\u00f3s o Superior Tribunal de Justi\u00e7a (STJ) determinar interven\u00e7\u00e3o na entidade, o que levou a Federa\u00e7\u00e3o Internacional de Futebol (Fifa) a pedir \u201cuma explica\u00e7\u00e3o legal detalhada sobre as consequ\u00eancias espec\u00edficas da referida decis\u00e3o\u201d. A Fifa estabelece que as associa\u00e7\u00f5es filiadas devem ser administradas \u201cde forma independente e sem influ\u00eancia indevida de terceiros\u201d, sob pena de san\u00e7\u00f5es &#8211; como a exclus\u00e3o da Copa do Mundo.<\/p>\n<p>Com informa\u00e7\u00f5es da ag\u00eancia de not\u00edcias Reuters \/ Jo\u00e9dson Alves\/Ag\u00eancia Brasil<\/p>\n","protected":false},"excerpt":{"rendered":"<p>O ministro do Supremo Tribunal Federal (STF) Andr\u00e9 Mendon\u00e7a negou, na \u00faltima sexta-feira (22), um pedido de liminar para anular<\/p>\n","protected":false},"author":4,"featured_media":11904,"comment_status":"open","ping_status":"open","sticky":false,"template":"","format":"standard","meta":{"colormag_page_container_layout":"default_layout","colormag_page_sidebar_layout":"default_layout","_FSMCFIC_featured_image_caption":"","_FSMCFIC_featured_image_nocaption":"","_FSMCFIC_featured_image_hide":"","footnotes":""},"categories":[4,1],"tags":[],"class_list":["post-11903","post","type-post","status-publish","format-standard","has-post-thumbnail","hentry","category-esporte","category-ultimas"],"yoast_head":"<!-- This site is optimized with the Yoast SEO plugin v27.1.1 - https:\/\/yoast.com\/product\/yoast-seo-wordpress\/ -->\n<title>STF nega pedido de anula\u00e7\u00e3o de afastamento de presidente da CBF - Brasil not\u00edcias<\/title>\n<meta name=\"robots\" content=\"index, follow, max-snippet:-1, max-image-preview:large, max-video-preview:-1\" \/>\n<link rel=\"canonical\" href=\"https:\/\/brasilnoticias.org\/site\/stf-nega-pedido-de-anulacao-de-afastamento-de-presidente-da-cbf\/\" \/>\n<meta property=\"og:locale\" content=\"pt_PT\" \/>\n<meta property=\"og:type\" content=\"article\" \/>\n<meta property=\"og:title\" content=\"STF nega pedido de anula\u00e7\u00e3o de afastamento de presidente da CBF - Brasil not\u00edcias\" \/>\n<meta property=\"og:description\" content=\"O ministro do Supremo Tribunal Federal (STF) Andr\u00e9 Mendon\u00e7a negou, na \u00faltima sexta-feira (22), um pedido de liminar para anular\" \/>\n<meta property=\"og:url\" content=\"https:\/\/brasilnoticias.org\/site\/stf-nega-pedido-de-anulacao-de-afastamento-de-presidente-da-cbf\/\" \/>\n<meta property=\"og:site_name\" content=\"Brasil not\u00edcias\" \/>\n<meta property=\"article:published_time\" content=\"2023-12-27T13:30:19+00:00\" \/>\n<meta property=\"og:image\" content=\"https:\/\/brasilnoticias.org\/site\/wp-content\/uploads\/2023\/12\/IMAGEM_NOTICIA_0.jpg\" \/>\n\t<meta property=\"og:image:width\" content=\"850\" \/>\n\t<meta property=\"og:image:height\" content=\"400\" \/>\n\t<meta property=\"og:image:type\" content=\"image\/jpeg\" \/>\n<meta name=\"author\" content=\"Reda\u00e7\u00e3o\" \/>\n<meta name=\"twitter:card\" content=\"summary_large_image\" \/>\n<meta name=\"twitter:label1\" content=\"Escrito por\" \/>\n\t<meta name=\"twitter:data1\" content=\"Reda\u00e7\u00e3o\" \/>\n\t<meta name=\"twitter:label2\" content=\"Tempo estimado de leitura\" \/>\n\t<meta name=\"twitter:data2\" content=\"1 minuto\" \/>\n<script type=\"application\/ld+json\" class=\"yoast-schema-graph\">{\"@context\":\"https:\/\/schema.org\",\"@graph\":[{\"@type\":\"Article\",\"@id\":\"https:\/\/brasilnoticias.org\/site\/stf-nega-pedido-de-anulacao-de-afastamento-de-presidente-da-cbf\/#article\",\"isPartOf\":{\"@id\":\"https:\/\/brasilnoticias.org\/site\/stf-nega-pedido-de-anulacao-de-afastamento-de-presidente-da-cbf\/\"},\"author\":{\"name\":\"Reda\u00e7\u00e3o\",\"@id\":\"https:\/\/brasilnoticias.org\/site\/#\/schema\/person\/03bbbfe6c7634ad18c26444ea39049fa\"},\"headline\":\"STF nega pedido de anula\u00e7\u00e3o de afastamento de presidente da CBF\",\"datePublished\":\"2023-12-27T13:30:19+00:00\",\"mainEntityOfPage\":{\"@id\":\"https:\/\/brasilnoticias.org\/site\/stf-nega-pedido-de-anulacao-de-afastamento-de-presidente-da-cbf\/\"},\"wordCount\":765,\"commentCount\":0,\"publisher\":{\"@id\":\"https:\/\/brasilnoticias.org\/site\/#organization\"},\"image\":{\"@id\":\"https:\/\/brasilnoticias.org\/site\/stf-nega-pedido-de-anulacao-de-afastamento-de-presidente-da-cbf\/#primaryimage\"},\"thumbnailUrl\":\"https:\/\/brasilnoticias.org\/site\/wp-content\/uploads\/2023\/12\/IMAGEM_NOTICIA_0.jpg\",\"articleSection\":[\"Esporte\",\"\u00daltimas\"],\"inLanguage\":\"pt-PT\",\"potentialAction\":[{\"@type\":\"CommentAction\",\"name\":\"Comment\",\"target\":[\"https:\/\/brasilnoticias.org\/site\/stf-nega-pedido-de-anulacao-de-afastamento-de-presidente-da-cbf\/#respond\"]}]},{\"@type\":\"WebPage\",\"@id\":\"https:\/\/brasilnoticias.org\/site\/stf-nega-pedido-de-anulacao-de-afastamento-de-presidente-da-cbf\/\",\"url\":\"https:\/\/brasilnoticias.org\/site\/stf-nega-pedido-de-anulacao-de-afastamento-de-presidente-da-cbf\/\",\"name\":\"STF nega pedido de anula\u00e7\u00e3o de afastamento de presidente da CBF - Brasil not\u00edcias\",\"isPartOf\":{\"@id\":\"https:\/\/brasilnoticias.org\/site\/#website\"},\"primaryImageOfPage\":{\"@id\":\"https:\/\/brasilnoticias.org\/site\/stf-nega-pedido-de-anulacao-de-afastamento-de-presidente-da-cbf\/#primaryimage\"},\"image\":{\"@id\":\"https:\/\/brasilnoticias.org\/site\/stf-nega-pedido-de-anulacao-de-afastamento-de-presidente-da-cbf\/#primaryimage\"},\"thumbnailUrl\":\"https:\/\/brasilnoticias.org\/site\/wp-content\/uploads\/2023\/12\/IMAGEM_NOTICIA_0.jpg\",\"datePublished\":\"2023-12-27T13:30:19+00:00\",\"breadcrumb\":{\"@id\":\"https:\/\/brasilnoticias.org\/site\/stf-nega-pedido-de-anulacao-de-afastamento-de-presidente-da-cbf\/#breadcrumb\"},\"inLanguage\":\"pt-PT\",\"potentialAction\":[{\"@type\":\"ReadAction\",\"target\":[\"https:\/\/brasilnoticias.org\/site\/stf-nega-pedido-de-anulacao-de-afastamento-de-presidente-da-cbf\/\"]}]},{\"@type\":\"ImageObject\",\"inLanguage\":\"pt-PT\",\"@id\":\"https:\/\/brasilnoticias.org\/site\/stf-nega-pedido-de-anulacao-de-afastamento-de-presidente-da-cbf\/#primaryimage\",\"url\":\"https:\/\/brasilnoticias.org\/site\/wp-content\/uploads\/2023\/12\/IMAGEM_NOTICIA_0.jpg\",\"contentUrl\":\"https:\/\/brasilnoticias.org\/site\/wp-content\/uploads\/2023\/12\/IMAGEM_NOTICIA_0.jpg\",\"width\":850,\"height\":400},{\"@type\":\"BreadcrumbList\",\"@id\":\"https:\/\/brasilnoticias.org\/site\/stf-nega-pedido-de-anulacao-de-afastamento-de-presidente-da-cbf\/#breadcrumb\",\"itemListElement\":[{\"@type\":\"ListItem\",\"position\":1,\"name\":\"In\u00edcio\",\"item\":\"https:\/\/brasilnoticias.org\/site\/\"},{\"@type\":\"ListItem\",\"position\":2,\"name\":\"STF nega pedido de anula\u00e7\u00e3o de afastamento de presidente da CBF\"}]},{\"@type\":\"WebSite\",\"@id\":\"https:\/\/brasilnoticias.org\/site\/#website\",\"url\":\"https:\/\/brasilnoticias.org\/site\/\",\"name\":\"Brasil not\u00edcias\",\"description\":\"Brasil not\u00edcias\",\"publisher\":{\"@id\":\"https:\/\/brasilnoticias.org\/site\/#organization\"},\"potentialAction\":[{\"@type\":\"SearchAction\",\"target\":{\"@type\":\"EntryPoint\",\"urlTemplate\":\"https:\/\/brasilnoticias.org\/site\/?s={search_term_string}\"},\"query-input\":{\"@type\":\"PropertyValueSpecification\",\"valueRequired\":true,\"valueName\":\"search_term_string\"}}],\"inLanguage\":\"pt-PT\"},{\"@type\":\"Organization\",\"@id\":\"https:\/\/brasilnoticias.org\/site\/#organization\",\"name\":\"Brasil not\u00edcias\",\"url\":\"https:\/\/brasilnoticias.org\/site\/\",\"logo\":{\"@type\":\"ImageObject\",\"inLanguage\":\"pt-PT\",\"@id\":\"https:\/\/brasilnoticias.org\/site\/#\/schema\/logo\/image\/\",\"url\":\"https:\/\/brasilnoticias.org\/site\/wp-content\/uploads\/2022\/05\/cropped-brasilnoticias-mini.jpg\",\"contentUrl\":\"https:\/\/brasilnoticias.org\/site\/wp-content\/uploads\/2022\/05\/cropped-brasilnoticias-mini.jpg\",\"width\":314,\"height\":86,\"caption\":\"Brasil not\u00edcias\"},\"image\":{\"@id\":\"https:\/\/brasilnoticias.org\/site\/#\/schema\/logo\/image\/\"}},{\"@type\":\"Person\",\"@id\":\"https:\/\/brasilnoticias.org\/site\/#\/schema\/person\/03bbbfe6c7634ad18c26444ea39049fa\",\"name\":\"Reda\u00e7\u00e3o\",\"image\":{\"@type\":\"ImageObject\",\"inLanguage\":\"pt-PT\",\"@id\":\"https:\/\/brasilnoticias.org\/site\/#\/schema\/person\/image\/\",\"url\":\"https:\/\/secure.gravatar.com\/avatar\/9ecaf7327a696cb23ad926fedded5f1f04d7049de9e445375d55b48c001a6e42?s=96&d=mm&r=g\",\"contentUrl\":\"https:\/\/secure.gravatar.com\/avatar\/9ecaf7327a696cb23ad926fedded5f1f04d7049de9e445375d55b48c001a6e42?s=96&d=mm&r=g\",\"caption\":\"Reda\u00e7\u00e3o\"},\"url\":\"https:\/\/brasilnoticias.org\/site\/author\/henrique\/\"}]}<\/script>\n<!-- \/ Yoast SEO plugin. -->","yoast_head_json":{"title":"STF nega pedido de anula\u00e7\u00e3o de afastamento de presidente da CBF - Brasil not\u00edcias","robots":{"index":"index","follow":"follow","max-snippet":"max-snippet:-1","max-image-preview":"max-image-preview:large","max-video-preview":"max-video-preview:-1"},"canonical":"https:\/\/brasilnoticias.org\/site\/stf-nega-pedido-de-anulacao-de-afastamento-de-presidente-da-cbf\/","og_locale":"pt_PT","og_type":"article","og_title":"STF nega pedido de anula\u00e7\u00e3o de afastamento de presidente da CBF - Brasil not\u00edcias","og_description":"O ministro do Supremo Tribunal Federal (STF) Andr\u00e9 Mendon\u00e7a negou, na \u00faltima sexta-feira (22), um pedido de liminar para anular","og_url":"https:\/\/brasilnoticias.org\/site\/stf-nega-pedido-de-anulacao-de-afastamento-de-presidente-da-cbf\/","og_site_name":"Brasil not\u00edcias","article_published_time":"2023-12-27T13:30:19+00:00","og_image":[{"width":850,"height":400,"url":"https:\/\/brasilnoticias.org\/site\/wp-content\/uploads\/2023\/12\/IMAGEM_NOTICIA_0.jpg","type":"image\/jpeg"}],"author":"Reda\u00e7\u00e3o","twitter_card":"summary_large_image","twitter_misc":{"Escrito por":"Reda\u00e7\u00e3o","Tempo estimado de leitura":"1 minuto"},"schema":{"@context":"https:\/\/schema.org","@graph":[{"@type":"Article","@id":"https:\/\/brasilnoticias.org\/site\/stf-nega-pedido-de-anulacao-de-afastamento-de-presidente-da-cbf\/#article","isPartOf":{"@id":"https:\/\/brasilnoticias.org\/site\/stf-nega-pedido-de-anulacao-de-afastamento-de-presidente-da-cbf\/"},"author":{"name":"Reda\u00e7\u00e3o","@id":"https:\/\/brasilnoticias.org\/site\/#\/schema\/person\/03bbbfe6c7634ad18c26444ea39049fa"},"headline":"STF nega pedido de anula\u00e7\u00e3o de afastamento de presidente da CBF","datePublished":"2023-12-27T13:30:19+00:00","mainEntityOfPage":{"@id":"https:\/\/brasilnoticias.org\/site\/stf-nega-pedido-de-anulacao-de-afastamento-de-presidente-da-cbf\/"},"wordCount":765,"commentCount":0,"publisher":{"@id":"https:\/\/brasilnoticias.org\/site\/#organization"},"image":{"@id":"https:\/\/brasilnoticias.org\/site\/stf-nega-pedido-de-anulacao-de-afastamento-de-presidente-da-cbf\/#primaryimage"},"thumbnailUrl":"https:\/\/brasilnoticias.org\/site\/wp-content\/uploads\/2023\/12\/IMAGEM_NOTICIA_0.jpg","articleSection":["Esporte","\u00daltimas"],"inLanguage":"pt-PT","potentialAction":[{"@type":"CommentAction","name":"Comment","target":["https:\/\/brasilnoticias.org\/site\/stf-nega-pedido-de-anulacao-de-afastamento-de-presidente-da-cbf\/#respond"]}]},{"@type":"WebPage","@id":"https:\/\/brasilnoticias.org\/site\/stf-nega-pedido-de-anulacao-de-afastamento-de-presidente-da-cbf\/","url":"https:\/\/brasilnoticias.org\/site\/stf-nega-pedido-de-anulacao-de-afastamento-de-presidente-da-cbf\/","name":"STF nega pedido de anula\u00e7\u00e3o de afastamento de presidente da CBF - Brasil not\u00edcias","isPartOf":{"@id":"https:\/\/brasilnoticias.org\/site\/#website"},"primaryImageOfPage":{"@id":"https:\/\/brasilnoticias.org\/site\/stf-nega-pedido-de-anulacao-de-afastamento-de-presidente-da-cbf\/#primaryimage"},"image":{"@id":"https:\/\/brasilnoticias.org\/site\/stf-nega-pedido-de-anulacao-de-afastamento-de-presidente-da-cbf\/#primaryimage"},"thumbnailUrl":"https:\/\/brasilnoticias.org\/site\/wp-content\/uploads\/2023\/12\/IMAGEM_NOTICIA_0.jpg","datePublished":"2023-12-27T13:30:19+00:00","breadcrumb":{"@id":"https:\/\/brasilnoticias.org\/site\/stf-nega-pedido-de-anulacao-de-afastamento-de-presidente-da-cbf\/#breadcrumb"},"inLanguage":"pt-PT","potentialAction":[{"@type":"ReadAction","target":["https:\/\/brasilnoticias.org\/site\/stf-nega-pedido-de-anulacao-de-afastamento-de-presidente-da-cbf\/"]}]},{"@type":"ImageObject","inLanguage":"pt-PT","@id":"https:\/\/brasilnoticias.org\/site\/stf-nega-pedido-de-anulacao-de-afastamento-de-presidente-da-cbf\/#primaryimage","url":"https:\/\/brasilnoticias.org\/site\/wp-content\/uploads\/2023\/12\/IMAGEM_NOTICIA_0.jpg","contentUrl":"https:\/\/brasilnoticias.org\/site\/wp-content\/uploads\/2023\/12\/IMAGEM_NOTICIA_0.jpg","width":850,"height":400},{"@type":"BreadcrumbList","@id":"https:\/\/brasilnoticias.org\/site\/stf-nega-pedido-de-anulacao-de-afastamento-de-presidente-da-cbf\/#breadcrumb","itemListElement":[{"@type":"ListItem","position":1,"name":"In\u00edcio","item":"https:\/\/brasilnoticias.org\/site\/"},{"@type":"ListItem","position":2,"name":"STF nega pedido de anula\u00e7\u00e3o de afastamento de presidente da CBF"}]},{"@type":"WebSite","@id":"https:\/\/brasilnoticias.org\/site\/#website","url":"https:\/\/brasilnoticias.org\/site\/","name":"Brasil not\u00edcias","description":"Brasil not\u00edcias","publisher":{"@id":"https:\/\/brasilnoticias.org\/site\/#organization"},"potentialAction":[{"@type":"SearchAction","target":{"@type":"EntryPoint","urlTemplate":"https:\/\/brasilnoticias.org\/site\/?s={search_term_string}"},"query-input":{"@type":"PropertyValueSpecification","valueRequired":true,"valueName":"search_term_string"}}],"inLanguage":"pt-PT"},{"@type":"Organization","@id":"https:\/\/brasilnoticias.org\/site\/#organization","name":"Brasil not\u00edcias","url":"https:\/\/brasilnoticias.org\/site\/","logo":{"@type":"ImageObject","inLanguage":"pt-PT","@id":"https:\/\/brasilnoticias.org\/site\/#\/schema\/logo\/image\/","url":"https:\/\/brasilnoticias.org\/site\/wp-content\/uploads\/2022\/05\/cropped-brasilnoticias-mini.jpg","contentUrl":"https:\/\/brasilnoticias.org\/site\/wp-content\/uploads\/2022\/05\/cropped-brasilnoticias-mini.jpg","width":314,"height":86,"caption":"Brasil not\u00edcias"},"image":{"@id":"https:\/\/brasilnoticias.org\/site\/#\/schema\/logo\/image\/"}},{"@type":"Person","@id":"https:\/\/brasilnoticias.org\/site\/#\/schema\/person\/03bbbfe6c7634ad18c26444ea39049fa","name":"Reda\u00e7\u00e3o","image":{"@type":"ImageObject","inLanguage":"pt-PT","@id":"https:\/\/brasilnoticias.org\/site\/#\/schema\/person\/image\/","url":"https:\/\/secure.gravatar.com\/avatar\/9ecaf7327a696cb23ad926fedded5f1f04d7049de9e445375d55b48c001a6e42?s=96&d=mm&r=g","contentUrl":"https:\/\/secure.gravatar.com\/avatar\/9ecaf7327a696cb23ad926fedded5f1f04d7049de9e445375d55b48c001a6e42?s=96&d=mm&r=g","caption":"Reda\u00e7\u00e3o"},"url":"https:\/\/brasilnoticias.org\/site\/author\/henrique\/"}]}},"_links":{"self":[{"href":"https:\/\/brasilnoticias.org\/site\/wp-json\/wp\/v2\/posts\/11903","targetHints":{"allow":["GET"]}}],"collection":[{"href":"https:\/\/brasilnoticias.org\/site\/wp-json\/wp\/v2\/posts"}],"about":[{"href":"https:\/\/brasilnoticias.org\/site\/wp-json\/wp\/v2\/types\/post"}],"author":[{"embeddable":true,"href":"https:\/\/brasilnoticias.org\/site\/wp-json\/wp\/v2\/users\/4"}],"replies":[{"embeddable":true,"href":"https:\/\/brasilnoticias.org\/site\/wp-json\/wp\/v2\/comments?post=11903"}],"version-history":[{"count":1,"href":"https:\/\/brasilnoticias.org\/site\/wp-json\/wp\/v2\/posts\/11903\/revisions"}],"predecessor-version":[{"id":11905,"href":"https:\/\/brasilnoticias.org\/site\/wp-json\/wp\/v2\/posts\/11903\/revisions\/11905"}],"wp:featuredmedia":[{"embeddable":true,"href":"https:\/\/brasilnoticias.org\/site\/wp-json\/wp\/v2\/media\/11904"}],"wp:attachment":[{"href":"https:\/\/brasilnoticias.org\/site\/wp-json\/wp\/v2\/media?parent=11903"}],"wp:term":[{"taxonomy":"category","embeddable":true,"href":"https:\/\/brasilnoticias.org\/site\/wp-json\/wp\/v2\/categories?post=11903"},{"taxonomy":"post_tag","embeddable":true,"href":"https:\/\/brasilnoticias.org\/site\/wp-json\/wp\/v2\/tags?post=11903"}],"curies":[{"name":"wp","href":"https:\/\/api.w.org\/{rel}","templated":true}]}}