{"id":11933,"date":"2024-01-03T00:38:05","date_gmt":"2024-01-03T03:38:05","guid":{"rendered":"https:\/\/brasilnoticias.org\/site\/?p=11933"},"modified":"2024-01-03T00:38:05","modified_gmt":"2024-01-03T03:38:05","slug":"professores-de-candeias-denunciam-nao-pagamento-dos-precatorios","status":"publish","type":"post","link":"https:\/\/brasilnoticias.org\/site\/professores-de-candeias-denunciam-nao-pagamento-dos-precatorios\/","title":{"rendered":"Professores de Candeias denunciam n\u00e3o pagamento dos precat\u00f3rios"},"content":{"rendered":"<p>Os servidores da Educa\u00e7\u00e3o do munic\u00edpio de Candeias, Regi\u00e3o Metropolitana de Salvador, reclamam da falta de pagamento dos precat\u00f3rios, prometido pela gest\u00e3o do prefeito Pit\u00e1goras Ibiapina (PP).<\/p>\n<p>A den\u00fancia \u00e9 do vereador Silvio Correia (PV), que afirma o n\u00e3o cumprimento do acordo, no \u00faltimo dia 20 de dezembro, data em que foi prometido o pagamento.<\/p>\n<p>&#8220;N\u00e3o pagaram na data acordada com a categoria. Muitos inclusive j\u00e1 morreram e n\u00e3o receberam esse dinheiro, que \u00e9 direito da classe, j\u00e1 que se trata de uma reposi\u00e7\u00e3o de quem n\u00e3o ganhava o teto. Precisou que os professores judicializassem o prefeito Pit\u00e1goras Ibiapina, para que ele pagasse aos profissionais&#8221;, disse Silvio Correia.<\/p>\n<p>O parlamentar afirmou ainda, que em 2021, a Prefeitura exonerou todos os professores da ativa, ap\u00f3s os servidores terem conquistado o direito de aposentadoria.<\/p>\n<p>&#8220;A classe \u00e9 sempre desvalorizada por essa gest\u00e3o cruel. Os professores precisam ser valorizados pois contribuem na educa\u00e7\u00e3o e na forma\u00e7\u00e3o do cidad\u00e3o&#8221;, reiterou Silvio Correia.<\/p>\n<p>De acordo com a categoria, que esperou pelo pagamento do precat\u00f3rio durante 7 anos, o final de ano foi de uma forma jamais imaginada.<\/p>\n<p>&#8220;Fiz planos contando com esse dinheiro e o prefeito Pit\u00e1goras tirou dos professores o que \u00e9 assegurado em Lei. N\u00f3s professores de Candeias chegamos ao final de mais um ano de luto&#8221;, disse uma profissional que n\u00e3o quis se identificar.<\/p>\n<p>Procurada, a Prefeitura informou que a gest\u00e3o obedece a um decreto da gest\u00e3o, o qual faz o pagamento de forma escalonada. Diz ainda que j\u00e1 foi feito o pagamento de uma quantidade dos professores que est\u00e3o na ativa. Para os aposentados, o pagamento vai ser feito em fevereiro. J\u00e1 os herdeiros que t\u00eam direito v\u00e3o receber o pagamento em outro prazo, ap\u00f3s interm\u00e9dio de alvar\u00e1 judicial.<\/p>\n<p>Foto: Reprodu\u00e7\u00e3o | Facebook<br \/>\nA Tarde<\/p>\n","protected":false},"excerpt":{"rendered":"<p>Os servidores da Educa\u00e7\u00e3o do munic\u00edpio de Candeias, Regi\u00e3o Metropolitana de Salvador, reclamam da falta de pagamento dos precat\u00f3rios, prometido<\/p>\n","protected":false},"author":4,"featured_media":11934,"comment_status":"open","ping_status":"open","sticky":false,"template":"","format":"standard","meta":{"colormag_page_container_layout":"default_layout","colormag_page_sidebar_layout":"default_layout","_FSMCFIC_featured_image_caption":"","_FSMCFIC_featured_image_nocaption":"","_FSMCFIC_featured_image_hide":"","footnotes":""},"categories":[2,1],"tags":[],"class_list":["post-11933","post","type-post","status-publish","format-standard","has-post-thumbnail","hentry","category-noticias","category-ultimas"],"yoast_head":"<!-- This site is optimized with the Yoast SEO plugin v27.1.1 - https:\/\/yoast.com\/product\/yoast-seo-wordpress\/ -->\n<title>Professores de Candeias denunciam n\u00e3o pagamento dos precat\u00f3rios - Brasil not\u00edcias<\/title>\n<meta name=\"robots\" content=\"index, follow, max-snippet:-1, max-image-preview:large, max-video-preview:-1\" \/>\n<link rel=\"canonical\" href=\"https:\/\/brasilnoticias.org\/site\/professores-de-candeias-denunciam-nao-pagamento-dos-precatorios\/\" \/>\n<meta property=\"og:locale\" content=\"pt_PT\" \/>\n<meta property=\"og:type\" content=\"article\" \/>\n<meta property=\"og:title\" content=\"Professores de Candeias denunciam n\u00e3o pagamento dos precat\u00f3rios - Brasil not\u00edcias\" \/>\n<meta property=\"og:description\" content=\"Os servidores da Educa\u00e7\u00e3o do munic\u00edpio de Candeias, Regi\u00e3o Metropolitana de Salvador, reclamam da falta de pagamento dos precat\u00f3rios, prometido\" \/>\n<meta property=\"og:url\" content=\"https:\/\/brasilnoticias.org\/site\/professores-de-candeias-denunciam-nao-pagamento-dos-precatorios\/\" \/>\n<meta property=\"og:site_name\" content=\"Brasil not\u00edcias\" \/>\n<meta property=\"article:published_time\" content=\"2024-01-03T03:38:05+00:00\" \/>\n<meta property=\"og:image\" content=\"https:\/\/brasilnoticias.org\/site\/wp-content\/uploads\/2024\/01\/Professores-de-Candeias-denunciam-nao-pagamento-do0125404600202401021342-ScaleDownProportional.webp\" \/>\n\t<meta property=\"og:image:width\" content=\"750\" \/>\n\t<meta property=\"og:image:height\" content=\"553\" \/>\n\t<meta property=\"og:image:type\" content=\"image\/webp\" \/>\n<meta name=\"author\" content=\"Reda\u00e7\u00e3o\" \/>\n<meta name=\"twitter:card\" content=\"summary_large_image\" \/>\n<meta name=\"twitter:label1\" content=\"Escrito por\" \/>\n\t<meta name=\"twitter:data1\" content=\"Reda\u00e7\u00e3o\" \/>\n\t<meta name=\"twitter:label2\" content=\"Tempo estimado de leitura\" \/>\n\t<meta name=\"twitter:data2\" content=\"1 minuto\" \/>\n<script type=\"application\/ld+json\" class=\"yoast-schema-graph\">{\"@context\":\"https:\/\/schema.org\",\"@graph\":[{\"@type\":\"Article\",\"@id\":\"https:\/\/brasilnoticias.org\/site\/professores-de-candeias-denunciam-nao-pagamento-dos-precatorios\/#article\",\"isPartOf\":{\"@id\":\"https:\/\/brasilnoticias.org\/site\/professores-de-candeias-denunciam-nao-pagamento-dos-precatorios\/\"},\"author\":{\"name\":\"Reda\u00e7\u00e3o\",\"@id\":\"https:\/\/brasilnoticias.org\/site\/#\/schema\/person\/03bbbfe6c7634ad18c26444ea39049fa\"},\"headline\":\"Professores de Candeias denunciam n\u00e3o pagamento dos precat\u00f3rios\",\"datePublished\":\"2024-01-03T03:38:05+00:00\",\"mainEntityOfPage\":{\"@id\":\"https:\/\/brasilnoticias.org\/site\/professores-de-candeias-denunciam-nao-pagamento-dos-precatorios\/\"},\"wordCount\":326,\"commentCount\":0,\"publisher\":{\"@id\":\"https:\/\/brasilnoticias.org\/site\/#organization\"},\"image\":{\"@id\":\"https:\/\/brasilnoticias.org\/site\/professores-de-candeias-denunciam-nao-pagamento-dos-precatorios\/#primaryimage\"},\"thumbnailUrl\":\"https:\/\/brasilnoticias.org\/site\/wp-content\/uploads\/2024\/01\/Professores-de-Candeias-denunciam-nao-pagamento-do0125404600202401021342-ScaleDownProportional.webp\",\"articleSection\":[\"Not\u00edcias\",\"\u00daltimas\"],\"inLanguage\":\"pt-PT\",\"potentialAction\":[{\"@type\":\"CommentAction\",\"name\":\"Comment\",\"target\":[\"https:\/\/brasilnoticias.org\/site\/professores-de-candeias-denunciam-nao-pagamento-dos-precatorios\/#respond\"]}]},{\"@type\":\"WebPage\",\"@id\":\"https:\/\/brasilnoticias.org\/site\/professores-de-candeias-denunciam-nao-pagamento-dos-precatorios\/\",\"url\":\"https:\/\/brasilnoticias.org\/site\/professores-de-candeias-denunciam-nao-pagamento-dos-precatorios\/\",\"name\":\"Professores de Candeias denunciam n\u00e3o pagamento dos precat\u00f3rios - Brasil not\u00edcias\",\"isPartOf\":{\"@id\":\"https:\/\/brasilnoticias.org\/site\/#website\"},\"primaryImageOfPage\":{\"@id\":\"https:\/\/brasilnoticias.org\/site\/professores-de-candeias-denunciam-nao-pagamento-dos-precatorios\/#primaryimage\"},\"image\":{\"@id\":\"https:\/\/brasilnoticias.org\/site\/professores-de-candeias-denunciam-nao-pagamento-dos-precatorios\/#primaryimage\"},\"thumbnailUrl\":\"https:\/\/brasilnoticias.org\/site\/wp-content\/uploads\/2024\/01\/Professores-de-Candeias-denunciam-nao-pagamento-do0125404600202401021342-ScaleDownProportional.webp\",\"datePublished\":\"2024-01-03T03:38:05+00:00\",\"breadcrumb\":{\"@id\":\"https:\/\/brasilnoticias.org\/site\/professores-de-candeias-denunciam-nao-pagamento-dos-precatorios\/#breadcrumb\"},\"inLanguage\":\"pt-PT\",\"potentialAction\":[{\"@type\":\"ReadAction\",\"target\":[\"https:\/\/brasilnoticias.org\/site\/professores-de-candeias-denunciam-nao-pagamento-dos-precatorios\/\"]}]},{\"@type\":\"ImageObject\",\"inLanguage\":\"pt-PT\",\"@id\":\"https:\/\/brasilnoticias.org\/site\/professores-de-candeias-denunciam-nao-pagamento-dos-precatorios\/#primaryimage\",\"url\":\"https:\/\/brasilnoticias.org\/site\/wp-content\/uploads\/2024\/01\/Professores-de-Candeias-denunciam-nao-pagamento-do0125404600202401021342-ScaleDownProportional.webp\",\"contentUrl\":\"https:\/\/brasilnoticias.org\/site\/wp-content\/uploads\/2024\/01\/Professores-de-Candeias-denunciam-nao-pagamento-do0125404600202401021342-ScaleDownProportional.webp\",\"width\":750,\"height\":553},{\"@type\":\"BreadcrumbList\",\"@id\":\"https:\/\/brasilnoticias.org\/site\/professores-de-candeias-denunciam-nao-pagamento-dos-precatorios\/#breadcrumb\",\"itemListElement\":[{\"@type\":\"ListItem\",\"position\":1,\"name\":\"In\u00edcio\",\"item\":\"https:\/\/brasilnoticias.org\/site\/\"},{\"@type\":\"ListItem\",\"position\":2,\"name\":\"Professores de Candeias denunciam n\u00e3o pagamento dos precat\u00f3rios\"}]},{\"@type\":\"WebSite\",\"@id\":\"https:\/\/brasilnoticias.org\/site\/#website\",\"url\":\"https:\/\/brasilnoticias.org\/site\/\",\"name\":\"Brasil not\u00edcias\",\"description\":\"Brasil not\u00edcias\",\"publisher\":{\"@id\":\"https:\/\/brasilnoticias.org\/site\/#organization\"},\"potentialAction\":[{\"@type\":\"SearchAction\",\"target\":{\"@type\":\"EntryPoint\",\"urlTemplate\":\"https:\/\/brasilnoticias.org\/site\/?s={search_term_string}\"},\"query-input\":{\"@type\":\"PropertyValueSpecification\",\"valueRequired\":true,\"valueName\":\"search_term_string\"}}],\"inLanguage\":\"pt-PT\"},{\"@type\":\"Organization\",\"@id\":\"https:\/\/brasilnoticias.org\/site\/#organization\",\"name\":\"Brasil not\u00edcias\",\"url\":\"https:\/\/brasilnoticias.org\/site\/\",\"logo\":{\"@type\":\"ImageObject\",\"inLanguage\":\"pt-PT\",\"@id\":\"https:\/\/brasilnoticias.org\/site\/#\/schema\/logo\/image\/\",\"url\":\"https:\/\/brasilnoticias.org\/site\/wp-content\/uploads\/2022\/05\/cropped-brasilnoticias-mini.jpg\",\"contentUrl\":\"https:\/\/brasilnoticias.org\/site\/wp-content\/uploads\/2022\/05\/cropped-brasilnoticias-mini.jpg\",\"width\":314,\"height\":86,\"caption\":\"Brasil not\u00edcias\"},\"image\":{\"@id\":\"https:\/\/brasilnoticias.org\/site\/#\/schema\/logo\/image\/\"}},{\"@type\":\"Person\",\"@id\":\"https:\/\/brasilnoticias.org\/site\/#\/schema\/person\/03bbbfe6c7634ad18c26444ea39049fa\",\"name\":\"Reda\u00e7\u00e3o\",\"image\":{\"@type\":\"ImageObject\",\"inLanguage\":\"pt-PT\",\"@id\":\"https:\/\/brasilnoticias.org\/site\/#\/schema\/person\/image\/\",\"url\":\"https:\/\/secure.gravatar.com\/avatar\/9ecaf7327a696cb23ad926fedded5f1f04d7049de9e445375d55b48c001a6e42?s=96&d=mm&r=g\",\"contentUrl\":\"https:\/\/secure.gravatar.com\/avatar\/9ecaf7327a696cb23ad926fedded5f1f04d7049de9e445375d55b48c001a6e42?s=96&d=mm&r=g\",\"caption\":\"Reda\u00e7\u00e3o\"},\"url\":\"https:\/\/brasilnoticias.org\/site\/author\/henrique\/\"}]}<\/script>\n<!-- \/ Yoast SEO plugin. -->","yoast_head_json":{"title":"Professores de Candeias denunciam n\u00e3o pagamento dos precat\u00f3rios - Brasil not\u00edcias","robots":{"index":"index","follow":"follow","max-snippet":"max-snippet:-1","max-image-preview":"max-image-preview:large","max-video-preview":"max-video-preview:-1"},"canonical":"https:\/\/brasilnoticias.org\/site\/professores-de-candeias-denunciam-nao-pagamento-dos-precatorios\/","og_locale":"pt_PT","og_type":"article","og_title":"Professores de Candeias denunciam n\u00e3o pagamento dos precat\u00f3rios - Brasil not\u00edcias","og_description":"Os servidores da Educa\u00e7\u00e3o do munic\u00edpio de Candeias, Regi\u00e3o Metropolitana de Salvador, reclamam da falta de pagamento dos precat\u00f3rios, prometido","og_url":"https:\/\/brasilnoticias.org\/site\/professores-de-candeias-denunciam-nao-pagamento-dos-precatorios\/","og_site_name":"Brasil not\u00edcias","article_published_time":"2024-01-03T03:38:05+00:00","og_image":[{"width":750,"height":553,"url":"https:\/\/brasilnoticias.org\/site\/wp-content\/uploads\/2024\/01\/Professores-de-Candeias-denunciam-nao-pagamento-do0125404600202401021342-ScaleDownProportional.webp","type":"image\/webp"}],"author":"Reda\u00e7\u00e3o","twitter_card":"summary_large_image","twitter_misc":{"Escrito por":"Reda\u00e7\u00e3o","Tempo estimado de leitura":"1 minuto"},"schema":{"@context":"https:\/\/schema.org","@graph":[{"@type":"Article","@id":"https:\/\/brasilnoticias.org\/site\/professores-de-candeias-denunciam-nao-pagamento-dos-precatorios\/#article","isPartOf":{"@id":"https:\/\/brasilnoticias.org\/site\/professores-de-candeias-denunciam-nao-pagamento-dos-precatorios\/"},"author":{"name":"Reda\u00e7\u00e3o","@id":"https:\/\/brasilnoticias.org\/site\/#\/schema\/person\/03bbbfe6c7634ad18c26444ea39049fa"},"headline":"Professores de Candeias denunciam n\u00e3o pagamento dos precat\u00f3rios","datePublished":"2024-01-03T03:38:05+00:00","mainEntityOfPage":{"@id":"https:\/\/brasilnoticias.org\/site\/professores-de-candeias-denunciam-nao-pagamento-dos-precatorios\/"},"wordCount":326,"commentCount":0,"publisher":{"@id":"https:\/\/brasilnoticias.org\/site\/#organization"},"image":{"@id":"https:\/\/brasilnoticias.org\/site\/professores-de-candeias-denunciam-nao-pagamento-dos-precatorios\/#primaryimage"},"thumbnailUrl":"https:\/\/brasilnoticias.org\/site\/wp-content\/uploads\/2024\/01\/Professores-de-Candeias-denunciam-nao-pagamento-do0125404600202401021342-ScaleDownProportional.webp","articleSection":["Not\u00edcias","\u00daltimas"],"inLanguage":"pt-PT","potentialAction":[{"@type":"CommentAction","name":"Comment","target":["https:\/\/brasilnoticias.org\/site\/professores-de-candeias-denunciam-nao-pagamento-dos-precatorios\/#respond"]}]},{"@type":"WebPage","@id":"https:\/\/brasilnoticias.org\/site\/professores-de-candeias-denunciam-nao-pagamento-dos-precatorios\/","url":"https:\/\/brasilnoticias.org\/site\/professores-de-candeias-denunciam-nao-pagamento-dos-precatorios\/","name":"Professores de Candeias denunciam n\u00e3o pagamento dos precat\u00f3rios - Brasil not\u00edcias","isPartOf":{"@id":"https:\/\/brasilnoticias.org\/site\/#website"},"primaryImageOfPage":{"@id":"https:\/\/brasilnoticias.org\/site\/professores-de-candeias-denunciam-nao-pagamento-dos-precatorios\/#primaryimage"},"image":{"@id":"https:\/\/brasilnoticias.org\/site\/professores-de-candeias-denunciam-nao-pagamento-dos-precatorios\/#primaryimage"},"thumbnailUrl":"https:\/\/brasilnoticias.org\/site\/wp-content\/uploads\/2024\/01\/Professores-de-Candeias-denunciam-nao-pagamento-do0125404600202401021342-ScaleDownProportional.webp","datePublished":"2024-01-03T03:38:05+00:00","breadcrumb":{"@id":"https:\/\/brasilnoticias.org\/site\/professores-de-candeias-denunciam-nao-pagamento-dos-precatorios\/#breadcrumb"},"inLanguage":"pt-PT","potentialAction":[{"@type":"ReadAction","target":["https:\/\/brasilnoticias.org\/site\/professores-de-candeias-denunciam-nao-pagamento-dos-precatorios\/"]}]},{"@type":"ImageObject","inLanguage":"pt-PT","@id":"https:\/\/brasilnoticias.org\/site\/professores-de-candeias-denunciam-nao-pagamento-dos-precatorios\/#primaryimage","url":"https:\/\/brasilnoticias.org\/site\/wp-content\/uploads\/2024\/01\/Professores-de-Candeias-denunciam-nao-pagamento-do0125404600202401021342-ScaleDownProportional.webp","contentUrl":"https:\/\/brasilnoticias.org\/site\/wp-content\/uploads\/2024\/01\/Professores-de-Candeias-denunciam-nao-pagamento-do0125404600202401021342-ScaleDownProportional.webp","width":750,"height":553},{"@type":"BreadcrumbList","@id":"https:\/\/brasilnoticias.org\/site\/professores-de-candeias-denunciam-nao-pagamento-dos-precatorios\/#breadcrumb","itemListElement":[{"@type":"ListItem","position":1,"name":"In\u00edcio","item":"https:\/\/brasilnoticias.org\/site\/"},{"@type":"ListItem","position":2,"name":"Professores de Candeias denunciam n\u00e3o pagamento dos precat\u00f3rios"}]},{"@type":"WebSite","@id":"https:\/\/brasilnoticias.org\/site\/#website","url":"https:\/\/brasilnoticias.org\/site\/","name":"Brasil not\u00edcias","description":"Brasil not\u00edcias","publisher":{"@id":"https:\/\/brasilnoticias.org\/site\/#organization"},"potentialAction":[{"@type":"SearchAction","target":{"@type":"EntryPoint","urlTemplate":"https:\/\/brasilnoticias.org\/site\/?s={search_term_string}"},"query-input":{"@type":"PropertyValueSpecification","valueRequired":true,"valueName":"search_term_string"}}],"inLanguage":"pt-PT"},{"@type":"Organization","@id":"https:\/\/brasilnoticias.org\/site\/#organization","name":"Brasil not\u00edcias","url":"https:\/\/brasilnoticias.org\/site\/","logo":{"@type":"ImageObject","inLanguage":"pt-PT","@id":"https:\/\/brasilnoticias.org\/site\/#\/schema\/logo\/image\/","url":"https:\/\/brasilnoticias.org\/site\/wp-content\/uploads\/2022\/05\/cropped-brasilnoticias-mini.jpg","contentUrl":"https:\/\/brasilnoticias.org\/site\/wp-content\/uploads\/2022\/05\/cropped-brasilnoticias-mini.jpg","width":314,"height":86,"caption":"Brasil not\u00edcias"},"image":{"@id":"https:\/\/brasilnoticias.org\/site\/#\/schema\/logo\/image\/"}},{"@type":"Person","@id":"https:\/\/brasilnoticias.org\/site\/#\/schema\/person\/03bbbfe6c7634ad18c26444ea39049fa","name":"Reda\u00e7\u00e3o","image":{"@type":"ImageObject","inLanguage":"pt-PT","@id":"https:\/\/brasilnoticias.org\/site\/#\/schema\/person\/image\/","url":"https:\/\/secure.gravatar.com\/avatar\/9ecaf7327a696cb23ad926fedded5f1f04d7049de9e445375d55b48c001a6e42?s=96&d=mm&r=g","contentUrl":"https:\/\/secure.gravatar.com\/avatar\/9ecaf7327a696cb23ad926fedded5f1f04d7049de9e445375d55b48c001a6e42?s=96&d=mm&r=g","caption":"Reda\u00e7\u00e3o"},"url":"https:\/\/brasilnoticias.org\/site\/author\/henrique\/"}]}},"_links":{"self":[{"href":"https:\/\/brasilnoticias.org\/site\/wp-json\/wp\/v2\/posts\/11933","targetHints":{"allow":["GET"]}}],"collection":[{"href":"https:\/\/brasilnoticias.org\/site\/wp-json\/wp\/v2\/posts"}],"about":[{"href":"https:\/\/brasilnoticias.org\/site\/wp-json\/wp\/v2\/types\/post"}],"author":[{"embeddable":true,"href":"https:\/\/brasilnoticias.org\/site\/wp-json\/wp\/v2\/users\/4"}],"replies":[{"embeddable":true,"href":"https:\/\/brasilnoticias.org\/site\/wp-json\/wp\/v2\/comments?post=11933"}],"version-history":[{"count":1,"href":"https:\/\/brasilnoticias.org\/site\/wp-json\/wp\/v2\/posts\/11933\/revisions"}],"predecessor-version":[{"id":11935,"href":"https:\/\/brasilnoticias.org\/site\/wp-json\/wp\/v2\/posts\/11933\/revisions\/11935"}],"wp:featuredmedia":[{"embeddable":true,"href":"https:\/\/brasilnoticias.org\/site\/wp-json\/wp\/v2\/media\/11934"}],"wp:attachment":[{"href":"https:\/\/brasilnoticias.org\/site\/wp-json\/wp\/v2\/media?parent=11933"}],"wp:term":[{"taxonomy":"category","embeddable":true,"href":"https:\/\/brasilnoticias.org\/site\/wp-json\/wp\/v2\/categories?post=11933"},{"taxonomy":"post_tag","embeddable":true,"href":"https:\/\/brasilnoticias.org\/site\/wp-json\/wp\/v2\/tags?post=11933"}],"curies":[{"name":"wp","href":"https:\/\/api.w.org\/{rel}","templated":true}]}}